{"id":7890,"date":"2016-10-05T02:38:43","date_gmt":"2016-10-05T05:38:43","guid":{"rendered":"http:\/\/webvasco.com\/artigos\/?p=7890"},"modified":"2016-10-05T02:49:06","modified_gmt":"2016-10-05T05:49:06","slug":"papou-e-no-deu-indigesto","status":"publish","type":"post","link":"https:\/\/webvasco.com\/artigos\/colunistas\/luizcarlosrocha\/papou-e-no-deu-indigesto\/","title":{"rendered":"PAPOU E N&Atilde;O DEU INDIGEST&Atilde;O!"},"content":{"rendered":"<div>\n<div style=\"color:#000; background-color:#fff; font-family:HelveticaNeue-Light, Helvetica Neue Light, Helvetica Neue, Helvetica, Arial, Lucida Grande, sans-serif;font-size:32px\">\n<div align=\"center\" style=\"text-align:center;text-indent:35.4pt;tab-stops:167.25pt\" id=\"yui_3_16_0_1_1475537727790_180099\"><b id=\"yui_3_16_0_1_1475537727790_180110\" style=\"text-align: justify; text-indent: 35.4pt;\"><u id=\"yui_3_16_0_1_1475537727790_180111\"><span style=\"font-size:12.0pt;line-height:115%;font-family:&quot;Arial&quot;,sans-serif\" id=\"yui_3_16_0_1_1475537727790_180112\">F<\/span><\/u><\/b><span id=\"yui_3_16_0_1_1475537727790_180113\" style=\"text-align: justify; text-indent: 35.4pt; font-size: 12pt; line-height: 115%; font-family: Arial, sans-serif;\">oi  evidente o desgaste. O Vasco da Gama sofreu, ontem, de virada, mais uma  derrota, pelo mesmo placar da rodada anterior. \u00c9derson marcou um gola\u00e7o de  voleio inaugurando o marcador, mas Gilvan, Bruno Veiga e Jo\u00e3o Lucas para o Paysandu  definiram a pat\u00e9tica participa\u00e7\u00e3o cruzmaltina na partida. Com isso o time  carioca perdeu a lideran\u00e7a do Campeonato Brasileiro, S\u00e9rie B, no Mangueir\u00e3o.<\/span><\/div>\n<div style=\"text-align:justify;text-indent:35.4pt;tab-stops:111.0pt\" id=\"yui_3_16_0_1_1475537727790_180115\"><b id=\"yui_3_16_0_1_1475537727790_180116\"><u id=\"yui_3_16_0_1_1475537727790_180117\"><span style=\"font-size:12.0pt;line-height:115%;font-family:&quot;Arial&quot;,sans-serif\" id=\"yui_3_16_0_1_1475537727790_180118\">I<\/span><\/u><\/b><span style=\"font-size:12.0pt;line-height:115%;font-family:&quot;Arial&quot;,sans-serif\" id=\"yui_3_16_0_1_1475537727790_180119\">negavelmente  \u00e9 n\u00edtido que o treinador Jorginho perdeu o controle da situa\u00e7\u00e3o faz tempo. A  29\u00aa Rodada, em Bel\u00e9m\/PA, s\u00f3 corroborou a tese do descontrole. N\u00e3o adianta  reclamar da arbitragem, pois quem reclama faz isso para esconder a incompet\u00eancia  de n\u00e3o ter talento para conquistar o p\u00f3dium em dezembro. Agora com apenas 51 pontos  ganhos na tabela de classifica\u00e7\u00e3o, o Vasco v\u00ea o Atl\u00e9tico\/GO assumir a  lideran\u00e7a, com 52 pontos. O Pap\u00e3o fez a festa!<o:p id=\"yui_3_16_0_1_1475537727790_180120\"><\/o:p><\/span><\/div>\n<div style=\"text-align:justify;text-indent:35.4pt;tab-stops:111.0pt\" id=\"yui_3_16_0_1_1475537727790_180121\"><b id=\"yui_3_16_0_1_1475537727790_180122\"><u id=\"yui_3_16_0_1_1475537727790_180123\"><span style=\"font-size:12.0pt;line-height:115%;font-family:&quot;Arial&quot;,sans-serif\" id=\"yui_3_16_0_1_1475537727790_180124\">M<\/span><\/u><\/b><span style=\"font-size:12.0pt;line-height:115%;font-family:&quot;Arial&quot;,sans-serif\" id=\"yui_3_16_0_1_1475537727790_180125\">anter  a Comiss\u00e3o T\u00e9cnica \u00e9 preciso. Primeiro, porque, arrumar um louco que queira  comandar a equipe neste momento do Brasileir\u00e3o \u00e9 utopia. Ademais, o que falta  ao plantel \u00e9 vergonha e n\u00e3o comando! Segundo, porque pelo pre\u00e7o que se pode  pagar a um t\u00e9cnico e seus auxiliares Jorginho <b id=\"yui_3_16_0_1_1475537727790_180126\"><u id=\"yui_3_16_0_1_1475537727790_180127\">cum <\/u><\/b>Zinho s\u00e3o os menos piores \u00e0 disposi\u00e7\u00e3o.<o:p id=\"yui_3_16_0_1_1475537727790_180128\"><\/o:p><\/span><\/div>\n<div style=\"text-align:justify;text-indent:35.4pt;tab-stops:111.0pt\" id=\"yui_3_16_0_1_1475537727790_180129\"><b id=\"yui_3_16_0_1_1475537727790_180130\"><u id=\"yui_3_16_0_1_1475537727790_180131\"><span style=\"font-size:12.0pt;line-height:115%;font-family:&quot;Arial&quot;,sans-serif\" id=\"yui_3_16_0_1_1475537727790_180132\">D<\/span><\/u><\/b><span style=\"font-size:12.0pt;line-height:115%;font-family:&quot;Arial&quot;,sans-serif\" id=\"yui_3_16_0_1_1475537727790_180133\">izer  que o Vasco \u00e9 o time da virada e ver o time tomar justamente uma virada n\u00e3o \u00e9 f\u00e1cil.  E agora Dom Charuto? Cad\u00ea o respeito? Acabou faz tempo! Atualmente \u00e9 uma  humilha\u00e7\u00e3o atr\u00e1s da outra! Assim o respeito n\u00e3o voltar\u00e1 t\u00e3o cedo! <o:p id=\"yui_3_16_0_1_1475537727790_180134\"><\/o:p><\/span><\/div>\n<div style=\"text-align:justify;text-indent:35.4pt;tab-stops:111.0pt\" id=\"yui_3_16_0_1_1475537727790_180135\"><b id=\"yui_3_16_0_1_1475537727790_180136\"><u id=\"yui_3_16_0_1_1475537727790_180137\"><span style=\"font-size:12.0pt;line-height:115%;font-family:&quot;Arial&quot;,sans-serif\" id=\"yui_3_16_0_1_1475537727790_180138\">O<\/span><\/u><\/b><span style=\"font-size:12.0pt;line-height:115%;font-family:&quot;Arial&quot;,sans-serif\" id=\"yui_3_16_0_1_1475537727790_180139\"> mais  otimista dos torcedores, j\u00e1 perdeu a esperan\u00e7a faz tempo. A Imensa Torcida Bem  (nem tanto assim) Feliz, viu o Vasco ser rebaixado por Roberto Bombinha, que  outrora foi o maior \u00eddolo da hist\u00f3ria do clube. N\u00e3o bastou e viu o repeteco. O  mesmo Camisa 10, teve nota Zero em gest\u00e3o quando permitiu uma nova queda. N\u00e3o  sabia sequer o regulamento da competi\u00e7\u00e3o, que poderia nos livrar deste segundo  e fat\u00eddico bol\u00e9u. <o:p id=\"yui_3_16_0_1_1475537727790_180140\"><\/o:p><\/span><\/div>\n<div style=\"text-align:justify;text-indent:35.4pt;tab-stops:111.0pt\" id=\"yui_3_16_0_1_1475537727790_180141\"><b id=\"yui_3_16_0_1_1475537727790_180142\"><u id=\"yui_3_16_0_1_1475537727790_180143\"><span style=\"font-size:12.0pt;line-height:115%;font-family:&quot;Arial&quot;,sans-serif\" id=\"yui_3_16_0_1_1475537727790_180144\">V<\/span><\/u><\/b><span style=\"font-size:12.0pt;line-height:115%;font-family:&quot;Arial&quot;,sans-serif\" id=\"yui_3_16_0_1_1475537727790_180145\">ale mais  ter a imagem dele como atleta, do que como cartola. Certamente Carlos Roberto  de Oliveira n\u00e3o foi um bom presidente. Tanto, que perdeu inclusive a chance de  se eleger vereador no munic\u00edpio do Rio de Janeiro. Para quem j\u00e1 foi deputado  estadual com os votos dos vasca\u00ednos, saber que n\u00e3o ganha elei\u00e7\u00e3o nem para s\u00edndico  do pr\u00e9dio \u00e9 deprimente.<o:p id=\"yui_3_16_0_1_1475537727790_180146\"><\/o:p><\/span><\/div>\n<div style=\"text-align:justify;text-indent:35.4pt;tab-stops:111.0pt\" id=\"yui_3_16_0_1_1475537727790_180147\"><b id=\"yui_3_16_0_1_1475537727790_180148\"><u id=\"yui_3_16_0_1_1475537727790_180149\"><span style=\"font-size:12.0pt;line-height:115%;font-family:&quot;Arial&quot;,sans-serif\" id=\"yui_3_16_0_1_1475537727790_180150\">A<\/span><\/u><\/b><span style=\"font-size:12.0pt;line-height:115%;font-family:&quot;Arial&quot;,sans-serif\" id=\"yui_3_16_0_1_1475537727790_180151\">ssim a  massa cruzmaltina foi levando as pancadas futebol\u00edsticas e perdendo as  esperan\u00e7as, e consequentemente tamb\u00e9m o respeito. Mas tinha uma parte da  torcida que venerava um cartola com o ar de g\u00e2ngster que no passado resolvia  tudo. De forma autorit\u00e1ria ou n\u00e3o, ningu\u00e9m desdenhava ou fazia piadas com o  Gigante da Colina.<o:p id=\"yui_3_16_0_1_1475537727790_180152\"><\/o:p><\/span><\/div>\n<div style=\"text-align:justify;text-indent:35.4pt;tab-stops:111.0pt\" id=\"yui_3_16_0_1_1475537727790_180153\"><b id=\"yui_3_16_0_1_1475537727790_180154\"><u id=\"yui_3_16_0_1_1475537727790_180155\"><span style=\"font-size:12.0pt;line-height:115%;font-family:&quot;Arial&quot;,sans-serif\" id=\"yui_3_16_0_1_1475537727790_180156\">S<\/span><\/u><\/b><span style=\"font-size:12.0pt;line-height:115%;font-family:&quot;Arial&quot;,sans-serif\" id=\"yui_3_16_0_1_1475537727790_180157\">impatizantes  ao retrocesso naquele momento articulavam a volta de Dom Charuto. Afinal,  segundo eles o Vasco nunca mais passaria por humilha\u00e7\u00f5es e voltaria a brilhar  no cen\u00e1rio desportivo. Alguns diziam que o time s\u00f3 caiu porque o \u201cDout\u00f4\u201d Eurico  n\u00e3o estava no comando. Se estivesse duvido!<o:p id=\"yui_3_16_0_1_1475537727790_180158\"><\/o:p><\/span><\/div>\n<div style=\"text-align:justify;text-indent:35.4pt;tab-stops:111.0pt\" id=\"yui_3_16_0_1_1475537727790_180159\"><b id=\"yui_3_16_0_1_1475537727790_180160\"><u id=\"yui_3_16_0_1_1475537727790_180161\"><span style=\"font-size:12.0pt;line-height:115%;font-family:&quot;Arial&quot;,sans-serif\" id=\"yui_3_16_0_1_1475537727790_180162\">C<\/span><\/u><\/b><span style=\"font-size:12.0pt;line-height:115%;font-family:&quot;Arial&quot;,sans-serif\" id=\"yui_3_16_0_1_1475537727790_180163\">om certeza  foi pura ilus\u00e3o. O t\u00e3o temido nos velhos tempos Dom Charuto envelheceu e ficou  obsoleto como qualquer mortal. Perdeu as for\u00e7as. Tanto que passou um campeonato  inteiro com suas fal\u00e1cias \u2013 muitas vezes desnecess\u00e1rias \u2013 afirmando que o Vasco  n\u00e3o cairia. De fato, n\u00e3o caiu. Despencou! &nbsp;Tr\u00eas rebaixamentos em apenas oito anos \u00e9 muito  mais do que cair ou despencar, \u00e9 chegar as trevas!<o:p id=\"yui_3_16_0_1_1475537727790_180164\"><\/o:p><\/span><\/div>\n<div style=\"text-align:justify;text-indent:35.4pt;tab-stops:111.0pt\" id=\"yui_3_16_0_1_1475537727790_180165\"><b id=\"yui_3_16_0_1_1475537727790_180166\"><u id=\"yui_3_16_0_1_1475537727790_180167\"><span style=\"font-size:12.0pt;line-height:115%;font-family:&quot;Arial&quot;,sans-serif\" id=\"yui_3_16_0_1_1475537727790_180168\">O<\/span><\/u><\/b><span style=\"font-size:12.0pt;line-height:115%;font-family:&quot;Arial&quot;,sans-serif\" id=\"yui_3_16_0_1_1475537727790_180169\">  melhor \u00e9 saber que na vida tudo tem come\u00e7o, meio e fim. \u00c9 preciso que o s\u00f3cio  votante reflita melhor nas propostas dos candidatos ao cargo mais importante do  clube nas pr\u00f3ximas elei\u00e7\u00f5es. Encontrar algu\u00e9m que seja competente, honesto,  carism\u00e1tico, l\u00facido e principalmente agregador. N\u00e3o h\u00e1 mais espa\u00e7os no Vasco  para correntes A ou B. A coes\u00e3o de divergentes poss\u00edveis mandat\u00e1rios se faz  necess\u00e1rio para que o clube em poucos anos n\u00e3o se torne um Am\u00e9rica da vida. Com  todo o respeito ao Diabo. At\u00e9, porque, de anjo mau o Mach\u00e3o da Gama est\u00e1  recheado. \u00c9 preciso uma a\u00e7\u00e3o r\u00e1pida para que n\u00e3o aconte\u00e7a o que escrevi com  poucas letras no in\u00edcio de cada par\u00e1grafo desta cr\u00f4nica. Podemos come\u00e7ar com  uma boa vit\u00f3ria, diante do Londrina, na Arena da Amaz\u00f4nia, em Manaus, s\u00e1bado,  \u00e0s 18h30m.<o:p id=\"yui_3_16_0_1_1475537727790_180170\"><\/o:p><\/span><\/div>\n<div style=\"text-align:justify;text-indent:35.4pt;tab-stops:111.0pt\" id=\"yui_3_16_0_1_1475537727790_180171\"><span style=\"font-size:12.0pt;line-height:115%;font-family:&quot;Arial&quot;,sans-serif\" id=\"yui_3_16_0_1_1475537727790_180172\"><o:p id=\"yui_3_16_0_1_1475537727790_180173\">&nbsp;<\/o:p><\/span><\/div>\n<div style=\"text-align:justify;text-indent:35.4pt;tab-stops:111.0pt\" id=\"yui_3_16_0_1_1475537727790_180174\"><b id=\"yui_3_16_0_1_1475537727790_180175\"><u id=\"yui_3_16_0_1_1475537727790_180176\"><span style=\"font-size:12.0pt;line-height:115%;font-family:&quot;Arial&quot;,sans-serif\" id=\"yui_3_16_0_1_1475537727790_180177\">FESTA DAS CRIAN\u00c7AS:<\/span><\/u><\/b><span style=\"font-size:12.0pt;line-height:115%;font-family:&quot;Arial&quot;,sans-serif\" id=\"yui_3_16_0_1_1475537727790_180178\"> &nbsp;A Torcida Ira Jovem, promover\u00e1 um evento  nobre. No dia 12 de outubro, \u00e0s 10h, em S\u00e3o Janu\u00e1rio, acontecer\u00e1 uma festa para  as crian\u00e7as. A garotada ter\u00e1 um dia especial, com lanches gostosos e muita  brincadeira. Tamb\u00e9m ter\u00e1 distribui\u00e7\u00e3o de brinquedos. Uma forma bonita de  perpetuar a Imensa Torcida bem Feliz. \u201cEnquanto houver um cora\u00e7\u00e3o infantil, o  Vasco ser\u00e1 imortal\u201d.<b id=\"yui_3_16_0_1_1475537727790_180179\"><u id=\"yui_3_16_0_1_1475537727790_180180\"><o:p id=\"yui_3_16_0_1_1475537727790_180181\"><\/o:p><\/u><\/b><\/span><\/div>\n<div style=\"text-align:justify;text-indent:35.4pt;tab-stops:111.0pt\" id=\"yui_3_16_0_1_1475537727790_180182\"><span style=\"font-size:14.0pt;line-height:115%;font-family:&quot;Arial&quot;,sans-serif\" id=\"yui_3_16_0_1_1475537727790_180183\"><o:p id=\"yui_3_16_0_1_1475537727790_180184\">&nbsp;<\/o:p><\/span><\/div>\n<div style=\"text-align:justify;text-indent:35.4pt;tab-stops:111.0pt\" id=\"yui_3_16_0_1_1475537727790_180185\"><b id=\"yui_3_16_0_1_1475537727790_180186\"><u id=\"yui_3_16_0_1_1475537727790_180187\"><span style=\"font-size:20.0pt;line-height:115%;font-family:&quot;Arial&quot;,sans-serif\" id=\"yui_3_16_0_1_1475537727790_180188\">DIVULGUEM ESSA COVARDIA:<\/span><\/u><\/b><span style=\"font-size:16.0pt;line-height:115%;font-family:&quot;Arial&quot;,sans-serif\" id=\"yui_3_16_0_1_1475537727790_180189\"> GOSTARIA  DE PEDIR A TODOS OS MEUS AMIGOS E LEITORES QUE TIRASSE UM TEMPINHO PARA LER A  PETI\u00c7\u00c3O P\u00daBLICA, AO QUAL SEGUE ABAIXO O LINK. TAL DOCUMENTO REFERE-SE A <b id=\"yui_3_16_0_1_1475537727790_180190\"><u id=\"yui_3_16_0_1_1475537727790_180191\">UM ATO DE COVARDIA POR PARTE DA  VOLKSWAGEN DO BRASIL EM COAUTORIA DA ABOLI\u00c7\u00c3O VE\u00cdCULOS (GRUPO AB)<\/u><\/b>  CONTRA ESTE VELHO JORNALISTA. A REFERIDA CONCESSION\u00c1RIA EST\u00c1 ME LESANDO DESDE  FEVEREIRO DE 2013. MEU CARRO FOI BATIDO DENTRO DA OFICINA, FURTARAM ACESS\u00d3RIOS,  TEM PROBLEMAS CAUSADOS POR ELES, AL\u00c9M DE DEFEITOS DE FABRICA\u00c7\u00c3O. O CARRO 0 KM  COMPRADO POR MIM HOJE SE ENCONTRA NA OFICINA DA ABOLI\u00c7\u00c3O VE\u00cdCULOS (CENTRO DE  NITER\u00d3I) <b id=\"yui_3_16_0_1_1475537727790_180192\"><u id=\"yui_3_16_0_1_1475537727790_180193\">DESDE 10 DE JUNHO DE 2013<\/u><\/b>,  OU MELHOR, H\u00c1 <b id=\"yui_3_16_0_1_1475537727790_180194\"><u id=\"yui_3_16_0_1_1475537727790_180195\">39 MESES, OU SEJA, 3  ANOS E TR\u00caS MESES.<\/u><\/b> <b id=\"yui_3_16_0_1_1475537727790_180196\"><u id=\"yui_3_16_0_1_1475537727790_180197\">TEM APENAS  729 KM RODADOS<\/u><\/b> PARA COMPROVAR O CALV\u00c1RIO TENHO DOCUMENTOS, GRAVA\u00c7\u00d5ES DE  AUDIO E V\u00cdDEO, MAIS DE 600 FOTOGRAFIAS E E-MAILS TROCADOS COM FUNCION\u00c1RIOS DO  BAIXO, M\u00c9DIO E ALTO ESCAL\u00c3O DA EMPRESA. POR FAVOR, ASSINEM O DOCUMENTO PARA QUE  OUTROS CONSUMIDORES N\u00c3O SEJAM LESADOS POR EMPRESAS DESTE N\u00cdVEL.&nbsp; <\/span><a href=\"https:\/\/secure.avaaz.org\/po\/petition\/Aos_Orgaos_de_Defesa_do_Consumidor_e_ao_Poder_Judiciario_JUSTICA_CONTRA_UMA_MARCA_E_SUA_REVENDERORA_QUE_DESCUMPREM_A_LEI\/?lJEcNfb&amp;pv=0\" id=\"yui_3_16_0_1_1475537727790_180198\"><span style=\"font-size:16.0pt;line-height:115%;font-family:&quot;Arial&quot;,sans-serif\" id=\"yui_3_16_0_1_1475537727790_180199\">https:\/\/secure.avaaz.org\/po\/petition\/Aos_Orgaos_de_Defesa_do_Consumidor_e_ao_Poder_Judiciario_JUSTICA_CONTRA_UMA_MARCA_E_SUA_REVENDERORA_QUE_DESCUMPREM_A_LEI\/?lJEcNfb&amp;pv=0<\/span><\/a><span style=\"font-size:16.0pt;line-height:115%;font-family:&quot;Arial&quot;,sans-serif\" id=\"yui_3_16_0_1_1475537727790_180200\"><o:p id=\"yui_3_16_0_1_1475537727790_180201\"><\/o:p><\/span><\/div>\n<div style=\"text-align:justify;tab-stops:69.75pt\" id=\"yui_3_16_0_1_1475537727790_180202\"><span style=\"font-size:16.0pt;line-height:115%;font-family:&quot;Arial&quot;,sans-serif\" id=\"yui_3_16_0_1_1475537727790_180203\">&nbsp;&nbsp;&nbsp;&nbsp;&nbsp;&nbsp;&nbsp;&nbsp;&nbsp;&nbsp;&nbsp;&nbsp;&nbsp;&nbsp;&nbsp; <o:p id=\"yui_3_16_0_1_1475537727790_180204\"><\/o:p><\/span><\/div>\n<div style=\"text-align:justify;tab-stops:111.0pt\" id=\"yui_3_16_0_1_1475537727790_180205\"><b id=\"yui_3_16_0_1_1475537727790_180206\"><span style=\"font-size:16.0pt;line-height:115%;font-family:&quot;Arial&quot;,sans-serif\" id=\"yui_3_16_0_1_1475537727790_180207\">&nbsp;&nbsp;&nbsp;&nbsp;&nbsp;&nbsp;&nbsp;&nbsp;&nbsp;&nbsp;&nbsp;&nbsp;&nbsp;&nbsp;&nbsp;&nbsp;&nbsp;&nbsp;&nbsp;&nbsp;&nbsp;&nbsp;&nbsp;&nbsp; &nbsp;&nbsp;&nbsp;&nbsp;&nbsp;&nbsp; <o:p id=\"yui_3_16_0_1_1475537727790_180208\"><\/o:p><\/span><\/b><\/div>\n<div id=\"yui_3_16_0_1_1475537727790_179777\">                                                                            <\/div>\n<div style=\"text-align:justify\" dir=\"ltr\" id=\"yui_3_16_0_1_1475537727790_180209\"><b id=\"yui_3_16_0_1_1475537727790_180210\"><span style=\"font-size:14.0pt;line-height:115%;font-family:&quot;Arial&quot;,sans-serif\" id=\"yui_3_16_0_1_1475537727790_180211\">AP\u00d3S  AS TODAS AS PARTIDAS DO VASC\u00c3O EM MEU PERFIL DO FACEBOOK (QUEM QUISER RECEBER  AS CR\u00d4NICAS DE PRIMEIRA M\u00c3O \u00c9 S\u00d3 ME ADICIONAR), E NOS SITES WEBVASCO  (<a href=\"http:\/\/www.webvasco.com\">www.webvasco.com<\/a>), E VASCA\u00cdNOS UNIDOS (<a href=\"http:\/\/www.vascainosunidos.com.br\">www.vascainosunidos.com.br<\/a>) TEM A  OPINI\u00c3O DO JORNALISTA LUIZ CARLOS ROCHA. LEIAM! COMPARTILHEM E CURTAM! VASCA\u00cdNOS  UNIDOS JAMAIS SER\u00c3O VENCIDOS.<o:p id=\"yui_3_16_0_1_1475537727790_180212\"><\/o:p><\/span><\/b><\/div>\n<div id=\"yui_3_16_0_1_1475537727790_179777\"><span><br \/><\/span><\/div>\n<div id=\"yui_3_16_0_1_1475537727790_179777\"><span><br \/><\/span><\/div>\n<div><\/div>\n<div id=\"yui_3_16_0_1_1475537727790_179778\">&nbsp;<\/div>\n<div class=\"signature\" id=\"yui_3_16_0_1_1475537727790_179783\">\n<div id=\"RTEContent\">\n<div id=\"yui_3_16_0_1_1475537727790_179782\">\n<div id=\"yui_3_16_0_1_1475537727790_179781\">\n<div id=\"yui_3_16_0_1_1475537727790_179780\">\n<div align=\"center\" id=\"yui_3_16_0_1_1475537727790_179779\"><\/div>\n<\/div>\n<\/div>\n<\/div>\n<\/div>\n<\/div>\n<\/div>\n<\/div>\n<p><\/p>\n","protected":false},"excerpt":{"rendered":"<p>Foi evidente o desgaste. O Vasco da Gama sofreu, ontem, de virada, mais uma derrota,&#8230;<\/p>\n","protected":false},"author":7,"featured_media":0,"comment_status":"open","ping_status":"closed","sticky":false,"template":"","format":"standard","meta":{"footnotes":""},"categories":[4],"tags":[],"class_list":["post-7890","post","type-post","status-publish","format-standard","hentry","category-luizcarlosrocha"],"_links":{"self":[{"href":"https:\/\/webvasco.com\/artigos\/wp-json\/wp\/v2\/posts\/7890","targetHints":{"allow":["GET"]}}],"collection":[{"href":"https:\/\/webvasco.com\/artigos\/wp-json\/wp\/v2\/posts"}],"about":[{"href":"https:\/\/webvasco.com\/artigos\/wp-json\/wp\/v2\/types\/post"}],"author":[{"embeddable":true,"href":"https:\/\/webvasco.com\/artigos\/wp-json\/wp\/v2\/users\/7"}],"replies":[{"embeddable":true,"href":"https:\/\/webvasco.com\/artigos\/wp-json\/wp\/v2\/comments?post=7890"}],"version-history":[{"count":0,"href":"https:\/\/webvasco.com\/artigos\/wp-json\/wp\/v2\/posts\/7890\/revisions"}],"wp:attachment":[{"href":"https:\/\/webvasco.com\/artigos\/wp-json\/wp\/v2\/media?parent=7890"}],"wp:term":[{"taxonomy":"category","embeddable":true,"href":"https:\/\/webvasco.com\/artigos\/wp-json\/wp\/v2\/categories?post=7890"},{"taxonomy":"post_tag","embeddable":true,"href":"https:\/\/webvasco.com\/artigos\/wp-json\/wp\/v2\/tags?post=7890"}],"curies":[{"name":"wp","href":"https:\/\/api.w.org\/{rel}","templated":true}]}}