{"id":7891,"date":"2016-10-09T01:08:17","date_gmt":"2016-10-09T04:08:17","guid":{"rendered":"http:\/\/webvasco.com\/artigos\/?p=7891"},"modified":"2016-10-11T09:13:21","modified_gmt":"2016-10-11T12:13:21","slug":"inverso-de-valores","status":"publish","type":"post","link":"https:\/\/webvasco.com\/artigos\/colunistas\/luizcarlosrocha\/inverso-de-valores\/","title":{"rendered":"INVERS&Atilde;O DE VALORES!"},"content":{"rendered":"<div>\n<div style=\"color: #000; background-color: #fff; font-family: HelveticaNeue-Light, Helvetica Neue Light, Helvetica Neue, Helvetica, Arial, Lucida Grande, sans-serif; font-size: 32px;\">\n<div id=\"yui_3_16_0_1_1475985914575_5545\" style=\"text-align: justify; text-indent: 35.4pt; tab-stops: 111.0pt;\"><span id=\"yui_3_16_0_1_1475985914575_5546\" style=\"font-size: 12.0pt; line-height: 115%; font-family: 'Arial',sans-serif;\">O Vasco da Gama sofreu para vencer o Londrina, em Manaus, hoje, por 1 a 0, com gol contra do volante Germano, em partida que marcou a 30\u00aa Rodada, do Campeonato Brasileiro, da S\u00e9rie B. O Cruzmaltino manteve a vice-lideran\u00e7a da competi\u00e7\u00e3o, agora com 54 pontos ganhos na tabela de classifica\u00e7\u00e3o (um a menos que o l\u00edder Atl\u00e9tico\/GO).<\/span><\/div>\n<div id=\"yui_3_16_0_1_1475985914575_5548\" style=\"text-align: justify; text-indent: 35.4pt; tab-stops: 111.0pt;\"><span id=\"yui_3_16_0_1_1475985914575_5549\" style=\"font-size: 12.0pt; line-height: 115%; font-family: 'Arial',sans-serif;\">Os jogadores do time de S\u00e3o Janu\u00e1rio torciam para o tempo passar. E como s\u00f3 isso n\u00e3o basta, faltando tr\u00eas minutos para a etapa complementar chegar ao fim, todo o banco de suplentes ficaram \u00e0 beira do gramado apreensivos. Que ponto o Vasco chegou! Respeito zero hein Dom Charuto?<\/span><\/div>\n<div id=\"yui_3_16_0_1_1475985914575_5551\" style=\"text-align: justify; text-indent: 35.4pt; tab-stops: 111.0pt;\"><span id=\"yui_3_16_0_1_1475985914575_5552\" style=\"font-size: 12.0pt; line-height: 115%; font-family: 'Arial',sans-serif;\">Um clube temido por advers\u00e1rios d\u00e9cadas atr\u00e1s, hoje \u2013 literalmente \u2013 n\u00e3o teve capacidade sequer de fazer o gol da vit\u00f3ria. Dependeu do Londrina, uma equipe considerada pequena para fazer o gol do al\u00edvio! Cad\u00ea o respeito \u201cDot\u00f4\u201d Eurico? Vale lembrar, que estamos falando de Segundona!<\/span><\/div>\n<div id=\"yui_3_16_0_1_1475985914575_5554\" style=\"text-align: justify; text-indent: 35.4pt; tab-stops: 111.0pt;\"><span id=\"yui_3_16_0_1_1475985914575_5555\" style=\"font-size: 12.0pt; line-height: 115%; font-family: 'Arial',sans-serif;\">Vi coleguinhas despreparados da Imprensa Marrom dizer que Martin Silva foi o nome do jogo. Que \u00e9 um grande goleiro. Ora, ele foi respons\u00e1vel pela derrota na partida passada, batendo roupa na frente do atacante advers\u00e1rio. Nem goleiro de categoria de base faz isso. Ent\u00e3o, se redimir era obriga\u00e7\u00e3o.<\/span><\/div>\n<div id=\"yui_3_16_0_1_1475985914575_5557\" style=\"text-align: justify; text-indent: 35.4pt; tab-stops: 111.0pt;\"><span id=\"yui_3_16_0_1_1475985914575_5558\" style=\"font-size: 12.0pt; line-height: 115%; font-family: 'Arial',sans-serif;\">H\u00e1 quem diga tamb\u00e9m, que o arqueiro \u00e9 \u00eddolo porque dispensou a convoca\u00e7\u00e3o da Sele\u00e7\u00e3o do Uruguai para se dedicar exclusivamente ao Vasco neste final de peleja do Brasileir\u00e3o. Pura balela! A verdade \u00e9 que Mart\u00edn \u00e9 reserva e n\u00e3o seria titular de forma alguma, e ficaria fora de forma se n\u00e3o atuasse. Aqui frangando ou n\u00e3o ele mant\u00e9m a forma. Ademais, a visibilidade de um Campeonato Brasileiro, ainda que no segundo escal\u00e3o, \u00e9 promissor para um atleta. Quem n\u00e3o conhece bastidor futebol\u00edstico e gest\u00e3o de neg\u00f3cios engole esta, mas quem tem um m\u00ednimo de preparo&#8230;<\/span><\/div>\n<div id=\"yui_3_16_0_1_1475985914575_5560\" style=\"text-align: justify; text-indent: 35.4pt; tab-stops: 111.0pt;\"><span id=\"yui_3_16_0_1_1475985914575_5561\" style=\"font-size: 12.0pt; line-height: 115%; font-family: 'Arial',sans-serif;\">O pr\u00f3ximo desafio do An\u00e3o, digo, Gigante da Colina ser\u00e1 s\u00e1bado, dia 15, \u00e0s 16h30m, em casa, contra o Clube de Regatas Brasil, de Alagoas.<\/span><span id=\"yui_3_16_0_1_1475985914575_5562\" style=\"font-size: 14.0pt; line-height: 115%; font-family: 'Arial',sans-serif;\"><\/span><\/div>\n<div id=\"yui_3_16_0_1_1475985914575_5564\" style=\"text-align: justify; text-indent: 35.4pt; tab-stops: 111.0pt;\"><b id=\"yui_3_16_0_1_1475985914575_5565\"><u id=\"yui_3_16_0_1_1475985914575_5566\"><span id=\"yui_3_16_0_1_1475985914575_5567\" style=\"font-size: 14.0pt; line-height: 115%; font-family: 'Arial',sans-serif;\">WEBVASCO:<\/span><\/u><\/b><span id=\"yui_3_16_0_1_1475985914575_5568\" style=\"font-size: 14.0pt; line-height: 115%; font-family: 'Arial',sans-serif;\"> O Web Vasco parabeniza seus editores Andr\u00e9 Pedro e Luiz Carlos Rocha pelo bom jornalismo feito ao longo de cinco anos, no que tange ao dia-a-dia vasca\u00edno. As informa\u00e7\u00f5es s\u00e3o passadas de forma s\u00e9ria e ver\u00eddica. O respeito ao leitor acima de tudo. Tamb\u00e9m merecem ser citados pelo trabalho os atuais colunistas Mestre Cristiano Mariotti, Doutor Marcelo Paiva e Doutor Marcus Simonini, bem como\u00a0todos aqueles que j\u00e1 contribu\u00edram de alguma forma com o Webvasco. Afinal, esporte \u00e9 coletividade. Toda a equipe \u00e9 respons\u00e1vel por 82.000 curtidas na p\u00e1gina do Web Vasco, no Facebook. Esta marca foi atingida por poucas p\u00e1ginas e merece comemora\u00e7\u00e3o. Temos em m\u00e9dia de 700 a 1.000 curtidas por semana. Nada mais justo do que dividir esta gl\u00f3ria tamb\u00e9m com voc\u00ea nosso leitor. Obrigado editores! Obrigado colunistas! Obrigado leitor!<b id=\"yui_3_16_0_1_1475985914575_5569\"><u id=\"yui_3_16_0_1_1475985914575_5570\"><\/u><\/b><\/span><\/div>\n<div id=\"yui_3_16_0_1_1475985914575_5572\" style=\"text-align: justify; text-indent: 35.4pt; tab-stops: 111.0pt;\"><span id=\"yui_3_16_0_1_1475985914575_5573\" style=\"font-size: 14.0pt; line-height: 115%; font-family: 'Arial',sans-serif;\">\u00a0<\/span><\/div>\n<div id=\"yui_3_16_0_1_1475985914575_5575\" style=\"text-align: justify; text-indent: 35.4pt; tab-stops: 111.0pt;\"><span id=\"yui_3_16_0_1_1475985914575_5576\" style=\"font-size: 14.0pt; line-height: 115%; font-family: 'Arial',sans-serif;\">\u00a0<\/span><\/div>\n<div id=\"yui_3_16_0_1_1475985914575_5578\" style=\"text-align: justify; text-indent: 35.4pt; tab-stops: 111.0pt;\"><b id=\"yui_3_16_0_1_1475985914575_5579\"><u id=\"yui_3_16_0_1_1475985914575_5580\"><span id=\"yui_3_16_0_1_1475985914575_5581\" style=\"font-size: 20.0pt; line-height: 115%; font-family: 'Arial',sans-serif;\">DIVULGUEM ESSA COVARDIA:<\/span><\/u><\/b><span id=\"yui_3_16_0_1_1475985914575_5582\" style=\"font-size: 16.0pt; line-height: 115%; font-family: 'Arial',sans-serif;\"> GOSTARIA DE PEDIR A TODOS OS MEUS AMIGOS E LEITORES QUE TIRASSE UM TEMPINHO PARA LER A PETI\u00c7\u00c3O P\u00daBLICA, AO QUAL SEGUE ABAIXO O LINK. TAL DOCUMENTO REFERE-SE A <b id=\"yui_3_16_0_1_1475985914575_5583\"><u id=\"yui_3_16_0_1_1475985914575_5584\">UM ATO DE COVARDIA POR PARTE DA VOLKSWAGEN DO BRASIL EM COAUTORIA DA ABOLI\u00c7\u00c3O VE\u00cdCULOS (GRUPO AB)<\/u><\/b> CONTRA ESTE VELHO JORNALISTA. A REFERIDA CONCESSION\u00c1RIA EST\u00c1 ME LESANDO DESDE FEVEREIRO DE 2013. MEU CARRO FOI BATIDO DENTRO DA OFICINA, FURTARAM ACESS\u00d3RIOS, TEM PROBLEMAS CAUSADOS POR ELES, AL\u00c9M DE DEFEITOS DE FABRICA\u00c7\u00c3O. O CARRO 0 KM COMPRADO POR MIM HOJE SE ENCONTRA NA OFICINA DA ABOLI\u00c7\u00c3O VE\u00cdCULOS (CENTRO DE NITER\u00d3I) <b id=\"yui_3_16_0_1_1475985914575_5585\"><u id=\"yui_3_16_0_1_1475985914575_5586\">DESDE 10 DE JUNHO DE 2013<\/u><\/b>, OU MELHOR, H\u00c1 <b id=\"yui_3_16_0_1_1475985914575_5587\"><u id=\"yui_3_16_0_1_1475985914575_5588\">39 MESES, OU SEJA, 3 ANOS E TR\u00caS MESES.<\/u><\/b> <b id=\"yui_3_16_0_1_1475985914575_5589\"><u id=\"yui_3_16_0_1_1475985914575_5590\">TEM APENAS 729 KM RODADOS<\/u><\/b> PARA COMPROVAR O CALV\u00c1RIO TENHO DOCUMENTOS, GRAVA\u00c7\u00d5ES DE AUDIO E V\u00cdDEO, MAIS DE 600 FOTOGRAFIAS E E-MAILS TROCADOS COM FUNCION\u00c1RIOS DO BAIXO, M\u00c9DIO E ALTO ESCAL\u00c3O DA EMPRESA. POR FAVOR, ASSINEM O DOCUMENTO PARA QUE OUTROS CONSUMIDORES N\u00c3O SEJAM LESADOS POR EMPRESAS DESTE N\u00cdVEL.\u00a0 <\/span><a id=\"yui_3_16_0_1_1475985914575_5591\" href=\"https:\/\/secure.avaaz.org\/po\/petition\/Aos_Orgaos_de_Defesa_do_Consumidor_e_ao_Poder_Judiciario_JUSTICA_CONTRA_UMA_MARCA_E_SUA_REVENDERORA_QUE_DESCUMPREM_A_LEI\/?lJEcNfb&amp;pv=0\"><span id=\"yui_3_16_0_1_1475985914575_5592\" style=\"font-size: 16.0pt; line-height: 115%; font-family: 'Arial',sans-serif;\">https:\/\/secure.avaaz.org\/po\/petition\/Aos_Orgaos_de_Defesa_do_Consumidor_e_ao_Poder_Judiciario_JUSTICA_CONTRA_UMA_MARCA_E_SUA_REVENDERORA_QUE_DESCUMPREM_A_LEI\/?lJEcNfb&amp;pv=0<\/span><\/a><span id=\"yui_3_16_0_1_1475985914575_5593\" style=\"font-size: 16.0pt; line-height: 115%; font-family: 'Arial',sans-serif;\"><\/span><\/div>\n<div id=\"yui_3_16_0_1_1475985914575_5595\" style=\"text-align: justify; tab-stops: 69.75pt;\"><span id=\"yui_3_16_0_1_1475985914575_5596\" style=\"font-size: 16.0pt; line-height: 115%; font-family: 'Arial',sans-serif;\">\u00a0\u00a0\u00a0\u00a0\u00a0\u00a0\u00a0\u00a0\u00a0\u00a0\u00a0\u00a0\u00a0\u00a0\u00a0 <\/span><\/div>\n<div id=\"yui_3_16_0_1_1475985914575_5598\" style=\"text-align: justify; tab-stops: 111.0pt;\"><b id=\"yui_3_16_0_1_1475985914575_5599\"><span id=\"yui_3_16_0_1_1475985914575_5600\" style=\"font-size: 16.0pt; line-height: 115%; font-family: 'Arial',sans-serif;\">\u00a0\u00a0\u00a0\u00a0\u00a0\u00a0\u00a0\u00a0\u00a0\u00a0\u00a0\u00a0\u00a0\u00a0\u00a0\u00a0\u00a0\u00a0\u00a0\u00a0\u00a0\u00a0\u00a0\u00a0 \u00a0\u00a0\u00a0\u00a0\u00a0\u00a0 <\/span><\/b><\/div>\n<div id=\"yui_3_16_0_1_1475985914575_5315\"><\/div>\n<div id=\"yui_3_16_0_1_1475985914575_5602\" dir=\"ltr\" style=\"text-align: justify;\"><b id=\"yui_3_16_0_1_1475985914575_5603\"><span id=\"yui_3_16_0_1_1475985914575_5604\" style=\"font-size: 14.0pt; line-height: 115%; font-family: 'Arial',sans-serif;\">AP\u00d3S AS TODAS AS PARTIDAS DO VASC\u00c3O EM MEU PERFIL DO FACEBOOK (QUEM QUISER RECEBER AS CR\u00d4NICAS DE PRIMEIRA M\u00c3O \u00c9 S\u00d3 ME ADICIONAR), E NOS SITES WEBVASCO (<a href=\"http:\/\/www.webvasco.com\">www.webvasco.com<\/a>), E VASCA\u00cdNOS UNIDOS (<a href=\"http:\/\/www.vascainosunidos.com.br\">www.vascainosunidos.com.br<\/a>) TEM A OPINI\u00c3O DO JORNALISTA LUIZ CARLOS ROCHA. LEIAM! COMPARTILHEM E CURTAM! VASCA\u00cdNOS UNIDOS JAMAIS SER\u00c3O VENCIDOS.<\/span><\/b><\/div>\n<div id=\"yui_3_16_0_1_1475985914575_5315\"><\/div>\n<div id=\"yui_3_16_0_1_1475985914575_5315\"><\/div>\n<div id=\"yui_3_16_0_1_1475985914575_5315\"><\/div>\n<div id=\"yui_3_16_0_1_1475985914575_5315\"><\/div>\n<div><\/div>\n<div id=\"yui_3_16_0_1_1475985914575_5316\"><\/div>\n<div id=\"yui_3_16_0_1_1475985914575_5323\" class=\"signature\"><\/div>\n<\/div>\n<\/div>\n<p>&nbsp;<\/p>\n","protected":false},"excerpt":{"rendered":"<p>O Vasco da Gama sofreu para vencer o Londrina, em Manaus, hoje, por 1 a&#8230;<\/p>\n","protected":false},"author":7,"featured_media":0,"comment_status":"open","ping_status":"closed","sticky":false,"template":"","format":"standard","meta":{"footnotes":""},"categories":[4],"tags":[],"class_list":["post-7891","post","type-post","status-publish","format-standard","hentry","category-luizcarlosrocha"],"_links":{"self":[{"href":"https:\/\/webvasco.com\/artigos\/wp-json\/wp\/v2\/posts\/7891","targetHints":{"allow":["GET"]}}],"collection":[{"href":"https:\/\/webvasco.com\/artigos\/wp-json\/wp\/v2\/posts"}],"about":[{"href":"https:\/\/webvasco.com\/artigos\/wp-json\/wp\/v2\/types\/post"}],"author":[{"embeddable":true,"href":"https:\/\/webvasco.com\/artigos\/wp-json\/wp\/v2\/users\/7"}],"replies":[{"embeddable":true,"href":"https:\/\/webvasco.com\/artigos\/wp-json\/wp\/v2\/comments?post=7891"}],"version-history":[{"count":1,"href":"https:\/\/webvasco.com\/artigos\/wp-json\/wp\/v2\/posts\/7891\/revisions"}],"predecessor-version":[{"id":7893,"href":"https:\/\/webvasco.com\/artigos\/wp-json\/wp\/v2\/posts\/7891\/revisions\/7893"}],"wp:attachment":[{"href":"https:\/\/webvasco.com\/artigos\/wp-json\/wp\/v2\/media?parent=7891"}],"wp:term":[{"taxonomy":"category","embeddable":true,"href":"https:\/\/webvasco.com\/artigos\/wp-json\/wp\/v2\/categories?post=7891"},{"taxonomy":"post_tag","embeddable":true,"href":"https:\/\/webvasco.com\/artigos\/wp-json\/wp\/v2\/tags?post=7891"}],"curies":[{"name":"wp","href":"https:\/\/api.w.org\/{rel}","templated":true}]}}