{"id":7894,"date":"2016-10-12T11:40:28","date_gmt":"2016-10-12T14:40:28","guid":{"rendered":"http:\/\/webvasco.com\/artigos\/?p=7894"},"modified":"2016-10-12T12:01:14","modified_gmt":"2016-10-12T15:01:14","slug":"o-vasco-sera-imortal","status":"publish","type":"post","link":"https:\/\/webvasco.com\/artigos\/colunistas\/andrepedro\/o-vasco-sera-imortal\/","title":{"rendered":"&#8230; O VASCO SER\u00c1 IMORTAL!"},"content":{"rendered":"<p><strong>12 de Outubro, Dia das Crian\u00e7as<\/strong>!<\/p>\n<p>Durante o primeiro mandato de <strong>Ciro Aranha<\/strong> (1942), o Grande Benem\u00e9rito <strong>\u00c1lvaro do Nascimento Rodrigues<\/strong>, o <strong>Cascadura<\/strong>, criou a famosa frase &#8220;<strong>Enquanto houver um cora\u00e7\u00e3o infantil o Vasco ser\u00e1 imortal<\/strong>&#8220;. Atribui-se a Ciro Aranha essa frase porque ele criou o Departamento Infanto-Juvenil (DIJ), mas foi Cascadura que capitaneou o DIJ, criando a famosa frase, a qual ele extensamente repetiu em sua coluna &#8220;Uma Pedrinha na Chuteira&#8221; no famos\u00edssimo Jornal dos Sports &#8211; jornal este em que ele tamb\u00e9m foi um de seus fundadores.<\/p>\n<p>A data de hoje \u00e9, portanto, muito importante para todos os vasca\u00ednos! Desde seus prim\u00f3rdios, nosso clube se preocupa com aqueles que ir\u00e3o perpetuar nossos ideais! A forma\u00e7\u00e3o adequada de nossas crian\u00e7as s\u00e3o o legado mais valioso que um clube pode deixar para a transforma\u00e7\u00e3o de nosso mundo. E nosso clube possui\u00a0valores que valem a pena ser consolidados na forma\u00e7\u00e3o de nossas crian\u00e7as!<\/p>\n<p>Mas a hist\u00f3ria do Vasco inspira tantos bons valores que os pr\u00f3prios vasca\u00ednos extrapolam os limites f\u00edsicos das depend\u00eancias de nosso clube para irem muito al\u00e9m! Ontem eu tive a oportunidade de passar uma tarde agrad\u00e1vel com um casal de verdadeiros &#8220;gigantes&#8221; vasca\u00ednos. S\u00e3o eles a <strong>\u00c2ngela Diniz e Junior<\/strong>, o casal que capitaneia o Projeto &#8220;<strong>Enquanto Houver um Cora\u00e7\u00e3o Infantil&#8230;<\/strong>&#8220;.<\/p>\n<p><a href=\"https:\/\/webvasco.com\/artigos\/wp-content\/uploads\/2016\/10\/WhatsApp-Image-2016-10-12-at-9.39.32-AM.jpeg\"><img loading=\"lazy\" decoding=\"async\" class=\"alignright size-medium wp-image-7895\" src=\"https:\/\/webvasco.com\/artigos\/wp-content\/uploads\/2016\/10\/WhatsApp-Image-2016-10-12-at-9.39.32-AM-300x169.jpeg\" alt=\"whatsapp-image-2016-10-12-at-9-39-32-am\" width=\"300\" height=\"169\" srcset=\"https:\/\/webvasco.com\/artigos\/wp-content\/uploads\/2016\/10\/WhatsApp-Image-2016-10-12-at-9.39.32-AM-300x169.jpeg 300w, https:\/\/webvasco.com\/artigos\/wp-content\/uploads\/2016\/10\/WhatsApp-Image-2016-10-12-at-9.39.32-AM-150x84.jpeg 150w, https:\/\/webvasco.com\/artigos\/wp-content\/uploads\/2016\/10\/WhatsApp-Image-2016-10-12-at-9.39.32-AM-768x432.jpeg 768w, https:\/\/webvasco.com\/artigos\/wp-content\/uploads\/2016\/10\/WhatsApp-Image-2016-10-12-at-9.39.32-AM-1024x576.jpeg 1024w, https:\/\/webvasco.com\/artigos\/wp-content\/uploads\/2016\/10\/WhatsApp-Image-2016-10-12-at-9.39.32-AM-777x437.jpeg 777w, https:\/\/webvasco.com\/artigos\/wp-content\/uploads\/2016\/10\/WhatsApp-Image-2016-10-12-at-9.39.32-AM-260x146.jpeg 260w, https:\/\/webvasco.com\/artigos\/wp-content\/uploads\/2016\/10\/WhatsApp-Image-2016-10-12-at-9.39.32-AM-120x67.jpeg 120w, https:\/\/webvasco.com\/artigos\/wp-content\/uploads\/2016\/10\/WhatsApp-Image-2016-10-12-at-9.39.32-AM.jpeg 1040w\" sizes=\"auto, (max-width: 300px) 100vw, 300px\" \/><\/a>O encontro n\u00e3o foi fortuito! Como participei de uma rifa visando levantar fundos para seu Projeto, e que <strong>sortearia uma camisa do Projeto autografada pelos campe\u00f5es do Estadual de 2016<\/strong>, acabei sendo o sortudo que ganhou a camisa. Obviamente n\u00e3o esperava isso, mas agrade\u00e7o a Deus por ter me proporcionado algumas horas de uma bela conversa sobre\u00a0como \u00e9 poss\u00edvel fazer algo extremamente significativo pelo nosso clube, com t\u00e3o poucos recursos.<\/p>\n<p>Talvez poucos se d\u00e3o conta da<strong> grandeza do Projeto<\/strong>! \u00c9 na mais tenra idade que o ser humano cria os <strong>alicerces dos valores pessoais que carregar\u00e1 ao longo da vida<\/strong>! Uma boa forma\u00e7\u00e3o na inf\u00e2ncia ajudar\u00e1 muito o indiv\u00edduo a superar poss\u00edveis dificuldades e avaliar o que \u00e9 bom e o que n\u00e3o \u00e9 para si mesmo. Valores pessoais \u00e9 um assunto que deveria receber um enfoque muito maior por parte dos pais e da pr\u00f3pria sociedade e ser tratado com mais seriedade, pois h\u00e1 grupos que est\u00e3o distorcendo esses valores em prol de uma suposta &#8220;liberdade de escolha&#8221; das crian\u00e7as, quando na verdade as pr\u00f3prias crian\u00e7as est\u00e3o em busca dessas refer\u00eancias (pelo simples fato de que n\u00e3o as t\u00eam ainda). Sua mente \u00e9 <strong>um livro em branco que precisa ser escrita ainda<\/strong>, e os valores que ela adquire ao longo de sua inf\u00e2ncia \u00e9 que ser\u00e3o os mais s\u00f3lidos em sua adolesc\u00eancia, bem como em sua fase adulta!<\/p>\n<p>E s\u00e3o nesses valores que o Projeto &#8220;<strong>Enquanto Houver um Cora\u00e7\u00e3o Infantil&#8230;<\/strong>&#8221; se foca! S\u00e3o eles:<\/p>\n<p>\u2022 <strong>Forma\u00e7\u00e3o de cidad\u00e3os de bem atrav\u00e9s da educa\u00e7\u00e3o<\/strong>;<\/p>\n<p>\u2022 <strong>Responsabilidade social perante a sociedade e nossa torcida<\/strong>;<\/p>\n<p>\u2022 <strong>Dissemina\u00e7\u00e3o da bela e rica hist\u00f3ria do VASCO entre os participantes do projeto<\/strong>.<\/p>\n<p>O Projeto \u00e9 simples, por\u00e9m muito eficiente: Para estimular o Estudo, crian\u00e7as que se cadastram no programa recebem <strong>material escolar e uma camisa do Vasco no final do ano, caso passem de ano<\/strong>!<\/p>\n<p>Ao longo dos \u00faltimos anos o Projeto vem conquistando n\u00fameros formid\u00e1veis: <strong>219 alunos atendidos<\/strong>, havendo uma <strong>aprova\u00e7\u00e3o escolar de 97%<\/strong>!<\/p>\n<p>Eu sou um f\u00e3 incondicional do Projeto! Conhe\u00e7o a \u00c2ngela e o Junior e posso atestar a dedica\u00e7\u00e3o, cuidado e carinho que tem pelo projeto. Como quase tudo no Brasil, as dificuldades s\u00e3o muitas e certamente tiveram percal\u00e7os no percurso, at\u00e9 mesmo com injustos coment\u00e1rios de alguns vasca\u00ednos que n\u00e3o tem a m\u00ednima ideia do que significa o Projeto e do cuidado que \u00c2ngela e Junior tem com a transpar\u00eancia de todos os valores que eles gerenciam&#8230;<\/p>\n<p>Sugiro aos amigos vasca\u00ednos que tomem conhecimento do Projeto em seus ve\u00edculos oficiais de comunica\u00e7\u00e3o:<\/p>\n<p>SITE: http:\/\/www.coracaoinfantil.com.br\/<\/p>\n<p>FACEBOOK: https:\/\/www.facebook.com\/enquantohouverumcoracaoinfantil\/<\/p>\n<p><strong>Conhe\u00e7am! Divulguem! Participem!<\/strong><\/p>\n<p>Quanto mais vasca\u00ednos ajudarem, seja em ideias, seja financeiramente, seja apenas uma palavra amiga de apoio, eu tenho certeza que <strong>esse Projeto crescer\u00e1 muito mais ainda<\/strong>!<\/p>\n<p>Um grande beijo em vossos gigantescos cora\u00e7\u00f5es, \u00c2ngela e Junior, e continuem multiplicando esses belos valores vasca\u00ednos de seu Programa! Eles n\u00e3o est\u00e3o apenas ajudando as crian\u00e7as, mas tamb\u00e9m o Vasco e o nosso Pa\u00eds!<\/p>\n<p>Sauda\u00e7\u00f5es Vasca\u00ednas e Parab\u00e9ns!<\/p>\n<p>PS: Agrade\u00e7o ao portal Sempre Vasco, que me forneceu valiosas informa\u00e7\u00f5es para escrever este artigo, atrav\u00e9s da p\u00e1gina\u00a0http:\/\/www.semprevasco.com\/conteudo\/conteudo.php?id=23<\/p>\n","protected":false},"excerpt":{"rendered":"<p>12 de Outubro, Dia das Crian\u00e7as! Durante o primeiro mandato de Ciro Aranha (1942), o&#8230;<\/p>\n","protected":false},"author":5,"featured_media":7895,"comment_status":"open","ping_status":"closed","sticky":false,"template":"","format":"standard","meta":{"footnotes":""},"categories":[2],"tags":[],"class_list":["post-7894","post","type-post","status-publish","format-standard","has-post-thumbnail","hentry","category-andrepedro"],"_links":{"self":[{"href":"https:\/\/webvasco.com\/artigos\/wp-json\/wp\/v2\/posts\/7894","targetHints":{"allow":["GET"]}}],"collection":[{"href":"https:\/\/webvasco.com\/artigos\/wp-json\/wp\/v2\/posts"}],"about":[{"href":"https:\/\/webvasco.com\/artigos\/wp-json\/wp\/v2\/types\/post"}],"author":[{"embeddable":true,"href":"https:\/\/webvasco.com\/artigos\/wp-json\/wp\/v2\/users\/5"}],"replies":[{"embeddable":true,"href":"https:\/\/webvasco.com\/artigos\/wp-json\/wp\/v2\/comments?post=7894"}],"version-history":[{"count":3,"href":"https:\/\/webvasco.com\/artigos\/wp-json\/wp\/v2\/posts\/7894\/revisions"}],"predecessor-version":[{"id":7897,"href":"https:\/\/webvasco.com\/artigos\/wp-json\/wp\/v2\/posts\/7894\/revisions\/7897"}],"wp:featuredmedia":[{"embeddable":true,"href":"https:\/\/webvasco.com\/artigos\/wp-json\/wp\/v2\/media\/7895"}],"wp:attachment":[{"href":"https:\/\/webvasco.com\/artigos\/wp-json\/wp\/v2\/media?parent=7894"}],"wp:term":[{"taxonomy":"category","embeddable":true,"href":"https:\/\/webvasco.com\/artigos\/wp-json\/wp\/v2\/categories?post=7894"},{"taxonomy":"post_tag","embeddable":true,"href":"https:\/\/webvasco.com\/artigos\/wp-json\/wp\/v2\/tags?post=7894"}],"curies":[{"name":"wp","href":"https:\/\/api.w.org\/{rel}","templated":true}]}}