{"id":7899,"date":"2016-10-13T23:31:58","date_gmt":"2016-10-14T02:31:58","guid":{"rendered":"http:\/\/webvasco.com\/artigos\/?p=7899"},"modified":"2016-10-15T08:25:14","modified_gmt":"2016-10-15T11:25:14","slug":"irado","status":"publish","type":"post","link":"https:\/\/webvasco.com\/artigos\/colunistas\/luizcarlosrocha\/irado\/","title":{"rendered":"IRAdo!"},"content":{"rendered":"<div id='gallery-1' class='gallery galleryid-7899 gallery-columns-3 gallery-size-thumbnail'><figure class='gallery-item'>\n\t\t\t<div class='gallery-icon '>\n\t\t\t\t<a href='https:\/\/webvasco.com\/artigos\/colunistas\/luizcarlosrocha\/irado\/attachment\/img_20161012_225830\/'><img loading=\"lazy\" decoding=\"async\" width=\"1\" height=\"1\" src=\"https:\/\/webvasco.com\/artigos\/wp-content\/uploads\/2016\/10\/IMG_20161012_225830.jpg\" class=\"attachment-thumbnail size-thumbnail\" alt=\"\" \/><\/a>\n\t\t\t<\/div><\/figure><figure class='gallery-item'>\n\t\t\t<div class='gallery-icon '>\n\t\t\t\t<a href='https:\/\/webvasco.com\/artigos\/colunistas\/luizcarlosrocha\/irado\/attachment\/img_20161012_225949\/'><img loading=\"lazy\" decoding=\"async\" width=\"1\" height=\"1\" src=\"https:\/\/webvasco.com\/artigos\/wp-content\/uploads\/2016\/10\/IMG_20161012_225949.jpg\" class=\"attachment-thumbnail size-thumbnail\" alt=\"\" \/><\/a>\n\t\t\t<\/div><\/figure><figure class='gallery-item'>\n\t\t\t<div class='gallery-icon '>\n\t\t\t\t<a href='https:\/\/webvasco.com\/artigos\/colunistas\/luizcarlosrocha\/irado\/attachment\/img_20161012_230121\/'><img loading=\"lazy\" decoding=\"async\" width=\"1\" height=\"1\" src=\"https:\/\/webvasco.com\/artigos\/wp-content\/uploads\/2016\/10\/IMG_20161012_230121.jpg\" class=\"attachment-thumbnail size-thumbnail\" alt=\"\" \/><\/a>\n\t\t\t<\/div><\/figure><figure class='gallery-item'>\n\t\t\t<div class='gallery-icon '>\n\t\t\t\t<a href='https:\/\/webvasco.com\/artigos\/colunistas\/luizcarlosrocha\/irado\/attachment\/img_20161012_231745\/'><img loading=\"lazy\" decoding=\"async\" width=\"1\" height=\"1\" src=\"https:\/\/webvasco.com\/artigos\/wp-content\/uploads\/2016\/10\/IMG_20161012_231745.jpg\" class=\"attachment-thumbnail size-thumbnail\" alt=\"\" \/><\/a>\n\t\t\t<\/div><\/figure><figure class='gallery-item'>\n\t\t\t<div class='gallery-icon '>\n\t\t\t\t<a href='https:\/\/webvasco.com\/artigos\/colunistas\/luizcarlosrocha\/irado\/attachment\/img_20161012_231829\/'><img loading=\"lazy\" decoding=\"async\" width=\"1\" height=\"1\" src=\"https:\/\/webvasco.com\/artigos\/wp-content\/uploads\/2016\/10\/IMG_20161012_231829.jpg\" class=\"attachment-thumbnail size-thumbnail\" alt=\"\" \/><\/a>\n\t\t\t<\/div><\/figure><figure class='gallery-item'>\n\t\t\t<div class='gallery-icon '>\n\t\t\t\t<a href='https:\/\/webvasco.com\/artigos\/colunistas\/luizcarlosrocha\/irado\/attachment\/img_20161012_231923\/'><img loading=\"lazy\" decoding=\"async\" width=\"1\" height=\"1\" src=\"https:\/\/webvasco.com\/artigos\/wp-content\/uploads\/2016\/10\/IMG_20161012_231923.jpg\" class=\"attachment-thumbnail size-thumbnail\" alt=\"\" \/><\/a>\n\t\t\t<\/div><\/figure><figure class='gallery-item'>\n\t\t\t<div class='gallery-icon '>\n\t\t\t\t<a href='https:\/\/webvasco.com\/artigos\/colunistas\/luizcarlosrocha\/irado\/attachment\/img_20161012_232229\/'><img loading=\"lazy\" decoding=\"async\" width=\"1\" height=\"1\" src=\"https:\/\/webvasco.com\/artigos\/wp-content\/uploads\/2016\/10\/IMG_20161012_232229.jpg\" class=\"attachment-thumbnail size-thumbnail\" alt=\"\" \/><\/a>\n\t\t\t<\/div><\/figure><figure class='gallery-item'>\n\t\t\t<div class='gallery-icon '>\n\t\t\t\t<a href='https:\/\/webvasco.com\/artigos\/colunistas\/luizcarlosrocha\/irado\/attachment\/img_20161012_232246\/'><img loading=\"lazy\" decoding=\"async\" width=\"1\" height=\"1\" src=\"https:\/\/webvasco.com\/artigos\/wp-content\/uploads\/2016\/10\/IMG_20161012_232246.jpg\" class=\"attachment-thumbnail size-thumbnail\" alt=\"\" \/><\/a>\n\t\t\t<\/div><\/figure><figure class='gallery-item'>\n\t\t\t<div class='gallery-icon '>\n\t\t\t\t<a href='https:\/\/webvasco.com\/artigos\/colunistas\/luizcarlosrocha\/irado\/attachment\/img_20161012_232259\/'><img loading=\"lazy\" decoding=\"async\" width=\"1\" height=\"1\" src=\"https:\/\/webvasco.com\/artigos\/wp-content\/uploads\/2016\/10\/IMG_20161012_232259.jpg\" class=\"attachment-thumbnail size-thumbnail\" alt=\"\" \/><\/a>\n\t\t\t<\/div><\/figure><figure class='gallery-item'>\n\t\t\t<div class='gallery-icon portrait'>\n\t\t\t\t<a href='https:\/\/webvasco.com\/artigos\/colunistas\/luizcarlosrocha\/irado\/attachment\/img_20161012_225830-2\/'><img loading=\"lazy\" decoding=\"async\" width=\"91\" height=\"150\" src=\"https:\/\/webvasco.com\/artigos\/wp-content\/uploads\/2016\/10\/IMG_20161012_225830-1-91x150.jpg\" class=\"attachment-thumbnail size-thumbnail\" alt=\"\" srcset=\"https:\/\/webvasco.com\/artigos\/wp-content\/uploads\/2016\/10\/IMG_20161012_225830-1-91x150.jpg 91w, https:\/\/webvasco.com\/artigos\/wp-content\/uploads\/2016\/10\/IMG_20161012_225830-1-183x300.jpg 183w, https:\/\/webvasco.com\/artigos\/wp-content\/uploads\/2016\/10\/IMG_20161012_225830-1-768x1259.jpg 768w, https:\/\/webvasco.com\/artigos\/wp-content\/uploads\/2016\/10\/IMG_20161012_225830-1-625x1024.jpg 625w, https:\/\/webvasco.com\/artigos\/wp-content\/uploads\/2016\/10\/IMG_20161012_225830-1.jpg 1734w\" sizes=\"auto, (max-width: 91px) 100vw, 91px\" \/><\/a>\n\t\t\t<\/div><\/figure><figure class='gallery-item'>\n\t\t\t<div class='gallery-icon landscape'>\n\t\t\t\t<a href='https:\/\/webvasco.com\/artigos\/colunistas\/luizcarlosrocha\/irado\/attachment\/img_20161012_225949-2\/'><img loading=\"lazy\" decoding=\"async\" width=\"150\" height=\"103\" src=\"https:\/\/webvasco.com\/artigos\/wp-content\/uploads\/2016\/10\/IMG_20161012_225949-1-150x103.jpg\" class=\"attachment-thumbnail size-thumbnail\" alt=\"\" srcset=\"https:\/\/webvasco.com\/artigos\/wp-content\/uploads\/2016\/10\/IMG_20161012_225949-1-150x103.jpg 150w, https:\/\/webvasco.com\/artigos\/wp-content\/uploads\/2016\/10\/IMG_20161012_225949-1-300x206.jpg 300w, https:\/\/webvasco.com\/artigos\/wp-content\/uploads\/2016\/10\/IMG_20161012_225949-1-768x527.jpg 768w, https:\/\/webvasco.com\/artigos\/wp-content\/uploads\/2016\/10\/IMG_20161012_225949-1-1024x703.jpg 1024w\" sizes=\"auto, (max-width: 150px) 100vw, 150px\" \/><\/a>\n\t\t\t<\/div><\/figure><figure class='gallery-item'>\n\t\t\t<div class='gallery-icon portrait'>\n\t\t\t\t<a href='https:\/\/webvasco.com\/artigos\/colunistas\/luizcarlosrocha\/irado\/attachment\/img_20161012_230121-2\/'><img loading=\"lazy\" decoding=\"async\" width=\"102\" height=\"150\" src=\"https:\/\/webvasco.com\/artigos\/wp-content\/uploads\/2016\/10\/IMG_20161012_230121-1-102x150.jpg\" class=\"attachment-thumbnail size-thumbnail\" alt=\"\" srcset=\"https:\/\/webvasco.com\/artigos\/wp-content\/uploads\/2016\/10\/IMG_20161012_230121-1-102x150.jpg 102w, https:\/\/webvasco.com\/artigos\/wp-content\/uploads\/2016\/10\/IMG_20161012_230121-1-203x300.jpg 203w, https:\/\/webvasco.com\/artigos\/wp-content\/uploads\/2016\/10\/IMG_20161012_230121-1-768x1133.jpg 768w, https:\/\/webvasco.com\/artigos\/wp-content\/uploads\/2016\/10\/IMG_20161012_230121-1-694x1024.jpg 694w, https:\/\/webvasco.com\/artigos\/wp-content\/uploads\/2016\/10\/IMG_20161012_230121-1.jpg 1836w\" sizes=\"auto, (max-width: 102px) 100vw, 102px\" \/><\/a>\n\t\t\t<\/div><\/figure><figure class='gallery-item'>\n\t\t\t<div class='gallery-icon portrait'>\n\t\t\t\t<a href='https:\/\/webvasco.com\/artigos\/colunistas\/luizcarlosrocha\/irado\/attachment\/img_20161012_231745-2\/'><img loading=\"lazy\" decoding=\"async\" width=\"58\" height=\"150\" src=\"https:\/\/webvasco.com\/artigos\/wp-content\/uploads\/2016\/10\/IMG_20161012_231745-1-58x150.jpg\" class=\"attachment-thumbnail size-thumbnail\" alt=\"\" srcset=\"https:\/\/webvasco.com\/artigos\/wp-content\/uploads\/2016\/10\/IMG_20161012_231745-1-58x150.jpg 58w, https:\/\/webvasco.com\/artigos\/wp-content\/uploads\/2016\/10\/IMG_20161012_231745-1-116x300.jpg 116w, https:\/\/webvasco.com\/artigos\/wp-content\/uploads\/2016\/10\/IMG_20161012_231745-1-768x1990.jpg 768w, https:\/\/webvasco.com\/artigos\/wp-content\/uploads\/2016\/10\/IMG_20161012_231745-1-395x1024.jpg 395w, https:\/\/webvasco.com\/artigos\/wp-content\/uploads\/2016\/10\/IMG_20161012_231745-1.jpg 1068w\" sizes=\"auto, (max-width: 58px) 100vw, 58px\" \/><\/a>\n\t\t\t<\/div><\/figure><figure class='gallery-item'>\n\t\t\t<div class='gallery-icon landscape'>\n\t\t\t\t<a href='https:\/\/webvasco.com\/artigos\/colunistas\/luizcarlosrocha\/irado\/attachment\/img_20161012_231829-2\/'><img loading=\"lazy\" decoding=\"async\" width=\"150\" height=\"68\" src=\"https:\/\/webvasco.com\/artigos\/wp-content\/uploads\/2016\/10\/IMG_20161012_231829-1-150x68.jpg\" class=\"attachment-thumbnail size-thumbnail\" alt=\"\" srcset=\"https:\/\/webvasco.com\/artigos\/wp-content\/uploads\/2016\/10\/IMG_20161012_231829-1-150x68.jpg 150w, https:\/\/webvasco.com\/artigos\/wp-content\/uploads\/2016\/10\/IMG_20161012_231829-1-300x136.jpg 300w, https:\/\/webvasco.com\/artigos\/wp-content\/uploads\/2016\/10\/IMG_20161012_231829-1-768x348.jpg 768w, https:\/\/webvasco.com\/artigos\/wp-content\/uploads\/2016\/10\/IMG_20161012_231829-1-1024x464.jpg 1024w\" sizes=\"auto, (max-width: 150px) 100vw, 150px\" \/><\/a>\n\t\t\t<\/div><\/figure><figure class='gallery-item'>\n\t\t\t<div class='gallery-icon portrait'>\n\t\t\t\t<a href='https:\/\/webvasco.com\/artigos\/colunistas\/luizcarlosrocha\/irado\/attachment\/img_20161012_231923-2\/'><img loading=\"lazy\" decoding=\"async\" width=\"129\" height=\"150\" src=\"https:\/\/webvasco.com\/artigos\/wp-content\/uploads\/2016\/10\/IMG_20161012_231923-1-129x150.jpg\" class=\"attachment-thumbnail size-thumbnail\" alt=\"\" srcset=\"https:\/\/webvasco.com\/artigos\/wp-content\/uploads\/2016\/10\/IMG_20161012_231923-1-129x150.jpg 129w, https:\/\/webvasco.com\/artigos\/wp-content\/uploads\/2016\/10\/IMG_20161012_231923-1-258x300.jpg 258w, https:\/\/webvasco.com\/artigos\/wp-content\/uploads\/2016\/10\/IMG_20161012_231923-1-768x894.jpg 768w, https:\/\/webvasco.com\/artigos\/wp-content\/uploads\/2016\/10\/IMG_20161012_231923-1-880x1024.jpg 880w, https:\/\/webvasco.com\/artigos\/wp-content\/uploads\/2016\/10\/IMG_20161012_231923-1.jpg 1595w\" sizes=\"auto, (max-width: 129px) 100vw, 129px\" \/><\/a>\n\t\t\t<\/div><\/figure><figure class='gallery-item'>\n\t\t\t<div class='gallery-icon landscape'>\n\t\t\t\t<a href='https:\/\/webvasco.com\/artigos\/colunistas\/luizcarlosrocha\/irado\/attachment\/img_20161012_232229-2\/'><img loading=\"lazy\" decoding=\"async\" width=\"150\" height=\"108\" src=\"https:\/\/webvasco.com\/artigos\/wp-content\/uploads\/2016\/10\/IMG_20161012_232229-1-150x108.jpg\" class=\"attachment-thumbnail size-thumbnail\" alt=\"\" srcset=\"https:\/\/webvasco.com\/artigos\/wp-content\/uploads\/2016\/10\/IMG_20161012_232229-1-150x108.jpg 150w, https:\/\/webvasco.com\/artigos\/wp-content\/uploads\/2016\/10\/IMG_20161012_232229-1-300x215.jpg 300w, https:\/\/webvasco.com\/artigos\/wp-content\/uploads\/2016\/10\/IMG_20161012_232229-1-768x551.jpg 768w, https:\/\/webvasco.com\/artigos\/wp-content\/uploads\/2016\/10\/IMG_20161012_232229-1-1024x735.jpg 1024w\" sizes=\"auto, (max-width: 150px) 100vw, 150px\" \/><\/a>\n\t\t\t<\/div><\/figure><figure class='gallery-item'>\n\t\t\t<div class='gallery-icon landscape'>\n\t\t\t\t<a href='https:\/\/webvasco.com\/artigos\/colunistas\/luizcarlosrocha\/irado\/attachment\/img_20161012_232246-2\/'><img loading=\"lazy\" decoding=\"async\" width=\"150\" height=\"84\" src=\"https:\/\/webvasco.com\/artigos\/wp-content\/uploads\/2016\/10\/IMG_20161012_232246-1-150x84.jpg\" class=\"attachment-thumbnail size-thumbnail\" alt=\"\" srcset=\"https:\/\/webvasco.com\/artigos\/wp-content\/uploads\/2016\/10\/IMG_20161012_232246-1-150x84.jpg 150w, https:\/\/webvasco.com\/artigos\/wp-content\/uploads\/2016\/10\/IMG_20161012_232246-1-300x169.jpg 300w, https:\/\/webvasco.com\/artigos\/wp-content\/uploads\/2016\/10\/IMG_20161012_232246-1-768x432.jpg 768w, https:\/\/webvasco.com\/artigos\/wp-content\/uploads\/2016\/10\/IMG_20161012_232246-1-1024x576.jpg 1024w, https:\/\/webvasco.com\/artigos\/wp-content\/uploads\/2016\/10\/IMG_20161012_232246-1-777x437.jpg 777w, https:\/\/webvasco.com\/artigos\/wp-content\/uploads\/2016\/10\/IMG_20161012_232246-1-260x146.jpg 260w, https:\/\/webvasco.com\/artigos\/wp-content\/uploads\/2016\/10\/IMG_20161012_232246-1-120x67.jpg 120w\" sizes=\"auto, (max-width: 150px) 100vw, 150px\" \/><\/a>\n\t\t\t<\/div><\/figure><figure class='gallery-item'>\n\t\t\t<div class='gallery-icon landscape'>\n\t\t\t\t<a href='https:\/\/webvasco.com\/artigos\/colunistas\/luizcarlosrocha\/irado\/attachment\/img_20161012_232259-2\/'><img loading=\"lazy\" decoding=\"async\" width=\"150\" height=\"84\" src=\"https:\/\/webvasco.com\/artigos\/wp-content\/uploads\/2016\/10\/IMG_20161012_232259-1-150x84.jpg\" class=\"attachment-thumbnail size-thumbnail\" alt=\"\" srcset=\"https:\/\/webvasco.com\/artigos\/wp-content\/uploads\/2016\/10\/IMG_20161012_232259-1-150x84.jpg 150w, https:\/\/webvasco.com\/artigos\/wp-content\/uploads\/2016\/10\/IMG_20161012_232259-1-300x169.jpg 300w, https:\/\/webvasco.com\/artigos\/wp-content\/uploads\/2016\/10\/IMG_20161012_232259-1-768x432.jpg 768w, https:\/\/webvasco.com\/artigos\/wp-content\/uploads\/2016\/10\/IMG_20161012_232259-1-1024x576.jpg 1024w, https:\/\/webvasco.com\/artigos\/wp-content\/uploads\/2016\/10\/IMG_20161012_232259-1-777x437.jpg 777w, https:\/\/webvasco.com\/artigos\/wp-content\/uploads\/2016\/10\/IMG_20161012_232259-1-260x146.jpg 260w, https:\/\/webvasco.com\/artigos\/wp-content\/uploads\/2016\/10\/IMG_20161012_232259-1-120x67.jpg 120w\" sizes=\"auto, (max-width: 150px) 100vw, 150px\" \/><\/a>\n\t\t\t<\/div><\/figure>\n\t\t<\/div>\n\n<div>\n<div style=\"color:#000; background-color:#fff; font-family:HelveticaNeue-Light, Helvetica Neue Light, Helvetica Neue, Helvetica, Arial, Lucida Grande, sans-serif;font-size:32px\">\n<div style=\"text-align:justify;text-indent:35.4pt;tab-stops:111.0pt\" id=\"yui_3_16_0_1_1475985914575_347494\"><span style=\"font-size:14.0pt;line-height:115%;font-family:&quot;Arial&quot;,sans-serif\" id=\"yui_3_16_0_1_1475985914575_347495\">&nbsp; &nbsp; No dia  12 de outubro n\u00e3o comemoramos somente o dia de Nossa Senhora aparecida. Foi tamb\u00e9m  dia das crian\u00e7as! Em uma atitude nobre da Torcida Organizada do Vasco, Ira  Jovem, os membros Paul, Leonardo e Vera organizaram uma grande festa para a  garotada, em frente ao Est\u00e1dio de S\u00e3o Janu\u00e1rio.<o:p id=\"yui_3_16_0_1_1475985914575_347496\"><\/o:p><\/span><\/div>\n<div style=\"text-align:justify;text-indent:35.4pt;tab-stops:111.0pt\" id=\"yui_3_16_0_1_1475985914575_347497\"><span style=\"font-size:14.0pt;line-height:115%;font-family:&quot;Arial&quot;,sans-serif\" id=\"yui_3_16_0_1_1475985914575_347498\">&nbsp;&nbsp;&nbsp; Cerca de 200 crian\u00e7as compareceram ao local.  Como n\u00e3o poderia faltar tinha bolo, refrigerante e cachorro quente para  degusta\u00e7\u00e3o. Foram doados v\u00e1rios brinquedos para os pequenos. Por\u00e9m, o que mais  agradou ao p\u00fablico mirim foram as presen\u00e7as da Tartaruga Ninja e do Super-Her\u00f3i  Homem Aranha.<o:p id=\"yui_3_16_0_1_1475985914575_347499\"><\/o:p><\/span><\/div>\n<div style=\"text-align:justify;text-indent:35.4pt;tab-stops:111.0pt\" id=\"yui_3_16_0_1_1475985914575_347500\"><span style=\"font-size:14.0pt;line-height:115%;font-family:&quot;Arial&quot;,sans-serif\" id=\"yui_3_16_0_1_1475985914575_347501\">&nbsp;&nbsp;&nbsp; O epis\u00f3dio serviu para mostrar que torcedor  organizado n\u00e3o \u00e9 bandido \u2013 pelo menos os cruzmaltinos. &nbsp;A Ira Jovem, \u00e9 uma fac\u00e7\u00e3o dissidente da For\u00e7a  Jovem, e nasceu em 07 de janeiro de 2006. Entre seus fundadores est\u00e3o Batata,  Pierre, Mula Manca e Beto Vista Alegre. A maioria de seus integrantes s\u00e3o do  bairro do Iraj\u00e1 (Periferia do Rio de Janeiro).<o:p id=\"yui_3_16_0_1_1475985914575_347502\"><\/o:p><\/span><\/div>\n<div style=\"text-align:justify;text-indent:35.4pt;tab-stops:111.0pt\" id=\"yui_3_16_0_1_1475985914575_347503\"><span style=\"font-size:14.0pt;line-height:115%;font-family:&quot;Arial&quot;,sans-serif\" id=\"yui_3_16_0_1_1475985914575_347504\">&nbsp;&nbsp;&nbsp; Mas n\u00e3o \u00e9 pelo bairro carioca que foi  escolhido o nome da torcida. Foi inspirado na Ira Jovem do Gama, do Distrito  Federal, assim explicou Pierre. Ele completou dizendo que o dia das crian\u00e7as  serviu tamb\u00e9m para agregar os populares que por ali passaram com seus filhos,  independente de qual time torce, seguindo a filosofia do fazer o bem sem olhar  a quem.<o:p id=\"yui_3_16_0_1_1475985914575_347505\"><\/o:p><\/span><\/div>\n<div style=\"text-align:justify;text-indent:35.4pt;tab-stops:111.0pt\" id=\"yui_3_16_0_1_1475985914575_347506\"><span style=\"font-size:14.0pt;line-height:115%;font-family:&quot;Arial&quot;,sans-serif\" id=\"yui_3_16_0_1_1475985914575_347507\">&nbsp;&nbsp; Para concluir: o Site Web Vasco agradece o  carinho dispensado ao editor Luiz Carlos Rocha, na qual foi muito bem recebido  por todos os integrantes. Testemunha que o evento foi glorioso (quer dizer  GIGANTE, nada de citar advers\u00e1rios, risos), massa, magn\u00edfico, e porque n\u00e3o  escrever IRAdo?<o:p id=\"yui_3_16_0_1_1475985914575_347508\"><\/o:p><\/span><\/div>\n<div style=\"text-align:justify;text-indent:35.4pt;tab-stops:111.0pt\" id=\"yui_3_16_0_1_1475985914575_347509\"><span style=\"font-size:14.0pt;line-height:115%;font-family:&quot;Arial&quot;,sans-serif\" id=\"yui_3_16_0_1_1475985914575_347510\">&nbsp;&nbsp;&nbsp; <b id=\"yui_3_16_0_1_1475985914575_347511\"><u id=\"yui_3_16_0_1_1475985914575_347512\">DEDICAT\u00d3RIA<\/u><\/b>:  Esta cr\u00f4nica especial sobre o dia das crian\u00e7as \u00e9 dedicada \u00e0 minha filha linda e  muito amada, \u00darsulla Rocha, que completou 5 aninhos dia 10 de outubro, e tamb\u00e9m  comemorou ontem, o dia das crian\u00e7as. Vasca\u00edna desde o ventre da m\u00e3e a pequena  \u00darsulla vibra com as vit\u00f3rias do Vasc\u00e3o! Parab\u00e9ns meu amor, te amo \u00darsulinda!<o:p id=\"yui_3_16_0_1_1475985914575_347513\"><\/o:p><\/span><\/div>\n<div style=\"text-align:justify;text-indent:35.4pt;tab-stops:111.0pt\" id=\"yui_3_16_0_1_1475985914575_347514\"><span style=\"font-size:14.0pt;line-height:115%;font-family:&quot;Arial&quot;,sans-serif\" id=\"yui_3_16_0_1_1475985914575_347515\"><o:p id=\"yui_3_16_0_1_1475985914575_347516\">&nbsp;<\/o:p><\/span><\/div>\n<div style=\"text-align:justify;text-indent:35.4pt;tab-stops:111.0pt\" id=\"yui_3_16_0_1_1475985914575_347517\"><span style=\"font-size:14.0pt;line-height:115%;font-family:&quot;Arial&quot;,sans-serif\" id=\"yui_3_16_0_1_1475985914575_347518\"><o:p id=\"yui_3_16_0_1_1475985914575_347519\">&nbsp;<\/o:p><\/span><\/div>\n<div style=\"text-align:justify;text-indent:35.4pt;tab-stops:111.0pt\" id=\"yui_3_16_0_1_1475985914575_347520\"><span style=\"font-size:14.0pt;line-height:115%;font-family:&quot;Arial&quot;,sans-serif\" id=\"yui_3_16_0_1_1475985914575_347521\"><o:p id=\"yui_3_16_0_1_1475985914575_347522\">&nbsp;<\/o:p><\/span><\/div>\n<div style=\"text-align:justify;text-indent:35.4pt;tab-stops:111.0pt\" id=\"yui_3_16_0_1_1475985914575_347523\"><span style=\"font-size:14.0pt;line-height:115%;font-family:&quot;Arial&quot;,sans-serif\" id=\"yui_3_16_0_1_1475985914575_347524\"><o:p id=\"yui_3_16_0_1_1475985914575_347525\">&nbsp;<\/o:p><\/span><\/div>\n<div style=\"text-align:justify;text-indent:35.4pt;tab-stops:111.0pt\" id=\"yui_3_16_0_1_1475985914575_347526\"><b id=\"yui_3_16_0_1_1475985914575_347527\"><u id=\"yui_3_16_0_1_1475985914575_347528\"><span style=\"font-size:20.0pt;line-height:115%;font-family:&quot;Arial&quot;,sans-serif\" id=\"yui_3_16_0_1_1475985914575_347529\">DIVULGUEM ESSA COVARDIA:<\/span><\/u><\/b><span style=\"font-size:16.0pt;line-height:115%;font-family:&quot;Arial&quot;,sans-serif\" id=\"yui_3_16_0_1_1475985914575_347530\"> GOSTARIA  DE PEDIR A TODOS OS MEUS AMIGOS E LEITORES QUE TIRASSE UM TEMPINHO PARA LER A  PETI\u00c7\u00c3O P\u00daBLICA, AO QUAL SEGUE ABAIXO O LINK. TAL DOCUMENTO REFERE-SE A <b id=\"yui_3_16_0_1_1475985914575_347531\"><u id=\"yui_3_16_0_1_1475985914575_347532\">UM ATO DE COVARDIA POR PARTE DA  VOLKSWAGEN DO BRASIL EM COAUTORIA DA ABOLI\u00c7\u00c3O VE\u00cdCULOS (GRUPO AB)<\/u><\/b>  CONTRA ESTE VELHO JORNALISTA. A REFERIDA CONCESSION\u00c1RIA EST\u00c1 ME LESANDO DESDE FEVEREIRO  DE 2013. MEU CARRO FOI BATIDO DENTRO DA OFICINA, FURTARAM ACESS\u00d3RIOS, TEM  PROBLEMAS CAUSADOS POR ELES, AL\u00c9M DE DEFEITOS DE FABRICA\u00c7\u00c3O. O CARRO 0 KM  COMPRADO POR MIM HOJE SE ENCONTRA NA OFICINA DA ABOLI\u00c7\u00c3O VE\u00cdCULOS (CENTRO DE  NITER\u00d3I) <b id=\"yui_3_16_0_1_1475985914575_347533\"><u id=\"yui_3_16_0_1_1475985914575_347534\">DESDE 10 DE JUNHO DE 2013<\/u><\/b>,  OU MELHOR, H\u00c1 40<b id=\"yui_3_16_0_1_1475985914575_347535\"><u id=\"yui_3_16_0_1_1475985914575_347536\"> MESES, OU SEJA, 3  ANOS E QUATRO MESES.<\/u><\/b> <b id=\"yui_3_16_0_1_1475985914575_347537\"><u id=\"yui_3_16_0_1_1475985914575_347538\">TEM  APENAS 729 KM RODADOS<\/u><\/b> PARA COMPROVAR O CALV\u00c1RIO TENHO DOCUMENTOS,  GRAVA\u00c7\u00d5ES DE AUDIO E V\u00cdDEO, MAIS DE 600 FOTOGRAFIAS E E-MAILS TROCADOS COM  FUNCION\u00c1RIOS DO BAIXO, M\u00c9DIO E ALTO ESCAL\u00c3O DA EMPRESA. POR FAVOR, ASSINEM O  DOCUMENTO PARA QUE OUTROS CONSUMIDORES N\u00c3O SEJAM LESADOS POR EMPRESAS DESTE  N\u00cdVEL.&nbsp; <\/span><a href=\"https:\/\/secure.avaaz.org\/po\/petition\/Aos_Orgaos_de_Defesa_do_Consumidor_e_ao_Poder_Judiciario_JUSTICA_CONTRA_UMA_MARCA_E_SUA_REVENDERORA_QUE_DESCUMPREM_A_LEI\/?lJEcNfb&amp;pv=0\" id=\"yui_3_16_0_1_1475985914575_347539\"><span style=\"font-size:16.0pt;line-height:115%;font-family:&quot;Arial&quot;,sans-serif\" id=\"yui_3_16_0_1_1475985914575_347540\">https:\/\/secure.avaaz.org\/po\/petition\/Aos_Orgaos_de_Defesa_do_Consumidor_e_ao_Poder_Judiciario_JUSTICA_CONTRA_UMA_MARCA_E_SUA_REVENDERORA_QUE_DESCUMPREM_A_LEI\/?lJEcNfb&amp;pv=0<\/span><\/a><span style=\"font-size:16.0pt;line-height:115%;font-family:&quot;Arial&quot;,sans-serif\" id=\"yui_3_16_0_1_1475985914575_347541\"><o:p id=\"yui_3_16_0_1_1475985914575_347542\"><\/o:p><\/span><\/div>\n<div style=\"text-align:justify;tab-stops:69.75pt\" id=\"yui_3_16_0_1_1475985914575_347543\"><span style=\"font-size:16.0pt;line-height:115%;font-family:&quot;Arial&quot;,sans-serif\" id=\"yui_3_16_0_1_1475985914575_347544\">&nbsp;&nbsp;&nbsp;&nbsp;&nbsp;&nbsp;&nbsp;&nbsp;&nbsp;&nbsp;&nbsp;&nbsp;&nbsp;&nbsp;&nbsp; <o:p id=\"yui_3_16_0_1_1475985914575_347545\"><\/o:p><\/span><\/div>\n<div style=\"text-align:justify;tab-stops:111.0pt\" id=\"yui_3_16_0_1_1475985914575_347546\"><b id=\"yui_3_16_0_1_1475985914575_347547\"><span style=\"font-size:16.0pt;line-height:115%;font-family:&quot;Arial&quot;,sans-serif\" id=\"yui_3_16_0_1_1475985914575_347548\">&nbsp;&nbsp;&nbsp;&nbsp;&nbsp;&nbsp;&nbsp;&nbsp;&nbsp;&nbsp;&nbsp;&nbsp;&nbsp;&nbsp;&nbsp;&nbsp;&nbsp;&nbsp;&nbsp;&nbsp;&nbsp;&nbsp;&nbsp;&nbsp; &nbsp;&nbsp;&nbsp;&nbsp;&nbsp;&nbsp; <o:p id=\"yui_3_16_0_1_1475985914575_347549\"><\/o:p><\/span><\/b><\/div>\n<div style=\"text-align:justify\" id=\"yui_3_16_0_1_1475985914575_347550\"><b id=\"yui_3_16_0_1_1475985914575_347551\"><span style=\"font-size:14.0pt;line-height:115%;font-family:&quot;Arial&quot;,sans-serif\" id=\"yui_3_16_0_1_1475985914575_347552\">AP\u00d3S  AS TODAS AS PARTIDAS DO VASC\u00c3O EM MEU PERFIL DO FACEBOOK (QUEM QUISER RECEBER  AS CR\u00d4NICAS DE PRIMEIRA M\u00c3O \u00c9 S\u00d3 ME ADICIONAR), E NOS SITES WEBVASCO  (<a href=\"http:\/\/www.webvasco.com\">www.webvasco.com<\/a>), E VASCA\u00cdNOS UNIDOS (<a href=\"http:\/\/www.vascainosunidos.com.br\">www.vascainosunidos.com.br<\/a>) TEM A  OPINI\u00c3O DO JORNALISTA LUIZ CARLOS ROCHA. LEIAM! COMPARTILHEM E CURTAM!  VASCA\u00cdNOS UNIDOS JAMAIS SER\u00c3O VENCIDOS.<o:p id=\"yui_3_16_0_1_1475985914575_347553\"><\/o:p><\/span><\/b><\/div>\n<div id=\"yui_3_16_0_1_1475985914575_347296\">                                                        <\/div>\n<div style=\"text-align:justify\" dir=\"ltr\" id=\"yui_3_16_0_1_1475985914575_347554\"><b id=\"yui_3_16_0_1_1475985914575_347555\"><span style=\"font-size:14.0pt;line-height:115%;font-family:&quot;Arial&quot;,sans-serif\" id=\"yui_3_16_0_1_1475985914575_347556\">&nbsp;<\/span><\/b><\/div>\n<div id=\"yui_3_16_0_1_1475985914575_347331\"><span><br \/><\/span><\/div>\n<div id=\"yui_3_16_0_1_1475985914575_347327\"><span><br \/><\/span><\/div>\n<div id=\"yui_3_16_0_1_1475985914575_347297\"><span><br \/><\/span><\/div>\n<div><\/div>\n<div id=\"yui_3_16_0_1_1475985914575_347225\">&nbsp;<\/div>\n<div class=\"signature\" id=\"yui_3_16_0_1_1475985914575_347230\">\n<div id=\"RTEContent\">\n<div id=\"yui_3_16_0_1_1475985914575_347229\">\n<div id=\"yui_3_16_0_1_1475985914575_347228\">\n<div id=\"yui_3_16_0_1_1475985914575_347227\">\n<div align=\"center\" id=\"yui_3_16_0_1_1475985914575_347226\"><\/div>\n<\/div>\n<\/div>\n<\/div>\n<\/div>\n<\/div>\n<\/div>\n<\/div>\n<p><\/p>\n","protected":false},"excerpt":{"rendered":"<p>&nbsp; &nbsp; No dia 12 de outubro n\u00e3o comemoramos somente o dia de Nossa Senhora&#8230;<\/p>\n","protected":false},"author":7,"featured_media":7900,"comment_status":"open","ping_status":"closed","sticky":false,"template":"","format":"standard","meta":{"footnotes":""},"categories":[4],"tags":[],"class_list":["post-7899","post","type-post","status-publish","format-standard","has-post-thumbnail","hentry","category-luizcarlosrocha"],"_links":{"self":[{"href":"https:\/\/webvasco.com\/artigos\/wp-json\/wp\/v2\/posts\/7899","targetHints":{"allow":["GET"]}}],"collection":[{"href":"https:\/\/webvasco.com\/artigos\/wp-json\/wp\/v2\/posts"}],"about":[{"href":"https:\/\/webvasco.com\/artigos\/wp-json\/wp\/v2\/types\/post"}],"author":[{"embeddable":true,"href":"https:\/\/webvasco.com\/artigos\/wp-json\/wp\/v2\/users\/7"}],"replies":[{"embeddable":true,"href":"https:\/\/webvasco.com\/artigos\/wp-json\/wp\/v2\/comments?post=7899"}],"version-history":[{"count":2,"href":"https:\/\/webvasco.com\/artigos\/wp-json\/wp\/v2\/posts\/7899\/revisions"}],"predecessor-version":[{"id":7926,"href":"https:\/\/webvasco.com\/artigos\/wp-json\/wp\/v2\/posts\/7899\/revisions\/7926"}],"wp:featuredmedia":[{"embeddable":true,"href":"https:\/\/webvasco.com\/artigos\/wp-json\/wp\/v2\/media\/7900"}],"wp:attachment":[{"href":"https:\/\/webvasco.com\/artigos\/wp-json\/wp\/v2\/media?parent=7899"}],"wp:term":[{"taxonomy":"category","embeddable":true,"href":"https:\/\/webvasco.com\/artigos\/wp-json\/wp\/v2\/categories?post=7899"},{"taxonomy":"post_tag","embeddable":true,"href":"https:\/\/webvasco.com\/artigos\/wp-json\/wp\/v2\/tags?post=7899"}],"curies":[{"name":"wp","href":"https:\/\/api.w.org\/{rel}","templated":true}]}}