{"id":7919,"date":"2016-10-15T08:23:01","date_gmt":"2016-10-15T11:23:01","guid":{"rendered":"http:\/\/webvasco.com\/artigos\/?p=7919"},"modified":"2016-11-18T09:33:07","modified_gmt":"2016-11-18T12:33:07","slug":"elas-o-professor","status":"publish","type":"post","link":"https:\/\/webvasco.com\/artigos\/temas\/elas-e-o-professor\/elas-o-professor\/","title":{"rendered":"ELAS &#038; O PROFESSOR &#8211; JAMILA SANDORA"},"content":{"rendered":"<div>\n<p>POR LUIZ CARLOS ROCHA.<\/p>\n<div id=\"m_-144395887790062784yui_3_16_0_ym19_1_1476462259116_81102\"><span id=\"m_-144395887790062784yui_3_16_0_ym19_1_1476462259116_81109\"><u><\/u>\u00a0<u><\/u><\/span><\/div>\n<\/div>\n<div id=\"m_-144395887790062784yui_3_16_0_ym19_1_1476462259116_81093\">\n<p>H\u00e1 tempos o <b id=\"m_-144395887790062784yui_3_16_0_ym19_1_1476462259116_81095\"><u id=\"m_-144395887790062784yui_3_16_0_ym19_1_1476462259116_81096\">WebVasco<\/u><\/b> pensava em fazer uma coluna exclusiva em homenagem as mulheres. Nada melhor do que em pleno m\u00eas de outubro, no qual \u00e9 realizado fortemente a campanha de preven\u00e7\u00e3o ao c\u00e2ncer de mama, chamado de Outubro Rosa, aliado ao fato desta coluna ser lan\u00e7ada exatamente no dia 15, em que \u00e9 comemorado o Dia do Professor, dizer ao \u201csexo fr\u00e1gil\u201d que mensalmente estaremos por aqui entrevistando ilustres vasca\u00ednas.<\/p>\n<div id=\"m_-144395887790062784yui_3_16_0_ym19_1_1476462259116_81102\"><span id=\"m_-144395887790062784yui_3_16_0_ym19_1_1476462259116_81109\"><u><\/u>\u00a0<u><\/u><\/span><\/div>\n<\/div>\n<div id=\"m_-144395887790062784yui_3_16_0_ym19_1_1476462259116_81098\"><span id=\"m_-144395887790062784yui_3_16_0_ym19_1_1476462259116_81099\">Dentre as grandes vasca\u00ednas (neste caso pequena-grande), est\u00e1 a minha filha linda e amada <b id=\"m_-144395887790062784yui_3_16_0_ym19_1_1476462259116_81100\">\u00darsulla Rocha<\/b>, que completou 5 anos no d\u00e9cimo dia deste m\u00eas, me fazendo acreditar cada vez mais que outubro \u00e9 10! A entrevista vestibular abaixo \u00e9 dedicada a ela, que me faz ser um pai mais dedicado a cada dia.<u><\/u><u><\/u><\/span><\/div>\n<div id=\"m_-144395887790062784yui_3_16_0_ym19_1_1476462259116_81102\"><span id=\"m_-144395887790062784yui_3_16_0_ym19_1_1476462259116_81109\"><u><\/u>\u00a0<u><\/u><\/span><\/div>\n<div id=\"m_-144395887790062784yui_3_16_0_ym19_1_1476462259116_81111\">\n<p><b id=\"m_-144395887790062784yui_3_16_0_ym19_1_1476462259116_81112\"><span id=\"m_-144395887790062784yui_3_16_0_ym19_1_1476462259116_81113\">JAMILA SANDORA, <\/span><\/b>34 anos<b id=\"m_-144395887790062784yui_3_16_0_ym19_1_1476462259116_81115\">, <\/b>canceriana,<b id=\"m_-144395887790062784yui_3_16_0_ym19_1_1476462259116_81116\"> <\/b>modelo, musa do Vasco da Gama, natural de Mendes, Sul Fluminense, moradora de Engenheiro Paulo de Frontin e habitante (segundo ela) de Niter\u00f3i. Possui duas tatuagens do Vasco, que revelou ser duas das paix\u00f5es dela. A primeira \u00e9 a Cruz de Malta. A segunda \u00e9 a frase: A vida me fez Vasco, e eu fiz do Vasco minha vida!<\/p>\n<div id=\"m_-144395887790062784yui_3_16_0_ym19_1_1476462259116_81102\"><span id=\"m_-144395887790062784yui_3_16_0_ym19_1_1476462259116_81109\"><u><\/u>\u00a0<u><\/u><\/span><\/div>\n<\/div>\n<div id=\"m_-144395887790062784yui_3_16_0_ym19_1_1476462259116_81118\"><span id=\"m_-144395887790062784yui_3_16_0_ym19_1_1476462259116_81119\"><u><\/u><\/span><b id=\"m_-144395887790062784yui_3_16_0_ym19_1_1476462259116_81128\"><span id=\"m_-144395887790062784yui_3_16_0_ym19_1_1476462259116_81129\">A partir de qual momento na sua vida voc\u00ea virou vasca\u00edna?<u><\/u><u><\/u><\/span><\/b><\/div>\n<div id=\"m_-144395887790062784yui_3_16_0_ym19_1_1476462259116_81131\"><span id=\"m_-144395887790062784yui_3_16_0_ym19_1_1476462259116_81132\">Meu pai \u00e9 tricolor roxo, mas quando chegou na fase da adolesc\u00eancia, que geralmente come\u00e7amos a entender mais e ter personalidade resolvi escolher o que era melhor para mim. N\u00e3o tive d\u00favidas, escolhi o Vasco! At\u00e9, porque, o Fluminense s\u00f3 perdia e o Vasco estava em uma fase muito boa. Meu vizinho tamb\u00e9m me influenciou.<u><\/u><u><\/u><\/span><\/div>\n<div id=\"m_-144395887790062784yui_3_16_0_ym19_1_1476462259116_81134\"><b id=\"m_-144395887790062784yui_3_16_0_ym19_1_1476462259116_81135\"><span id=\"m_-144395887790062784yui_3_16_0_ym19_1_1476462259116_81136\"><u><\/u>\u00a0<u><\/u><\/span><\/b><\/div>\n<div id=\"m_-144395887790062784yui_3_16_0_ym19_1_1476462259116_81138\"><b id=\"m_-144395887790062784yui_3_16_0_ym19_1_1476462259116_81139\"><span id=\"m_-144395887790062784yui_3_16_0_ym19_1_1476462259116_81140\">Na sua opini\u00e3o qual o maior \u00eddolo do clube?<u><\/u><u><\/u><\/span><\/b><\/div>\n<div id=\"m_-144395887790062784yui_3_16_0_ym19_1_1476462259116_81142\"><span id=\"m_-144395887790062784yui_3_16_0_ym19_1_1476462259116_81143\">No momento \u00e9 o Nen\u00ea. Mas h\u00e1 outros que fizeram hist\u00f3ria no clube.<u><\/u><u><\/u><\/span><\/div>\n<div id=\"m_-144395887790062784yui_3_16_0_ym19_1_1476462259116_81145\"><b id=\"m_-144395887790062784yui_3_16_0_ym19_1_1476462259116_81146\"><span id=\"m_-144395887790062784yui_3_16_0_ym19_1_1476462259116_81147\"><u><\/u>\u00a0<u><\/u><\/span><\/b><\/div>\n<div id=\"m_-144395887790062784yui_3_16_0_ym19_1_1476462259116_81149\"><b id=\"m_-144395887790062784yui_3_16_0_ym19_1_1476462259116_81150\"><span id=\"m_-144395887790062784yui_3_16_0_ym19_1_1476462259116_81151\">Voc\u00ea acompanha a pol\u00edtica do clube?<u><\/u><u><\/u><\/span><\/b><\/div>\n<div id=\"m_-144395887790062784yui_3_16_0_ym19_1_1476462259116_81153\"><span id=\"m_-144395887790062784yui_3_16_0_ym19_1_1476462259116_81154\">N\u00e3o.<u><\/u><u><\/u><\/span><\/div>\n<div id=\"m_-144395887790062784yui_3_16_0_ym19_1_1476462259116_81156\"><span id=\"m_-144395887790062784yui_3_16_0_ym19_1_1476462259116_81157\"><u><\/u>\u00a0<u><\/u><\/span><\/div>\n<div id=\"m_-144395887790062784yui_3_16_0_ym19_1_1476462259116_81159\"><b id=\"m_-144395887790062784yui_3_16_0_ym19_1_1476462259116_81160\"><span id=\"m_-144395887790062784yui_3_16_0_ym19_1_1476462259116_81161\">\u00c9 ligada a alguma torcida organizada?<u><\/u><u><\/u><\/span><\/b><\/div>\n<div id=\"m_-144395887790062784yui_3_16_0_ym19_1_1476462259116_81163\"><span id=\"m_-144395887790062784yui_3_16_0_ym19_1_1476462259116_81164\">Comecei como Rainha da Mancha Negra, depois recebi convites de tr\u00eas outras torcidas. Ser da torcida vasca\u00edna e Musa deste clube \u00e9 uma honra e sonho realizado.<u><\/u><u><\/u><\/span><\/div>\n<div id=\"m_-144395887790062784yui_3_16_0_ym19_1_1476462259116_81166\"><span id=\"m_-144395887790062784yui_3_16_0_ym19_1_1476462259116_81167\"><u><\/u>\u00a0<u><\/u><\/span><\/div>\n<div id=\"m_-144395887790062784yui_3_16_0_ym19_1_1476462259116_81169\"><b id=\"m_-144395887790062784yui_3_16_0_ym19_1_1476462259116_81170\"><span id=\"m_-144395887790062784yui_3_16_0_ym19_1_1476462259116_81171\">O que voc\u00ea acha da gest\u00e3o do atual presidente Eurico Miranda?<u><\/u><u><\/u><\/span><\/b><\/div>\n<div id=\"m_-144395887790062784yui_3_16_0_ym19_1_1476462259116_81173\"><span id=\"m_-144395887790062784yui_3_16_0_ym19_1_1476462259116_81174\">Eurico (Miranda) tem tentado reverter o quadro, mas as condi\u00e7\u00f5es est\u00e3o cr\u00edticas. Ele tem experi\u00eancia, por isso tenho a esperan\u00e7a que a coisa vai melhorar. Com o Dinamite (Roberto) j\u00e1 tinha perdido.<u><\/u><u><\/u><\/span><\/div>\n<div id=\"m_-144395887790062784yui_3_16_0_ym19_1_1476462259116_81176\"><span id=\"m_-144395887790062784yui_3_16_0_ym19_1_1476462259116_81177\"><u><\/u>\u00a0<u><\/u><\/span><\/div>\n<div id=\"m_-144395887790062784yui_3_16_0_ym19_1_1476462259116_81179\"><b id=\"m_-144395887790062784yui_3_16_0_ym19_1_1476462259116_81180\"><span id=\"m_-144395887790062784yui_3_16_0_ym19_1_1476462259116_81181\">Quais produtos do Vasco da Gama voc\u00ea tem?<\/span><\/b><span id=\"m_-144395887790062784yui_3_16_0_ym19_1_1476462259116_81182\"><u><\/u><u><\/u><\/span><\/div>\n<div id=\"m_-144395887790062784yui_3_16_0_ym19_1_1476462259116_81184\"><span id=\"m_-144395887790062784yui_3_16_0_ym19_1_1476462259116_81185\">Tenho bandeira, camisa, short, lingerie, biqu\u00edni, caneca, prato, colher, a maquete de S\u00e3o Janu\u00e1rio&#8230; V\u00e1rias coisas l\u00e1 em casa. Agora procuro uma colcha de casal. Sempre que vejo algo do Vasco tem algo que me puxa para comprar.<u><\/u><u><\/u><\/span><\/div>\n<div id=\"m_-144395887790062784yui_3_16_0_ym19_1_1476462259116_81187\"><span id=\"m_-144395887790062784yui_3_16_0_ym19_1_1476462259116_81188\"><u><\/u>\u00a0<u><\/u><\/span><\/div>\n<div id=\"m_-144395887790062784yui_3_16_0_ym19_1_1476462259116_81190\"><b id=\"m_-144395887790062784yui_3_16_0_ym19_1_1476462259116_81191\"><span id=\"m_-144395887790062784yui_3_16_0_ym19_1_1476462259116_81192\">Voc\u00ea prefere que o Vasco atue com a camisa preta, branca ou comemorativas?<u><\/u><u><\/u><\/span><\/b><\/div>\n<div id=\"m_-144395887790062784yui_3_16_0_ym19_1_1476462259116_81194\"><span id=\"m_-144395887790062784yui_3_16_0_ym19_1_1476462259116_81195\">Gosto de ver a Cruz de Malta no peito, pode ser qualquer camisa. Todas s\u00e3o lindas.<u><\/u><u><\/u><\/span><\/div>\n<div id=\"m_-144395887790062784yui_3_16_0_ym19_1_1476462259116_81197\"><span id=\"m_-144395887790062784yui_3_16_0_ym19_1_1476462259116_81198\"><u><\/u>\u00a0<u><\/u><\/span><\/div>\n<div id=\"m_-144395887790062784yui_3_16_0_ym19_1_1476462259116_81200\"><b id=\"m_-144395887790062784yui_3_16_0_ym19_1_1476462259116_81201\"><span id=\"m_-144395887790062784yui_3_16_0_ym19_1_1476462259116_81202\">Qual o setor do time \u00e9 mais importante, defesa, meio de campo ou ataque?<u><\/u><u><\/u><\/span><\/b><\/div>\n<div id=\"m_-144395887790062784yui_3_16_0_ym19_1_1476462259116_81204\"><span id=\"m_-144395887790062784yui_3_16_0_ym19_1_1476462259116_81205\">A defesa.<u><\/u><u><\/u><\/span><\/div>\n<div id=\"m_-144395887790062784yui_3_16_0_ym19_1_1476462259116_81207\"><span id=\"m_-144395887790062784yui_3_16_0_ym19_1_1476462259116_81208\"><u><\/u>\u00a0<u><\/u><\/span><\/div>\n<div id=\"m_-144395887790062784yui_3_16_0_ym19_1_1476462259116_81210\"><b id=\"m_-144395887790062784yui_3_16_0_ym19_1_1476462259116_81211\"><span id=\"m_-144395887790062784yui_3_16_0_ym19_1_1476462259116_81212\">Voc\u00ea conhece algum projeto social do Vasco?<u><\/u><u><\/u><\/span><\/b><\/div>\n<div id=\"m_-144395887790062784yui_3_16_0_ym19_1_1476462259116_81214\"><span id=\"m_-144395887790062784yui_3_16_0_ym19_1_1476462259116_81215\">Conhe\u00e7o o Vasca\u00edno Sangue Bom, o do Enquanto Houver um Cora\u00e7\u00e3o Infantil, e os projetos das torcidas organizadas arrecadando alimentos para as crian\u00e7as carentes. Ali\u00e1s, se algu\u00e9m precisar de mim, estou disposta a colaborar. Ajudar ao pr\u00f3ximo me faz bem.<u><\/u><u><\/u><\/span><\/div>\n<div id=\"m_-144395887790062784yui_3_16_0_ym19_1_1476462259116_81217\"><span id=\"m_-144395887790062784yui_3_16_0_ym19_1_1476462259116_81218\"><u><\/u>\u00a0<u><\/u><\/span><\/div>\n<div id=\"m_-144395887790062784yui_3_16_0_ym19_1_1476462259116_81220\"><b id=\"m_-144395887790062784yui_3_16_0_ym19_1_1476462259116_81221\"><span id=\"m_-144395887790062784yui_3_16_0_ym19_1_1476462259116_81222\">Como voc\u00ea se mant\u00e9m informada com not\u00edcias vasca\u00ednas?<u><\/u><u><\/u><\/span><\/b><\/div>\n<div id=\"m_-144395887790062784yui_3_16_0_ym19_1_1476462259116_81224\"><span id=\"m_-144395887790062784yui_3_16_0_ym19_1_1476462259116_81225\">Esse ano n\u00e3o estou conseguindo acompanhar nada, estou sem tempo at\u00e9 para a fam\u00edlia e vida social. Mas quando tenho uma chance me informo pela internet.<u><\/u><u><\/u><\/span><\/div>\n<div id=\"m_-144395887790062784yui_3_16_0_ym19_1_1476462259116_81227\"><span id=\"m_-144395887790062784yui_3_16_0_ym19_1_1476462259116_81228\"><u><\/u>\u00a0<u><\/u><\/span><\/div>\n<div id=\"m_-144395887790062784yui_3_16_0_ym19_1_1476462259116_81230\"><b id=\"m_-144395887790062784yui_3_16_0_ym19_1_1476462259116_81231\"><span id=\"m_-144395887790062784yui_3_16_0_ym19_1_1476462259116_81232\">Qual partida de futebol foi inesquec\u00edvel para voc\u00ea?<u><\/u><u><\/u><\/span><\/b><\/div>\n<div id=\"m_-144395887790062784yui_3_16_0_ym19_1_1476462259116_81234\"><span id=\"m_-144395887790062784yui_3_16_0_ym19_1_1476462259116_81235\">A de 1998, aquela que marcou o gol do Juninho.<u><\/u><u><\/u><\/span><\/div>\n<div id=\"m_-144395887790062784yui_3_16_0_ym19_1_1476462259116_81237\"><span id=\"m_-144395887790062784yui_3_16_0_ym19_1_1476462259116_81238\"><u><\/u>\u00a0<u><\/u><\/span><\/div>\n<div id=\"m_-144395887790062784yui_3_16_0_ym19_1_1476462259116_81240\"><b id=\"m_-144395887790062784yui_3_16_0_ym19_1_1476462259116_81241\"><span id=\"m_-144395887790062784yui_3_16_0_ym19_1_1476462259116_81242\">Como voc\u00ea v\u00ea a rivalidade entre Vasco e Flamengo?<u><\/u><u><\/u><\/span><\/b><\/div>\n<div id=\"m_-144395887790062784yui_3_16_0_ym19_1_1476462259116_81244\"><span id=\"m_-144395887790062784yui_3_16_0_ym19_1_1476462259116_81245\">Quando \u00e9 sadia \u00e9 muito legal.<u><\/u><u><\/u><\/span><\/div>\n<div id=\"m_-144395887790062784yui_3_16_0_ym19_1_1476462259116_81247\"><span id=\"m_-144395887790062784yui_3_16_0_ym19_1_1476462259116_81248\"><u><\/u>\u00a0<u><\/u><\/span><\/div>\n<div id=\"m_-144395887790062784yui_3_16_0_ym19_1_1476462259116_81250\"><b id=\"m_-144395887790062784yui_3_16_0_ym19_1_1476462259116_81251\"><span id=\"m_-144395887790062784yui_3_16_0_ym19_1_1476462259116_81252\">Avalie os tr\u00eas rebaixamentos do Vasco<u><\/u><u><\/u><\/span><\/b><\/div>\n<div id=\"m_-144395887790062784yui_3_16_0_ym19_1_1476462259116_81254\"><span id=\"m_-144395887790062784yui_3_16_0_ym19_1_1476462259116_81255\">Tenho at\u00e9 tristeza para isso. A primeira queda foi at\u00e9 certo ponto aceit\u00e1vel. As outras duas s\u00e3o dif\u00edceis de engolir at\u00e9 hoje. A falta de respeito com o clube foi n\u00edtida. Vergonhoso. N\u00e3o merec\u00edamos ter ca\u00eddo tanto.<u><\/u><u><\/u><\/span><\/div>\n<div id=\"m_-144395887790062784yui_3_16_0_ym19_1_1476462259116_81257\"><span id=\"m_-144395887790062784yui_3_16_0_ym19_1_1476462259116_81258\"><u><\/u>\u00a0<u><\/u><\/span><\/div>\n<div id=\"m_-144395887790062784yui_3_16_0_ym19_1_1476462259116_81260\"><b id=\"m_-144395887790062784yui_3_16_0_ym19_1_1476462259116_81261\"><span id=\"m_-144395887790062784yui_3_16_0_ym19_1_1476462259116_81262\">Atualmente quem seria o presidente ideal para o clube?<u><\/u><u><\/u><\/span><\/b><\/div>\n<div id=\"m_-144395887790062784yui_3_16_0_ym19_1_1476462259116_81264\"><span id=\"m_-144395887790062784yui_3_16_0_ym19_1_1476462259116_81265\">O presidente ideal ser\u00e1 aquele que colocar o Vasco no lugar de origem, ou seja, no topo.<u><\/u><u><\/u><\/span><\/div>\n<div id=\"m_-144395887790062784yui_3_16_0_ym19_1_1476462259116_81267\"><span id=\"m_-144395887790062784yui_3_16_0_ym19_1_1476462259116_81268\"><u><\/u>\u00a0<u><\/u><\/span><\/div>\n<div id=\"m_-144395887790062784yui_3_16_0_ym19_1_1476462259116_81270\"><b id=\"m_-144395887790062784yui_3_16_0_ym19_1_1476462259116_81271\"><span id=\"m_-144395887790062784yui_3_16_0_ym19_1_1476462259116_81272\">Jorginho \u00e9 um bom treinador?<u><\/u><u><\/u><\/span><\/b><\/div>\n<div id=\"m_-144395887790062784yui_3_16_0_ym19_1_1476462259116_81274\"><span id=\"m_-144395887790062784yui_3_16_0_ym19_1_1476462259116_81275\">Ele \u00e9 muito esfor\u00e7ado, mas tem de trabalhar com as pe\u00e7as que t\u00eam em m\u00e3os.<u><\/u><u><\/u><\/span><\/div>\n<div id=\"m_-144395887790062784yui_3_16_0_ym19_1_1476462259116_81277\"><span id=\"m_-144395887790062784yui_3_16_0_ym19_1_1476462259116_81278\"><u><\/u>\u00a0<u><\/u><\/span><\/div>\n<div id=\"m_-144395887790062784yui_3_16_0_ym19_1_1476462259116_81280\"><b id=\"m_-144395887790062784yui_3_16_0_ym19_1_1476462259116_81281\"><span id=\"m_-144395887790062784yui_3_16_0_ym19_1_1476462259116_81282\">Qual o melhor e o pior jogador do Vasco no atual plantel?<u><\/u><u><\/u><\/span><\/b><\/div>\n<div id=\"m_-144395887790062784yui_3_16_0_ym19_1_1476462259116_81284\"><span id=\"m_-144395887790062784yui_3_16_0_ym19_1_1476462259116_81285\">N\u00e3o d\u00e1 para citar um jogador espec\u00edfico, \u00e9 uma equipe. Se n\u00e3o houver entrosamento o time n\u00e3o rende e se por acaso algum jogador estiver atrapalhando, que comecem a trabalhar a cabe\u00e7a deste, para que no final da competi\u00e7\u00e3o n\u00e3o venha a comprometer.<u><\/u><u><\/u><\/span><\/div>\n<div id=\"m_-144395887790062784yui_3_16_0_ym19_1_1476462259116_81287\"><span id=\"m_-144395887790062784yui_3_16_0_ym19_1_1476462259116_81288\"><u><\/u>\u00a0<u><\/u><\/span><\/div>\n<div id=\"m_-144395887790062784yui_3_16_0_ym19_1_1476462259116_81290\"><b id=\"m_-144395887790062784yui_3_16_0_ym19_1_1476462259116_81291\"><span id=\"m_-144395887790062784yui_3_16_0_ym19_1_1476462259116_81292\">O pre\u00e7o dos ingressos em competi\u00e7\u00f5es oficiais \u00e9 satisfat\u00f3rio?<u><\/u><u><\/u><\/span><\/b><\/div>\n<div id=\"m_-144395887790062784yui_3_16_0_ym19_1_1476462259116_81294\"><span id=\"m_-144395887790062784yui_3_16_0_ym19_1_1476462259116_81295\">Os ingressos do Campeonato Brasileiro s\u00e3o puxados, principalmente para quem vai com a fam\u00edlia. Curtir o jogo com tr\u00eas pessoas da mesma casa fica caro. Por\u00e9m a nossa torcida \u00e9 fiel, e cabe aos cartolas rever esse numer\u00e1rio para que o Est\u00e1dio fique sempre cheio. Tenho certeza que a torcida agradecer\u00e1.<u><\/u><u><\/u><\/span><\/div>\n<div id=\"m_-144395887790062784yui_3_16_0_ym19_1_1476462259116_81297\"><span id=\"m_-144395887790062784yui_3_16_0_ym19_1_1476462259116_81298\"><u><\/u>\u00a0<u><\/u><\/span><\/div>\n<div id=\"m_-144395887790062784yui_3_16_0_ym19_1_1476462259116_81300\"><b id=\"m_-144395887790062784yui_3_16_0_ym19_1_1476462259116_81301\"><span id=\"m_-144395887790062784yui_3_16_0_ym19_1_1476462259116_81302\">O tal respeito que o Eurico Miranda tanto fala realmente voltou?<u><\/u><u><\/u><\/span><\/b><\/div>\n<div id=\"m_-144395887790062784yui_3_16_0_ym19_1_1476462259116_81304\"><span id=\"m_-144395887790062784yui_3_16_0_ym19_1_1476462259116_81305\">Se tivesse voltado n\u00e3o ser\u00edamos motivos de piadas o tempo todo. Espero que ele reverta isso o mais r\u00e1pido poss\u00edvel.<u><\/u><u><\/u><\/span><\/div>\n<div id=\"m_-144395887790062784yui_3_16_0_ym19_1_1476462259116_81307\"><span id=\"m_-144395887790062784yui_3_16_0_ym19_1_1476462259116_81308\"><u><\/u>\u00a0<u><\/u><\/span><\/div>\n<div id=\"m_-144395887790062784yui_3_16_0_ym19_1_1476462259116_81310\"><b id=\"m_-144395887790062784yui_3_16_0_ym19_1_1476462259116_81311\"><span id=\"m_-144395887790062784yui_3_16_0_ym19_1_1476462259116_81312\">Voc\u00ea \u00e9 s\u00f3cia do Vasco?<u><\/u><u><\/u><\/span><\/b><\/div>\n<div id=\"m_-144395887790062784yui_3_16_0_ym19_1_1476462259116_81314\"><span id=\"m_-144395887790062784yui_3_16_0_ym19_1_1476462259116_81315\">N\u00e3o sou s\u00f3cia por falta de condi\u00e7\u00f5es no momento, mas quando estiver estabilizada financeiramente serei com certeza.<u><\/u><u><\/u><\/span><\/div>\n<div id=\"m_-144395887790062784yui_3_16_0_ym19_1_1476462259116_81317\"><span id=\"m_-144395887790062784yui_3_16_0_ym19_1_1476462259116_81318\"><u><\/u>\u00a0<u><\/u><\/span><\/div>\n<div id=\"m_-144395887790062784yui_3_16_0_ym19_1_1476462259116_81320\"><b id=\"m_-144395887790062784yui_3_16_0_ym19_1_1476462259116_81321\"><span id=\"m_-144395887790062784yui_3_16_0_ym19_1_1476462259116_81322\">Al\u00e9m do futebol voc\u00ea acompanha outros esportes do clube?<u><\/u><u><\/u><\/span><\/b><\/div>\n<div id=\"m_-144395887790062784yui_3_16_0_ym19_1_1476462259116_81324\">\n<p>N\u00e3o acompanho s\u00f3 o futebol. Sou clubista assumida. Acompanho o Vasco. Vou a tudo.<\/p>\n<div id=\"m_-144395887790062784yui_3_16_0_ym19_1_1476462259116_81317\"><span id=\"m_-144395887790062784yui_3_16_0_ym19_1_1476462259116_81318\"><u><\/u>\u00a0<\/span><\/div>\n<\/div>\n<div>(Fotografias fornecidas pela pr\u00f3pria Jamila Sandora)<\/div>\n<div><\/div>\n<div><a href=\"https:\/\/webvasco.com\/artigos\/wp-content\/uploads\/2016\/10\/IMG-20161010-WA0083.jpg\"><img loading=\"lazy\" decoding=\"async\" class=\"alignright size-medium wp-image-7920\" src=\"https:\/\/webvasco.com\/artigos\/wp-content\/uploads\/2016\/10\/IMG-20161010-WA0083-200x300.jpg\" alt=\"img-20161010-wa0083\" width=\"200\" height=\"300\" srcset=\"https:\/\/webvasco.com\/artigos\/wp-content\/uploads\/2016\/10\/IMG-20161010-WA0083-200x300.jpg 200w, https:\/\/webvasco.com\/artigos\/wp-content\/uploads\/2016\/10\/IMG-20161010-WA0083-100x150.jpg 100w, https:\/\/webvasco.com\/artigos\/wp-content\/uploads\/2016\/10\/IMG-20161010-WA0083-768x1154.jpg 768w, https:\/\/webvasco.com\/artigos\/wp-content\/uploads\/2016\/10\/IMG-20161010-WA0083-682x1024.jpg 682w, https:\/\/webvasco.com\/artigos\/wp-content\/uploads\/2016\/10\/IMG-20161010-WA0083.jpg 852w\" sizes=\"auto, (max-width: 200px) 100vw, 200px\" \/><\/a> <a href=\"https:\/\/webvasco.com\/artigos\/wp-content\/uploads\/2016\/10\/IMG-20161010-WA0086.jpg\"><img loading=\"lazy\" decoding=\"async\" class=\"alignright size-medium wp-image-7921\" src=\"https:\/\/webvasco.com\/artigos\/wp-content\/uploads\/2016\/10\/IMG-20161010-WA0086-300x200.jpg\" alt=\"img-20161010-wa0086\" width=\"300\" height=\"200\" srcset=\"https:\/\/webvasco.com\/artigos\/wp-content\/uploads\/2016\/10\/IMG-20161010-WA0086-300x200.jpg 300w, https:\/\/webvasco.com\/artigos\/wp-content\/uploads\/2016\/10\/IMG-20161010-WA0086-150x100.jpg 150w, https:\/\/webvasco.com\/artigos\/wp-content\/uploads\/2016\/10\/IMG-20161010-WA0086-768x511.jpg 768w, https:\/\/webvasco.com\/artigos\/wp-content\/uploads\/2016\/10\/IMG-20161010-WA0086-1024x682.jpg 1024w, https:\/\/webvasco.com\/artigos\/wp-content\/uploads\/2016\/10\/IMG-20161010-WA0086.jpg 1280w\" sizes=\"auto, (max-width: 300px) 100vw, 300px\" \/><\/a> <a href=\"https:\/\/webvasco.com\/artigos\/wp-content\/uploads\/2016\/10\/IMG-20161010-WA0091.jpg\"><img loading=\"lazy\" decoding=\"async\" class=\"alignright size-medium wp-image-7922\" src=\"https:\/\/webvasco.com\/artigos\/wp-content\/uploads\/2016\/10\/IMG-20161010-WA0091-200x300.jpg\" alt=\"img-20161010-wa0091\" width=\"200\" height=\"300\" srcset=\"https:\/\/webvasco.com\/artigos\/wp-content\/uploads\/2016\/10\/IMG-20161010-WA0091-200x300.jpg 200w, https:\/\/webvasco.com\/artigos\/wp-content\/uploads\/2016\/10\/IMG-20161010-WA0091-100x150.jpg 100w, https:\/\/webvasco.com\/artigos\/wp-content\/uploads\/2016\/10\/IMG-20161010-WA0091-768x1154.jpg 768w, https:\/\/webvasco.com\/artigos\/wp-content\/uploads\/2016\/10\/IMG-20161010-WA0091-682x1024.jpg 682w, https:\/\/webvasco.com\/artigos\/wp-content\/uploads\/2016\/10\/IMG-20161010-WA0091.jpg 852w\" sizes=\"auto, (max-width: 200px) 100vw, 200px\" \/><\/a> <a href=\"https:\/\/webvasco.com\/artigos\/wp-content\/uploads\/2016\/10\/IMG-20161010-WA0092.jpg\"><img loading=\"lazy\" decoding=\"async\" class=\"alignright size-medium wp-image-7923\" src=\"https:\/\/webvasco.com\/artigos\/wp-content\/uploads\/2016\/10\/IMG-20161010-WA0092-200x300.jpg\" alt=\"img-20161010-wa0092\" width=\"200\" height=\"300\" srcset=\"https:\/\/webvasco.com\/artigos\/wp-content\/uploads\/2016\/10\/IMG-20161010-WA0092-200x300.jpg 200w, https:\/\/webvasco.com\/artigos\/wp-content\/uploads\/2016\/10\/IMG-20161010-WA0092-100x150.jpg 100w, https:\/\/webvasco.com\/artigos\/wp-content\/uploads\/2016\/10\/IMG-20161010-WA0092-768x1154.jpg 768w, https:\/\/webvasco.com\/artigos\/wp-content\/uploads\/2016\/10\/IMG-20161010-WA0092-682x1024.jpg 682w, https:\/\/webvasco.com\/artigos\/wp-content\/uploads\/2016\/10\/IMG-20161010-WA0092.jpg 852w\" sizes=\"auto, (max-width: 200px) 100vw, 200px\" \/><\/a> <a href=\"https:\/\/webvasco.com\/artigos\/wp-content\/uploads\/2016\/10\/IMG-20161010-WA0094.jpg\"><img loading=\"lazy\" decoding=\"async\" class=\"alignright size-medium wp-image-7924\" src=\"https:\/\/webvasco.com\/artigos\/wp-content\/uploads\/2016\/10\/IMG-20161010-WA0094-300x200.jpg\" alt=\"img-20161010-wa0094\" width=\"300\" height=\"200\" srcset=\"https:\/\/webvasco.com\/artigos\/wp-content\/uploads\/2016\/10\/IMG-20161010-WA0094-300x200.jpg 300w, https:\/\/webvasco.com\/artigos\/wp-content\/uploads\/2016\/10\/IMG-20161010-WA0094-150x100.jpg 150w, https:\/\/webvasco.com\/artigos\/wp-content\/uploads\/2016\/10\/IMG-20161010-WA0094-768x511.jpg 768w, https:\/\/webvasco.com\/artigos\/wp-content\/uploads\/2016\/10\/IMG-20161010-WA0094-1024x682.jpg 1024w, https:\/\/webvasco.com\/artigos\/wp-content\/uploads\/2016\/10\/IMG-20161010-WA0094.jpg 1280w\" sizes=\"auto, (max-width: 300px) 100vw, 300px\" \/><\/a><\/div>\n","protected":false},"excerpt":{"rendered":"<p>POR LUIZ CARLOS ROCHA. \u00a0 H\u00e1 tempos o WebVasco pensava em fazer uma coluna exclusiva&#8230;<\/p>\n","protected":false},"author":7,"featured_media":7921,"comment_status":"open","ping_status":"closed","sticky":false,"template":"","format":"standard","meta":{"footnotes":""},"categories":[27],"tags":[],"class_list":["post-7919","post","type-post","status-publish","format-standard","has-post-thumbnail","hentry","category-elas-e-o-professor"],"_links":{"self":[{"href":"https:\/\/webvasco.com\/artigos\/wp-json\/wp\/v2\/posts\/7919","targetHints":{"allow":["GET"]}}],"collection":[{"href":"https:\/\/webvasco.com\/artigos\/wp-json\/wp\/v2\/posts"}],"about":[{"href":"https:\/\/webvasco.com\/artigos\/wp-json\/wp\/v2\/types\/post"}],"author":[{"embeddable":true,"href":"https:\/\/webvasco.com\/artigos\/wp-json\/wp\/v2\/users\/7"}],"replies":[{"embeddable":true,"href":"https:\/\/webvasco.com\/artigos\/wp-json\/wp\/v2\/comments?post=7919"}],"version-history":[{"count":9,"href":"https:\/\/webvasco.com\/artigos\/wp-json\/wp\/v2\/posts\/7919\/revisions"}],"predecessor-version":[{"id":8039,"href":"https:\/\/webvasco.com\/artigos\/wp-json\/wp\/v2\/posts\/7919\/revisions\/8039"}],"wp:featuredmedia":[{"embeddable":true,"href":"https:\/\/webvasco.com\/artigos\/wp-json\/wp\/v2\/media\/7921"}],"wp:attachment":[{"href":"https:\/\/webvasco.com\/artigos\/wp-json\/wp\/v2\/media?parent=7919"}],"wp:term":[{"taxonomy":"category","embeddable":true,"href":"https:\/\/webvasco.com\/artigos\/wp-json\/wp\/v2\/categories?post=7919"},{"taxonomy":"post_tag","embeddable":true,"href":"https:\/\/webvasco.com\/artigos\/wp-json\/wp\/v2\/tags?post=7919"}],"curies":[{"name":"wp","href":"https:\/\/api.w.org\/{rel}","templated":true}]}}