{"id":7936,"date":"2016-10-16T02:45:59","date_gmt":"2016-10-16T05:45:59","guid":{"rendered":"http:\/\/webvasco.com\/artigos\/?p=7936"},"modified":"2016-10-16T02:48:41","modified_gmt":"2016-10-16T05:48:41","slug":"cretino-rebaixado-vergonhoso-e-ganancioso","status":"publish","type":"post","link":"https:\/\/webvasco.com\/artigos\/colunistas\/luizcarlosrocha\/cretino-rebaixado-vergonhoso-e-ganancioso\/","title":{"rendered":"CRETINO, REBAIXADO, VERGONHOSO E GANANCIOSO!"},"content":{"rendered":"<div>\n<div style=\"color:#000; background-color:#fff; font-family:HelveticaNeue-Light, Helvetica Neue Light, Helvetica Neue, Helvetica, Arial, Lucida Grande, sans-serif;font-size:32px\">\n<div style=\"text-align:justify;text-indent:35.4pt;tab-stops:111.0pt\" id=\"yui_3_16_0_ym19_1_1476462259116_206126\"><span style=\"font-size:14.0pt;line-height:115%;font-family:&quot;Arial&quot;,sans-serif\" id=\"yui_3_16_0_ym19_1_1476462259116_206127\">Cretino,  rebaixado, vergonhoso e ganancioso. As iniciais que formam a sigla CRVG, n\u00e3o  expressaram ontem, uma marca centen\u00e1ria e sim o atual momento do Cruzmaltino. Perdeu  a partida por 2 a 1 (Z\u00e9 Carlos marcou duas vezes e \u00c9derson descontou para os  cariocas), deixou de continuar encostado no l\u00edder da competi\u00e7\u00e3o, viu o respeito  acabar de vez, e de quebra foi humilhado pelo CRB de Macei\u00f3\/AL. Vale lembrar  que o jogo foi na Colina.<o:p id=\"yui_3_16_0_ym19_1_1476462259116_206128\"><\/o:p><\/span><\/div>\n<div style=\"text-align:justify;text-indent:35.4pt;tab-stops:111.0pt\" id=\"yui_3_16_0_ym19_1_1476462259116_206129\"><span style=\"font-size:14.0pt;line-height:115%;font-family:&quot;Arial&quot;,sans-serif\" id=\"yui_3_16_0_ym19_1_1476462259116_206130\">&nbsp;&nbsp;&nbsp;&nbsp; A partida que marcou a 31\u00aa Rodada, do  Campeonato Brasileiro, da S\u00e9rie B foi um vexame. Os zagueiros Luan e Rodrigo,  bem como o arqueiro Mart\u00edn Silva falharam demais, tanto que foram respons\u00e1veis  direto pelos gols sofridos. O meio de campo vasca\u00edno n\u00e3o acertava uma. O  ataque? S\u00f3 se for de nervos!<o:p id=\"yui_3_16_0_ym19_1_1476462259116_206131\"><\/o:p><\/span><\/div>\n<div style=\"text-align:justify;text-indent:35.4pt;tab-stops:111.0pt\" id=\"yui_3_16_0_ym19_1_1476462259116_206132\"><span style=\"font-size:14.0pt;line-height:115%;font-family:&quot;Arial&quot;,sans-serif\" id=\"yui_3_16_0_ym19_1_1476462259116_206133\">&nbsp;&nbsp;&nbsp;&nbsp; A Imensa Torcida Bem Feliz, digo, Bem  Sofrida teve motivos de sobra para vaiar, gritar que o time \u00e9 sem vergonha e  entrar em clima de ol\u00e9 ap\u00f3s a caneta sofrida por Diguinho. Que por sinal n\u00e3o  poderia ser gandula em S\u00e3o Janu\u00e1rio, que dir\u00e1 titular.<o:p id=\"yui_3_16_0_ym19_1_1476462259116_206134\"><\/o:p><\/span><\/div>\n<div style=\"text-align:justify;text-indent:35.4pt;tab-stops:111.0pt\" id=\"yui_3_16_0_ym19_1_1476462259116_206135\"><span style=\"font-size:14.0pt;line-height:115%;font-family:&quot;Arial&quot;,sans-serif\" id=\"yui_3_16_0_ym19_1_1476462259116_206136\">&nbsp;&nbsp;&nbsp;&nbsp; H\u00e1 quem diga, que se o advers\u00e1rio fosse o  CRC seria mais f\u00e1cil de derrotar que o CRB! Brincadeiras \u00e0 parte, explicarei ao  torcedor ilustre do Web Vasco a realidade vasca\u00edna, usando apenas as palavras  que comp\u00f5em a sigla CRVG, mas n\u00e3o Club de Regatas Vasco da Gama, e sim Cretino,  Rebaixado, Vergonhoso e Ganancioso.<o:p id=\"yui_3_16_0_ym19_1_1476462259116_206137\"><\/o:p><\/span><\/div>\n<div style=\"text-align:justify;text-indent:35.4pt;tab-stops:111.0pt\" id=\"yui_3_16_0_ym19_1_1476462259116_206138\"><span style=\"font-size:14.0pt;line-height:115%;font-family:&quot;Arial&quot;,sans-serif\" id=\"yui_3_16_0_ym19_1_1476462259116_206139\">&nbsp;&nbsp;&nbsp;&nbsp;&nbsp; Cretino \u00e9 o plantel do Vasco! Atualmente  n\u00e3o h\u00e1 um jogador que se possa aproveitar como reserva, que dir\u00e1 titular!  Medidas para l\u00e1 de urgentes tem de serem executadas para que o mal maior n\u00e3o  aconte\u00e7a em poucos anos (S\u00e9rie C). Rebaixado est\u00e1 a autoestima do grupo, que  acostumou a frequentar a Segundona esquecendo de vez as tradi\u00e7\u00f5es e grandezas  de uma institui\u00e7\u00e3o centen\u00e1ria.<o:p id=\"yui_3_16_0_ym19_1_1476462259116_206140\"><\/o:p><\/span><\/div>\n<div style=\"text-align:justify;text-indent:35.4pt;tab-stops:111.0pt\" id=\"yui_3_16_0_ym19_1_1476462259116_206141\"><span style=\"font-size:14.0pt;line-height:115%;font-family:&quot;Arial&quot;,sans-serif\" id=\"yui_3_16_0_ym19_1_1476462259116_206142\">&nbsp;&nbsp;&nbsp; Vergonhoso \u00e9 o presidente achar que o  respeito voltou. S\u00f3 na cabecinha de um velho gag\u00e1 que j\u00e1 n\u00e3o tem suas  faculdades mentais em perfeito funcionamento. Ningu\u00e9m respeita mais o Vasco. Um  clubeco pequeno do Nordeste veio a S\u00e3o Janu\u00e1rio, deu ol\u00e9, ganhou a partida e  ditou o como seria o jogo! O Cruzmaltino \u00e9 motivo de piadas em todos os cantos  do Brasil. Ganancioso \u00e9 o grupo que l\u00e1 est\u00e1 se aproveitando do clube para tirar  vantagens pessoais. Ningu\u00e9m pensa na melhoria ou imagem do Vasco, mas sim em mamar  nas tetas enquanto houver leite! <o:p id=\"yui_3_16_0_ym19_1_1476462259116_206143\"><\/o:p><\/span><\/div>\n<div style=\"text-align:justify;text-indent:35.4pt;tab-stops:111.0pt\" id=\"yui_3_16_0_ym19_1_1476462259116_206144\"><span style=\"font-size:14.0pt;line-height:115%;font-family:&quot;Arial&quot;,sans-serif\" id=\"yui_3_16_0_ym19_1_1476462259116_206145\">&nbsp;&nbsp;&nbsp; O torcedor vasca\u00edno n\u00e3o sabe a for\u00e7a que  t\u00eam. \u00c9 preciso coes\u00e3o, efici\u00eancia, determina\u00e7\u00e3o e principalmente garra para  expulsar Dom Charuto e seus 40 Charut\u00f5es de l\u00e1. Quem sabe com a redu\u00e7\u00e3o de  pre\u00e7o do barril de petr\u00f3leo pelo Governo Federal, Eurico n\u00e3o arrume emprego de  frentista para os cartolas de sua gest\u00e3o, e com isso decidam explorar outra  \u00e1rea deixando o clube livre de tanta incompet\u00eancia de uma vez por todas? Influente  ele \u00e9.<o:p id=\"yui_3_16_0_ym19_1_1476462259116_206146\"><\/o:p><\/span><\/div>\n<div style=\"text-align:justify;text-indent:35.4pt;tab-stops:111.0pt\" id=\"yui_3_16_0_ym19_1_1476462259116_206147\"><span style=\"font-size:14.0pt;line-height:115%;font-family:&quot;Arial&quot;,sans-serif\" id=\"yui_3_16_0_ym19_1_1476462259116_206148\">Agora  s\u00f3 a vit\u00f3ria interessa, na partida do dia 22 de outubro, s\u00e1bado, onde  enfrentar\u00e1 o Paran\u00e1 Clube, no Est\u00e1dio Kleber Andrade, em Cariacica\/ES, \u00e0s  16h30m. <o:p id=\"yui_3_16_0_ym19_1_1476462259116_206149\"><\/o:p><\/span><\/div>\n<div style=\"text-align:justify;text-indent:35.4pt;tab-stops:111.0pt\" id=\"yui_3_16_0_ym19_1_1476462259116_206150\"><b id=\"yui_3_16_0_ym19_1_1476462259116_206151\"><u id=\"yui_3_16_0_ym19_1_1476462259116_206152\"><span style=\"font-size:14.0pt;line-height:115%;font-family:&quot;Arial&quot;,sans-serif\" id=\"yui_3_16_0_ym19_1_1476462259116_206153\">SEM ASSESSORIA DE IMPRENSA:<\/span><\/u><\/b><span style=\"font-size:14.0pt;line-height:115%;font-family:&quot;Arial&quot;,sans-serif\" id=\"yui_3_16_0_ym19_1_1476462259116_206154\">&nbsp; Todo o patrim\u00f4nio vasca\u00edno est\u00e1 sucateado. Os  setores do clube uma l\u00e1stima! Funcionam precariamente e com uma incompet\u00eancia  \u00edmpar. O Web Vasco, por meio de seu editor, procurou os assessores de imprensa  do Departamento de Futebol, Roberto Gar\u00f3falo Faria (talvez por isso n\u00e3o tenha  feito) e seu auxiliar Greg\u00f3rio a fim de obter informa\u00e7\u00f5es profissionais  relevantes ao desenvolvimento do trabalho jornal\u00edstico na cobertura do clube. Sequer  os assessores responderam, ignorando por completo uma solicita\u00e7\u00e3o do colega que  s\u00f3 queria trabalhar e divulgar aos seus leitores informa\u00e7\u00f5es do Vasco da Gama.  Lament\u00e1vel! O respeito profissional tem de ser m\u00fatuo. Ademais, o princ\u00edpio  constitucional da isonomia \u00e9 desconhecido por esta dupla, pois atendem com toda  efici\u00eancia os ve\u00edculos de comunica\u00e7\u00e3o chamados pelo mercado de trabalho de top  de linha. <b id=\"yui_3_16_0_ym19_1_1476462259116_206155\"><u id=\"yui_3_16_0_ym19_1_1476462259116_206156\"><o:p id=\"yui_3_16_0_ym19_1_1476462259116_206157\"><\/o:p><\/u><\/b><\/span><\/div>\n<div style=\"text-align:justify;text-indent:35.4pt;tab-stops:111.0pt\" id=\"yui_3_16_0_ym19_1_1476462259116_206158\"><span style=\"font-size:14.0pt;line-height:115%;font-family:&quot;Arial&quot;,sans-serif\" id=\"yui_3_16_0_ym19_1_1476462259116_206159\">&nbsp;&nbsp;&nbsp;&nbsp;&nbsp;&nbsp;&nbsp;&nbsp;&nbsp;&nbsp;&nbsp;&nbsp;&nbsp;&nbsp;&nbsp;&nbsp;&nbsp;&nbsp;&nbsp; <o:p id=\"yui_3_16_0_ym19_1_1476462259116_206160\"><\/o:p><\/span><\/div>\n<div style=\"text-align:justify;text-indent:35.4pt;tab-stops:111.0pt\" id=\"yui_3_16_0_ym19_1_1476462259116_206161\"><b id=\"yui_3_16_0_ym19_1_1476462259116_206162\"><u id=\"yui_3_16_0_ym19_1_1476462259116_206163\"><span style=\"font-size:20.0pt;line-height:115%;font-family:&quot;Arial&quot;,sans-serif\" id=\"yui_3_16_0_ym19_1_1476462259116_206164\"><o:p id=\"yui_3_16_0_ym19_1_1476462259116_206165\"><span style=\"text-decoration: none\" id=\"yui_3_16_0_ym19_1_1476462259116_206166\">&nbsp;<\/span><\/o:p><\/span><\/u><\/b><\/div>\n<div style=\"text-align:justify;text-indent:35.4pt;tab-stops:111.0pt\" id=\"yui_3_16_0_ym19_1_1476462259116_206167\"><b id=\"yui_3_16_0_ym19_1_1476462259116_206168\"><u id=\"yui_3_16_0_ym19_1_1476462259116_206169\"><span style=\"font-size:20.0pt;line-height:115%;font-family:&quot;Arial&quot;,sans-serif\" id=\"yui_3_16_0_ym19_1_1476462259116_206170\">DIVULGUEM ESSA COVARDIA:<\/span><\/u><\/b><span style=\"font-size:16.0pt;line-height:115%;font-family:&quot;Arial&quot;,sans-serif\" id=\"yui_3_16_0_ym19_1_1476462259116_206171\"> GOSTARIA  DE PEDIR A TODOS OS MEUS AMIGOS E LEITORES QUE TIRASSE UM TEMPINHO PARA LER A  PETI\u00c7\u00c3O P\u00daBLICA, AO QUAL SEGUE ABAIXO O LINK. TAL DOCUMENTO REFERE-SE A <b id=\"yui_3_16_0_ym19_1_1476462259116_206172\"><u id=\"yui_3_16_0_ym19_1_1476462259116_206173\">UM ATO DE COVARDIA POR PARTE DA  VOLKSWAGEN DO BRASIL EM COAUTORIA DA ABOLI\u00c7\u00c3O VE\u00cdCULOS (GRUPO AB)<\/u><\/b>  CONTRA ESTE VELHO JORNALISTA. A REFERIDA CONCESSION\u00c1RIA EST\u00c1 ME LESANDO DESDE  FEVEREIRO DE 2013. MEU CARRO FOI BATIDO DENTRO DA OFICINA, FURTARAM ACESS\u00d3RIOS,  TEM PROBLEMAS CAUSADOS POR ELES, AL\u00c9M DE DEFEITOS DE FABRICA\u00c7\u00c3O. O CARRO 0 KM  COMPRADO POR MIM HOJE SE ENCONTRA NA OFICINA DA ABOLI\u00c7\u00c3O VE\u00cdCULOS (CENTRO DE  NITER\u00d3I) <b id=\"yui_3_16_0_ym19_1_1476462259116_206174\"><u id=\"yui_3_16_0_ym19_1_1476462259116_206175\">DESDE 10 DE JUNHO DE 2013<\/u><\/b>,  OU MELHOR, H\u00c1 40<b id=\"yui_3_16_0_ym19_1_1476462259116_206176\"><u id=\"yui_3_16_0_ym19_1_1476462259116_206177\"> MESES, OU SEJA, 3  ANOS E QUATRO MESES.<\/u><\/b> <b id=\"yui_3_16_0_ym19_1_1476462259116_206178\"><u id=\"yui_3_16_0_ym19_1_1476462259116_206179\">TEM  APENAS 729 KM RODADOS<\/u><\/b> PARA COMPROVAR O CALV\u00c1RIO TENHO DOCUMENTOS,  GRAVA\u00c7\u00d5ES DE AUDIO E V\u00cdDEO, MAIS DE 600 FOTOGRAFIAS E E-MAILS TROCADOS COM  FUNCION\u00c1RIOS DO BAIXO, M\u00c9DIO E ALTO ESCAL\u00c3O DA EMPRESA. POR FAVOR, ASSINEM O  DOCUMENTO PARA QUE OUTROS CONSUMIDORES N\u00c3O SEJAM LESADOS POR EMPRESAS DESTE  N\u00cdVEL.&nbsp; <\/span><a href=\"https:\/\/secure.avaaz.org\/po\/petition\/Aos_Orgaos_de_Defesa_do_Consumidor_e_ao_Poder_Judiciario_JUSTICA_CONTRA_UMA_MARCA_E_SUA_REVENDERORA_QUE_DESCUMPREM_A_LEI\/?lJEcNfb&amp;pv=0\" id=\"yui_3_16_0_ym19_1_1476462259116_206180\"><span style=\"font-size:16.0pt;line-height:115%;font-family:&quot;Arial&quot;,sans-serif\" id=\"yui_3_16_0_ym19_1_1476462259116_206181\">https:\/\/secure.avaaz.org\/po\/petition\/Aos_Orgaos_de_Defesa_do_Consumidor_e_ao_Poder_Judiciario_JUSTICA_CONTRA_UMA_MARCA_E_SUA_REVENDERORA_QUE_DESCUMPREM_A_LEI\/?lJEcNfb&amp;pv=0<\/span><\/a><span style=\"font-size:16.0pt;line-height:115%;font-family:&quot;Arial&quot;,sans-serif\" id=\"yui_3_16_0_ym19_1_1476462259116_206182\"><o:p id=\"yui_3_16_0_ym19_1_1476462259116_206183\"><\/o:p><\/span><\/div>\n<div style=\"text-align:justify;tab-stops:69.75pt\" id=\"yui_3_16_0_ym19_1_1476462259116_206184\"><span style=\"font-size:16.0pt;line-height:115%;font-family:&quot;Arial&quot;,sans-serif\" id=\"yui_3_16_0_ym19_1_1476462259116_206185\">&nbsp;&nbsp;&nbsp;&nbsp;&nbsp;&nbsp;&nbsp;&nbsp;&nbsp;&nbsp;&nbsp;&nbsp;&nbsp;&nbsp;&nbsp; <o:p id=\"yui_3_16_0_ym19_1_1476462259116_206186\"><\/o:p><\/span><\/div>\n<div style=\"text-align:justify;tab-stops:111.0pt\" id=\"yui_3_16_0_ym19_1_1476462259116_206187\"><b id=\"yui_3_16_0_ym19_1_1476462259116_206188\"><span style=\"font-size:16.0pt;line-height:115%;font-family:&quot;Arial&quot;,sans-serif\" id=\"yui_3_16_0_ym19_1_1476462259116_206189\">&nbsp;&nbsp;&nbsp;&nbsp;&nbsp;&nbsp;&nbsp;&nbsp;&nbsp;&nbsp;&nbsp;&nbsp;&nbsp;&nbsp;&nbsp;&nbsp;&nbsp;&nbsp;&nbsp;&nbsp;&nbsp;&nbsp;&nbsp;&nbsp; &nbsp;&nbsp;&nbsp;&nbsp;&nbsp;&nbsp; <o:p id=\"yui_3_16_0_ym19_1_1476462259116_206190\"><\/o:p><\/span><\/b><\/div>\n<div id=\"yui_3_16_0_ym19_1_1476462259116_205868\">                                                        <\/div>\n<div style=\"text-align:justify\" dir=\"ltr\" id=\"yui_3_16_0_ym19_1_1476462259116_206191\"><b id=\"yui_3_16_0_ym19_1_1476462259116_206192\"><span style=\"font-size:14.0pt;line-height:115%;font-family:&quot;Arial&quot;,sans-serif\" id=\"yui_3_16_0_ym19_1_1476462259116_206193\">AP\u00d3S  AS TODAS AS PARTIDAS DO VASC\u00c3O EM MEU PERFIL DO FACEBOOK (QUEM QUISER RECEBER  AS CR\u00d4NICAS DE PRIMEIRA M\u00c3O \u00c9 S\u00d3 ME ADICIONAR), E NOS SITES WEBVASCO  (<a href=\"http:\/\/www.webvasco.com\">www.webvasco.com<\/a>), E VASCA\u00cdNOS UNIDOS (<a href=\"http:\/\/www.vascainosunidos.com.br\">www.vascainosunidos.com.br<\/a>) TEM A  OPINI\u00c3O DO JORNALISTA LUIZ CARLOS ROCHA. LEIAM! COMPARTILHEM E CURTAM!  VASCA\u00cdNOS UNIDOS JAMAIS SER\u00c3O VENCIDOS.<o:p id=\"yui_3_16_0_ym19_1_1476462259116_206194\"><\/o:p><\/span><\/b><\/div>\n<div id=\"yui_3_16_0_ym19_1_1476462259116_205868\"><span><br \/><\/span><\/div>\n<div id=\"yui_3_16_0_ym19_1_1476462259116_205868\"><span><br \/><\/span><\/div>\n<div id=\"yui_3_16_0_ym19_1_1476462259116_205868\"><span><br \/><\/span><\/div>\n<div id=\"yui_3_16_0_ym19_1_1476462259116_205868\"><span><br \/><\/span><\/div>\n<div id=\"yui_3_16_0_ym19_1_1476462259116_205868\"><span><br \/><\/span><\/div>\n<div><\/div>\n<div id=\"yui_3_16_0_ym19_1_1476462259116_205867\">&nbsp;<\/div>\n<div class=\"signature\" id=\"yui_3_16_0_ym19_1_1476462259116_205852\">\n<div id=\"RTEContent\">\n<div id=\"yui_3_16_0_ym19_1_1476462259116_205851\">\n<div id=\"yui_3_16_0_ym19_1_1476462259116_205850\">\n<div id=\"yui_3_16_0_ym19_1_1476462259116_205849\">\n<div align=\"center\" id=\"yui_3_16_0_ym19_1_1476462259116_205857\"><\/div>\n<\/div>\n<\/div>\n<\/div>\n<\/div>\n<\/div>\n<\/div>\n<\/div>\n<p><\/p>\n","protected":false},"excerpt":{"rendered":"<p>Cretino, rebaixado, vergonhoso e ganancioso. As iniciais que formam a sigla CRVG, n\u00e3o expressaram ontem,&#8230;<\/p>\n","protected":false},"author":7,"featured_media":0,"comment_status":"open","ping_status":"closed","sticky":false,"template":"","format":"standard","meta":{"footnotes":""},"categories":[4],"tags":[],"class_list":["post-7936","post","type-post","status-publish","format-standard","hentry","category-luizcarlosrocha"],"_links":{"self":[{"href":"https:\/\/webvasco.com\/artigos\/wp-json\/wp\/v2\/posts\/7936","targetHints":{"allow":["GET"]}}],"collection":[{"href":"https:\/\/webvasco.com\/artigos\/wp-json\/wp\/v2\/posts"}],"about":[{"href":"https:\/\/webvasco.com\/artigos\/wp-json\/wp\/v2\/types\/post"}],"author":[{"embeddable":true,"href":"https:\/\/webvasco.com\/artigos\/wp-json\/wp\/v2\/users\/7"}],"replies":[{"embeddable":true,"href":"https:\/\/webvasco.com\/artigos\/wp-json\/wp\/v2\/comments?post=7936"}],"version-history":[{"count":0,"href":"https:\/\/webvasco.com\/artigos\/wp-json\/wp\/v2\/posts\/7936\/revisions"}],"wp:attachment":[{"href":"https:\/\/webvasco.com\/artigos\/wp-json\/wp\/v2\/media?parent=7936"}],"wp:term":[{"taxonomy":"category","embeddable":true,"href":"https:\/\/webvasco.com\/artigos\/wp-json\/wp\/v2\/categories?post=7936"},{"taxonomy":"post_tag","embeddable":true,"href":"https:\/\/webvasco.com\/artigos\/wp-json\/wp\/v2\/tags?post=7936"}],"curies":[{"name":"wp","href":"https:\/\/api.w.org\/{rel}","templated":true}]}}