{"id":7937,"date":"2016-10-20T01:34:38","date_gmt":"2016-10-20T04:34:38","guid":{"rendered":"http:\/\/webvasco.com\/artigos\/?p=7937"},"modified":"2016-10-20T01:39:57","modified_gmt":"2016-10-20T04:39:57","slug":"trinta-por-cento","status":"publish","type":"post","link":"https:\/\/webvasco.com\/artigos\/colunistas\/luizcarlosrocha\/trinta-por-cento\/","title":{"rendered":"TRINTA POR CENTO!"},"content":{"rendered":"<div>\n<div style=\"color:#000; background-color:#fff; font-family:HelveticaNeue-Light, Helvetica Neue Light, Helvetica Neue, Helvetica, Arial, Lucida Grande, sans-serif;font-size:32px\">\n<div style=\"text-align:justify;text-indent:35.4pt;tab-stops:111.0pt\" id=\"yui_3_16_0_ym19_1_1476462259116_576895\"><span style=\"font-size:14.0pt;line-height:115%;font-family:&quot;Arial&quot;,sans-serif\" id=\"yui_3_16_0_ym19_1_1476462259116_576896\">&nbsp; &nbsp;&nbsp;Fim de ano chegando, e como qualquer  empresa que vai mal, a barca vai passar! Neste caso a Caravela! Em reuni\u00e3o  hoje, o presidente Eurico Miranda, seu filho \u00c1lvaro Miranda e outras pessoas do  primeiro escal\u00e3o da administra\u00e7\u00e3o se reuniram e chegaram \u00e0 conclus\u00e3o de que  nada mais, nada menos do que 30% (trinta por cento) dos gastos tem de serem enxutos  no Vasco da Gama.<o:p id=\"yui_3_16_0_ym19_1_1476462259116_576897\"><\/o:p><\/span><\/div>\n<div style=\"text-align:justify;text-indent:35.4pt;tab-stops:111.0pt\" id=\"yui_3_16_0_ym19_1_1476462259116_576898\"><span style=\"font-size:14.0pt;line-height:115%;font-family:&quot;Arial&quot;,sans-serif\" id=\"yui_3_16_0_ym19_1_1476462259116_576899\">&nbsp;&nbsp;&nbsp; Tal decis\u00e3o vale para o quadro de  funcion\u00e1rios, bem como provavelmente para o Departamento de Futebol. Est\u00e1 certo  que o clube n\u00e3o est\u00e1 bem h\u00e1 tempos, mas talvez a solu\u00e7\u00e3o n\u00e3o seja mexer com  funcion\u00e1rios. Por\u00e9m, \u00e9 mais f\u00e1cil, n\u00e3o \u00e9? De certa forma injusto, pois a  maioria do efetivo \u00e9 dedicada e tem amor pelo clube.<o:p id=\"yui_3_16_0_ym19_1_1476462259116_576900\"><\/o:p><\/span><\/div>\n<div style=\"text-align:justify;text-indent:35.4pt;tab-stops:111.0pt\" id=\"yui_3_16_0_ym19_1_1476462259116_576901\"><span style=\"font-size:14.0pt;line-height:115%;font-family:&quot;Arial&quot;,sans-serif\" id=\"yui_3_16_0_ym19_1_1476462259116_576902\">&nbsp;&nbsp; J\u00e1 os jogadores&#8230;<o:p id=\"yui_3_16_0_ym19_1_1476462259116_576903\"><\/o:p><\/span><\/div>\n<div style=\"text-align:justify;text-indent:35.4pt;tab-stops:111.0pt\" id=\"yui_3_16_0_ym19_1_1476462259116_576904\"><span style=\"font-size:14.0pt;line-height:115%;font-family:&quot;Arial&quot;,sans-serif\" id=\"yui_3_16_0_ym19_1_1476462259116_576905\">&nbsp;&nbsp; Um certo figur\u00e3o da gest\u00e3o de Dom Charuto  aponta que o corte poderia come\u00e7ar no futebol, nas Sub-9 e sub-12, porque  segundo ele as categorias s\u00f3 d\u00e3o preju\u00edzos. Mas e o profissional com atletas  in\u00fateis que n\u00e3o justificam nem de longe seus sal\u00e1rios? Nada ser\u00e1 feito?<o:p id=\"yui_3_16_0_ym19_1_1476462259116_576906\"><\/o:p><\/span><\/div>\n<div style=\"text-align:justify;text-indent:35.4pt;tab-stops:111.0pt\" id=\"yui_3_16_0_ym19_1_1476462259116_576907\"><span style=\"font-size:14.0pt;line-height:115%;font-family:&quot;Arial&quot;,sans-serif\" id=\"yui_3_16_0_ym19_1_1476462259116_576908\">&nbsp; O treino do futebol profissional de hoje foi \u201csecreto\u201d,  vedado \u00e0 imprensa \u2013 como se isso fosse resolver alguma coisa \u2013 mas n\u00e3o impediu  que a equipe do Web Vasco pudesse trabalhar. Fomos camufladamente at\u00e9 o estacionamento  dos jogadores e observamos muitos carr\u00f5es. Nitidamente reconhecemos os seguintes  autom\u00f3veis (quem tem carro \u00e9 pobre, rico tem autom\u00f3vel): 3 exemplares  Mercedes-Benz, 2 exemplares BMW, 2 exemplares Porsche Cayenne, 5 exemplares  Toyota, 5 exemplares Renault, 1 exemplar Peugeot, 1 exemplar Lexus, 3 exemplares  Nissan, 1 exemplar Land Rover, 2 exemplares Chevrolet&#8230; Vale lembrar, que <b id=\"yui_3_16_0_ym19_1_1476462259116_576909\"><u id=\"yui_3_16_0_ym19_1_1476462259116_576910\">TODAS<\/u><\/b> as \u201cnaves\u201d eram nov\u00edssimas.  <o:p id=\"yui_3_16_0_ym19_1_1476462259116_576911\"><\/o:p><\/span><\/div>\n<div style=\"text-align:justify;text-indent:35.4pt;tab-stops:111.0pt\" id=\"yui_3_16_0_ym19_1_1476462259116_576912\"><span style=\"font-size:14.0pt;line-height:115%;font-family:&quot;Arial&quot;,sans-serif\" id=\"yui_3_16_0_ym19_1_1476462259116_576913\">Logo, o  dinheiro n\u00e3o est\u00e1 faltando, apenas mal-empregado. <o:p id=\"yui_3_16_0_ym19_1_1476462259116_576914\"><\/o:p><\/span><\/div>\n<div style=\"text-align:justify;text-indent:35.4pt;tab-stops:111.0pt\" id=\"yui_3_16_0_ym19_1_1476462259116_576915\"><span style=\"font-size:14.0pt;line-height:115%;font-family:&quot;Arial&quot;,sans-serif\" id=\"yui_3_16_0_ym19_1_1476462259116_576916\">A\u00ed vai  um trocadilho: por falar em mal empregado, nesta semana veio a p\u00fablico &nbsp;&#8211; via whatsapp &#8211; uma declara\u00e7\u00e3o do Sr. Alex  Evangelista, gerente cient\u00edfico, da Comiss\u00e3o T\u00e9cnica Profissional, cidad\u00e3o este  respons\u00e1vel pelo CAPRES (Centro Avan\u00e7ado de Preven\u00e7\u00e3o, Reabilita\u00e7\u00e3o e  Rendimento Esportivo), na qual ele cita, ou melhor, agride, o jornalista e  administrador J\u00falio Brant. Tal ataque se deu por uma prov\u00e1vel candidatura de  Brant \u00e0 presid\u00eancia do Vasco, em 2017.<o:p id=\"yui_3_16_0_ym19_1_1476462259116_576917\"><\/o:p><\/span><\/div>\n<div style=\"text-align:justify;text-indent:35.4pt;tab-stops:111.0pt\" id=\"yui_3_16_0_ym19_1_1476462259116_576918\"><span style=\"font-size:14.0pt;line-height:115%;font-family:&quot;Arial&quot;,sans-serif\" id=\"yui_3_16_0_ym19_1_1476462259116_576919\">Segundo  Evangelista, J\u00falio \u00e9 ladr\u00e3o, safado, e tem interesse em ser presidente do Gigante  da Colina para roubar e ter status. O funcion\u00e1rio de S\u00e3o Janu\u00e1rio disse tamb\u00e9m:  \u201cEle nunca foi nada em lugar nenhum\u201d. E sobrou at\u00e9 para Dom Charuto: \u201cEurico  Miranda est\u00e1 velho, quase morrendo, com dois canceres, lutando para dar o Vasco  o melhor\u201d, expondo a vida \u00edntima do cartola.<o:p id=\"yui_3_16_0_ym19_1_1476462259116_576920\"><\/o:p><\/span><\/div>\n<div style=\"text-align:justify;text-indent:35.4pt;tab-stops:111.0pt\" id=\"yui_3_16_0_ym19_1_1476462259116_576921\"><span style=\"font-size:14.0pt;line-height:115%;font-family:&quot;Arial&quot;,sans-serif\" id=\"yui_3_16_0_ym19_1_1476462259116_576922\">O  gerente cientifico parecia um gerente de futebol (se cuida Isa\u00edas Tinoco), em  sua an\u00e1lise do plantel: \u201cDepende dos jogadores, como est\u00e3o criticando, ser\u00e1  feito uma reuni\u00e3o e a mesa vai virar. Fazendo isso (criticando) s\u00f3 atrapalha, eles  se sentem inseguros. Ganham bem, mas s\u00e3o seres humanos\u201d. <o:p id=\"yui_3_16_0_ym19_1_1476462259116_576923\"><\/o:p><\/span><\/div>\n<div style=\"text-align:justify;text-indent:35.4pt;tab-stops:111.0pt\" id=\"yui_3_16_0_ym19_1_1476462259116_576924\"><span style=\"font-size:14.0pt;line-height:115%;font-family:&quot;Arial&quot;,sans-serif\" id=\"yui_3_16_0_ym19_1_1476462259116_576925\">Evangelista  mostrou que mercado de trabalho n\u00e3o est\u00e1 faltando: \u201cTenho proposta para ir para  Corinthians, Palmeiras e para fora do Brasil. Eu aceitei o Vasco porque eu sou  vasca\u00edno, quero fazer o meu projeto no Vasco\u201d.<o:p id=\"yui_3_16_0_ym19_1_1476462259116_576926\"><\/o:p><\/span><\/div>\n<div style=\"text-align:justify;text-indent:35.4pt;tab-stops:111.0pt\" id=\"yui_3_16_0_ym19_1_1476462259116_576927\"><span style=\"font-size:14.0pt;line-height:115%;font-family:&quot;Arial&quot;,sans-serif\" id=\"yui_3_16_0_ym19_1_1476462259116_576928\">&nbsp;Piorando a situa\u00e7\u00e3o, o atual gerente de marketing  do Gigante da Colina, Marcus Duarte \u00e9 flamenguista declarado, com in\u00fameras  fotografias postadas nas redes sociais vestindo o uniforme rubro-negro, ultrajando  assim a Imensa Torcida Bem Feliz. H\u00e1 relatos inclusive, de fontes fidedignas, que  o sujeito participou da Campanha do Tijolinho, para a constru\u00e7\u00e3o de um est\u00e1dio  para o Povo do Gueto. Um absurdo! Cad\u00ea o respeito Dom Charuto? Acabou, e ponto!<o:p id=\"yui_3_16_0_ym19_1_1476462259116_576929\"><\/o:p><\/span><\/div>\n<div style=\"text-align:justify;text-indent:35.4pt;tab-stops:111.0pt\" id=\"yui_3_16_0_ym19_1_1476462259116_576930\"><span style=\"font-size:14.0pt;line-height:115%;font-family:&quot;Arial&quot;,sans-serif\" id=\"yui_3_16_0_ym19_1_1476462259116_576931\">Para  concluir: A situa\u00e7\u00e3o social, econ\u00f4mica e administrativa \u00e9 muito mais complicada  do que se imagina. \u00c9 inevit\u00e1vel que a Barca n\u00e3o passe. O torcedor de um modo  geral (s\u00f3cio ou n\u00e3o) est\u00e1 acreditando \u2013 assim como na esfera militar- que a  carta n\u00e1utica (analogicamente o \u00e1udio descompensado de Alex Evangelista), sirva  para que o Oficial de Manobra Eurico \u00c2ngelo Miranda, chame o Timoneiro Jos\u00e9  Fernando Horta, e este passe para seus Sotas Timoneiros Egas Manoel Batista dos  Santos Fonseca e Marco Ant\u00f4nio de Amorim Monteiro, a ordem de demitir imediatamente  os \u201cmarinheiros\u201d (a vontade era escrever maresias) &nbsp;Alex Evangelista e Marcus Duarte,  respectivamente, pelos motivos supra- explicitados. <o:p id=\"yui_3_16_0_ym19_1_1476462259116_576932\"><\/o:p><\/span><\/div>\n<div style=\"text-align:justify;text-indent:35.4pt;tab-stops:111.0pt\" id=\"yui_3_16_0_ym19_1_1476462259116_576933\"><span style=\"font-size:14.0pt;line-height:115%;font-family:&quot;Arial&quot;,sans-serif\" id=\"yui_3_16_0_ym19_1_1476462259116_576934\">Desta  forma a Caravela Vasca\u00edna n\u00e3o ir\u00e1 naufragar. Muito melhor do que \u201cmexer\u201d nos  funcion\u00e1rios \u2013 que s\u00e3o dedicados e n\u00e3o denigrem a marca Vasco da Gama \u2013 porque estes  n\u00e3o d\u00e3o preju\u00edzos no sentimento vasca\u00edno. \u00c9 realmente necess\u00e1rio fazer uma  reformula\u00e7\u00e3o, mas a iniciativa dever\u00e1 come\u00e7ar de cima para baixo.<o:p id=\"yui_3_16_0_ym19_1_1476462259116_576935\"><\/o:p><\/span><\/div>\n<div style=\"text-align:justify;text-indent:35.4pt;tab-stops:111.0pt\" id=\"yui_3_16_0_ym19_1_1476462259116_576936\"><b id=\"yui_3_16_0_ym19_1_1476462259116_576937\"><u id=\"yui_3_16_0_ym19_1_1476462259116_576938\"><span style=\"font-size:14.0pt;line-height:115%;font-family:&quot;Arial&quot;,sans-serif\" id=\"yui_3_16_0_ym19_1_1476462259116_576939\"><o:p id=\"yui_3_16_0_ym19_1_1476462259116_576940\"><span style=\"text-decoration: none\" id=\"yui_3_16_0_ym19_1_1476462259116_576941\">&nbsp;<\/span><\/o:p><\/span><\/u><\/b><\/div>\n<div style=\"text-align:justify;text-indent:35.4pt;tab-stops:111.0pt\" id=\"yui_3_16_0_ym19_1_1476462259116_576942\"><span style=\"font-size:14.0pt;line-height:115%;font-family:&quot;Arial&quot;,sans-serif\" id=\"yui_3_16_0_ym19_1_1476462259116_576943\">&nbsp;&nbsp;&nbsp;&nbsp;&nbsp;&nbsp;&nbsp;&nbsp;&nbsp;&nbsp;&nbsp;&nbsp;&nbsp;&nbsp;&nbsp;&nbsp;&nbsp;&nbsp;&nbsp; <o:p id=\"yui_3_16_0_ym19_1_1476462259116_576944\"><\/o:p><\/span><\/div>\n<div style=\"text-align:justify;text-indent:35.4pt;tab-stops:111.0pt\" id=\"yui_3_16_0_ym19_1_1476462259116_576945\"><b id=\"yui_3_16_0_ym19_1_1476462259116_576946\"><u id=\"yui_3_16_0_ym19_1_1476462259116_576947\"><span style=\"font-size:20.0pt;line-height:115%;font-family:&quot;Arial&quot;,sans-serif\" id=\"yui_3_16_0_ym19_1_1476462259116_576948\"><o:p id=\"yui_3_16_0_ym19_1_1476462259116_576949\"><span style=\"text-decoration: none\" id=\"yui_3_16_0_ym19_1_1476462259116_576950\">&nbsp;<\/span><\/o:p><\/span><\/u><\/b><\/div>\n<div style=\"text-align:justify;text-indent:35.4pt;tab-stops:111.0pt\" id=\"yui_3_16_0_ym19_1_1476462259116_576951\"><b id=\"yui_3_16_0_ym19_1_1476462259116_576952\"><u id=\"yui_3_16_0_ym19_1_1476462259116_576953\"><span style=\"font-size:20.0pt;line-height:115%;font-family:&quot;Arial&quot;,sans-serif\" id=\"yui_3_16_0_ym19_1_1476462259116_576954\">DIVULGUEM ESSA COVARDIA:<\/span><\/u><\/b><span style=\"font-size:16.0pt;line-height:115%;font-family:&quot;Arial&quot;,sans-serif\" id=\"yui_3_16_0_ym19_1_1476462259116_576955\"> GOSTARIA  DE PEDIR A TODOS OS MEUS AMIGOS E LEITORES QUE TIRASSE UM TEMPINHO PARA LER A  PETI\u00c7\u00c3O P\u00daBLICA, AO QUAL SEGUE ABAIXO O LINK. TAL DOCUMENTO REFERE-SE A <b id=\"yui_3_16_0_ym19_1_1476462259116_576956\"><u id=\"yui_3_16_0_ym19_1_1476462259116_576957\">UM ATO DE COVARDIA POR PARTE DA  VOLKSWAGEN DO BRASIL EM COAUTORIA DA ABOLI\u00c7\u00c3O VE\u00cdCULOS (GRUPO AB)<\/u><\/b>  CONTRA ESTE VELHO JORNALISTA. A REFERIDA CONCESSION\u00c1RIA EST\u00c1 ME LESANDO DESDE  FEVEREIRO DE 2013. MEU CARRO FOI BATIDO DENTRO DA OFICINA, FURTARAM ACESS\u00d3RIOS,  TEM PROBLEMAS CAUSADOS POR ELES, AL\u00c9M DE DEFEITOS DE FABRICA\u00c7\u00c3O. O CARRO 0 KM  COMPRADO POR MIM HOJE SE ENCONTRA NA OFICINA DA ABOLI\u00c7\u00c3O VE\u00cdCULOS (CENTRO DE  NITER\u00d3I) <b id=\"yui_3_16_0_ym19_1_1476462259116_576958\"><u id=\"yui_3_16_0_ym19_1_1476462259116_576959\">DESDE 10 DE JUNHO DE 2013<\/u><\/b>,  OU MELHOR, H\u00c1 40<b id=\"yui_3_16_0_ym19_1_1476462259116_576960\"><u id=\"yui_3_16_0_ym19_1_1476462259116_576961\"> MESES, OU SEJA, 3  ANOS E QUATRO MESES.<\/u><\/b> <b id=\"yui_3_16_0_ym19_1_1476462259116_576962\"><u id=\"yui_3_16_0_ym19_1_1476462259116_576963\">TEM  APENAS 729 KM RODADOS<\/u><\/b> PARA COMPROVAR O CALV\u00c1RIO TENHO DOCUMENTOS,  GRAVA\u00c7\u00d5ES DE AUDIO E V\u00cdDEO, MAIS DE 600 FOTOGRAFIAS E E-MAILS TROCADOS COM  FUNCION\u00c1RIOS DO BAIXO, M\u00c9DIO E ALTO ESCAL\u00c3O DA EMPRESA. POR FAVOR, ASSINEM O  DOCUMENTO PARA QUE OUTROS CONSUMIDORES N\u00c3O SEJAM LESADOS POR EMPRESAS DESTE  N\u00cdVEL.&nbsp; <\/span><a href=\"https:\/\/secure.avaaz.org\/po\/petition\/Aos_Orgaos_de_Defesa_do_Consumidor_e_ao_Poder_Judiciario_JUSTICA_CONTRA_UMA_MARCA_E_SUA_REVENDERORA_QUE_DESCUMPREM_A_LEI\/?lJEcNfb&amp;pv=0\" id=\"yui_3_16_0_ym19_1_1476462259116_576964\"><span style=\"font-size:16.0pt;line-height:115%;font-family:&quot;Arial&quot;,sans-serif\" id=\"yui_3_16_0_ym19_1_1476462259116_576965\">https:\/\/secure.avaaz.org\/po\/petition\/Aos_Orgaos_de_Defesa_do_Consumidor_e_ao_Poder_Judiciario_JUSTICA_CONTRA_UMA_MARCA_E_SUA_REVENDERORA_QUE_DESCUMPREM_A_LEI\/?lJEcNfb&amp;pv=0<\/span><\/a><span style=\"font-size:16.0pt;line-height:115%;font-family:&quot;Arial&quot;,sans-serif\" id=\"yui_3_16_0_ym19_1_1476462259116_576966\"><o:p id=\"yui_3_16_0_ym19_1_1476462259116_576967\"><\/o:p><\/span><\/div>\n<div style=\"text-align:justify;tab-stops:69.75pt\" id=\"yui_3_16_0_ym19_1_1476462259116_576968\"><span style=\"font-size:16.0pt;line-height:115%;font-family:&quot;Arial&quot;,sans-serif\" id=\"yui_3_16_0_ym19_1_1476462259116_576969\">&nbsp;&nbsp;&nbsp;&nbsp;&nbsp;&nbsp;&nbsp;&nbsp;&nbsp;&nbsp;&nbsp;&nbsp;&nbsp;&nbsp;&nbsp; <o:p id=\"yui_3_16_0_ym19_1_1476462259116_576970\"><\/o:p><\/span><\/div>\n<div style=\"text-align:justify;tab-stops:111.0pt\" id=\"yui_3_16_0_ym19_1_1476462259116_576971\"><b id=\"yui_3_16_0_ym19_1_1476462259116_576972\"><span style=\"font-size:16.0pt;line-height:115%;font-family:&quot;Arial&quot;,sans-serif\" id=\"yui_3_16_0_ym19_1_1476462259116_576973\">&nbsp;&nbsp;&nbsp;&nbsp;&nbsp;&nbsp;&nbsp;&nbsp;&nbsp;&nbsp;&nbsp;&nbsp;&nbsp;&nbsp;&nbsp;&nbsp;&nbsp;&nbsp;&nbsp;&nbsp;&nbsp;&nbsp;&nbsp;&nbsp; &nbsp;&nbsp;&nbsp;&nbsp;&nbsp;&nbsp; <o:p id=\"yui_3_16_0_ym19_1_1476462259116_576974\"><\/o:p><\/span><\/b><\/div>\n<div id=\"yui_3_16_0_ym19_1_1476462259116_576593\">                                                                            <\/div>\n<div style=\"text-align:justify\" dir=\"ltr\" id=\"yui_3_16_0_ym19_1_1476462259116_576975\"><b id=\"yui_3_16_0_ym19_1_1476462259116_576976\"><span style=\"font-size:14.0pt;line-height:115%;font-family:&quot;Arial&quot;,sans-serif\" id=\"yui_3_16_0_ym19_1_1476462259116_576977\">AP\u00d3S  AS TODAS AS PARTIDAS DO VASC\u00c3O EM MEU PERFIL DO FACEBOOK (QUEM QUISER RECEBER  AS CR\u00d4NICAS DE PRIMEIRA M\u00c3O \u00c9 S\u00d3 ME ADICIONAR), E NOS SITES WEBVASCO  (<a href=\"http:\/\/www.webvasco.com\">www.webvasco.com<\/a>), E VASCA\u00cdNOS UNIDOS (<a href=\"http:\/\/www.vascainosunidos.com.br\">www.vascainosunidos.com.br<\/a>) TEM A  OPINI\u00c3O DO JORNALISTA LUIZ CARLOS ROCHA. LEIAM! COMPARTILHEM E CURTAM!  VASCA\u00cdNOS UNIDOS JAMAIS SER\u00c3O VENCIDOS.<o:p id=\"yui_3_16_0_ym19_1_1476462259116_576978\"><\/o:p><\/span><\/b><\/div>\n<div id=\"yui_3_16_0_ym19_1_1476462259116_576593\"><span><br \/><\/span><\/div>\n<div id=\"yui_3_16_0_ym19_1_1476462259116_576593\"><span><br \/><\/span><\/div>\n<div id=\"yui_3_16_0_ym19_1_1476462259116_576593\"><span><br \/><\/span><\/div>\n<div><\/div>\n<div id=\"yui_3_16_0_ym19_1_1476462259116_576632\">&nbsp;<\/div>\n<div class=\"signature\" id=\"yui_3_16_0_ym19_1_1476462259116_576601\">\n<div id=\"RTEContent\">\n<div id=\"yui_3_16_0_ym19_1_1476462259116_576600\">\n<div id=\"yui_3_16_0_ym19_1_1476462259116_576599\">\n<div id=\"yui_3_16_0_ym19_1_1476462259116_576598\">\n<div align=\"center\" id=\"yui_3_16_0_ym19_1_1476462259116_576597\"><\/div>\n<\/div>\n<\/div>\n<\/div>\n<\/div>\n<\/div>\n<\/div>\n<\/div>\n<p><\/p>\n","protected":false},"excerpt":{"rendered":"<p>&nbsp; &nbsp;&nbsp;Fim de ano chegando, e como qualquer empresa que vai mal, a barca vai&#8230;<\/p>\n","protected":false},"author":7,"featured_media":0,"comment_status":"open","ping_status":"closed","sticky":false,"template":"","format":"standard","meta":{"footnotes":""},"categories":[4],"tags":[],"class_list":["post-7937","post","type-post","status-publish","format-standard","hentry","category-luizcarlosrocha"],"_links":{"self":[{"href":"https:\/\/webvasco.com\/artigos\/wp-json\/wp\/v2\/posts\/7937","targetHints":{"allow":["GET"]}}],"collection":[{"href":"https:\/\/webvasco.com\/artigos\/wp-json\/wp\/v2\/posts"}],"about":[{"href":"https:\/\/webvasco.com\/artigos\/wp-json\/wp\/v2\/types\/post"}],"author":[{"embeddable":true,"href":"https:\/\/webvasco.com\/artigos\/wp-json\/wp\/v2\/users\/7"}],"replies":[{"embeddable":true,"href":"https:\/\/webvasco.com\/artigos\/wp-json\/wp\/v2\/comments?post=7937"}],"version-history":[{"count":0,"href":"https:\/\/webvasco.com\/artigos\/wp-json\/wp\/v2\/posts\/7937\/revisions"}],"wp:attachment":[{"href":"https:\/\/webvasco.com\/artigos\/wp-json\/wp\/v2\/media?parent=7937"}],"wp:term":[{"taxonomy":"category","embeddable":true,"href":"https:\/\/webvasco.com\/artigos\/wp-json\/wp\/v2\/categories?post=7937"},{"taxonomy":"post_tag","embeddable":true,"href":"https:\/\/webvasco.com\/artigos\/wp-json\/wp\/v2\/tags?post=7937"}],"curies":[{"name":"wp","href":"https:\/\/api.w.org\/{rel}","templated":true}]}}