{"id":7938,"date":"2016-10-23T22:51:35","date_gmt":"2016-10-24T01:51:35","guid":{"rendered":"http:\/\/webvasco.com\/artigos\/?p=7938"},"modified":"2016-10-23T22:57:04","modified_gmt":"2016-10-24T01:57:04","slug":"gz4","status":"publish","type":"post","link":"https:\/\/webvasco.com\/artigos\/colunistas\/luizcarlosrocha\/gz4\/","title":{"rendered":"GZ4!"},"content":{"rendered":"<div>\n<div style=\"color:#000; background-color:#fff; font-family:HelveticaNeue-Light, Helvetica Neue Light, Helvetica Neue, Helvetica, Arial, Lucida Grande, sans-serif;font-size:32px\">\n<div align=\"center\" style=\"text-align:center;text-indent:35.4pt;tab-stops:167.25pt\" id=\"yui_3_16_0_ym19_1_1476462259116_885458\"><span style=\"font-family: Arial, sans-serif; font-size: 14pt; line-height: 115%; text-align: justify; text-indent: 35.4pt;\">&nbsp;&nbsp;<\/span><span style=\"font-family: Arial, sans-serif; font-size: 14pt; line-height: 115%; text-align: justify; text-indent: 35.4pt;\" id=\"yui_3_16_0_ym19_1_1476462259116_885570\">Venceu, mas n\u00e3o convenceu. Tirar a marrar  de continuar no G4, em cima de uma equipe que beira o Z4, na Segundona? Que  m\u00e9rito! Bater em cachorro morto! Todas estas explica\u00e7\u00f5es serviriam para definir  a vit\u00f3ria, ontem, do Vasco da Gama, sobre o Paran\u00e1 Clube, por 1 a 0, gol de Thalles.<\/span><\/div>\n<div style=\"text-align:justify;text-indent:35.4pt;tab-stops:111.0pt\" id=\"yui_3_16_0_ym19_1_1476462259116_885471\"><span style=\"font-size:14.0pt;line-height:115%;font-family:&quot;Arial&quot;,sans-serif\" id=\"yui_3_16_0_ym19_1_1476462259116_885472\">&nbsp;&nbsp;&nbsp; O resultado magro que n\u00e3o empolgou aqueles  que verdadeiramente entendem de futebol, marcou a 32\u00aa Rodada, do Campeonato  Brasileiro, da S\u00e9rie B. O Cruzmaltino manteve a vice-lideran\u00e7a, agora com 57  pontos ganhos na tabela de classifica\u00e7\u00e3o. Mas tem o Ava\u00ed, na cola com 54.<o:p id=\"yui_3_16_0_ym19_1_1476462259116_885473\"><\/o:p><\/span><\/div>\n<div style=\"text-align:justify;text-indent:35.4pt;tab-stops:111.0pt\" id=\"yui_3_16_0_ym19_1_1476462259116_885474\"><span style=\"font-size:14.0pt;line-height:115%;font-family:&quot;Arial&quot;,sans-serif\" id=\"yui_3_16_0_ym19_1_1476462259116_885475\">Por  citar o time catarinense, este ser\u00e1 o advers\u00e1rio do Gigante da Colina, na  pr\u00f3xima rodada, quarta-feira, dia 26 de outubro, em S\u00e3o Janu\u00e1rio. O treinador  Jorginho precisa apresentar uma equipe mais eficiente e que n\u00e3o d\u00ea susto ao  torcedor vasca\u00edno.<o:p id=\"yui_3_16_0_ym19_1_1476462259116_885476\"><\/o:p><\/span><\/div>\n<div style=\"text-align:justify;text-indent:35.4pt;tab-stops:111.0pt\" id=\"yui_3_16_0_ym19_1_1476462259116_885477\"><span style=\"font-size:14.0pt;line-height:115%;font-family:&quot;Arial&quot;,sans-serif\" id=\"yui_3_16_0_ym19_1_1476462259116_885478\">Dom  Charuto ter\u00e1 muito trabalho para formar um plantel de verdade para 2017. Se  mantiver essa base, certamente n\u00e3o ser\u00e1 tricampe\u00e3o carioca, e de quebra um  quarto rebaixamento no Brasileir\u00e3o. Se analisarmos com severidade n\u00e3o h\u00e1 nenhum  atleta digno de ficar. Mas for\u00e7ando uma barra e dando chance, poder\u00edamos  aproveitar o Nen\u00ea, \u00c9derson, Luan e Douglas Luiz. Mais nada!<b id=\"yui_3_16_0_ym19_1_1476462259116_885479\"><u id=\"yui_3_16_0_ym19_1_1476462259116_885480\"><o:p id=\"yui_3_16_0_ym19_1_1476462259116_885481\"><\/o:p><\/u><\/b><\/span><\/div>\n<div style=\"text-align:justify;text-indent:35.4pt;tab-stops:111.0pt\" id=\"yui_3_16_0_ym19_1_1476462259116_885482\"><span style=\"font-size:14.0pt;line-height:115%;font-family:&quot;Arial&quot;,sans-serif\" id=\"yui_3_16_0_ym19_1_1476462259116_885483\">&nbsp;&nbsp;&nbsp;&nbsp;&nbsp;&nbsp;&nbsp;&nbsp;&nbsp;&nbsp;&nbsp;&nbsp;&nbsp;&nbsp;&nbsp;&nbsp;&nbsp;&nbsp;&nbsp; <o:p id=\"yui_3_16_0_ym19_1_1476462259116_885484\"><\/o:p><\/span><\/div>\n<div style=\"text-align:justify;text-indent:35.4pt;tab-stops:111.0pt\" id=\"yui_3_16_0_ym19_1_1476462259116_885485\"><b id=\"yui_3_16_0_ym19_1_1476462259116_885486\"><u id=\"yui_3_16_0_ym19_1_1476462259116_885487\"><span style=\"font-size:20.0pt;line-height:115%;font-family:&quot;Arial&quot;,sans-serif\" id=\"yui_3_16_0_ym19_1_1476462259116_885488\"><o:p id=\"yui_3_16_0_ym19_1_1476462259116_885489\"><span style=\"text-decoration: none\" id=\"yui_3_16_0_ym19_1_1476462259116_885490\">&nbsp;<\/span><\/o:p><\/span><\/u><\/b><\/div>\n<div style=\"text-align:justify;text-indent:35.4pt;tab-stops:111.0pt\" id=\"yui_3_16_0_ym19_1_1476462259116_885491\"><b id=\"yui_3_16_0_ym19_1_1476462259116_885492\"><u id=\"yui_3_16_0_ym19_1_1476462259116_885493\"><span style=\"font-size:20.0pt;line-height:115%;font-family:&quot;Arial&quot;,sans-serif\" id=\"yui_3_16_0_ym19_1_1476462259116_885494\">DIVULGUEM ESSA COVARDIA:<\/span><\/u><\/b><span style=\"font-size:16.0pt;line-height:115%;font-family:&quot;Arial&quot;,sans-serif\" id=\"yui_3_16_0_ym19_1_1476462259116_885495\"> GOSTARIA  DE PEDIR A TODOS OS MEUS AMIGOS E LEITORES QUE TIRASSE UM TEMPINHO PARA LER A  PETI\u00c7\u00c3O P\u00daBLICA, AO QUAL SEGUE ABAIXO O LINK. TAL DOCUMENTO REFERE-SE A <b id=\"yui_3_16_0_ym19_1_1476462259116_885496\"><u id=\"yui_3_16_0_ym19_1_1476462259116_885497\">UM ATO DE COVARDIA POR PARTE DA  VOLKSWAGEN DO BRASIL EM COAUTORIA DA ABOLI\u00c7\u00c3O VE\u00cdCULOS (GRUPO AB)<\/u><\/b>  CONTRA ESTE VELHO JORNALISTA. A REFERIDA CONCESSION\u00c1RIA EST\u00c1 ME LESANDO DESDE  FEVEREIRO DE 2013. MEU CARRO FOI BATIDO DENTRO DA OFICINA, FURTARAM ACESS\u00d3RIOS,  TEM PROBLEMAS CAUSADOS POR ELES, AL\u00c9M DE DEFEITOS DE FABRICA\u00c7\u00c3O. O CARRO 0 KM  COMPRADO POR MIM HOJE SE ENCONTRA NA OFICINA DA ABOLI\u00c7\u00c3O VE\u00cdCULOS (CENTRO DE  NITER\u00d3I) <b id=\"yui_3_16_0_ym19_1_1476462259116_885498\"><u id=\"yui_3_16_0_ym19_1_1476462259116_885499\">DESDE 10 DE JUNHO DE 2013<\/u><\/b>,  OU MELHOR, H\u00c1 40<b id=\"yui_3_16_0_ym19_1_1476462259116_885500\"><u id=\"yui_3_16_0_ym19_1_1476462259116_885501\"> MESES, OU SEJA, 3  ANOS E QUATRO MESES.<\/u><\/b> <b id=\"yui_3_16_0_ym19_1_1476462259116_885502\"><u id=\"yui_3_16_0_ym19_1_1476462259116_885503\">TEM  APENAS 729 KM RODADOS<\/u><\/b> PARA COMPROVAR O CALV\u00c1RIO TENHO DOCUMENTOS,  GRAVA\u00c7\u00d5ES DE AUDIO E V\u00cdDEO, MAIS DE 600 FOTOGRAFIAS E E-MAILS TROCADOS COM  FUNCION\u00c1RIOS DO BAIXO, M\u00c9DIO E ALTO ESCAL\u00c3O DA EMPRESA. POR FAVOR, ASSINEM O  DOCUMENTO PARA QUE OUTROS CONSUMIDORES N\u00c3O SEJAM LESADOS POR EMPRESAS DESTE  N\u00cdVEL.&nbsp; <\/span><a href=\"https:\/\/secure.avaaz.org\/po\/petition\/Aos_Orgaos_de_Defesa_do_Consumidor_e_ao_Poder_Judiciario_JUSTICA_CONTRA_UMA_MARCA_E_SUA_REVENDERORA_QUE_DESCUMPREM_A_LEI\/?lJEcNfb&amp;pv=0\" id=\"yui_3_16_0_ym19_1_1476462259116_885504\"><span style=\"font-size:16.0pt;line-height:115%;font-family:&quot;Arial&quot;,sans-serif\" id=\"yui_3_16_0_ym19_1_1476462259116_885505\">https:\/\/secure.avaaz.org\/po\/petition\/Aos_Orgaos_de_Defesa_do_Consumidor_e_ao_Poder_Judiciario_JUSTICA_CONTRA_UMA_MARCA_E_SUA_REVENDERORA_QUE_DESCUMPREM_A_LEI\/?lJEcNfb&amp;pv=0<\/span><\/a><span style=\"font-size:16.0pt;line-height:115%;font-family:&quot;Arial&quot;,sans-serif\" id=\"yui_3_16_0_ym19_1_1476462259116_885506\"><o:p id=\"yui_3_16_0_ym19_1_1476462259116_885507\"><\/o:p><\/span><\/div>\n<div style=\"text-align:justify;tab-stops:69.75pt\" id=\"yui_3_16_0_ym19_1_1476462259116_885508\"><span style=\"font-size:16.0pt;line-height:115%;font-family:&quot;Arial&quot;,sans-serif\" id=\"yui_3_16_0_ym19_1_1476462259116_885509\">&nbsp;&nbsp;&nbsp;&nbsp;&nbsp;&nbsp;&nbsp;&nbsp;&nbsp;&nbsp;&nbsp;&nbsp;&nbsp;&nbsp;&nbsp; <o:p id=\"yui_3_16_0_ym19_1_1476462259116_885510\"><\/o:p><\/span><\/div>\n<div style=\"text-align:justify;tab-stops:111.0pt\" id=\"yui_3_16_0_ym19_1_1476462259116_885511\"><b id=\"yui_3_16_0_ym19_1_1476462259116_885512\"><span style=\"font-size:16.0pt;line-height:115%;font-family:&quot;Arial&quot;,sans-serif\" id=\"yui_3_16_0_ym19_1_1476462259116_885513\">&nbsp;&nbsp;&nbsp;&nbsp;&nbsp;&nbsp;&nbsp;&nbsp;&nbsp;&nbsp;&nbsp;&nbsp;&nbsp;&nbsp;&nbsp;&nbsp;&nbsp;&nbsp;&nbsp;&nbsp;&nbsp;&nbsp;&nbsp;&nbsp; &nbsp;&nbsp;&nbsp;&nbsp;&nbsp;&nbsp; <o:p id=\"yui_3_16_0_ym19_1_1476462259116_885514\"><\/o:p><\/span><\/b><\/div>\n<div style=\"text-align:justify\" id=\"yui_3_16_0_ym19_1_1476462259116_885515\"><b id=\"yui_3_16_0_ym19_1_1476462259116_885516\"><span style=\"font-size:14.0pt;line-height:115%;font-family:&quot;Arial&quot;,sans-serif\" id=\"yui_3_16_0_ym19_1_1476462259116_885517\">AP\u00d3S  AS TODAS AS PARTIDAS DO VASC\u00c3O EM MEU PERFIL DO FACEBOOK (QUEM QUISER RECEBER  AS CR\u00d4NICAS DE PRIMEIRA M\u00c3O \u00c9 S\u00d3 ME ADICIONAR), E NOS SITES WEBVASCO  (<a href=\"http:\/\/www.webvasco.com\">www.webvasco.com<\/a>), E VASCA\u00cdNOS UNIDOS (<a href=\"http:\/\/www.vascainosunidos.com.br\">www.vascainosunidos.com.br<\/a>) TEM A  OPINI\u00c3O DO JORNALISTA LUIZ CARLOS ROCHA. LEIAM! COMPARTILHEM E CURTAM!  VASCA\u00cdNOS UNIDOS JAMAIS SER\u00c3O VENCIDOS.<o:p id=\"yui_3_16_0_ym19_1_1476462259116_885518\"><\/o:p><\/span><\/b><\/div>\n<div id=\"yui_3_16_0_ym19_1_1476462259116_885211\">                                                    <\/div>\n<div style=\"text-align:justify\" dir=\"ltr\" id=\"yui_3_16_0_ym19_1_1476462259116_885519\"><b id=\"yui_3_16_0_ym19_1_1476462259116_885520\"><span style=\"font-size:14.0pt;line-height:115%;font-family:&quot;Arial&quot;,sans-serif\" id=\"yui_3_16_0_ym19_1_1476462259116_885521\">&nbsp;<\/span><\/b><\/div>\n<div id=\"yui_3_16_0_ym19_1_1476462259116_885211\"><span><br \/><\/span><\/div>\n<div id=\"yui_3_16_0_ym19_1_1476462259116_885211\"><span><br \/><\/span><\/div>\n<div id=\"yui_3_16_0_ym19_1_1476462259116_885211\"><span><br \/><\/span><\/div>\n<div id=\"yui_3_16_0_ym19_1_1476462259116_885211\"><span><br \/><\/span><\/div>\n<div><\/div>\n<div id=\"yui_3_16_0_ym19_1_1476462259116_885212\">&nbsp;<\/div>\n<div class=\"signature\" id=\"yui_3_16_0_ym19_1_1476462259116_885217\">\n<div id=\"RTEContent\">\n<div id=\"yui_3_16_0_ym19_1_1476462259116_885216\">\n<div id=\"yui_3_16_0_ym19_1_1476462259116_885215\">\n<div id=\"yui_3_16_0_ym19_1_1476462259116_885214\">\n<div align=\"center\" id=\"yui_3_16_0_ym19_1_1476462259116_885213\"><\/div>\n<\/div>\n<\/div>\n<\/div>\n<\/div>\n<\/div>\n<\/div>\n<\/div>\n<p><\/p>\n","protected":false},"excerpt":{"rendered":"<p>&nbsp;&nbsp;Venceu, mas n\u00e3o convenceu. Tirar a marrar de continuar no G4, em cima de uma&#8230;<\/p>\n","protected":false},"author":7,"featured_media":0,"comment_status":"open","ping_status":"closed","sticky":false,"template":"","format":"standard","meta":{"footnotes":""},"categories":[4],"tags":[],"class_list":["post-7938","post","type-post","status-publish","format-standard","hentry","category-luizcarlosrocha"],"_links":{"self":[{"href":"https:\/\/webvasco.com\/artigos\/wp-json\/wp\/v2\/posts\/7938","targetHints":{"allow":["GET"]}}],"collection":[{"href":"https:\/\/webvasco.com\/artigos\/wp-json\/wp\/v2\/posts"}],"about":[{"href":"https:\/\/webvasco.com\/artigos\/wp-json\/wp\/v2\/types\/post"}],"author":[{"embeddable":true,"href":"https:\/\/webvasco.com\/artigos\/wp-json\/wp\/v2\/users\/7"}],"replies":[{"embeddable":true,"href":"https:\/\/webvasco.com\/artigos\/wp-json\/wp\/v2\/comments?post=7938"}],"version-history":[{"count":0,"href":"https:\/\/webvasco.com\/artigos\/wp-json\/wp\/v2\/posts\/7938\/revisions"}],"wp:attachment":[{"href":"https:\/\/webvasco.com\/artigos\/wp-json\/wp\/v2\/media?parent=7938"}],"wp:term":[{"taxonomy":"category","embeddable":true,"href":"https:\/\/webvasco.com\/artigos\/wp-json\/wp\/v2\/categories?post=7938"},{"taxonomy":"post_tag","embeddable":true,"href":"https:\/\/webvasco.com\/artigos\/wp-json\/wp\/v2\/tags?post=7938"}],"curies":[{"name":"wp","href":"https:\/\/api.w.org\/{rel}","templated":true}]}}