{"id":7939,"date":"2016-10-27T23:27:45","date_gmt":"2016-10-28T02:27:45","guid":{"rendered":"http:\/\/webvasco.com\/artigos\/?p=7939"},"modified":"2016-10-27T23:43:40","modified_gmt":"2016-10-28T02:43:40","slug":"tomou-uma-vaca","status":"publish","type":"post","link":"https:\/\/webvasco.com\/artigos\/colunistas\/luizcarlosrocha\/tomou-uma-vaca\/","title":{"rendered":"TOMOU UMA VACA!"},"content":{"rendered":"<div>\n<div style=\"color:#000; background-color:#fff; font-family:HelveticaNeue-Light, Helvetica Neue Light, Helvetica Neue, Helvetica, Arial, Lucida Grande, sans-serif;font-size:32px\">\n<div style=\"text-align:justify;text-indent:35.4pt;tab-stops:111.0pt\" id=\"yui_3_16_0_ym19_1_1476462259116_1333503\"><span style=\"font-size:12.0pt;line-height:115%;font-family:&quot;Arial&quot;,sans-serif\" id=\"yui_3_16_0_ym19_1_1476462259116_1333504\">&nbsp; &nbsp;&nbsp;Na g\u00edria carioca, costuma-se falar que  quando o sujeito entra mal no mar a onda pega ele e joga na areia. Popularmente  chamado de Tomar uma vaca! Foi o que aconteceu, ontem, em S\u00e3o Janu\u00e1rio, diante  do Ava\u00ed. O empate por 0 a 0, marcou a 33\u00aa Rodada do Campeonato Brasileiro, da  S\u00e9rie B, mas a ideia de tirar onda antecipadamente com a volta para a Elite  ficou para depois. Talvez porque no Ava\u00ed (Hawaii) n\u00e3o exista marola!<o:p id=\"yui_3_16_0_ym19_1_1476462259116_1333505\"><\/o:p><\/span><\/div>\n<div style=\"text-align:justify;text-indent:35.4pt;tab-stops:111.0pt\" id=\"yui_3_16_0_ym19_1_1476462259116_1333506\"><span style=\"font-size:12.0pt;line-height:115%;font-family:&quot;Arial&quot;,sans-serif\" id=\"yui_3_16_0_ym19_1_1476462259116_1333507\">O  Vasco at\u00e9 tentou mas esbarrou no \u00f3timo arqueiro Renan, que foi o nome do jogo.  Rodrigo tamb\u00e9m fez quest\u00e3o de mostrar que \u00e9 ruim ao perder sozinho um gol feito,  ap\u00f3s cabe\u00e7ada de Rafael Marques, e rebote do goleiro avaiano. O problema \u00e9 que  os dois pontos desperdi\u00e7ados far\u00e3o muita diferen\u00e7a, uma vez que a competi\u00e7\u00e3o  est\u00e1 na reta final e na tabela de classifica\u00e7\u00e3o o Cruzmaltino registra 58.<o:p id=\"yui_3_16_0_ym19_1_1476462259116_1333508\"><\/o:p><\/span><\/div>\n<div style=\"text-align:justify;text-indent:35.4pt;tab-stops:111.0pt\" id=\"yui_3_16_0_ym19_1_1476462259116_1333509\"><span style=\"font-size:12.0pt;line-height:115%;font-family:&quot;Arial&quot;,sans-serif\" id=\"yui_3_16_0_ym19_1_1476462259116_1333510\">\u00c9  n\u00edtido a queda de produ\u00e7\u00e3o do Gigante (nem tanto assim ultimamente) da Colina  na fase mais importante do Brasileir\u00e3o. \u00c9 preciso pontuar, para pelo menos  voltar para a S\u00e9rie A, j\u00e1 que as chances de triunfar como campe\u00e3o s\u00e3o remotas.  O pr\u00f3ximo desafio da equipe de Jorginho (pois ainda est\u00e1 empregado), ser\u00e1  s\u00e1bado, contra o Brasil de Pelotas, \u00e0s 16h30m, no Est\u00e1dio Bento Mendes de  Freitas, em Pelotas, Rio Grande do Sul.<o:p id=\"yui_3_16_0_ym19_1_1476462259116_1333511\"><\/o:p><\/span><\/div>\n<div style=\"text-align:justify;text-indent:35.4pt;tab-stops:111.0pt\" id=\"yui_3_16_0_ym19_1_1476462259116_1333512\"><b id=\"yui_3_16_0_ym19_1_1476462259116_1333513\"><u id=\"yui_3_16_0_ym19_1_1476462259116_1333514\"><span style=\"font-size:12.0pt;line-height:115%;font-family:&quot;Arial&quot;,sans-serif\" id=\"yui_3_16_0_ym19_1_1476462259116_1333515\">GOLEIRO <\/span><\/u><\/b><span style=\"font-size:12.0pt;line-height:115%;font-family:&quot;Arial&quot;,sans-serif\" id=\"yui_3_16_0_ym19_1_1476462259116_1333516\">\u2013 Todo  garoto quando forma seu time de pelada na rua em que mora, delega a fun\u00e7\u00e3o de  arqueiro aquele que n\u00e3o tem muita habilidade com a gorducha. A tradi\u00e7\u00e3o no  Brasil, \u00e9 ir para o gol aquele que n\u00e3o sabe atuar na linha. N\u00e3o \u00e9 verdade.  Prova disso foi o brilhante profissional, Renan que foi o destaque na Colina. O  curioso \u00e9 saber que Mart\u00edn Silva, um goleiro mediano \u00e9 idolatrado por parte da  torcida, que nos \u00faltimos dez anos foi muito machucada ao ver frangos hom\u00e9ricos.  Pergunta-se a Dom Charuto, porque gastou tanto dinheiro com a contrata\u00e7\u00e3o, bem  como com a manuten\u00e7\u00e3o (sal\u00e1rio e adicionais) com um goleiro mediano tendo um  \u00f3timo arqueiro logo ali no Sul? Fraqu\u00edssima a gest\u00e3o do cartola hein?<o:p id=\"yui_3_16_0_ym19_1_1476462259116_1333517\"><\/o:p><\/span><\/div>\n<div style=\"text-align:justify;text-indent:35.4pt;tab-stops:111.0pt\" id=\"yui_3_16_0_ym19_1_1476462259116_1333518\"><span style=\"font-size:12.0pt;line-height:115%;font-family:&quot;Arial&quot;,sans-serif\" id=\"yui_3_16_0_ym19_1_1476462259116_1333519\"><o:p id=\"yui_3_16_0_ym19_1_1476462259116_1333520\">&nbsp;<\/o:p><\/span><\/div>\n<div style=\"text-align:justify;text-indent:35.4pt;tab-stops:111.0pt\" id=\"yui_3_16_0_ym19_1_1476462259116_1333521\"><span style=\"font-size:14.0pt;line-height:115%;font-family:&quot;Arial&quot;,sans-serif\" id=\"yui_3_16_0_ym19_1_1476462259116_1333522\">&nbsp;&nbsp;&nbsp; <o:p id=\"yui_3_16_0_ym19_1_1476462259116_1333523\"><\/o:p><\/span><\/div>\n<div style=\"text-align:justify;text-indent:35.4pt;tab-stops:111.0pt\" id=\"yui_3_16_0_ym19_1_1476462259116_1333524\"><span style=\"font-size:14.0pt;line-height:115%;font-family:&quot;Arial&quot;,sans-serif\" id=\"yui_3_16_0_ym19_1_1476462259116_1333525\"><o:p id=\"yui_3_16_0_ym19_1_1476462259116_1333526\">&nbsp;<\/o:p><\/span><\/div>\n<div style=\"text-align:justify;text-indent:35.4pt;tab-stops:111.0pt\" id=\"yui_3_16_0_ym19_1_1476462259116_1333527\"><b id=\"yui_3_16_0_ym19_1_1476462259116_1333528\"><u id=\"yui_3_16_0_ym19_1_1476462259116_1333529\"><span style=\"font-size:20.0pt;line-height:115%;font-family:&quot;Arial&quot;,sans-serif\" id=\"yui_3_16_0_ym19_1_1476462259116_1333530\">DIVULGUEM ESSA COVARDIA:<\/span><\/u><\/b><span style=\"font-size:16.0pt;line-height:115%;font-family:&quot;Arial&quot;,sans-serif\" id=\"yui_3_16_0_ym19_1_1476462259116_1333531\"> GOSTARIA  DE PEDIR A TODOS OS MEUS AMIGOS E LEITORES QUE TIRASSE UM TEMPINHO PARA LER A  PETI\u00c7\u00c3O P\u00daBLICA, AO QUAL SEGUE ABAIXO O LINK. TAL DOCUMENTO REFERE-SE A <b id=\"yui_3_16_0_ym19_1_1476462259116_1333532\"><u id=\"yui_3_16_0_ym19_1_1476462259116_1333533\">UM ATO DE COVARDIA POR PARTE DA  VOLKSWAGEN DO BRASIL EM COAUTORIA DA ABOLI\u00c7\u00c3O VE\u00cdCULOS (GRUPO AB)<\/u><\/b>  CONTRA ESTE VELHO JORNALISTA. A REFERIDA CONCESSION\u00c1RIA EST\u00c1 ME LESANDO DESDE  FEVEREIRO DE 2013. MEU CARRO FOI BATIDO DENTRO DA OFICINA, FURTARAM ACESS\u00d3RIOS,  TEM PROBLEMAS CAUSADOS POR ELES, AL\u00c9M DE DEFEITOS DE FABRICA\u00c7\u00c3O. O CARRO 0 KM  COMPRADO POR MIM HOJE SE ENCONTRA NA OFICINA DA ABOLI\u00c7\u00c3O VE\u00cdCULOS (CENTRO DE  NITER\u00d3I) <b id=\"yui_3_16_0_ym19_1_1476462259116_1333534\"><u id=\"yui_3_16_0_ym19_1_1476462259116_1333535\">DESDE 10 DE JUNHO DE 2013<\/u><\/b>,  OU MELHOR, H\u00c1 40<b id=\"yui_3_16_0_ym19_1_1476462259116_1333536\"><u id=\"yui_3_16_0_ym19_1_1476462259116_1333537\"> MESES, OU SEJA, 3  ANOS E QUATRO MESES.<\/u><\/b> <b id=\"yui_3_16_0_ym19_1_1476462259116_1333538\"><u id=\"yui_3_16_0_ym19_1_1476462259116_1333539\">TEM  APENAS 729 KM RODADOS<\/u><\/b> PARA COMPROVAR O CALV\u00c1RIO TENHO DOCUMENTOS,  GRAVA\u00c7\u00d5ES DE AUDIO E V\u00cdDEO, MAIS DE 600 FOTOGRAFIAS E E-MAILS TROCADOS COM  FUNCION\u00c1RIOS DO BAIXO, M\u00c9DIO E ALTO ESCAL\u00c3O DA EMPRESA. POR FAVOR, ASSINEM O  DOCUMENTO PARA QUE OUTROS CONSUMIDORES N\u00c3O SEJAM LESADOS POR EMPRESAS DESTE  N\u00cdVEL.&nbsp; <\/span><a href=\"https:\/\/secure.avaaz.org\/po\/petition\/Aos_Orgaos_de_Defesa_do_Consumidor_e_ao_Poder_Judiciario_JUSTICA_CONTRA_UMA_MARCA_E_SUA_REVENDERORA_QUE_DESCUMPREM_A_LEI\/?lJEcNfb&amp;pv=0\" id=\"yui_3_16_0_ym19_1_1476462259116_1333540\"><span style=\"font-size:16.0pt;line-height:115%;font-family:&quot;Arial&quot;,sans-serif\" id=\"yui_3_16_0_ym19_1_1476462259116_1333541\">https:\/\/secure.avaaz.org\/po\/petition\/Aos_Orgaos_de_Defesa_do_Consumidor_e_ao_Poder_Judiciario_JUSTICA_CONTRA_UMA_MARCA_E_SUA_REVENDERORA_QUE_DESCUMPREM_A_LEI\/?lJEcNfb&amp;pv=0<\/span><\/a><span style=\"font-size:16.0pt;line-height:115%;font-family:&quot;Arial&quot;,sans-serif\" id=\"yui_3_16_0_ym19_1_1476462259116_1333542\"><o:p id=\"yui_3_16_0_ym19_1_1476462259116_1333543\"><\/o:p><\/span><\/div>\n<div style=\"text-align:justify;tab-stops:69.75pt\" id=\"yui_3_16_0_ym19_1_1476462259116_1333544\"><span style=\"font-size:16.0pt;line-height:115%;font-family:&quot;Arial&quot;,sans-serif\" id=\"yui_3_16_0_ym19_1_1476462259116_1333545\">&nbsp;&nbsp;&nbsp;&nbsp;&nbsp;&nbsp;&nbsp;&nbsp;&nbsp;&nbsp;&nbsp;&nbsp;&nbsp;&nbsp;&nbsp; <o:p id=\"yui_3_16_0_ym19_1_1476462259116_1333546\"><\/o:p><\/span><\/div>\n<div style=\"text-align:justify;tab-stops:111.0pt\" id=\"yui_3_16_0_ym19_1_1476462259116_1333547\"><b id=\"yui_3_16_0_ym19_1_1476462259116_1333548\"><span style=\"font-size:16.0pt;line-height:115%;font-family:&quot;Arial&quot;,sans-serif\" id=\"yui_3_16_0_ym19_1_1476462259116_1333549\">&nbsp;&nbsp;&nbsp;&nbsp;&nbsp;&nbsp;&nbsp;&nbsp;&nbsp;&nbsp;&nbsp;&nbsp;&nbsp;&nbsp;&nbsp;&nbsp;&nbsp;&nbsp;&nbsp;&nbsp;&nbsp;&nbsp;&nbsp;&nbsp; &nbsp;&nbsp;&nbsp;&nbsp;&nbsp;&nbsp; <o:p id=\"yui_3_16_0_ym19_1_1476462259116_1333550\"><\/o:p><\/span><\/b><\/div>\n<div id=\"yui_3_16_0_ym19_1_1476462259116_1333360\">                                        <\/div>\n<div style=\"text-align:justify\" dir=\"ltr\" id=\"yui_3_16_0_ym19_1_1476462259116_1333551\"><b id=\"yui_3_16_0_ym19_1_1476462259116_1333552\"><span style=\"font-size:14.0pt;line-height:115%;font-family:&quot;Arial&quot;,sans-serif\" id=\"yui_3_16_0_ym19_1_1476462259116_1333553\">AP\u00d3S  AS TODAS AS PARTIDAS DO VASC\u00c3O EM MEU PERFIL DO FACEBOOK (QUEM QUISER RECEBER  AS CR\u00d4NICAS DE PRIMEIRA M\u00c3O \u00c9 S\u00d3 ME ADICIONAR), E NOS SITES WEBVASCO  (<a href=\"http:\/\/www.webvasco.com\">www.webvasco.com<\/a>), E VASCA\u00cdNOS UNIDOS (<a href=\"http:\/\/www.vascainosunidos.com.br\">www.vascainosunidos.com.br<\/a>) TEM A  OPINI\u00c3O DO JORNALISTA LUIZ CARLOS ROCHA. LEIAM! COMPARTILHEM E CURTAM!  VASCA\u00cdNOS UNIDOS JAMAIS SER\u00c3O VENCIDOS.<o:p id=\"yui_3_16_0_ym19_1_1476462259116_1333554\"><\/o:p><\/span><\/b><\/div>\n<div id=\"yui_3_16_0_ym19_1_1476462259116_1333359\"><span><br \/><\/span><\/div>\n<div id=\"yui_3_16_0_ym19_1_1476462259116_1333358\"><span><br \/><\/span><\/div>\n<div id=\"yui_3_16_0_ym19_1_1476462259116_1333370\"><span><br \/><\/span><\/div>\n<div><\/div>\n<div id=\"yui_3_16_0_ym19_1_1476462259116_1331400\">&nbsp;<\/div>\n<div class=\"signature\" id=\"yui_3_16_0_ym19_1_1476462259116_1331407\">\n<div id=\"RTEContent\">\n<div id=\"yui_3_16_0_ym19_1_1476462259116_1331406\">\n<div id=\"yui_3_16_0_ym19_1_1476462259116_1331405\">\n<div id=\"yui_3_16_0_ym19_1_1476462259116_1331404\">\n<div align=\"center\" id=\"yui_3_16_0_ym19_1_1476462259116_1331403\"><\/div>\n<\/div>\n<\/div>\n<\/div>\n<\/div>\n<\/div>\n<\/div>\n<\/div>\n<p><\/p>\n","protected":false},"excerpt":{"rendered":"<p>&nbsp; &nbsp;&nbsp;Na g\u00edria carioca, costuma-se falar que quando o sujeito entra mal no mar a&#8230;<\/p>\n","protected":false},"author":7,"featured_media":0,"comment_status":"open","ping_status":"closed","sticky":false,"template":"","format":"standard","meta":{"footnotes":""},"categories":[4],"tags":[],"class_list":["post-7939","post","type-post","status-publish","format-standard","hentry","category-luizcarlosrocha"],"_links":{"self":[{"href":"https:\/\/webvasco.com\/artigos\/wp-json\/wp\/v2\/posts\/7939","targetHints":{"allow":["GET"]}}],"collection":[{"href":"https:\/\/webvasco.com\/artigos\/wp-json\/wp\/v2\/posts"}],"about":[{"href":"https:\/\/webvasco.com\/artigos\/wp-json\/wp\/v2\/types\/post"}],"author":[{"embeddable":true,"href":"https:\/\/webvasco.com\/artigos\/wp-json\/wp\/v2\/users\/7"}],"replies":[{"embeddable":true,"href":"https:\/\/webvasco.com\/artigos\/wp-json\/wp\/v2\/comments?post=7939"}],"version-history":[{"count":0,"href":"https:\/\/webvasco.com\/artigos\/wp-json\/wp\/v2\/posts\/7939\/revisions"}],"wp:attachment":[{"href":"https:\/\/webvasco.com\/artigos\/wp-json\/wp\/v2\/media?parent=7939"}],"wp:term":[{"taxonomy":"category","embeddable":true,"href":"https:\/\/webvasco.com\/artigos\/wp-json\/wp\/v2\/categories?post=7939"},{"taxonomy":"post_tag","embeddable":true,"href":"https:\/\/webvasco.com\/artigos\/wp-json\/wp\/v2\/tags?post=7939"}],"curies":[{"name":"wp","href":"https:\/\/api.w.org\/{rel}","templated":true}]}}