{"id":7941,"date":"2016-10-29T15:08:56","date_gmt":"2016-10-29T18:08:56","guid":{"rendered":"http:\/\/webvasco.com\/artigos\/?p=7941"},"modified":"2016-10-29T15:12:32","modified_gmt":"2016-10-29T18:12:32","slug":"grupo-rachado","status":"publish","type":"post","link":"https:\/\/webvasco.com\/artigos\/colunistas\/luizcarlosrocha\/grupo-rachado\/","title":{"rendered":"GRUPO RACHADO!"},"content":{"rendered":"<div>\n<div style=\"color:#000; background-color:#fff; font-family:HelveticaNeue-Light, Helvetica Neue Light, Helvetica Neue, Helvetica, Arial, Lucida Grande, sans-serif;font-size:32px\">\n<div style=\"text-align:justify;text-indent:35.4pt;tab-stops:111.0pt\" id=\"yui_3_16_0_ym19_1_1476462259116_1490124\"><span style=\"font-size:12.0pt;line-height:115%;font-family:&quot;Arial&quot;,sans-serif\" id=\"yui_3_16_0_ym19_1_1476462259116_1490125\">\u00c1gua e  \u00f3leo. PT e PSDB. Funk e m\u00fasica erudita. Brasil e Argentina. Amor e \u00f3dio.  Corrup\u00e7\u00e3o e honestidade. Flamengo e Vasco da Gama. Esses s\u00e3o alguns exemplos  que lados opostos jamais ser\u00e3o aliados. Uma fonte fidedigna procurou um dos  editores do Web Vasco e apontou o motivo da queda de rendimento futebol\u00edstico  da equipe profissional do Gigante da Colina.<o:p id=\"yui_3_16_0_ym19_1_1476462259116_1490126\"><\/o:p><\/span><\/div>\n<div style=\"text-align:justify;text-indent:35.4pt;tab-stops:111.0pt\" id=\"yui_3_16_0_ym19_1_1476462259116_1490127\"><span style=\"font-size:12.0pt;line-height:115%;font-family:&quot;Arial&quot;,sans-serif\" id=\"yui_3_16_0_ym19_1_1476462259116_1490128\">Em 01  de outubro de 2016, o Cruzmaltino que era l\u00edder do Campeonato Brasileiro, da S\u00e9rie  B, com 51 pontos ganhos at\u00e9 aquele momento, entrava em campo, na Arena  Pernambuco para enfrentar o N\u00e1utico. Era a Rodada de n\u00famero 28 da competi\u00e7\u00e3o. O  Mach\u00e3o da Gama tinha dois pontos a mais do que o vice-l\u00edder (hoje l\u00edder)  Atl\u00e9tico\/GO e poderia ficar a cinco pontos ganhos de dist\u00e2ncia, uma vez que  teoricamente o Timbu era um advers\u00e1rio fraco.<o:p id=\"yui_3_16_0_ym19_1_1476462259116_1490129\"><\/o:p><\/span><\/div>\n<div style=\"text-align:justify;text-indent:35.4pt;tab-stops:111.0pt\" id=\"yui_3_16_0_ym19_1_1476462259116_1490130\"><span style=\"font-size:12.0pt;line-height:115%;font-family:&quot;Arial&quot;,sans-serif\" id=\"yui_3_16_0_ym19_1_1476462259116_1490131\">Mas o  resultado n\u00e3o foi o esperado e o time de S\u00e3o Janu\u00e1rio perdeu a partida por 3 a  1. Para os donos da casa marcaram Rony (duas vezes) e Bergson. Madson descontou  para os visitantes. A escala\u00e7\u00e3o carioca foi assim: Mart\u00edn Silva; Madson, Luan  Rodrigo e J\u00falio Cesar (\u00c9der Lu\u00eds); J\u00falio dos Santos (Thalles), Douglas Luiz,  Andrezinho e Nen\u00ea; Jorge Henrique (Alan Cardoso) e \u00c9derson. <o:p id=\"yui_3_16_0_ym19_1_1476462259116_1490132\"><\/o:p><\/span><\/div>\n<div style=\"text-align:justify;text-indent:35.4pt;tab-stops:111.0pt\" id=\"yui_3_16_0_ym19_1_1476462259116_1490133\"><span style=\"font-size:12.0pt;line-height:115%;font-family:&quot;Arial&quot;,sans-serif\" id=\"yui_3_16_0_ym19_1_1476462259116_1490134\">Nada  diferente do que estava sendo utilizado pela Comiss\u00e3o T\u00e9cnica. Por\u00e9m, o ponto  cabal da desordem ficou por conta da conversa ao p\u00e9 do ouvido no vesti\u00e1rio.  Isto mesmo. Ao conversar com dos figur\u00f5es severamente no intervalo, um membro  da Comiss\u00e3o T\u00e9cnica recebeu como resposta palavras agressivas. N\u00e3o gostando o profissional  retrucou, e recebeu mais uma vez ofensas do atleta. A coisa ficou t\u00e3o feia que  chegaram as vias de fato, sendo contidos pelos demais jogadores e outros da  Comiss\u00e3o que ali estavam. Imediatamente o fato chegou ao conhecimento de Dom  Charuto que abafou o ocorrido para que a imprensa marrom n\u00e3o pudesse aumentar  ainda mais a crise.<o:p id=\"yui_3_16_0_ym19_1_1476462259116_1490135\"><\/o:p><\/span><\/div>\n<div style=\"text-align:justify;text-indent:35.4pt;tab-stops:111.0pt\" id=\"yui_3_16_0_ym19_1_1476462259116_1490136\"><span style=\"font-size:12.0pt;line-height:115%;font-family:&quot;Arial&quot;,sans-serif\" id=\"yui_3_16_0_ym19_1_1476462259116_1490137\">Embora  muito querido no clube e com um bom trabalho junto ao plantel, a tradi\u00e7\u00e3o no  pa\u00eds do futebol \u00e9 derrubar os treinadores quando estes \u201cbatem de frente\u201d com os  medalh\u00f5es dos times. Ou melhor, parte da equipe tomou partido do referido  membro da Comiss\u00e3o T\u00e9cnica, e outra ficou ao lado do atleta. Com isso o grupo  est\u00e1 rachado! Depois deste dia o futebol vem caindo de rendimento, porque lado  A n\u00e3o quer dar moral a lado B e vice-versa. Mediante a esta briga os resultados  negativos apareceram.<o:p id=\"yui_3_16_0_ym19_1_1476462259116_1490138\"><\/o:p><\/span><\/div>\n<div style=\"text-align:justify;text-indent:35.4pt;tab-stops:111.0pt\" id=\"yui_3_16_0_ym19_1_1476462259116_1490139\"><span style=\"font-size:12.0pt;line-height:115%;font-family:&quot;Arial&quot;,sans-serif\" id=\"yui_3_16_0_ym19_1_1476462259116_1490140\">O fato  explicitado acima \u00e9 mais uma prova da p\u00e9ssima gest\u00e3o de Dom Charuto. Um  presidente de um clube centen\u00e1rio como o Vasco da Gama n\u00e3o pode se preocupar em  tentar abafar o caso, e sim em resolver o mesmo. Paliativos s\u00e3o para amadores.  Os bons administradores t\u00eam de ter solu\u00e7\u00f5es. E principalmente pulso para  dirimir os conflitos.<o:p id=\"yui_3_16_0_ym19_1_1476462259116_1490141\"><\/o:p><\/span><\/div>\n<div style=\"text-align:justify;text-indent:35.4pt;tab-stops:111.0pt\" id=\"yui_3_16_0_ym19_1_1476462259116_1490142\"><span style=\"font-size:12.0pt;line-height:115%;font-family:&quot;Arial&quot;,sans-serif\" id=\"yui_3_16_0_ym19_1_1476462259116_1490143\">Para  ativar a mem\u00f3ria da Imensa Torcida Bem Feliz, aquela reuni\u00e3o de Dom Charuto com  a Comiss\u00e3o T\u00e9cnica, na qual logo depois o cartola fez quest\u00e3o de afirmar que  Jorginho e Cia. ficam, foi um recado interno para os \u201cbrig\u00f5es\u201d. Mas tamb\u00e9m  serviu para aqueles que especularam a sa\u00edda do treinador. S\u00f3 que Eurico disse  apenas uma parte da reuni\u00e3o. Isto, porque Jorginho, Zinho e toda Comiss\u00e3o  ficam, mas at\u00e9 dezembro! Independente da coloca\u00e7\u00e3o do Vasco no Brasileir\u00e3o. No  dia em que Dom Charuto reuniu a m\u00eddia, e na coletiva comentou a perman\u00eancia  destes profissionais sem ter qualquer assunto que justificasse a decis\u00e3o e \/ou  assunto que dessa liga, ningu\u00e9m entendeu bem e pulga ficou atr\u00e1s da orelha  (como no velho ditado).<o:p id=\"yui_3_16_0_ym19_1_1476462259116_1490144\"><\/o:p><\/span><\/div>\n<div style=\"text-align:justify;text-indent:35.4pt;tab-stops:111.0pt\" id=\"yui_3_16_0_ym19_1_1476462259116_1490145\"><span style=\"font-size:12.0pt;line-height:115%;font-family:&quot;Arial&quot;,sans-serif\" id=\"yui_3_16_0_ym19_1_1476462259116_1490146\">&nbsp;Hoje, sabemos o real problema no plantel. O  disse-me-disse apontava que Jorginho teria perdido o comando. Mas o fato \u00e9 que  depois da briga \u2013 literalmente \u2013 entre um membro da Comiss\u00e3o T\u00e9cnica com um dos  jogadores refer\u00eancia do time tudo fica mais claro aos olhos do torcedor  vasca\u00edno. N\u00e3o h\u00e1 qualquer chance de ficar com ambos no mesmo ambiente.<o:p id=\"yui_3_16_0_ym19_1_1476462259116_1490147\"><\/o:p><\/span><\/div>\n<div style=\"text-align:justify;text-indent:35.4pt;tab-stops:111.0pt\" id=\"yui_3_16_0_ym19_1_1476462259116_1490148\"><span style=\"font-size:12.0pt;line-height:115%;font-family:&quot;Arial&quot;,sans-serif\" id=\"yui_3_16_0_ym19_1_1476462259116_1490149\">Procurei  um membro da c\u00fapula vasca\u00edna, que conhece o mandat\u00e1rio de longa data e tive  como resposta: \u201cLuiz Carlos, voc\u00ea \u00e9 inteligente e est\u00e1 h\u00e1 um bom tempo  escrevendo sobre futebol. Sabe bem que os empres\u00e1rios mandam e desmandam nas  decis\u00f5es. Aqui no Vasco n\u00e3o \u00e9 diferente. A briga entre eles vai sobrar para a  Comiss\u00e3o T\u00e9cnica, porque o jogador \u00e9 importante para o clube, para os demais  jogadores, pois \u00e9 \u00eddolo e principalmente para os empres\u00e1rios\u201d, disse fulano,  que n\u00e3o deseja se identificar. <o:p id=\"yui_3_16_0_ym19_1_1476462259116_1490150\"><\/o:p><\/span><\/div>\n<div style=\"text-align:justify;text-indent:35.4pt;tab-stops:111.0pt\" id=\"yui_3_16_0_ym19_1_1476462259116_1490151\"><span style=\"font-size:12.0pt;line-height:115%;font-family:&quot;Arial&quot;,sans-serif\" id=\"yui_3_16_0_ym19_1_1476462259116_1490152\">O  diretor ainda completou: \u201cNo futebol moderno n\u00e3o existe inocente. Ningu\u00e9m joga  mais por amor \u00e0 camisa. Hoje os atletas visam primeiramente o dinheiro. Eurico  n\u00e3o tem for\u00e7as para lutar contra isso\u201d, disparou dando a entender que o clube  est\u00e1 nas m\u00e3os de quem nem imaginamos!<o:p id=\"yui_3_16_0_ym19_1_1476462259116_1490153\"><\/o:p><\/span><\/div>\n<div style=\"text-align:justify;text-indent:35.4pt;tab-stops:111.0pt\" id=\"yui_3_16_0_ym19_1_1476462259116_1490154\"><span style=\"font-size:12.0pt;line-height:115%;font-family:&quot;Arial&quot;,sans-serif\" id=\"yui_3_16_0_ym19_1_1476462259116_1490155\">N\u00e3o h\u00e1  como dizer que o ambiente em S\u00e3o Janu\u00e1rio \u00e9 o mesmo do in\u00edcio da temporada.  Tudo mudou. O clima \u00e9 mais pesado. Os atletas tentam disfar\u00e7ar, mas o semblante  entrega. Espero sinceramente que Dom Charuto se imponha como \u201cchefe\u201d do time e  n\u00e3o deixe o estrago ser pior, pois a \u00faltima coisa que o torcedor vasca\u00edno quer  ver \u00e9 a perman\u00eancia da equipe na Segundona. Dom Charuto precisa ter consci\u00eancia  que cartolas vem e v\u00e3o, que atletas s\u00e3o n\u00fameros, mesmo aqueles que se destacam,  mas que a marca VASCO DA GAMA \u00e9 eterna. Por isso \u00e9 preciso mais empenho, mais  profissionalismo, menos amadorismo e menos erros! <o:p id=\"yui_3_16_0_ym19_1_1476462259116_1490156\"><\/o:p><\/span><\/div>\n<div style=\"text-align:justify;text-indent:35.4pt;tab-stops:111.0pt\" id=\"yui_3_16_0_ym19_1_1476462259116_1490157\"><span style=\"font-size:12.0pt;line-height:115%;font-family:&quot;Arial&quot;,sans-serif\" id=\"yui_3_16_0_ym19_1_1476462259116_1490158\"><o:p id=\"yui_3_16_0_ym19_1_1476462259116_1490159\">&nbsp;<\/o:p><\/span><\/div>\n<div style=\"text-align:justify;text-indent:35.4pt;tab-stops:111.0pt\" id=\"yui_3_16_0_ym19_1_1476462259116_1490160\"><span style=\"font-size:14.0pt;line-height:115%;font-family:&quot;Arial&quot;,sans-serif\" id=\"yui_3_16_0_ym19_1_1476462259116_1490161\">&nbsp;&nbsp;&nbsp; <o:p id=\"yui_3_16_0_ym19_1_1476462259116_1490162\"><\/o:p><\/span><\/div>\n<div style=\"text-align:justify;text-indent:35.4pt;tab-stops:111.0pt\" id=\"yui_3_16_0_ym19_1_1476462259116_1490163\"><span style=\"font-size:14.0pt;line-height:115%;font-family:&quot;Arial&quot;,sans-serif\" id=\"yui_3_16_0_ym19_1_1476462259116_1490164\"><o:p id=\"yui_3_16_0_ym19_1_1476462259116_1490165\">&nbsp;<\/o:p><\/span><\/div>\n<div style=\"text-align:justify;text-indent:35.4pt;tab-stops:111.0pt\" id=\"yui_3_16_0_ym19_1_1476462259116_1490166\"><b id=\"yui_3_16_0_ym19_1_1476462259116_1490167\"><u id=\"yui_3_16_0_ym19_1_1476462259116_1490168\"><span style=\"font-size:20.0pt;line-height:115%;font-family:&quot;Arial&quot;,sans-serif\" id=\"yui_3_16_0_ym19_1_1476462259116_1490169\">DIVULGUEM ESSA COVARDIA:<\/span><\/u><\/b><span style=\"font-size:16.0pt;line-height:115%;font-family:&quot;Arial&quot;,sans-serif\" id=\"yui_3_16_0_ym19_1_1476462259116_1490170\"> GOSTARIA  DE PEDIR A TODOS OS MEUS AMIGOS E LEITORES QUE TIRASSE UM TEMPINHO PARA LER A  PETI\u00c7\u00c3O P\u00daBLICA, AO QUAL SEGUE ABAIXO O LINK. TAL DOCUMENTO REFERE-SE A <b id=\"yui_3_16_0_ym19_1_1476462259116_1490171\"><u id=\"yui_3_16_0_ym19_1_1476462259116_1490172\">UM ATO DE COVARDIA POR PARTE DA  VOLKSWAGEN DO BRASIL EM COAUTORIA DA ABOLI\u00c7\u00c3O VE\u00cdCULOS (GRUPO AB)<\/u><\/b>  CONTRA ESTE VELHO JORNALISTA. A REFERIDA CONCESSION\u00c1RIA EST\u00c1 ME LESANDO DESDE  FEVEREIRO DE 2013. MEU CARRO FOI BATIDO DENTRO DA OFICINA, FURTARAM ACESS\u00d3RIOS,  TEM PROBLEMAS CAUSADOS POR ELES, AL\u00c9M DE DEFEITOS DE FABRICA\u00c7\u00c3O. O CARRO 0 KM  COMPRADO POR MIM HOJE SE ENCONTRA NA OFICINA DA ABOLI\u00c7\u00c3O VE\u00cdCULOS (CENTRO DE  NITER\u00d3I) <b id=\"yui_3_16_0_ym19_1_1476462259116_1490173\"><u id=\"yui_3_16_0_ym19_1_1476462259116_1490174\">DESDE 10 DE JUNHO DE 2013<\/u><\/b>,  OU MELHOR, H\u00c1 40<b id=\"yui_3_16_0_ym19_1_1476462259116_1490175\"><u id=\"yui_3_16_0_ym19_1_1476462259116_1490176\"> MESES, OU SEJA, 3  ANOS E QUATRO MESES.<\/u><\/b> <b id=\"yui_3_16_0_ym19_1_1476462259116_1490177\"><u id=\"yui_3_16_0_ym19_1_1476462259116_1490178\">TEM  APENAS 729 KM RODADOS<\/u><\/b> PARA COMPROVAR O CALV\u00c1RIO TENHO DOCUMENTOS,  GRAVA\u00c7\u00d5ES DE AUDIO E V\u00cdDEO, MAIS DE 600 FOTOGRAFIAS E E-MAILS TROCADOS COM  FUNCION\u00c1RIOS DO BAIXO, M\u00c9DIO E ALTO ESCAL\u00c3O DA EMPRESA. POR FAVOR, ASSINEM O  DOCUMENTO PARA QUE OUTROS CONSUMIDORES N\u00c3O SEJAM LESADOS POR EMPRESAS DESTE  N\u00cdVEL.&nbsp; <\/span><a href=\"https:\/\/secure.avaaz.org\/po\/petition\/Aos_Orgaos_de_Defesa_do_Consumidor_e_ao_Poder_Judiciario_JUSTICA_CONTRA_UMA_MARCA_E_SUA_REVENDERORA_QUE_DESCUMPREM_A_LEI\/?lJEcNfb&amp;pv=0\" id=\"yui_3_16_0_ym19_1_1476462259116_1490179\"><span style=\"font-size:16.0pt;line-height:115%;font-family:&quot;Arial&quot;,sans-serif\" id=\"yui_3_16_0_ym19_1_1476462259116_1490180\">https:\/\/secure.avaaz.org\/po\/petition\/Aos_Orgaos_de_Defesa_do_Consumidor_e_ao_Poder_Judiciario_JUSTICA_CONTRA_UMA_MARCA_E_SUA_REVENDERORA_QUE_DESCUMPREM_A_LEI\/?lJEcNfb&amp;pv=0<\/span><\/a><span style=\"font-size:16.0pt;line-height:115%;font-family:&quot;Arial&quot;,sans-serif\" id=\"yui_3_16_0_ym19_1_1476462259116_1490181\"><o:p id=\"yui_3_16_0_ym19_1_1476462259116_1490182\"><\/o:p><\/span><\/div>\n<div style=\"text-align:justify;tab-stops:69.75pt\" id=\"yui_3_16_0_ym19_1_1476462259116_1490183\"><span style=\"font-size:16.0pt;line-height:115%;font-family:&quot;Arial&quot;,sans-serif\" id=\"yui_3_16_0_ym19_1_1476462259116_1490184\">&nbsp;&nbsp;&nbsp;&nbsp;&nbsp;&nbsp;&nbsp;&nbsp;&nbsp;&nbsp;&nbsp;&nbsp;&nbsp;&nbsp;&nbsp; <o:p id=\"yui_3_16_0_ym19_1_1476462259116_1490185\"><\/o:p><\/span><\/div>\n<div style=\"text-align:justify;tab-stops:111.0pt\" id=\"yui_3_16_0_ym19_1_1476462259116_1490186\"><b id=\"yui_3_16_0_ym19_1_1476462259116_1490187\"><span style=\"font-size:16.0pt;line-height:115%;font-family:&quot;Arial&quot;,sans-serif\" id=\"yui_3_16_0_ym19_1_1476462259116_1490188\">&nbsp;&nbsp;&nbsp;&nbsp;&nbsp;&nbsp;&nbsp;&nbsp;&nbsp;&nbsp;&nbsp;&nbsp;&nbsp;&nbsp;&nbsp;&nbsp;&nbsp;&nbsp;&nbsp;&nbsp;&nbsp;&nbsp;&nbsp;&nbsp; &nbsp;&nbsp;&nbsp;&nbsp;&nbsp;&nbsp; <o:p id=\"yui_3_16_0_ym19_1_1476462259116_1490189\"><\/o:p><\/span><\/b><\/div>\n<div style=\"text-align:justify\" id=\"yui_3_16_0_ym19_1_1476462259116_1490190\"><b id=\"yui_3_16_0_ym19_1_1476462259116_1490191\"><span style=\"font-size:14.0pt;line-height:115%;font-family:&quot;Arial&quot;,sans-serif\" id=\"yui_3_16_0_ym19_1_1476462259116_1490192\">AP\u00d3S  AS TODAS AS PARTIDAS DO VASC\u00c3O EM MEU PERFIL DO FACEBOOK (QUEM QUISER RECEBER  AS CR\u00d4NICAS DE PRIMEIRA M\u00c3O \u00c9 S\u00d3 ME ADICIONAR), E NOS SITES WEBVASCO  (<a href=\"http:\/\/www.webvasco.com\">www.webvasco.com<\/a>), E VASCA\u00cdNOS UNIDOS (<a href=\"http:\/\/www.vascainosunidos.com.br\">www.vascainosunidos.com.br<\/a>) TEM A  OPINI\u00c3O DO JORNALISTA LUIZ CARLOS ROCHA. LEIAM! COMPARTILHEM E CURTAM!  VASCA\u00cdNOS UNIDOS JAMAIS SER\u00c3O VENCIDOS.<o:p id=\"yui_3_16_0_ym19_1_1476462259116_1490193\"><\/o:p><\/span><\/b><\/div>\n<div id=\"yui_3_16_0_ym19_1_1476462259116_1489902\">                                                                        <\/div>\n<div style=\"text-align:justify\" dir=\"ltr\" id=\"yui_3_16_0_ym19_1_1476462259116_1490194\"><b id=\"yui_3_16_0_ym19_1_1476462259116_1490195\"><span style=\"font-size:14.0pt;line-height:115%;font-family:&quot;Arial&quot;,sans-serif\" id=\"yui_3_16_0_ym19_1_1476462259116_1490196\">&nbsp;<\/span><\/b><\/div>\n<div id=\"yui_3_16_0_ym19_1_1476462259116_1489902\"><span><br \/><\/span><\/div>\n<div id=\"yui_3_16_0_ym19_1_1476462259116_1489902\"><span><br \/><\/span><\/div>\n<div id=\"yui_3_16_0_ym19_1_1476462259116_1489902\"><span><br \/><\/span><\/div>\n<div id=\"yui_3_16_0_ym19_1_1476462259116_1489902\"><span><br \/><\/span><\/div>\n<div id=\"yui_3_16_0_ym19_1_1476462259116_1489902\"><span><br \/><\/span><\/div>\n<div><\/div>\n<div id=\"yui_3_16_0_ym19_1_1476462259116_1489944\">&nbsp;<\/div>\n<div class=\"signature\" id=\"yui_3_16_0_ym19_1_1476462259116_1489909\">\n<div id=\"RTEContent\">\n<div id=\"yui_3_16_0_ym19_1_1476462259116_1489908\">\n<div id=\"yui_3_16_0_ym19_1_1476462259116_1489907\">\n<div id=\"yui_3_16_0_ym19_1_1476462259116_1489906\">\n<div align=\"center\" id=\"yui_3_16_0_ym19_1_1476462259116_1489905\"><\/div>\n<\/div>\n<\/div>\n<\/div>\n<\/div>\n<\/div>\n<\/div>\n<\/div>\n<p><\/p>\n","protected":false},"excerpt":{"rendered":"<p>\u00c1gua e \u00f3leo. PT e PSDB. Funk e m\u00fasica erudita. Brasil e Argentina. Amor e&#8230;<\/p>\n","protected":false},"author":7,"featured_media":0,"comment_status":"open","ping_status":"closed","sticky":false,"template":"","format":"standard","meta":{"footnotes":""},"categories":[4],"tags":[],"class_list":["post-7941","post","type-post","status-publish","format-standard","hentry","category-luizcarlosrocha"],"_links":{"self":[{"href":"https:\/\/webvasco.com\/artigos\/wp-json\/wp\/v2\/posts\/7941","targetHints":{"allow":["GET"]}}],"collection":[{"href":"https:\/\/webvasco.com\/artigos\/wp-json\/wp\/v2\/posts"}],"about":[{"href":"https:\/\/webvasco.com\/artigos\/wp-json\/wp\/v2\/types\/post"}],"author":[{"embeddable":true,"href":"https:\/\/webvasco.com\/artigos\/wp-json\/wp\/v2\/users\/7"}],"replies":[{"embeddable":true,"href":"https:\/\/webvasco.com\/artigos\/wp-json\/wp\/v2\/comments?post=7941"}],"version-history":[{"count":0,"href":"https:\/\/webvasco.com\/artigos\/wp-json\/wp\/v2\/posts\/7941\/revisions"}],"wp:attachment":[{"href":"https:\/\/webvasco.com\/artigos\/wp-json\/wp\/v2\/media?parent=7941"}],"wp:term":[{"taxonomy":"category","embeddable":true,"href":"https:\/\/webvasco.com\/artigos\/wp-json\/wp\/v2\/categories?post=7941"},{"taxonomy":"post_tag","embeddable":true,"href":"https:\/\/webvasco.com\/artigos\/wp-json\/wp\/v2\/tags?post=7941"}],"curies":[{"name":"wp","href":"https:\/\/api.w.org\/{rel}","templated":true}]}}