{"id":7942,"date":"2016-11-01T08:01:38","date_gmt":"2016-11-01T11:01:38","guid":{"rendered":"http:\/\/webvasco.com\/artigos\/?p=7942"},"modified":"2016-11-09T10:25:47","modified_gmt":"2016-11-09T13:25:47","slug":"pesquisa-de-opiniao-outubro-de-2016","status":"publish","type":"post","link":"https:\/\/webvasco.com\/artigos\/temas\/pesquisas-webvasco\/pesquisa-de-opiniao-outubro-de-2016\/","title":{"rendered":"PESQUISA DE OPINI\u00c3O \u2013 OUTUBRO DE 2016"},"content":{"rendered":"<p>T\u00edtulo:<strong> Pesquisa de Opini\u00e3o dos Torcedores do Club de Regatas Vasco da Gama<\/strong><\/p>\n<p>Realiza\u00e7\u00e3o: Portal Webvasco.com<\/p>\n<p>Per\u00edodo: <strong>15\/10\/2016 a 30\/10\/2016<\/strong><\/p>\n<p>&nbsp;<\/p>\n<p><strong>Informa\u00e7\u00f5es Preliminares<\/strong><\/p>\n<p>O portal Webvasco, atrav\u00e9s de sua equipe, lan\u00e7ou uma pesquisa com o objetivo de retratar o que os torcedores e s\u00f3cios desejam e esperam do CRVG para os pr\u00f3ximos anos.<\/p>\n<p>Esperamos que, atrav\u00e9s desta iniciativa, possamos contribuir com a institui\u00e7\u00e3o que, como s\u00f3cios, torcedores e entusiastas, buscamos defender e engrandecer.<\/p>\n<p>Para enriquecer a pesquisa e obter um recorte mais preciso, optamos por dividir a pesquisa em temas que ser\u00e3o aferidos em uma s\u00e9rie de pesquisas, onde o seu conjunto funcionar\u00e1 como uma grande radiografia da rela\u00e7\u00e3o Vasca\u00edno &#8211; Vasco.<\/p>\n<p>O primeiro tema, aqui apresentado, teve como igni\u00e7\u00e3o uma premissa que foi bem discutida nas redes sociais nos \u00faltimos meses:<\/p>\n<p><em>\u201cNas \u00faltimas elei\u00e7\u00f5es houve uma forte divis\u00e3o das for\u00e7as pol\u00edticas do Vasco, e cresce a corrente de vasca\u00ednos que acredita que essa divis\u00e3o prejudica o clube. Baseado nisso, queremos saber sua opini\u00e3o sobre essa premissa, de modo a entender melhor qual \u00e9 o desejo do Vasca\u00edno para o futuro do clube neste tema.\u201d<\/em><\/p>\n<p>Foram formuladas 3 perguntas. S\u00e3o elas:<\/p>\n<ul>\n<li>Quais qualidades s\u00e3o mais importantes para presidir o Vasco?<\/li>\n<li>Considerando ser verdadeiro que o pr\u00f3ximo presidente precisa buscar uma maior uni\u00e3o dos vasca\u00ednos, qual (ais) dos nomes abaixo teria (m) condi\u00e7\u00f5es de cumprir essa miss\u00e3o em sua opini\u00e3o?<\/li>\n<li>Diante do cen\u00e1rio atual, como voc\u00ea se sente ao pensar no futuro do Vasco?<\/li>\n<\/ul>\n<p>\u00c9 importante lembrar que as respostas em duplicidade foram removidas afim de retratar fielmente a opini\u00e3o do vasca\u00edno.<\/p>\n<p>O grau de confian\u00e7a desta pesquisa \u00e9 de 97%, podendo os resultados variarem 2% para mais ou para menos.<\/p>\n<p>A pesquisa, apesar de possuir apoio t\u00e9cnico, \u00e9 uma pesquisa n\u00e3o profissional, explorativa e virtual (Internet e Redes Sociais), sendo constatado que as principais origens de acesso foram canais de Whatsapp e Facebook. O n\u00famero de pesquisas completadas foi de <strong>1518 entrevistados<\/strong>.<\/p>\n<p>&nbsp;<\/p>\n<p><strong>Tabula\u00e7\u00e3o dos Resultados<\/strong><\/p>\n<p>As 3 perguntas de opini\u00e3o, al\u00e9m do resultado total, aparecer\u00e3o tamb\u00e9m com os resultados segmentados entre aqueles que responderam a pergunta [4] \u201cVoc\u00ea \u00e9 s\u00f3cio do Vasco?\u201d.<\/p>\n<p>&nbsp;<\/p>\n<p>[1] Pergunta: <strong>Quais qualidades s\u00e3o mais importantes para presidir o Vasco<\/strong><strong>?<\/strong><\/p>\n<p>[1.1] N\u00fameros totais (em destaque os dois mais votados):<a href=\"https:\/\/webvasco.com\/artigos\/wp-content\/uploads\/2016\/10\/Screen-Shot-10-31-16-at-01.59-PM.png\"><br \/>\n<\/a><a href=\"https:\/\/webvasco.com\/artigos\/wp-content\/uploads\/2016\/11\/Screen-Shot-11-01-16-at-04.37-PM-1.png\"><img loading=\"lazy\" decoding=\"async\" class=\"alignnone size-full wp-image-8002\" src=\"https:\/\/webvasco.com\/artigos\/wp-content\/uploads\/2016\/11\/Screen-Shot-11-01-16-at-04.37-PM-1.png\" alt=\"screen-shot-11-01-16-at-04-37-pm\" width=\"1001\" height=\"434\" srcset=\"https:\/\/webvasco.com\/artigos\/wp-content\/uploads\/2016\/11\/Screen-Shot-11-01-16-at-04.37-PM-1.png 1001w, https:\/\/webvasco.com\/artigos\/wp-content\/uploads\/2016\/11\/Screen-Shot-11-01-16-at-04.37-PM-1-150x65.png 150w, https:\/\/webvasco.com\/artigos\/wp-content\/uploads\/2016\/11\/Screen-Shot-11-01-16-at-04.37-PM-1-300x130.png 300w, https:\/\/webvasco.com\/artigos\/wp-content\/uploads\/2016\/11\/Screen-Shot-11-01-16-at-04.37-PM-1-768x333.png 768w\" sizes=\"auto, (max-width: 1001px) 100vw, 1001px\" \/><\/a><a href=\"https:\/\/webvasco.com\/artigos\/wp-content\/uploads\/2016\/10\/Screen-Shot-10-31-16-at-01.59-PM.png\"><br \/>\n<\/a><\/p>\n<p>[1.2] N\u00fameros Porcentuais:<br \/>\n<img loading=\"lazy\" decoding=\"async\" class=\"alignnone size-full wp-image-8003\" src=\"https:\/\/webvasco.com\/artigos\/wp-content\/uploads\/2016\/11\/Screen-Shot-11-01-16-at-04.37-PM-001-1.png\" alt=\"screen-shot-11-01-16-at-04-37-pm-001\" width=\"1001\" height=\"434\" srcset=\"https:\/\/webvasco.com\/artigos\/wp-content\/uploads\/2016\/11\/Screen-Shot-11-01-16-at-04.37-PM-001-1.png 1001w, https:\/\/webvasco.com\/artigos\/wp-content\/uploads\/2016\/11\/Screen-Shot-11-01-16-at-04.37-PM-001-1-150x65.png 150w, https:\/\/webvasco.com\/artigos\/wp-content\/uploads\/2016\/11\/Screen-Shot-11-01-16-at-04.37-PM-001-1-300x130.png 300w, https:\/\/webvasco.com\/artigos\/wp-content\/uploads\/2016\/11\/Screen-Shot-11-01-16-at-04.37-PM-001-1-768x333.png 768w\" sizes=\"auto, (max-width: 1001px) 100vw, 1001px\" \/><\/p>\n<p>[1.3] Gr\u00e1fico:<strong><br \/>\n<a href=\"https:\/\/webvasco.com\/artigos\/wp-content\/uploads\/2016\/11\/Screen-Shot-11-01-16-at-04.50-PM.png\"><img loading=\"lazy\" decoding=\"async\" class=\"alignnone size-full wp-image-8004\" src=\"https:\/\/webvasco.com\/artigos\/wp-content\/uploads\/2016\/11\/Screen-Shot-11-01-16-at-04.50-PM.png\" alt=\"screen-shot-11-01-16-at-04-50-pm\" width=\"957\" height=\"581\" srcset=\"https:\/\/webvasco.com\/artigos\/wp-content\/uploads\/2016\/11\/Screen-Shot-11-01-16-at-04.50-PM.png 957w, https:\/\/webvasco.com\/artigos\/wp-content\/uploads\/2016\/11\/Screen-Shot-11-01-16-at-04.50-PM-150x91.png 150w, https:\/\/webvasco.com\/artigos\/wp-content\/uploads\/2016\/11\/Screen-Shot-11-01-16-at-04.50-PM-300x182.png 300w, https:\/\/webvasco.com\/artigos\/wp-content\/uploads\/2016\/11\/Screen-Shot-11-01-16-at-04.50-PM-768x466.png 768w\" sizes=\"auto, (max-width: 957px) 100vw, 957px\" \/><\/a><br \/>\n<\/strong><\/p>\n<p>[1.4] Sugest\u00f5es dadas no campo [Outras] (os percentuais s\u00e3o sobre o total de sugest\u00f5es).<\/p>\n<p>Obs: Buscamos agrupar pela ideia principal de cada sugest\u00e3o.<\/p>\n<p><strong>\u00a0<a href=\"https:\/\/webvasco.com\/artigos\/wp-content\/uploads\/2016\/11\/Screen-Shot-11-01-16-at-11.53-AM.png\"><img loading=\"lazy\" decoding=\"async\" class=\"alignnone size-large wp-image-7975\" src=\"https:\/\/webvasco.com\/artigos\/wp-content\/uploads\/2016\/11\/Screen-Shot-11-01-16-at-11.53-AM.png\" alt=\"screen-shot-11-01-16-at-11-53-am\" width=\"674\" height=\"562\" srcset=\"https:\/\/webvasco.com\/artigos\/wp-content\/uploads\/2016\/11\/Screen-Shot-11-01-16-at-11.53-AM.png 674w, https:\/\/webvasco.com\/artigos\/wp-content\/uploads\/2016\/11\/Screen-Shot-11-01-16-at-11.53-AM-150x125.png 150w, https:\/\/webvasco.com\/artigos\/wp-content\/uploads\/2016\/11\/Screen-Shot-11-01-16-at-11.53-AM-300x250.png 300w\" sizes=\"auto, (max-width: 674px) 100vw, 674px\" \/><\/a><\/strong><\/p>\n<p>&nbsp;<\/p>\n<p>[2] Pergunta: <strong>Considerando ser verdadeiro que o pr\u00f3ximo presidente precisa buscar uma maior uni\u00e3o dos vasca\u00ednos, qual(ais) dos nomes abaixo teria(m) condi\u00e7\u00f5es de cumprir essa miss\u00e3o em sua opini\u00e3o?<\/strong><\/p>\n<p>Obs: Nesta pergunta foi permitido marcar at\u00e9 5 nomes.<\/p>\n<p>[2.1] N\u00fameros totais:<\/p>\n<p><a href=\"https:\/\/webvasco.com\/artigos\/wp-content\/uploads\/2016\/11\/Screen-Shot-11-01-16-at-12.17-PM.png\"><img loading=\"lazy\" decoding=\"async\" class=\"alignnone size-large wp-image-7984\" src=\"https:\/\/webvasco.com\/artigos\/wp-content\/uploads\/2016\/11\/Screen-Shot-11-01-16-at-12.17-PM.png\" alt=\"screen-shot-11-01-16-at-12-17-pm\" width=\"1020\" height=\"620\" srcset=\"https:\/\/webvasco.com\/artigos\/wp-content\/uploads\/2016\/11\/Screen-Shot-11-01-16-at-12.17-PM.png 1020w, https:\/\/webvasco.com\/artigos\/wp-content\/uploads\/2016\/11\/Screen-Shot-11-01-16-at-12.17-PM-150x91.png 150w, https:\/\/webvasco.com\/artigos\/wp-content\/uploads\/2016\/11\/Screen-Shot-11-01-16-at-12.17-PM-300x182.png 300w, https:\/\/webvasco.com\/artigos\/wp-content\/uploads\/2016\/11\/Screen-Shot-11-01-16-at-12.17-PM-768x467.png 768w\" sizes=\"auto, (max-width: 1020px) 100vw, 1020px\" \/><\/a><\/p>\n<p>[2.2] N\u00fameros Porcentuais:<\/p>\n<p><img loading=\"lazy\" decoding=\"async\" class=\"alignnone size-full wp-image-7982\" src=\"https:\/\/webvasco.com\/artigos\/wp-content\/uploads\/2016\/11\/Screen-Shot-11-01-16-at-12.18-PM.png\" alt=\"screen-shot-11-01-16-at-12-18-pm\" width=\"1020\" height=\"620\" srcset=\"https:\/\/webvasco.com\/artigos\/wp-content\/uploads\/2016\/11\/Screen-Shot-11-01-16-at-12.18-PM.png 1020w, https:\/\/webvasco.com\/artigos\/wp-content\/uploads\/2016\/11\/Screen-Shot-11-01-16-at-12.18-PM-150x91.png 150w, https:\/\/webvasco.com\/artigos\/wp-content\/uploads\/2016\/11\/Screen-Shot-11-01-16-at-12.18-PM-300x182.png 300w, https:\/\/webvasco.com\/artigos\/wp-content\/uploads\/2016\/11\/Screen-Shot-11-01-16-at-12.18-PM-768x467.png 768w\" sizes=\"auto, (max-width: 1020px) 100vw, 1020px\" \/><\/p>\n<p>[2.3] Gr\u00e1fico [Total x S\u00f3cios Estatut\u00e1rios]:<\/p>\n<p><a href=\"https:\/\/webvasco.com\/artigos\/wp-content\/uploads\/2016\/11\/Screen-Shot-11-01-16-at-05.17-PM-001.png\"><img loading=\"lazy\" decoding=\"async\" class=\"alignnone size-full wp-image-8006\" src=\"https:\/\/webvasco.com\/artigos\/wp-content\/uploads\/2016\/11\/Screen-Shot-11-01-16-at-05.17-PM-001.png\" alt=\"screen-shot-11-01-16-at-05-17-pm-001\" width=\"1005\" height=\"656\" srcset=\"https:\/\/webvasco.com\/artigos\/wp-content\/uploads\/2016\/11\/Screen-Shot-11-01-16-at-05.17-PM-001.png 1005w, https:\/\/webvasco.com\/artigos\/wp-content\/uploads\/2016\/11\/Screen-Shot-11-01-16-at-05.17-PM-001-150x98.png 150w, https:\/\/webvasco.com\/artigos\/wp-content\/uploads\/2016\/11\/Screen-Shot-11-01-16-at-05.17-PM-001-300x196.png 300w, https:\/\/webvasco.com\/artigos\/wp-content\/uploads\/2016\/11\/Screen-Shot-11-01-16-at-05.17-PM-001-768x501.png 768w\" sizes=\"auto, (max-width: 1005px) 100vw, 1005px\" \/><\/a><\/p>\n<p>[2.4] Gr\u00e1fico [Total x S\u00f3cios Torcedores]:<\/p>\n<p><img loading=\"lazy\" decoding=\"async\" class=\"alignnone size-large wp-image-8008\" src=\"https:\/\/webvasco.com\/artigos\/wp-content\/uploads\/2016\/11\/Screen-Shot-11-01-16-at-05.18-PM.png\" alt=\"screen-shot-11-01-16-at-05-18-pm\" width=\"1005\" height=\"656\" srcset=\"https:\/\/webvasco.com\/artigos\/wp-content\/uploads\/2016\/11\/Screen-Shot-11-01-16-at-05.18-PM.png 1005w, https:\/\/webvasco.com\/artigos\/wp-content\/uploads\/2016\/11\/Screen-Shot-11-01-16-at-05.18-PM-150x98.png 150w, https:\/\/webvasco.com\/artigos\/wp-content\/uploads\/2016\/11\/Screen-Shot-11-01-16-at-05.18-PM-300x196.png 300w, https:\/\/webvasco.com\/artigos\/wp-content\/uploads\/2016\/11\/Screen-Shot-11-01-16-at-05.18-PM-768x501.png 768w\" sizes=\"auto, (max-width: 1005px) 100vw, 1005px\" \/><\/p>\n<p>[2.5] Gr\u00e1fico [Total x Torcedores]:<\/p>\n<p><img loading=\"lazy\" decoding=\"async\" class=\"alignnone size-large wp-image-8007\" src=\"https:\/\/webvasco.com\/artigos\/wp-content\/uploads\/2016\/11\/Screen-Shot-11-01-16-at-05.17-PM.png\" alt=\"screen-shot-11-01-16-at-05-17-pm\" width=\"1005\" height=\"656\" srcset=\"https:\/\/webvasco.com\/artigos\/wp-content\/uploads\/2016\/11\/Screen-Shot-11-01-16-at-05.17-PM.png 1005w, https:\/\/webvasco.com\/artigos\/wp-content\/uploads\/2016\/11\/Screen-Shot-11-01-16-at-05.17-PM-150x98.png 150w, https:\/\/webvasco.com\/artigos\/wp-content\/uploads\/2016\/11\/Screen-Shot-11-01-16-at-05.17-PM-300x196.png 300w, https:\/\/webvasco.com\/artigos\/wp-content\/uploads\/2016\/11\/Screen-Shot-11-01-16-at-05.17-PM-768x501.png 768w\" sizes=\"auto, (max-width: 1005px) 100vw, 1005px\" \/><\/p>\n<p>[2.6] Outros nomes sugeridos livremente<br \/>\nObs.: os porcentuais foram calculados sobre o n\u00famero total de sugest\u00f5es.<\/p>\n<p><strong>\u00a0<a href=\"https:\/\/webvasco.com\/artigos\/wp-content\/uploads\/2016\/11\/Screen-Shot-11-01-16-at-02.25-PM.png\"><img loading=\"lazy\" decoding=\"async\" class=\"alignnone size-full wp-image-7996\" src=\"https:\/\/webvasco.com\/artigos\/wp-content\/uploads\/2016\/11\/Screen-Shot-11-01-16-at-02.25-PM.png\" alt=\"screen-shot-11-01-16-at-02-25-pm\" width=\"545\" height=\"647\" srcset=\"https:\/\/webvasco.com\/artigos\/wp-content\/uploads\/2016\/11\/Screen-Shot-11-01-16-at-02.25-PM.png 545w, https:\/\/webvasco.com\/artigos\/wp-content\/uploads\/2016\/11\/Screen-Shot-11-01-16-at-02.25-PM-126x150.png 126w, https:\/\/webvasco.com\/artigos\/wp-content\/uploads\/2016\/11\/Screen-Shot-11-01-16-at-02.25-PM-253x300.png 253w\" sizes=\"auto, (max-width: 545px) 100vw, 545px\" \/><\/a><\/strong><\/p>\n<p>[3] Pergunta: <strong>Diante do cen\u00e1rio atual, como voc\u00ea se sente ao pensar no futuro do Vasco?<\/strong><\/p>\n<p>[3.1] N\u00fameros totais\u00a0(em destaque o mais votado):<a href=\"https:\/\/webvasco.com\/artigos\/wp-content\/uploads\/2016\/11\/Screen-Shot-10-31-16-at-02.49-PM.png\"><br \/>\n<\/a><a href=\"https:\/\/webvasco.com\/artigos\/wp-content\/uploads\/2016\/11\/Screen-Shot-11-01-16-at-05.54-PM.png\"><img loading=\"lazy\" decoding=\"async\" class=\"alignnone size-full wp-image-8013\" src=\"https:\/\/webvasco.com\/artigos\/wp-content\/uploads\/2016\/11\/Screen-Shot-11-01-16-at-05.54-PM.png\" alt=\"screen-shot-11-01-16-at-05-54-pm\" width=\"1013\" height=\"273\" srcset=\"https:\/\/webvasco.com\/artigos\/wp-content\/uploads\/2016\/11\/Screen-Shot-11-01-16-at-05.54-PM.png 1013w, https:\/\/webvasco.com\/artigos\/wp-content\/uploads\/2016\/11\/Screen-Shot-11-01-16-at-05.54-PM-150x40.png 150w, https:\/\/webvasco.com\/artigos\/wp-content\/uploads\/2016\/11\/Screen-Shot-11-01-16-at-05.54-PM-300x81.png 300w, https:\/\/webvasco.com\/artigos\/wp-content\/uploads\/2016\/11\/Screen-Shot-11-01-16-at-05.54-PM-768x207.png 768w\" sizes=\"auto, (max-width: 1013px) 100vw, 1013px\" \/><\/a><a href=\"https:\/\/webvasco.com\/artigos\/wp-content\/uploads\/2016\/11\/Screen-Shot-10-31-16-at-02.49-PM.png\"><br \/>\n<\/a><\/p>\n<p>[3.2] N\u00fameros Porcentuais:<\/p>\n<p><img loading=\"lazy\" decoding=\"async\" class=\"alignnone size-large wp-image-8014\" src=\"https:\/\/webvasco.com\/artigos\/wp-content\/uploads\/2016\/11\/Screen-Shot-11-01-16-at-05.53-PM.png\" alt=\"screen-shot-11-01-16-at-05-53-pm\" width=\"1018\" height=\"273\" srcset=\"https:\/\/webvasco.com\/artigos\/wp-content\/uploads\/2016\/11\/Screen-Shot-11-01-16-at-05.53-PM.png 1018w, https:\/\/webvasco.com\/artigos\/wp-content\/uploads\/2016\/11\/Screen-Shot-11-01-16-at-05.53-PM-150x40.png 150w, https:\/\/webvasco.com\/artigos\/wp-content\/uploads\/2016\/11\/Screen-Shot-11-01-16-at-05.53-PM-300x80.png 300w, https:\/\/webvasco.com\/artigos\/wp-content\/uploads\/2016\/11\/Screen-Shot-11-01-16-at-05.53-PM-768x206.png 768w\" sizes=\"auto, (max-width: 1018px) 100vw, 1018px\" \/><\/p>\n<p>[3.3] Gr\u00e1fico:<\/p>\n<p><a href=\"https:\/\/webvasco.com\/artigos\/wp-content\/uploads\/2016\/11\/Screen-Shot-11-01-16-at-05.33-PM.png\"><img loading=\"lazy\" decoding=\"async\" class=\"alignnone size-full wp-image-8010\" src=\"https:\/\/webvasco.com\/artigos\/wp-content\/uploads\/2016\/11\/Screen-Shot-11-01-16-at-05.33-PM.png\" alt=\"screen-shot-11-01-16-at-05-33-pm\" width=\"1011\" height=\"561\" srcset=\"https:\/\/webvasco.com\/artigos\/wp-content\/uploads\/2016\/11\/Screen-Shot-11-01-16-at-05.33-PM.png 1011w, https:\/\/webvasco.com\/artigos\/wp-content\/uploads\/2016\/11\/Screen-Shot-11-01-16-at-05.33-PM-150x83.png 150w, https:\/\/webvasco.com\/artigos\/wp-content\/uploads\/2016\/11\/Screen-Shot-11-01-16-at-05.33-PM-300x166.png 300w, https:\/\/webvasco.com\/artigos\/wp-content\/uploads\/2016\/11\/Screen-Shot-11-01-16-at-05.33-PM-768x426.png 768w, https:\/\/webvasco.com\/artigos\/wp-content\/uploads\/2016\/11\/Screen-Shot-11-01-16-at-05.33-PM-120x67.png 120w\" sizes=\"auto, (max-width: 1011px) 100vw, 1011px\" \/><\/a><\/p>\n<p><strong>\u00a0<\/strong><\/p>\n<p>[4] Pergunta: <strong>Voc\u00ea \u00e9 s\u00f3cio do Vasco?<\/strong><\/p>\n<p><img loading=\"lazy\" decoding=\"async\" class=\"alignnone wp-image-7961 size-full\" src=\"https:\/\/webvasco.com\/artigos\/wp-content\/uploads\/2016\/11\/Screen-Shot-10-31-16-at-03.09-PM.png\" alt=\"screen-shot-10-31-16-at-03-09-pm\" width=\"792\" height=\"650\" srcset=\"https:\/\/webvasco.com\/artigos\/wp-content\/uploads\/2016\/11\/Screen-Shot-10-31-16-at-03.09-PM.png 792w, https:\/\/webvasco.com\/artigos\/wp-content\/uploads\/2016\/11\/Screen-Shot-10-31-16-at-03.09-PM-150x123.png 150w, https:\/\/webvasco.com\/artigos\/wp-content\/uploads\/2016\/11\/Screen-Shot-10-31-16-at-03.09-PM-300x246.png 300w, https:\/\/webvasco.com\/artigos\/wp-content\/uploads\/2016\/11\/Screen-Shot-10-31-16-at-03.09-PM-768x630.png 768w\" sizes=\"auto, (max-width: 792px) 100vw, 792px\" \/><\/p>\n<p>[5] Pergunta: <strong>Em qual Estado voc\u00ea mora<\/strong><strong>?<\/strong><\/p>\n<p>[5.1] N\u00fameros:<\/p>\n<p><a href=\"https:\/\/webvasco.com\/artigos\/wp-content\/uploads\/2016\/11\/Screen-Shot-11-01-16-at-01.52-PM.png\"><img loading=\"lazy\" decoding=\"async\" class=\"alignnone size-full wp-image-7994\" src=\"https:\/\/webvasco.com\/artigos\/wp-content\/uploads\/2016\/11\/Screen-Shot-11-01-16-at-01.52-PM.png\" alt=\"screen-shot-11-01-16-at-01-52-pm\" width=\"798\" height=\"589\" srcset=\"https:\/\/webvasco.com\/artigos\/wp-content\/uploads\/2016\/11\/Screen-Shot-11-01-16-at-01.52-PM.png 798w, https:\/\/webvasco.com\/artigos\/wp-content\/uploads\/2016\/11\/Screen-Shot-11-01-16-at-01.52-PM-150x111.png 150w, https:\/\/webvasco.com\/artigos\/wp-content\/uploads\/2016\/11\/Screen-Shot-11-01-16-at-01.52-PM-300x221.png 300w, https:\/\/webvasco.com\/artigos\/wp-content\/uploads\/2016\/11\/Screen-Shot-11-01-16-at-01.52-PM-768x567.png 768w\" sizes=\"auto, (max-width: 798px) 100vw, 798px\" \/><\/a><\/p>\n<p>[5.2] Gr\u00e1fico:<\/p>\n<p><a href=\"https:\/\/webvasco.com\/artigos\/wp-content\/uploads\/2016\/11\/Screen-Shot-10-31-16-at-03.28-PM.png\"><img loading=\"lazy\" decoding=\"async\" class=\"alignnone size-full wp-image-7963\" src=\"https:\/\/webvasco.com\/artigos\/wp-content\/uploads\/2016\/11\/Screen-Shot-10-31-16-at-03.28-PM.png\" alt=\"screen-shot-10-31-16-at-03-28-pm\" width=\"940\" height=\"593\" srcset=\"https:\/\/webvasco.com\/artigos\/wp-content\/uploads\/2016\/11\/Screen-Shot-10-31-16-at-03.28-PM.png 940w, https:\/\/webvasco.com\/artigos\/wp-content\/uploads\/2016\/11\/Screen-Shot-10-31-16-at-03.28-PM-150x95.png 150w, https:\/\/webvasco.com\/artigos\/wp-content\/uploads\/2016\/11\/Screen-Shot-10-31-16-at-03.28-PM-300x189.png 300w, https:\/\/webvasco.com\/artigos\/wp-content\/uploads\/2016\/11\/Screen-Shot-10-31-16-at-03.28-PM-768x484.png 768w\" sizes=\"auto, (max-width: 940px) 100vw, 940px\" \/><\/a><\/p>\n<p>&nbsp;<\/p>\n<p>Agradecemos a todos os que participaram desta pesquisa com suas respostas. A participa\u00e7\u00e3o da torcida \u00e9 fundamental para o futuro do clube.<\/p>\n<p>Tamb\u00e9m gostar\u00edamos de agradecer a todos que ajudaram no preparo, na divulga\u00e7\u00e3o e na tabula\u00e7\u00e3o da pesquisa. Ao apoio do Grupo Volunt\u00e1rio pela Revitaliza\u00e7\u00e3o do Entorno de S\u00e3o Janu\u00e1rio (#EntornoSJ) e o Expresso da Colina, bem como os amigos que de forma volunt\u00e1ria e at\u00e9 an\u00f4nima, tornaram esse trabalho mais robusto.<\/p>\n<p>Outras pesquisas vir\u00e3o, e o objetivo \u00e9 sempre melhorar a qualidade. Cr\u00edticas e sugest\u00f5es que possam contribuir para melhorar e\/ou corrigir poss\u00edveis erros, ser\u00e3o muito bem vindas. Coloquem aqui os coment\u00e1rios ou no nosso canal do Facebook em\u00a0https:\/\/www.facebook.com\/oficialwebvasco\/<\/p>\n<p>Pela proposta e objetivo da pesquisa, qualquer ve\u00edculo de comunica\u00e7\u00e3o est\u00e1 desde j\u00e1 liberado a reproduzir o conte\u00fado aqui publicado sem consulta pr\u00e9via, desde que citada a fonte e colocando-se um link para este artigo de modo a que o leitor, caso queira, possa confirmar a autenticidade das informa\u00e7\u00f5es.<\/p>\n<p>Equipe Webvasco<\/p>\n<p>&nbsp;<\/p>\n<p><strong>Retifica\u00e7\u00f5es:<\/strong><\/p>\n<p>01\/11\/2016 &#8211; o n\u00famero de entrevistados \u00e9 1518, e n\u00e3o 1515 como originalmente foi publicado.<\/p>\n","protected":false},"excerpt":{"rendered":"<p>T\u00edtulo: Pesquisa de Opini\u00e3o dos Torcedores do Club de Regatas Vasco da Gama Realiza\u00e7\u00e3o: Portal&#8230;<\/p>\n","protected":false},"author":1,"featured_media":8017,"comment_status":"open","ping_status":"closed","sticky":false,"template":"","format":"standard","meta":{"footnotes":""},"categories":[28],"tags":[],"class_list":["post-7942","post","type-post","status-publish","format-standard","has-post-thumbnail","hentry","category-pesquisas-webvasco"],"_links":{"self":[{"href":"https:\/\/webvasco.com\/artigos\/wp-json\/wp\/v2\/posts\/7942","targetHints":{"allow":["GET"]}}],"collection":[{"href":"https:\/\/webvasco.com\/artigos\/wp-json\/wp\/v2\/posts"}],"about":[{"href":"https:\/\/webvasco.com\/artigos\/wp-json\/wp\/v2\/types\/post"}],"author":[{"embeddable":true,"href":"https:\/\/webvasco.com\/artigos\/wp-json\/wp\/v2\/users\/1"}],"replies":[{"embeddable":true,"href":"https:\/\/webvasco.com\/artigos\/wp-json\/wp\/v2\/comments?post=7942"}],"version-history":[{"count":20,"href":"https:\/\/webvasco.com\/artigos\/wp-json\/wp\/v2\/posts\/7942\/revisions"}],"predecessor-version":[{"id":8019,"href":"https:\/\/webvasco.com\/artigos\/wp-json\/wp\/v2\/posts\/7942\/revisions\/8019"}],"wp:featuredmedia":[{"embeddable":true,"href":"https:\/\/webvasco.com\/artigos\/wp-json\/wp\/v2\/media\/8017"}],"wp:attachment":[{"href":"https:\/\/webvasco.com\/artigos\/wp-json\/wp\/v2\/media?parent=7942"}],"wp:term":[{"taxonomy":"category","embeddable":true,"href":"https:\/\/webvasco.com\/artigos\/wp-json\/wp\/v2\/categories?post=7942"},{"taxonomy":"post_tag","embeddable":true,"href":"https:\/\/webvasco.com\/artigos\/wp-json\/wp\/v2\/tags?post=7942"}],"curies":[{"name":"wp","href":"https:\/\/api.w.org\/{rel}","templated":true}]}}