{"id":797,"date":"2014-02-18T12:18:38","date_gmt":"2014-02-18T15:18:38","guid":{"rendered":"http:\/\/webvasco.com\/artigos\/?p=797"},"modified":"2014-02-18T12:20:04","modified_gmt":"2014-02-18T15:20:04","slug":"procura-se-algum-que-ame-o-vasco-2","status":"publish","type":"post","link":"https:\/\/webvasco.com\/artigos\/colunistas\/marcus-simonini\/procura-se-algum-que-ame-o-vasco-2\/","title":{"rendered":"Procura-se algu&eacute;m que ame o Vasco"},"content":{"rendered":"<div>\n<div dir='ltr'>Vasca\u00ednos,<br \/>&nbsp;<br \/>\u00c9 de se emocionar com esse belo texto que compartilho com voc\u00eas!&nbsp;Traz o alerta para o destino que n\u00f3s daremos ao Vasco, nas urnas!<br \/>&nbsp;<br \/>O Vasca\u00edno precisa de muito ju\u00edzo, bom senso e racionalidade ou daqui&nbsp;h\u00e1 20 anos o Gigante poder\u00e1 estar morto ou enterrado vivo na s\u00e9rie B do Carioca, da FERJ, como o Am\u00e9rica est\u00e1!<br \/>&nbsp;<br \/>Estou muito preocupado e assustado com a resigna\u00e7\u00e3o dos Vasca\u00ednos. Parecemos sem alma, sem alma vasca\u00edna! <br \/>&nbsp;<br \/>Os associados e torcedores do Vasco n\u00e3o sabem nem imaginam que estamos nadando numa praia rasa infestada de tubar\u00f5es (FERJ, CBF, Globo,&nbsp;flamengo, Corinthians, Fazenda Nacional). Se n\u00e3o se mudar o rumo do Club agora nessas elei\u00e7\u00f5es e se retrocedermos o colunista ter\u00e1 toda raz\u00e3o! O VASCO QUE UM DIA CONHECEMOS SER\u00c1 DESTRU\u00cdDO! S\u00f3 restar\u00e3o mem\u00f3rias, carteiras antigas, posters desbotados de t\u00edtulos h\u00e1 tempos conquistados. E o pior! Filhos tricolores ou flamenguistas! Todos ligados na Globo!&nbsp;<br \/>&nbsp;<br \/>Leiam at\u00e9 o fim, e reflitam, pois s\u00e3o importantes os depoimentos dos funcion\u00e1rios do CRVG ao colunista. Leiam se amam o Vasco e se importam com ele!<br \/>&nbsp;<br \/>Sauda\u00e7\u00f5es Vasca\u00ednas!<br \/>&nbsp;<br \/>#reagevasco<br \/>&nbsp;<br \/>Marcus Simonini Ferreira<br \/>blog Incondicionalmente Vasco!<br \/>&nbsp;<\/p>\n<div>\n<hr id=\"stopSpelling\"\/>\n<div><strong><font size=\"6\">Procura-se algu\u00e9m que ame o  Vasco<\/font><\/strong><\/div>\n<div>&nbsp;<\/div>\n<div align=\"justify\">\n<aside class=\"ecxentry-meta\"><strong><font color=\"#0000ff\">13\/02\/2014 | Filed under: <\/font><\/strong><a title=\"View all posts in Jorge Eduardo\" href=\"http:\/\/www.panoramavascaino.com.br\/category\/jorge-eduardo\/\" target=\"_blank\" rel=\"category tag\"><strong><font color=\"#0000ff\">Jorge  Eduardo<\/font><\/strong><\/a><strong><font color=\"#0000ff\">&nbsp; <\/font><\/strong><\/aside>\n<\/div>\n<p align=\"justify\" class=\"ecxentry-content\"><a class=\"ecxcboxElement\" href=\"http:\/\/www.panoramavascaino.com.br\/wp-content\/uploads\/2014\/02\/1798266_10152036326922762_1014834611_n.jpg\" target=\"_blank\"><img loading=\"lazy\" decoding=\"async\" width=\"400\" height=\"300\" class=\"ecxalignnone ecxsize-medium ecxwp-image-256\" alt=\"1798266_10152036326922762_1014834611_n\" src=\"http&#58;\/\/www.panoramavascaino.com.br\/wp-content\/uploads\/2014\/02\/1798266_10152036326922762_1014834611_n-400x300.jpg\"\/><\/a><\/p>\n<p align=\"justify\" class=\"ecxentry-content\">Foi de prop\u00f3sito que deixei para escrever  no fim da tarde. Ontem eu programei um passeio com minha esposa. Ap\u00f3s descobrir  as carteiras de s\u00f3cio do av\u00f4 e do pai, datadas de 1946 e 1951, ela decidiu ir a  S\u00e3o Janu\u00e1rio pleitear o t\u00edtulo de s\u00f3cia propriet\u00e1ria, pois quer entrar de cabe\u00e7a  no clube. Pelo que eu conhe\u00e7o, de cabe\u00e7a, metendo o p\u00e9 na porta e sapecando um  esporro em quem estiver l\u00e1 dentro, escorada em seu 1,65m de altura e no fato de  ter quatro gera\u00e7\u00f5es de vasca\u00ednos na fam\u00edlia \u2013 av\u00f3s, pais, ela e nossas  filhas.<\/p>\n<p align=\"justify\" class=\"ecxentry-content\">Ap\u00f3s um tour do Leblon a S\u00e3o Janu\u00e1rio, com  baldea\u00e7\u00e3o em Copa para pegar o 473, chegamos ao est\u00e1dio e esta coluna come\u00e7ou a  nascer com todos os absurdos que vou relatar a partir de agora. A come\u00e7ar pelo  que posso chamar de falta de comando central. Ao descermos do \u00f4nibus, entramos  direto na sala dedicada ao programa de s\u00f3cios. Cadeiras, mesas, computadores, um  cen\u00e1rio maravilhoso e\u2026 uma \u00fanica funcion\u00e1ria para atender. Que, l\u00f3gico, olhou as  carteiras \u2013 de couro, com o escudo vasca\u00edno em fio de ouro\u2026 \u2013 e nos mandou  direto para a secretaria do clube, j\u00e1 que ela n\u00e3o tinha a menor no\u00e7\u00e3o do que  fazer conosco.<\/p>\n<p align=\"justify\" class=\"ecxentry-content\">Entrar em S\u00e3o Janu\u00e1rio foi f\u00e1cil. Nem  precisou mostrar a carteira de s\u00f3cio \u2013 a minha ficara em Bras\u00edlia, por um motivo  que mais tarde eu explico. Bastou falar que queria transferir um t\u00edtulo e o  porteiro, sol\u00edcito, nos indicou a secretaria. L\u00e1, fomos bem atendidos. Talvez  pelo encantamento que as quatro carteiras de s\u00f3cio causaram no povo, mas tamb\u00e9m  pelo bom preparo que a maioria demonstrava ali \u2013 e eis um tesouro que vem sendo  maltratado no clube: o quadro de funcion\u00e1rios.<\/p>\n<p align=\"justify\" class=\"ecxentry-content\">A orienta\u00e7\u00e3o foi clara e r\u00e1pida. Enquanto  Andreia, minha esposa, acertava os ponteiros com os t\u00edtulos, que eram remidos e  v\u00e3o deixar de ser, para que ela assuma o do pai, eu comecei a zanzar por S\u00e3o  Janu\u00e1rio. No campo, \u00e0s 14h30, Michel Alves se exercitava. Primeiro esc\u00e2ndalo do  dia. Sem clube interessado e com contrato em vigor, o Vasco manda a campo um  preparador para bater bola com um dos piores goleiros do time de todos os  tempos, em um hor\u00e1rio desumano. Custo em dobro, falta de gest\u00e3o, tudo  errado\u2026<\/p>\n<p align=\"justify\" class=\"ecxentry-content\">Olhar a marquise da social d\u00e1 pena. Sinais  de infiltra\u00e7\u00e3o, pintura descascada\u2026 Tra\u00e7os t\u00edpicos da falta de cuidado. Nem vou  falar do Parque Aqu\u00e1tico. A cerca met\u00e1lica interditando aquela \u00e1rea grita de  como o clube est\u00e1 largado. Talvez a \u00fanica coisa bem cuidada ali seja a loja do  Vasco \u2013 mesmo assim, faltam camisas para crian\u00e7as de dois a seis anos, o que me  for\u00e7ou comprar uma oficial de oito anos para um guri de tr\u00eas, parente da Andreia  e morador do Cear\u00e1.<\/p>\n<p align=\"justify\" class=\"ecxentry-content\">Mas o que me enfureceu mesmo foi puxar  conversa e escutar coisas que embrulham o est\u00f4mago de qualquer um\u2026<\/p>\n<p align=\"justify\" class=\"ecxentry-content\">Exemplos?<\/p>\n<p align=\"justify\" class=\"ecxentry-content\">\u201cSeu Eurico n\u00e3o era bom para o Vasco, mas  na \u00e9poca dele nunca tive sal\u00e1rio atrasado. Agora, passo fome. Preciso pedir  ajuda a s\u00f3cio. Uns d\u00e3o cesta b\u00e1sica, outros um dinheiro. Um jornalista me ajuda.  Me sinto um pedinte\u201d. Frases ditas por um funcion\u00e1rio.<\/p>\n<p align=\"justify\" class=\"ecxentry-content\">\u201cA base do Vasco est\u00e1 largada. Se o senhor  for a Itagua\u00ed vai sair chocado. Puseram o Sorato l\u00e1 de bucha. Ele n\u00e3o entende  nada. Mauro Galv\u00e3o \u00e9 outro. Fica l\u00e1, cada dia mais magro, sentado\u2026 Eles n\u00e3o t\u00eam  o que fazer. A base \u00e9 toda de empres\u00e1rio\u201d. Informa\u00e7\u00e3o de outro funcion\u00e1rio\u2026<\/p>\n<p align=\"justify\" class=\"ecxentry-content\">\u201cO pr\u00f3ximo da base que o Vasco vai perder \u00e9  o Gabriel F\u00e9lix. Baita goleiro, mas est\u00e1 insatisfeito. Outro que vai pular fora  \u00e9 um lateral. O Cruzeiro j\u00e1 ofereceu R$ 5 mil. Ele ganha R$ 3 mil e recebe  sempre com dois meses de atraso. O Jhon Clay \u00e9 uma porcaria, n\u00e3o joga nada, e  tem cartaz porque o pai faz barulho. Mas gente boa vai sair e o Vasco vai ficar  vendo\u201d\u2026 Um terceiro funcion\u00e1rio.<\/p>\n<p align=\"justify\" class=\"ecxentry-content\">\u201cA base n\u00e3o tem nada. Os garotos est\u00e3o na  m\u00e3o destes tubar\u00f5es dos empres\u00e1rios. O clube n\u00e3o d\u00e1 nem suporte psicol\u00f3gico.  Recentemente, tivemos o Daniel, conhecido como D9. Jogava bola, mas o clube n\u00e3o  dava suporte. Engravidou uma menina, bateu em outra, meteu-se com drogas. Est\u00e1  afundado. E o Vasco n\u00e3o soube impedir isso\u201d. Um dos funcion\u00e1rios acima.<\/p>\n<p align=\"justify\" class=\"ecxentry-content\">\u201cO Col\u00e9gio de Itagua\u00ed \u00e9 uma vergonha. O  daqui praticamente acabou. O Vasco n\u00e3o forma mais nem uma cidad\u00e3o\u201d. De novo,  frase de um funcion\u00e1rio.<\/p>\n<p align=\"justify\" class=\"ecxentry-content\">\u201cChefia, \u00e9 isso mesmo. Sou taxista, moro  perto e volta e meia fa\u00e7o umas corridas no clube. O Roberto n\u00e3o sabe de nada.  Outro dia, estava com o Jonathas Paulista, volante da base, que tinha quebrado  um dedo e estava saindo para uma corrida. O Roberto parou, falou comigo e, de  repente, olhou para o garoto e perguntou: \u2018voc\u00ea joga no Vasco, n\u00e3o \u00e9?\u2019. Como \u00e9  que o presidente n\u00e3o sabe que um dos caras mais importantes da base est\u00e1  lesionado?\u201d, questionou-me o taxista, no caminho de volta para casa.<\/p>\n<p align=\"justify\" class=\"ecxentry-content\">O Vasco n\u00e3o pode ser administrado assim.  Precisamos salvar o clube dos amadores e dos oportunistas. Precisamos de ter  algu\u00e9m que ame o Vasco e que sirva a ele, n\u00e3o que tente se servir dele.  Precisamos de um novo Ant\u00f4nio da Silva Campos o presidente que, em 1923, meteu a  m\u00e3o no pr\u00f3prio bolso para dar ao Vasco o t\u00edtulo de campe\u00e3o carioca da primeira  divis\u00e3o, no primeiro ano entre os grandes. Gastou tanto que ficou pobre e teve  de vender a Casa Campos, que era seu sustento, e se tornar empregado do irm\u00e3o  Raul \u2013 presidente que construiu e inaugurou S\u00e3o Janu\u00e1rio. Seu Ant\u00f4nio era sempre  visto no est\u00e1dio, chorando nas vit\u00f3rias e se lamentando por n\u00e3o ter mais  dinheiro para fazer o Vasco ainda mais poderoso e campe\u00e3o.<\/p>\n<p align=\"justify\" class=\"ecxentry-content\">Precisamos de gente assim: com ideias, a\u00e7\u00e3o  e devo\u00e7\u00e3o ao Vasco. Por isso, lan\u00e7o uma campanha: PROCURA-SE ALGU\u00c9M QUE AME O  VASCO.<\/p>\n<p align=\"justify\" class=\"ecxentry-content\">**************************************************<\/p>\n<p align=\"justify\" class=\"ecxentry-content\">Na \u00faltima coluna, falei da suposta alian\u00e7a  entre Roberto e Eurico. Eis que, na ter\u00e7a-feira, uma manobra costurada pelos  dois na reuni\u00e3o do Conselho Deliberativo deu a Roberto mais 60 dias para ajustar  as contas de 2012 (isso mesmo, 2012\u2026). Me parece cada vez mais claro que n\u00e3o  far\u00e3o nada para impedir que os 1.700 associados em um \u00fanico dia exer\u00e7am um  direito de voto que levar\u00e1 o Vasco ao caos.<\/p>\n<p align=\"justify\" class=\"ecxentry-content\">Vou avisar de novo: um acordo que permita a  volta do Eurico com o voto de 1.700 ETs associados em um \u00fanico dia destr\u00f3i o  Vasco.<\/p>\n<p align=\"justify\" class=\"ecxentry-content\">**************************************************<\/p>\n<p align=\"justify\" class=\"ecxentry-content\">Olhando as matr\u00edculas nas carteiras de  s\u00f3cio do pai e do av\u00f4 de minha mulher, constatei que, entre 1946 e 1951, \u00e9poca  do auge do Expresso da Vit\u00f3ria, dez mil pessoas se associaram ao clube. Fazendo  uma conta simples, 2 mil por ano, menos de tr\u00eas por dia. Como a popula\u00e7\u00e3o  daquela \u00e9poca era quase um ter\u00e7o da atual, seria fact\u00edvel pensar que nove  associa\u00e7\u00f5es por dia \u00e9 um n\u00famero normal hoje. Com uma campanha de s\u00f3cio, vamos  elevar para o dobro, 18. Arredondemos para 20. Ok. Ainda assim, a diferen\u00e7a \u00e9  abissal perto de 1.700 s\u00f3cios assinarem ficha em um \u00fanico dia\u2026.<\/p>\n<p align=\"justify\" class=\"ecxentry-content\">**************************************************<\/p>\n<p align=\"justify\" class=\"ecxentry-content\">Religiosamente aos domingos e quartas,  quando o jogo do Vasco passava na Globo, bastava esperar o apito final que o  telefone tocava na minha casa. Era minha m\u00e3e, comentando o jogo. Assistia a  todas as partidas em TV aberta, comemorava t\u00edtulos, comentava tudo. N\u00e3o entendia  muito de futebol, era mais torcedora. S\u00f3 n\u00e3o era vasca\u00edna, mas botafoguense \u2013 e  acho que nunca assistiu a um jogo do alvinegro da estrela solit\u00e1ria. O neg\u00f3cio  dela era monitorar como andavam as emo\u00e7\u00f5es dos vasca\u00ednos da fam\u00edlia \u2013 primeiro,  meu pai, p\u00e9 sempre gelado, suando ao lado do radinho; depois, eu, fan\u00e1tico por  est\u00e1dio.<\/p>\n<p align=\"justify\" class=\"ecxentry-content\">H\u00e1 dois anos, os telefonemas pararam. O  Alzheimer foi tirando dela a capacidade de assistir a um jogo. Mais que isso:  fizeram ela esquecer do falecido marido, da liga\u00e7\u00e3o dele com o Vasco e, por  \u00faltimo, do filho \u2013 este que vos escreve. Por fim, a doen\u00e7a tirou dela o brilho  no olhar, a sa\u00fade e, no \u00faltimo dia 10, a vida, motivo pelo qual tive de vir ao  Rio: dar o \u00faltimo adeus \u00e0 minha m\u00e3e, aos 85 anos. Por isso, esqueci a carteira  do Vasco em casa. Acho que \u00e9 um motivo justo, dado o estado emocional que me  encontro desde a manh\u00e3 de segunda.<\/p>\n<p align=\"justify\" class=\"ecxentry-content\">Mas a vida continua. Vamos em frente.<\/p>\n<p align=\"justify\" class=\"ecxentry-content\">**************************************************<\/p>\n<p align=\"justify\" class=\"ecxentry-content\">Por fim: #fechadocomotinga.<\/p>\n<p align=\"justify\" class=\"ecxentry-content\"><strong><font color=\"#800000\" size=\"4\">FONTE:<\/font><\/strong> <a href=\"http:\/\/www.panoramavascaino.com.br\/procura-se-alguem-que-ame-o-vasco\/\" target=\"_blank\"><\/a><a href=\"http:\/\/www.panoramavascaino.com.br\/procura-se-alguem-que-ame-o-vasco\/\" >http:\/\/www.panoramavascaino.com.br\/procura-se-alguem-que-ame-o-vasco\/<\/a><\/p>\n<\/div><\/div>\n<\/div>\n<p><\/p>\n","protected":false},"excerpt":{"rendered":"<p>Vasca\u00ednos,&nbsp;\u00c9 de se emocionar com esse belo texto que compartilho com voc\u00eas!&nbsp;Traz o alerta para&#8230;<\/p>\n","protected":false},"author":8,"featured_media":256,"comment_status":"open","ping_status":"closed","sticky":false,"template":"","format":"standard","meta":{"footnotes":""},"categories":[6],"tags":[],"class_list":["post-797","post","type-post","status-publish","format-standard","has-post-thumbnail","hentry","category-marcus-simonini"],"_links":{"self":[{"href":"https:\/\/webvasco.com\/artigos\/wp-json\/wp\/v2\/posts\/797","targetHints":{"allow":["GET"]}}],"collection":[{"href":"https:\/\/webvasco.com\/artigos\/wp-json\/wp\/v2\/posts"}],"about":[{"href":"https:\/\/webvasco.com\/artigos\/wp-json\/wp\/v2\/types\/post"}],"author":[{"embeddable":true,"href":"https:\/\/webvasco.com\/artigos\/wp-json\/wp\/v2\/users\/8"}],"replies":[{"embeddable":true,"href":"https:\/\/webvasco.com\/artigos\/wp-json\/wp\/v2\/comments?post=797"}],"version-history":[{"count":0,"href":"https:\/\/webvasco.com\/artigos\/wp-json\/wp\/v2\/posts\/797\/revisions"}],"wp:featuredmedia":[{"embeddable":true,"href":"https:\/\/webvasco.com\/artigos\/wp-json\/"}],"wp:attachment":[{"href":"https:\/\/webvasco.com\/artigos\/wp-json\/wp\/v2\/media?parent=797"}],"wp:term":[{"taxonomy":"category","embeddable":true,"href":"https:\/\/webvasco.com\/artigos\/wp-json\/wp\/v2\/categories?post=797"},{"taxonomy":"post_tag","embeddable":true,"href":"https:\/\/webvasco.com\/artigos\/wp-json\/wp\/v2\/tags?post=797"}],"curies":[{"name":"wp","href":"https:\/\/api.w.org\/{rel}","templated":true}]}}