{"id":802,"date":"2014-02-19T11:52:57","date_gmt":"2014-02-19T14:52:57","guid":{"rendered":"http:\/\/webvasco.com\/artigos\/?p=802"},"modified":"2014-02-19T11:53:40","modified_gmt":"2014-02-19T14:53:40","slug":"nota-oficial-da-vasco-divida-zero-sobre-a-reuniao-do-conselho-deliberativo-referente-ao-balanco-financeiro-de-2012","status":"publish","type":"post","link":"https:\/\/webvasco.com\/artigos\/colunistas\/andrepedro\/nota-oficial-da-vasco-divida-zero-sobre-a-reuniao-do-conselho-deliberativo-referente-ao-balanco-financeiro-de-2012\/","title":{"rendered":"Nota Oficial da Vasco D\u00edvida Zero sobre a reuni\u00e3o do Conselho Deliberativo referente ao balan\u00e7o financeiro de 2012"},"content":{"rendered":"<p>Reproduzo aqui importante informa\u00e7\u00e3o divulgada pelo Vasco D\u00edvida Zero para conhecimento de todos os vasca\u00ednos.<\/p>\n<p>&nbsp;<\/p>\n<div><span style=\"font-size: x-large;\"><strong><b>Nota Oficial da Vasco D\u00edvida Zero sobre a reuni\u00e3o do Conselho Deliberativo referente ao balan\u00e7o financeiro de 2012.<\/b><\/strong>\u00a0<\/span><span style=\"font-size: large;\">&#8211;\u00a0<i>17\/02\/2014 21:00<\/i><\/span><\/div>\n<p align=\"justify\"><strong>Rio de Janeiro, 17 de fevereiro de 2014<br \/>\n<\/strong><br \/>\nCiente de sua representatividade junto \u00e0 comunidade vasca\u00edna, a campanha Vasco D\u00edvida Zero vem a p\u00fablico manifestar preocupa\u00e7\u00e3o com o curso dos fatos envolvendo a aprecia\u00e7\u00e3o das contas correspondentes ao exerc\u00edcio financeiro do Club de Regatas Vasco da Gama do ano de 2012. A reuni\u00e3o do Conselho Deliberativo ocorrida na \u00faltima ter\u00e7a feira, 11 de fevereiro de 2014, que se propunha a chancelar ou rejeitar os pareceres anteriores dos Conselhos Fiscal e de Benem\u00e9ritos do clube, lamentavelmente chegou ao seu final sem que qualquer decis\u00e3o tenha sido tomada. Em ato de total neglig\u00eancia aos anseios de s\u00f3cios e torcedores, que acompanham paulatinamente o ir e vir de informa\u00e7\u00f5es estarrecedoras sobre a situa\u00e7\u00e3o financeira do clube, o Conselho Deliberativo, em ampla maioria, acatou o pedido realizado pelo Presidente Roberto Dinamite para que se postergasse a reuni\u00e3o de an\u00e1lise das contas por mais 60 dias.<\/p>\n<p>N\u00e3o custa lembrar aos poderes constitu\u00eddos do Club de Regatas Vasco da Gama que vivemos, ao longo dos \u00faltimos meses, um ataque generalizado \u00e0 institui\u00e7\u00e3o: rebaixados pela segunda vez em um intervalo de apenas cinco anos, assistimos impass\u00edveis a um processo de deteriora\u00e7\u00e3o da imagem do clube que culminou com incalcul\u00e1veis perdas tanto no cen\u00e1rio esportivo quando no ambiente corporativo. Far-se-ia justo crer que os conselheiros &#8211; investidos estatutariamente da responsabilidade de zelar pelos interesses do clube &#8211; n\u00e3o desperdi\u00e7ariam a oportunidade de enviar uma mensagem de austeridade a s\u00f3cios, funcion\u00e1rios, parceiros comerciais e a todo o mercado.<\/p>\n<p>H\u00e1 momentos em que a pior das decis\u00f5es \u00e9, justamente, n\u00e3o tom\u00e1-las. A campanha Vasco D\u00edvida Zero reitera o seu pesar diante de uma (in)decis\u00e3o que sob o pretexto de poupar o clube, condena-o a mais 2 meses de in\u00e9rcia e gostaria de deixar aqui a \u00edntegra do artigo 53 do Estatuto do Club de Regatas Vasco da Gama &#8211; aquilo que deveria ser uma esp\u00e9cie de t\u00e1bua sagrada, e n\u00e3o apenas um documento frio do qual emergem acordos que preservam indiv\u00edduos e punem a institui\u00e7\u00e3o:<\/p>\n<p><i>\u201cOs membros dos\u00a0<b>Poderes<\/b>\u00a0sociais s\u00e3o solidariamente\u00a0<b>respons\u00e1veis\u00a0<\/b>perante o Clube ou terceiros\u00a0<b>por omiss\u00e3o, excesso de mandato ou\u00a0<\/b>qualquer\u00a0<b>outra transgress\u00e3o, no exerc\u00edcio dos cargos<\/b>\u00a0para que foram eleitos,\u00a0<b>inclusive<\/b>\u00a0pelas\u00a0<b>despesas<\/b>\u00a0realizadas\u00a0<b>al\u00e9m dos limites\u00a0<\/b>autorizados,\u00a0<b>ordens de pagamento<\/b>\u00a0em favor de quem n\u00e3o seja leg\u00edtimo credor do Clube,\u00a0<b>ou despesas que se desviem das suas finalidades\u00a0<\/b>sociais e desportivas.\u201d<\/i><\/p>\n<p>Os valores que guiam a n\u00f3s e toda a comunidade vasca\u00edna v\u00e3o al\u00e9m dos R$ 3.092.022,37 em lan\u00e7amentos n\u00e3o justificados que foram apontados pelo trabalho de an\u00e1lise realizado pelo Conselho Fiscal. Em respeito a torcedores e s\u00f3cios do Club de Regatas Vasco da Gama e a todos os contribuintes da Vasco D\u00edvida Zero, sentimo-nos na obriga\u00e7\u00e3o de defender os princ\u00edpios da campanha, que s\u00e3o a transpar\u00eancia e o n\u00e3o-alinhamento a qualquer corrente partid\u00e1ria. Contudo, estejam certos de que, al\u00e9m de nos unirmos para pagar d\u00edvidas, jamais vamos nos omitir em cobrar a boa governan\u00e7a. Porque, para n\u00f3s, os interesses do Vasco est\u00e3o acima de tudo.<\/p>\n<p><strong>VASCO D\u00cdVIDA ZERO<\/strong><\/p>\n<div align=\"justify\"><strong><span style=\"color: #800000; font-size: large;\">FONTE<\/span>:<\/strong>\u00a0<a href=\"http:\/\/www.vascodividazero.com.br\/noticias.php?id=59\" target=\"_blank\">http:\/\/www.vascodividazero.<wbr><\/wbr>com.br\/noticias.php?id=59<\/a><\/div>\n","protected":false},"excerpt":{"rendered":"<p>Reproduzo aqui importante informa\u00e7\u00e3o divulgada pelo Vasco D\u00edvida Zero para conhecimento de todos os vasca\u00ednos&#8230;.<\/p>\n","protected":false},"author":5,"featured_media":59,"comment_status":"open","ping_status":"closed","sticky":false,"template":"","format":"standard","meta":{"footnotes":""},"categories":[2],"tags":[],"class_list":["post-802","post","type-post","status-publish","format-standard","has-post-thumbnail","hentry","category-andrepedro"],"_links":{"self":[{"href":"https:\/\/webvasco.com\/artigos\/wp-json\/wp\/v2\/posts\/802","targetHints":{"allow":["GET"]}}],"collection":[{"href":"https:\/\/webvasco.com\/artigos\/wp-json\/wp\/v2\/posts"}],"about":[{"href":"https:\/\/webvasco.com\/artigos\/wp-json\/wp\/v2\/types\/post"}],"author":[{"embeddable":true,"href":"https:\/\/webvasco.com\/artigos\/wp-json\/wp\/v2\/users\/5"}],"replies":[{"embeddable":true,"href":"https:\/\/webvasco.com\/artigos\/wp-json\/wp\/v2\/comments?post=802"}],"version-history":[{"count":2,"href":"https:\/\/webvasco.com\/artigos\/wp-json\/wp\/v2\/posts\/802\/revisions"}],"predecessor-version":[{"id":804,"href":"https:\/\/webvasco.com\/artigos\/wp-json\/wp\/v2\/posts\/802\/revisions\/804"}],"wp:featuredmedia":[{"embeddable":true,"href":"https:\/\/webvasco.com\/artigos\/wp-json\/wp\/v2\/media\/59"}],"wp:attachment":[{"href":"https:\/\/webvasco.com\/artigos\/wp-json\/wp\/v2\/media?parent=802"}],"wp:term":[{"taxonomy":"category","embeddable":true,"href":"https:\/\/webvasco.com\/artigos\/wp-json\/wp\/v2\/categories?post=802"},{"taxonomy":"post_tag","embeddable":true,"href":"https:\/\/webvasco.com\/artigos\/wp-json\/wp\/v2\/tags?post=802"}],"curies":[{"name":"wp","href":"https:\/\/api.w.org\/{rel}","templated":true}]}}