{"id":8020,"date":"2016-11-02T13:56:21","date_gmt":"2016-11-02T16:56:21","guid":{"rendered":"http:\/\/webvasco.com\/artigos\/?p=8020"},"modified":"2016-11-02T14:09:01","modified_gmt":"2016-11-02T17:09:01","slug":"finado-futebol","status":"publish","type":"post","link":"https:\/\/webvasco.com\/artigos\/colunistas\/luizcarlosrocha\/finado-futebol\/","title":{"rendered":"FINADO FUTEBOL!"},"content":{"rendered":"<div>\n<div style=\"color:#000; background-color:#fff; font-family:HelveticaNeue-Light, Helvetica Neue Light, Helvetica Neue, Helvetica, Arial, Lucida Grande, sans-serif;font-size:32px\">\n<div style=\"text-align:justify;text-indent:35.4pt;tab-stops:111.0pt\" id=\"yui_3_16_0_ym19_1_1476462259116_1790767\"><span style=\"font-size:12.0pt;line-height:115%;font-family:&quot;Arial&quot;,sans-serif\" id=\"yui_3_16_0_ym19_1_1476462259116_1790768\">Com  certeza, o dia 02 de novembro \u00e9 lembrado pela celebra\u00e7\u00e3o aos mortos. Todos n\u00f3s  temos um ente-querido inesquec\u00edvel. Por\u00e9m, alguns fantasmas s\u00e3o queridos do  p\u00fablico em geral. S\u00e3o as almas penadas animadas. O problema \u00e9 que o futebol  brasileiro, em especial o do Vasco da Gama est\u00e1 cada vez mais morto!<o:p id=\"yui_3_16_0_ym19_1_1476462259116_1790769\"><\/o:p><\/span><\/div>\n<div style=\"text-align:justify;text-indent:35.4pt;tab-stops:111.0pt\" id=\"yui_3_16_0_ym19_1_1476462259116_1790770\"><span style=\"font-size:12.0pt;line-height:115%;font-family:&quot;Arial&quot;,sans-serif\" id=\"yui_3_16_0_ym19_1_1476462259116_1790771\">H\u00e1  quem diga, que em tempos passados \u2013 quando vivo \u2013 o futebol vasca\u00edno nos deu  dias de gl\u00f3ria. Foram times vitoriosos. Craques em destaque no cen\u00e1rio  desportivo. Jogos sensacionais. O Cruzmaltino era temido pelos advers\u00e1rios e  admirado pelos torcedores e simpatizantes com clube. Atualmente enterrando as  mem\u00f3rias em sepulturas de covas rasas, aquelas que sequer tem identifica\u00e7\u00e3o!<o:p id=\"yui_3_16_0_ym19_1_1476462259116_1790772\"><\/o:p><\/span><\/div>\n<div style=\"text-align:justify;text-indent:35.4pt;tab-stops:111.0pt\" id=\"yui_3_16_0_ym19_1_1476462259116_1790773\"><span style=\"font-size:12.0pt;line-height:115%;font-family:&quot;Arial&quot;,sans-serif\" id=\"yui_3_16_0_ym19_1_1476462259116_1790774\">Analisando:  Enquanto o Gasparzinho rondou S\u00e3o Janu\u00e1rio esteve tudo certo, afinal, ele \u00e9 um fantasma  camarada. N\u00e3o colocou medo em ningu\u00e9m. Pelo contr\u00e1rio, ele s\u00f3 quis fazer  amigos. Com a vaidade e o ego predominando Gasparzinho, aos poucos se transformou  em Gel\u00e9ia (um fantasma verde do ca\u00e7a-fantasmas), e como habitual sua fome devorou  todos os valores que encontrou pela frente. Valores \u00e9ticos, morais, e principalmente  patrimoniais (privado, pois o legado financeiro se multiplicou absurdamente).  Dizem que o melhor amigo do homem \u00e9 o c\u00e3o. Enquanto essa alma penada era um  simples bra\u00e7o forte do mandat\u00e1rio vasca\u00edno, suas a\u00e7\u00f5es truculentas eram  comedidas ainda na Cal\u00e7ada da Colina, n\u00e3o adentrando.<o:p id=\"yui_3_16_0_ym19_1_1476462259116_1790775\"><\/o:p><\/span><\/div>\n<div style=\"text-align:justify;text-indent:35.4pt;tab-stops:111.0pt\" id=\"yui_3_16_0_ym19_1_1476462259116_1790776\"><span style=\"font-size:12.0pt;line-height:115%;font-family:&quot;Arial&quot;,sans-serif\" id=\"yui_3_16_0_ym19_1_1476462259116_1790777\">Rivalidade?  N\u00e3o! Porque entre torcer e distorcer h\u00e1 uma grande diferen\u00e7a. Nosso morto-vivo,  muitas vezes distorceu, embora n\u00e3o se discuta o lado torcedor dele. <o:p id=\"yui_3_16_0_ym19_1_1476462259116_1790778\"><\/o:p><\/span><\/div>\n<div style=\"text-align:justify;text-indent:35.4pt;tab-stops:111.0pt\" id=\"yui_3_16_0_ym19_1_1476462259116_1790779\"><span style=\"font-size:12.0pt;line-height:115%;font-family:&quot;Arial&quot;,sans-serif\" id=\"yui_3_16_0_ym19_1_1476462259116_1790780\">Uma  certeza eu tenho. Naquele tempo ele n\u00e3o passava de um vira-lata sem qualquer  pedigree. Poderia at\u00e9 ser chamado de Goober (o cachorro fantasma do  ca\u00e7a-fantasmas). O problema \u00e9 que deram espa\u00e7o e ele transformou o Vasco na Grifin\u00f3ria  (uma das quatro Casas da Escola de Magia e Bruxaria de Hogwarts, fundada por  Godric Gryffindor). Hoje, toda a Fam\u00edlia Adams trabalha no clube, sugando todas  as tetas. <o:p id=\"yui_3_16_0_ym19_1_1476462259116_1790781\"><\/o:p><\/span><\/div>\n<div style=\"text-align:justify;text-indent:35.4pt;tab-stops:111.0pt\" id=\"yui_3_16_0_ym19_1_1476462259116_1790782\"><span style=\"font-size:12.0pt;line-height:115%;font-family:&quot;Arial&quot;,sans-serif\" id=\"yui_3_16_0_ym19_1_1476462259116_1790783\">Tadinho  da Noiva Cad\u00e1ver \u2013 pensa que vai ser o sucessor, mas quem d\u00e1 as cartas atualmente  nas depend\u00eancias do Gigante da Colina \u00e9 Spectra Vondergeist (monster high) mais  conhecida como Draculaura \u2013 que ainda n\u00e3o sabe que o nepotismo \u00e9 a forma mais  s\u00f3rdida da putrefa\u00e7\u00e3o. N\u00e3o consegue ver que j\u00e1 sambou de azul e amarelo.<o:p id=\"yui_3_16_0_ym19_1_1476462259116_1790784\"><\/o:p><\/span><\/div>\n<div style=\"text-align:justify;text-indent:35.4pt;tab-stops:111.0pt\" id=\"yui_3_16_0_ym19_1_1476462259116_1790785\"><span style=\"font-size:12.0pt;line-height:115%;font-family:&quot;Arial&quot;,sans-serif\" id=\"yui_3_16_0_ym19_1_1476462259116_1790786\">O mais  esquisito \u00e9 testemunhar que Penadinhos e Alminhas lotam o Cemit\u00e9rio de S\u00e3o  Janu\u00e1rio com uma frequ\u00eancia de sete em sete dias para empurrar o time para o para\u00edso  (S\u00e9rie A), mesmo estando no inferno (S\u00e9rie B), sem ter a menor no\u00e7\u00e3o que Satan\u00e1s  est\u00e1 no comando. \u00c9 preciso ter sangue para reverter essa situa\u00e7\u00e3o lastim\u00e1vel.<o:p id=\"yui_3_16_0_ym19_1_1476462259116_1790787\"><\/o:p><\/span><\/div>\n<div style=\"text-align:justify;text-indent:35.4pt;tab-stops:111.0pt\" id=\"yui_3_16_0_ym19_1_1476462259116_1790788\"><span style=\"font-size:12.0pt;line-height:115%;font-family:&quot;Arial&quot;,sans-serif\" id=\"yui_3_16_0_ym19_1_1476462259116_1790789\"><o:p id=\"yui_3_16_0_ym19_1_1476462259116_1790790\">&nbsp;<\/o:p><\/span><\/div>\n<div style=\"text-align:justify;text-indent:35.4pt;tab-stops:111.0pt\" id=\"yui_3_16_0_ym19_1_1476462259116_1790791\"><b id=\"yui_3_16_0_ym19_1_1476462259116_1790792\"><u id=\"yui_3_16_0_ym19_1_1476462259116_1790793\"><span style=\"font-size:12.0pt;line-height:115%;font-family:&quot;Arial&quot;,sans-serif\" id=\"yui_3_16_0_ym19_1_1476462259116_1790794\">HOMENGEM:<\/span><\/u><\/b><span style=\"font-size:12.0pt;line-height:115%;font-family:&quot;Arial&quot;,sans-serif\" id=\"yui_3_16_0_ym19_1_1476462259116_1790795\"> &nbsp;A cr\u00f4nica de hoje \u00e9 dedicada a dois grandes  homens, que nos deram \u00f3timos exemplos de vida. Luiz Carlos Rocha (meu pai) e  M\u00e1rio Monteiro (pai do Andr\u00e9 Pedro e Marcelo Paiva) foram cidad\u00e3os de car\u00e1ter  ilibado, e nos deixaram h\u00e1 5 e 1 ano, respectivamente. Conhecedores da \u00e9tica,  da solidariedade e, sobretudo, da coes\u00e3o. Embora em outro plano, sei que  estar\u00e3o sempre de bem com a vida! <b id=\"yui_3_16_0_ym19_1_1476462259116_1790796\"><u id=\"yui_3_16_0_ym19_1_1476462259116_1790797\"><o:p id=\"yui_3_16_0_ym19_1_1476462259116_1790798\"><\/o:p><\/u><\/b><\/span><\/div>\n<div style=\"text-align:justify;text-indent:35.4pt;tab-stops:111.0pt\" id=\"yui_3_16_0_ym19_1_1476462259116_1790799\"><span style=\"font-size:12.0pt;line-height:115%;font-family:&quot;Arial&quot;,sans-serif\" id=\"yui_3_16_0_ym19_1_1476462259116_1790800\"><o:p id=\"yui_3_16_0_ym19_1_1476462259116_1790801\">&nbsp;<\/o:p><\/span><\/div>\n<div style=\"text-align:justify;text-indent:35.4pt;tab-stops:111.0pt\" id=\"yui_3_16_0_ym19_1_1476462259116_1790802\"><span style=\"font-size:12.0pt;line-height:115%;font-family:&quot;Arial&quot;,sans-serif\" id=\"yui_3_16_0_ym19_1_1476462259116_1790803\"><o:p id=\"yui_3_16_0_ym19_1_1476462259116_1790804\">&nbsp;<\/o:p><\/span><\/div>\n<div style=\"text-align:justify;text-indent:35.4pt;tab-stops:111.0pt\" id=\"yui_3_16_0_ym19_1_1476462259116_1790805\"><span style=\"font-size:14.0pt;line-height:115%;font-family:&quot;Arial&quot;,sans-serif\" id=\"yui_3_16_0_ym19_1_1476462259116_1790806\"><o:p id=\"yui_3_16_0_ym19_1_1476462259116_1790807\">&nbsp;<\/o:p><\/span><\/div>\n<div style=\"text-align:justify;text-indent:35.4pt;tab-stops:111.0pt\" id=\"yui_3_16_0_ym19_1_1476462259116_1790808\"><b id=\"yui_3_16_0_ym19_1_1476462259116_1790809\"><u id=\"yui_3_16_0_ym19_1_1476462259116_1790810\"><span style=\"font-size:20.0pt;line-height:115%;font-family:&quot;Arial&quot;,sans-serif\" id=\"yui_3_16_0_ym19_1_1476462259116_1790811\">DIVULGUEM ESSA COVARDIA:<\/span><\/u><\/b><span style=\"font-size:16.0pt;line-height:115%;font-family:&quot;Arial&quot;,sans-serif\" id=\"yui_3_16_0_ym19_1_1476462259116_1790812\"> GOSTARIA  DE PEDIR A TODOS OS MEUS AMIGOS E LEITORES QUE TIRASSE UM TEMPINHO PARA LER A  PETI\u00c7\u00c3O P\u00daBLICA, AO QUAL SEGUE ABAIXO O LINK. TAL DOCUMENTO REFERE-SE A <b id=\"yui_3_16_0_ym19_1_1476462259116_1790813\"><u id=\"yui_3_16_0_ym19_1_1476462259116_1790814\">UM ATO DE COVARDIA POR PARTE DA VOLKSWAGEN  DO BRASIL EM COAUTORIA DA ABOLI\u00c7\u00c3O VE\u00cdCULOS (GRUPO AB)<\/u><\/b> CONTRA ESTE  VELHO JORNALISTA. A REFERIDA CONCESSION\u00c1RIA EST\u00c1 ME LESANDO DESDE FEVEREIRO DE  2013. MEU CARRO FOI BATIDO DENTRO DA OFICINA, FURTARAM ACESS\u00d3RIOS, TEM  PROBLEMAS CAUSADOS POR ELES, AL\u00c9M DE DEFEITOS DE FABRICA\u00c7\u00c3O. O CARRO 0 KM  COMPRADO POR MIM HOJE SE ENCONTRA NA OFICINA DA ABOLI\u00c7\u00c3O VE\u00cdCULOS (CENTRO DE  NITER\u00d3I) <b id=\"yui_3_16_0_ym19_1_1476462259116_1790815\"><u id=\"yui_3_16_0_ym19_1_1476462259116_1790816\">DESDE 10 DE JUNHO DE 2013<\/u><\/b>,  OU MELHOR, H\u00c1 40<b id=\"yui_3_16_0_ym19_1_1476462259116_1790817\"><u id=\"yui_3_16_0_ym19_1_1476462259116_1790818\"> MESES, OU SEJA, 3  ANOS E QUATRO MESES.<\/u><\/b> <b id=\"yui_3_16_0_ym19_1_1476462259116_1790819\"><u id=\"yui_3_16_0_ym19_1_1476462259116_1790820\">TEM  APENAS 729 KM RODADOS<\/u><\/b> PARA COMPROVAR O CALV\u00c1RIO TENHO DOCUMENTOS,  GRAVA\u00c7\u00d5ES DE AUDIO E V\u00cdDEO, MAIS DE 600 FOTOGRAFIAS E E-MAILS TROCADOS COM  FUNCION\u00c1RIOS DO BAIXO, M\u00c9DIO E ALTO ESCAL\u00c3O DA EMPRESA. POR FAVOR, ASSINEM O  DOCUMENTO PARA QUE OUTROS CONSUMIDORES N\u00c3O SEJAM LESADOS POR EMPRESAS DESTE  N\u00cdVEL.&nbsp; <\/span><a href=\"https:\/\/secure.avaaz.org\/po\/petition\/Aos_Orgaos_de_Defesa_do_Consumidor_e_ao_Poder_Judiciario_JUSTICA_CONTRA_UMA_MARCA_E_SUA_REVENDERORA_QUE_DESCUMPREM_A_LEI\/?lJEcNfb&amp;pv=0\" id=\"yui_3_16_0_ym19_1_1476462259116_1790821\"><span style=\"font-size:16.0pt;line-height:115%;font-family:&quot;Arial&quot;,sans-serif\" id=\"yui_3_16_0_ym19_1_1476462259116_1790822\">https:\/\/secure.avaaz.org\/po\/petition\/Aos_Orgaos_de_Defesa_do_Consumidor_e_ao_Poder_Judiciario_JUSTICA_CONTRA_UMA_MARCA_E_SUA_REVENDERORA_QUE_DESCUMPREM_A_LEI\/?lJEcNfb&amp;pv=0<\/span><\/a><span style=\"font-size:16.0pt;line-height:115%;font-family:&quot;Arial&quot;,sans-serif\" id=\"yui_3_16_0_ym19_1_1476462259116_1790823\"><o:p id=\"yui_3_16_0_ym19_1_1476462259116_1790824\"><\/o:p><\/span><\/div>\n<div style=\"text-align:justify;tab-stops:69.75pt\" id=\"yui_3_16_0_ym19_1_1476462259116_1790825\"><span style=\"font-size:16.0pt;line-height:115%;font-family:&quot;Arial&quot;,sans-serif\" id=\"yui_3_16_0_ym19_1_1476462259116_1790826\">&nbsp;&nbsp;&nbsp;&nbsp;&nbsp;&nbsp;&nbsp;&nbsp;&nbsp;&nbsp;&nbsp;&nbsp;&nbsp;&nbsp;&nbsp; <o:p id=\"yui_3_16_0_ym19_1_1476462259116_1790827\"><\/o:p><\/span><\/div>\n<div style=\"text-align:justify;tab-stops:111.0pt\" id=\"yui_3_16_0_ym19_1_1476462259116_1790828\"><b id=\"yui_3_16_0_ym19_1_1476462259116_1790829\"><span style=\"font-size:16.0pt;line-height:115%;font-family:&quot;Arial&quot;,sans-serif\" id=\"yui_3_16_0_ym19_1_1476462259116_1790830\">&nbsp;&nbsp;&nbsp;&nbsp;&nbsp;&nbsp;&nbsp;&nbsp;&nbsp;&nbsp;&nbsp;&nbsp;&nbsp;&nbsp;&nbsp;&nbsp;&nbsp;&nbsp;&nbsp;&nbsp;&nbsp;&nbsp;&nbsp;&nbsp; &nbsp;&nbsp;&nbsp;&nbsp;&nbsp;&nbsp; <o:p id=\"yui_3_16_0_ym19_1_1476462259116_1790831\"><\/o:p><\/span><\/b><\/div>\n<div id=\"yui_3_16_0_ym19_1_1476462259116_1790508\">                                                            <\/div>\n<div style=\"text-align:justify\" dir=\"ltr\" id=\"yui_3_16_0_ym19_1_1476462259116_1790832\"><b id=\"yui_3_16_0_ym19_1_1476462259116_1790833\"><span style=\"font-size:14.0pt;line-height:115%;font-family:&quot;Arial&quot;,sans-serif\" id=\"yui_3_16_0_ym19_1_1476462259116_1790834\">AP\u00d3S  AS TODAS AS PARTIDAS DO VASC\u00c3O EM MEU PERFIL DO FACEBOOK (QUEM QUISER RECEBER  AS CR\u00d4NICAS DE PRIMEIRA M\u00c3O \u00c9 S\u00d3 ME ADICIONAR), E NOS SITES WEBVASCO  (<a href=\"http:\/\/www.webvasco.com\">www.webvasco.com<\/a>), E VASCA\u00cdNOS UNIDOS (<a href=\"http:\/\/www.vascainosunidos.com.br\">www.vascainosunidos.com.br<\/a>) TEM A  OPINI\u00c3O DO JORNALISTA LUIZ CARLOS ROCHA. LEIAM! COMPARTILHEM E CURTAM!  VASCA\u00cdNOS UNIDOS JAMAIS SER\u00c3O VENCIDOS.<o:p id=\"yui_3_16_0_ym19_1_1476462259116_1790835\"><\/o:p><\/span><\/b><\/div>\n<div id=\"yui_3_16_0_ym19_1_1476462259116_1790508\"><span><br \/><\/span><\/div>\n<div id=\"yui_3_16_0_ym19_1_1476462259116_1790508\"><span><br \/><\/span><\/div>\n<div id=\"yui_3_16_0_ym19_1_1476462259116_1790508\"><span><br \/><\/span><\/div>\n<div id=\"yui_3_16_0_ym19_1_1476462259116_1790508\"><span><br \/><\/span><\/div>\n<div id=\"yui_3_16_0_ym19_1_1476462259116_1790508\"><span><br \/><\/span><\/div>\n<div><\/div>\n<div id=\"yui_3_16_0_ym19_1_1476462259116_1790530\">&nbsp;<\/div>\n<div class=\"signature\" id=\"yui_3_16_0_ym19_1_1476462259116_1790535\">\n<div id=\"RTEContent\">\n<div id=\"yui_3_16_0_ym19_1_1476462259116_1790534\">\n<div id=\"yui_3_16_0_ym19_1_1476462259116_1790533\">\n<div id=\"yui_3_16_0_ym19_1_1476462259116_1790532\">\n<div align=\"center\" id=\"yui_3_16_0_ym19_1_1476462259116_1790538\"><\/div>\n<\/div>\n<\/div>\n<\/div>\n<\/div>\n<\/div>\n<\/div>\n<\/div>\n<p><\/p>\n","protected":false},"excerpt":{"rendered":"<p>Com certeza, o dia 02 de novembro \u00e9 lembrado pela celebra\u00e7\u00e3o aos mortos. Todos n\u00f3s&#8230;<\/p>\n","protected":false},"author":7,"featured_media":0,"comment_status":"open","ping_status":"closed","sticky":false,"template":"","format":"standard","meta":{"footnotes":""},"categories":[4],"tags":[],"class_list":["post-8020","post","type-post","status-publish","format-standard","hentry","category-luizcarlosrocha"],"_links":{"self":[{"href":"https:\/\/webvasco.com\/artigos\/wp-json\/wp\/v2\/posts\/8020","targetHints":{"allow":["GET"]}}],"collection":[{"href":"https:\/\/webvasco.com\/artigos\/wp-json\/wp\/v2\/posts"}],"about":[{"href":"https:\/\/webvasco.com\/artigos\/wp-json\/wp\/v2\/types\/post"}],"author":[{"embeddable":true,"href":"https:\/\/webvasco.com\/artigos\/wp-json\/wp\/v2\/users\/7"}],"replies":[{"embeddable":true,"href":"https:\/\/webvasco.com\/artigos\/wp-json\/wp\/v2\/comments?post=8020"}],"version-history":[{"count":0,"href":"https:\/\/webvasco.com\/artigos\/wp-json\/wp\/v2\/posts\/8020\/revisions"}],"wp:attachment":[{"href":"https:\/\/webvasco.com\/artigos\/wp-json\/wp\/v2\/media?parent=8020"}],"wp:term":[{"taxonomy":"category","embeddable":true,"href":"https:\/\/webvasco.com\/artigos\/wp-json\/wp\/v2\/categories?post=8020"},{"taxonomy":"post_tag","embeddable":true,"href":"https:\/\/webvasco.com\/artigos\/wp-json\/wp\/v2\/tags?post=8020"}],"curies":[{"name":"wp","href":"https:\/\/api.w.org\/{rel}","templated":true}]}}