{"id":8021,"date":"2016-11-05T22:44:38","date_gmt":"2016-11-06T01:44:38","guid":{"rendered":"http:\/\/webvasco.com\/artigos\/?p=8021"},"modified":"2016-11-05T22:48:50","modified_gmt":"2016-11-06T01:48:50","slug":"brasil-de-pelotas-vence-portugal-de-derrotas","status":"publish","type":"post","link":"https:\/\/webvasco.com\/artigos\/colunistas\/luizcarlosrocha\/brasil-de-pelotas-vence-portugal-de-derrotas\/","title":{"rendered":"BRASIL DE PELOTAS VENCE PORTUGAL DE DERROTAS!"},"content":{"rendered":"<div>\n<div style=\"color:#000; background-color:#fff; font-family:HelveticaNeue-Light, Helvetica Neue Light, Helvetica Neue, Helvetica, Arial, Lucida Grande, sans-serif;font-size:32px\">\n<div style=\"text-align:justify;text-indent:35.4pt;tab-stops:111.0pt\" id=\"yui_3_16_0_ym19_1_1478268118218_148444\"><span style=\"font-size:12.0pt;line-height:115%;font-family:&quot;Arial&quot;,sans-serif\" id=\"yui_3_16_0_ym19_1_1478268118218_148445\">O  t\u00edtulo desta cr\u00f4nica retrata a realidade atual do Cruzmaltino! O Vasco da Gama  perdeu mais uma partida hoje, desta vez para o Brasil de Pelotas, por 2 a 1.  Diogo Oliveira inaugurou o placar com um gola\u00e7o no \u00e2ngulo de Martin Silva na  etapa vestibular. No segundo tempo Douglas Luiz empatou no in\u00edcio e j\u00e1 quase no  t\u00e9rmino do jogo Marcos Paran\u00e1 definiu o marcador, chutando forte, sem chance para  o arqueiro vasca\u00edno que falhou ao deixar a bola passar por entre as suas m\u00e3os!<o:p id=\"yui_3_16_0_ym19_1_1478268118218_148446\"><\/o:p><\/span><\/div>\n<div style=\"text-align:justify;text-indent:35.4pt;tab-stops:111.0pt\" id=\"yui_3_16_0_ym19_1_1478268118218_148447\"><span style=\"font-size:12.0pt;line-height:115%;font-family:&quot;Arial&quot;,sans-serif\" id=\"yui_3_16_0_ym19_1_1478268118218_148448\">O  jogo, no Est\u00e1dio Bento Freitas, marcou a 34\u00aa Rodada, do Campeonato Brasileiro,  da S\u00e9rie B. Isto, porque era preciso o Gigante (nem t\u00e3o grande assim  atualmente) da Colina vencer para continuar na cola do Atl\u00e9tico\/GO, que venceu  o cl\u00e1ssico contra o Goi\u00e1s, por 4 a 2. Agora o Drag\u00e3o (64) est\u00e1 seis pontos \u00e0  frente do Bacalhau (58) na tabela de classifica\u00e7\u00e3o da competi\u00e7\u00e3o. Dificilmente  o Mach\u00e3o da Gama ser\u00e1 campe\u00e3o do Brasileir\u00e3o 2016, mas pelo menos voltar \u00e0 Elite  tem de acontecer!<o:p id=\"yui_3_16_0_ym19_1_1478268118218_148449\"><\/o:p><\/span><\/div>\n<div style=\"text-align:justify;text-indent:35.4pt;tab-stops:111.0pt\" id=\"yui_3_16_0_ym19_1_1478268118218_148450\"><span style=\"font-size:12.0pt;line-height:115%;font-family:&quot;Arial&quot;,sans-serif\" id=\"yui_3_16_0_ym19_1_1478268118218_148451\">O  rendimento caiu. A equipe de Web Vasco apurou e noticiou os motivos da queda  com <b id=\"yui_3_16_0_ym19_1_1478268118218_148452\"><u id=\"yui_3_16_0_ym19_1_1478268118218_148453\">EXCLUSIVIDADE<\/u><\/b> na cr\u00f4nica  do dia 29 de outubro de 2016, sob o t\u00edtulo GRUPO RACHADO! Lendo aquela mat\u00e9ria  \u00e9 mais f\u00e1cil de entender o que est\u00e1 acontecendo com o time. O Vasco tinha  atuado pela \u00faltima vez em 26 de outubro, diante do Ava\u00ed, em S\u00e3o Janu\u00e1rio, na  qual n\u00e3o sa\u00edram do 0 a 0. De l\u00e1 para c\u00e1 foram 10 dias. Ser\u00e1 que n\u00e3o foi tempo  suficiente para acertar os erros da equipe?<o:p id=\"yui_3_16_0_ym19_1_1478268118218_148454\"><\/o:p><\/span><\/div>\n<div style=\"text-align:justify;text-indent:35.4pt;tab-stops:111.0pt\" id=\"yui_3_16_0_ym19_1_1478268118218_148455\"><span style=\"font-size:12.0pt;line-height:115%;font-family:&quot;Arial&quot;,sans-serif\" id=\"yui_3_16_0_ym19_1_1478268118218_148456\">O  treinador Jorginho \u2013 que est\u00e1 sem moral nenhuma com o plantel \u2013 reclamou sem  raz\u00e3o. Tentou questionar que o segundo gol do Xavante estaria supostamente  impedido. Claro que n\u00e3o! O gol foi legal. Ademais, se a equipe vasca\u00edna  estivesse ganhando bem, n\u00e3o seria um gol legal ou ilegal que faria a diferen\u00e7a.  Muita reclama\u00e7\u00e3o e pouca efici\u00eancia por parte da Comiss\u00e3o T\u00e9cnica do Vasco!<o:p id=\"yui_3_16_0_ym19_1_1478268118218_148457\"><\/o:p><\/span><\/div>\n<div style=\"text-align:justify;text-indent:35.4pt;tab-stops:111.0pt\" id=\"yui_3_16_0_ym19_1_1478268118218_148458\"><span style=\"font-size:12.0pt;line-height:115%;font-family:&quot;Arial&quot;,sans-serif\" id=\"yui_3_16_0_ym19_1_1478268118218_148459\">O  goleiro Martin Silva falhou feio! Quando Marcos Paran\u00e1 chutou a bola passou por  entre as m\u00e3os do uruguaio. Frango? Nada. Chester (Segundo a defini\u00e7\u00e3o popular \u00e9  um frang\u00e3o). Quem disser que ele \u00e9 bom goleiro n\u00e3o viu vestir a camisa n\u00famero 1  Carlos Germano, Ac\u00e1cio, Emerson Le\u00e3o, Andrada, H\u00e9lton, Mazar\u00f3pi e Barbosa. Claro,  que diante dos \u00faltimos 10 anos, ele \u00e9 o melhorzinho de tantos indignos que  passaram por esta posi\u00e7\u00e3o. Mas \u00e9 somente um profissional mediano. Nada al\u00e9m!<o:p id=\"yui_3_16_0_ym19_1_1478268118218_148460\"><\/o:p><\/span><\/div>\n<div style=\"text-align:justify;text-indent:35.4pt;tab-stops:111.0pt\" id=\"yui_3_16_0_ym19_1_1478268118218_148461\"><span style=\"font-size:12.0pt;line-height:115%;font-family:&quot;Arial&quot;,sans-serif\" id=\"yui_3_16_0_ym19_1_1478268118218_148462\">O  pr\u00f3ximo desafio do Vasco ser\u00e1 ter\u00e7a-feira, dia 08 de novembro, \u00e0s 21h30m, em  S\u00e3o Janu\u00e1rio, contra o Luverdense. N\u00e3o h\u00e1 outro resultado interessante que n\u00e3o  seja a vit\u00f3ria. O leitor deve estar curioso porque todos os par\u00e1grafos  come\u00e7aram com a letra O, porque na mistura alfanum\u00e9rica eu n\u00e3o poderia come\u00e7ar  com o n\u00famero 0, logo, a letra mencionada representa o numeral. Zero \u00e9 a nota  que a Gest\u00e3o de Dom Charuto merece diante de tantos fracassos e  desapontamentos. A Imensa Torcida Bem (IN) Feliz n\u00e3o aguenta mais tanta  incompet\u00eancia. <o:p id=\"yui_3_16_0_ym19_1_1478268118218_148463\"><\/o:p><\/span><\/div>\n<div style=\"text-align:justify;text-indent:35.4pt;tab-stops:111.0pt\" id=\"yui_3_16_0_ym19_1_1478268118218_148464\"><span style=\"font-size:12.0pt;line-height:115%;font-family:&quot;Arial&quot;,sans-serif\" id=\"yui_3_16_0_ym19_1_1478268118218_148465\"><o:p id=\"yui_3_16_0_ym19_1_1478268118218_148466\">&nbsp;<\/o:p><\/span><\/div>\n<div style=\"text-align:justify;text-indent:35.4pt;tab-stops:111.0pt\" id=\"yui_3_16_0_ym19_1_1478268118218_148467\"><span style=\"font-size:12.0pt;line-height:115%;font-family:&quot;Arial&quot;,sans-serif\" id=\"yui_3_16_0_ym19_1_1478268118218_148468\"><o:p id=\"yui_3_16_0_ym19_1_1478268118218_148469\">&nbsp;<\/o:p><\/span><\/div>\n<div style=\"text-align:justify;text-indent:35.4pt;tab-stops:111.0pt\" id=\"yui_3_16_0_ym19_1_1478268118218_148470\"><span style=\"font-size:14.0pt;line-height:115%;font-family:&quot;Arial&quot;,sans-serif\" id=\"yui_3_16_0_ym19_1_1478268118218_148471\"><o:p id=\"yui_3_16_0_ym19_1_1478268118218_148472\">&nbsp;<\/o:p><\/span><\/div>\n<div style=\"text-align:justify;text-indent:35.4pt;tab-stops:111.0pt\" id=\"yui_3_16_0_ym19_1_1478268118218_148473\"><b id=\"yui_3_16_0_ym19_1_1478268118218_148474\"><u id=\"yui_3_16_0_ym19_1_1478268118218_148475\"><span style=\"font-size:20.0pt;line-height:115%;font-family:&quot;Arial&quot;,sans-serif\" id=\"yui_3_16_0_ym19_1_1478268118218_148476\">DIVULGUEM ESSA COVARDIA:<\/span><\/u><\/b><span style=\"font-size:16.0pt;line-height:115%;font-family:&quot;Arial&quot;,sans-serif\" id=\"yui_3_16_0_ym19_1_1478268118218_148477\"> GOSTARIA  DE PEDIR A TODOS OS MEUS AMIGOS E LEITORES QUE TIRASSE UM TEMPINHO PARA LER A  PETI\u00c7\u00c3O P\u00daBLICA, AO QUAL SEGUE ABAIXO O LINK. TAL DOCUMENTO REFERE-SE A <b id=\"yui_3_16_0_ym19_1_1478268118218_148478\"><u id=\"yui_3_16_0_ym19_1_1478268118218_148479\">UM ATO DE COVARDIA POR PARTE DA  VOLKSWAGEN DO BRASIL EM COAUTORIA DA ABOLI\u00c7\u00c3O VE\u00cdCULOS (GRUPO AB)<\/u><\/b>  CONTRA ESTE VELHO JORNALISTA. A REFERIDA CONCESSION\u00c1RIA EST\u00c1 ME LESANDO DESDE  FEVEREIRO DE 2013. MEU CARRO FOI BATIDO DENTRO DA OFICINA, FURTARAM ACESS\u00d3RIOS,  TEM PROBLEMAS CAUSADOS POR ELES, AL\u00c9M DE DEFEITOS DE FABRICA\u00c7\u00c3O. O CARRO 0 KM  COMPRADO POR MIM HOJE SE ENCONTRA NA OFICINA DA ABOLI\u00c7\u00c3O VE\u00cdCULOS (CENTRO DE  NITER\u00d3I) <b id=\"yui_3_16_0_ym19_1_1478268118218_148480\"><u id=\"yui_3_16_0_ym19_1_1478268118218_148481\">DESDE 10 DE JUNHO DE 2013<\/u><\/b>,  OU MELHOR, H\u00c1 40<b id=\"yui_3_16_0_ym19_1_1478268118218_148482\"><u id=\"yui_3_16_0_ym19_1_1478268118218_148483\"> MESES, OU SEJA, 3  ANOS E QUATRO MESES.<\/u><\/b> <b id=\"yui_3_16_0_ym19_1_1478268118218_148484\"><u id=\"yui_3_16_0_ym19_1_1478268118218_148485\">TEM  APENAS 729 KM RODADOS<\/u><\/b> PARA COMPROVAR O CALV\u00c1RIO TENHO DOCUMENTOS,  GRAVA\u00c7\u00d5ES DE AUDIO E V\u00cdDEO, MAIS DE 600 FOTOGRAFIAS E E-MAILS TROCADOS COM  FUNCION\u00c1RIOS DO BAIXO, M\u00c9DIO E ALTO ESCAL\u00c3O DA EMPRESA. POR FAVOR, ASSINEM O  DOCUMENTO PARA QUE OUTROS CONSUMIDORES N\u00c3O SEJAM LESADOS POR EMPRESAS DESTE  N\u00cdVEL.&nbsp; <\/span><a href=\"https:\/\/secure.avaaz.org\/po\/petition\/Aos_Orgaos_de_Defesa_do_Consumidor_e_ao_Poder_Judiciario_JUSTICA_CONTRA_UMA_MARCA_E_SUA_REVENDERORA_QUE_DESCUMPREM_A_LEI\/?lJEcNfb&amp;pv=0\" id=\"yui_3_16_0_ym19_1_1478268118218_148486\"><span style=\"font-size:16.0pt;line-height:115%;font-family:&quot;Arial&quot;,sans-serif\" id=\"yui_3_16_0_ym19_1_1478268118218_148487\">https:\/\/secure.avaaz.org\/po\/petition\/Aos_Orgaos_de_Defesa_do_Consumidor_e_ao_Poder_Judiciario_JUSTICA_CONTRA_UMA_MARCA_E_SUA_REVENDERORA_QUE_DESCUMPREM_A_LEI\/?lJEcNfb&amp;pv=0<\/span><\/a><span style=\"font-size:16.0pt;line-height:115%;font-family:&quot;Arial&quot;,sans-serif\" id=\"yui_3_16_0_ym19_1_1478268118218_148488\"><o:p id=\"yui_3_16_0_ym19_1_1478268118218_148489\"><\/o:p><\/span><\/div>\n<div style=\"text-align:justify;tab-stops:69.75pt\" id=\"yui_3_16_0_ym19_1_1478268118218_148490\"><span style=\"font-size:16.0pt;line-height:115%;font-family:&quot;Arial&quot;,sans-serif\" id=\"yui_3_16_0_ym19_1_1478268118218_148491\">&nbsp;&nbsp;&nbsp;&nbsp;&nbsp;&nbsp;&nbsp;&nbsp;&nbsp;&nbsp;&nbsp;&nbsp;&nbsp;&nbsp;&nbsp; <o:p id=\"yui_3_16_0_ym19_1_1478268118218_148492\"><\/o:p><\/span><\/div>\n<div style=\"text-align:justify;tab-stops:111.0pt\" id=\"yui_3_16_0_ym19_1_1478268118218_148493\"><b id=\"yui_3_16_0_ym19_1_1478268118218_148494\"><span style=\"font-size:16.0pt;line-height:115%;font-family:&quot;Arial&quot;,sans-serif\" id=\"yui_3_16_0_ym19_1_1478268118218_148495\">&nbsp;&nbsp;&nbsp;&nbsp;&nbsp;&nbsp;&nbsp;&nbsp;&nbsp;&nbsp;&nbsp;&nbsp;&nbsp;&nbsp;&nbsp;&nbsp;&nbsp;&nbsp;&nbsp;&nbsp;&nbsp;&nbsp;&nbsp;&nbsp; &nbsp;&nbsp;&nbsp;&nbsp;&nbsp;&nbsp; <o:p id=\"yui_3_16_0_ym19_1_1478268118218_148496\"><\/o:p><\/span><\/b><\/div>\n<div id=\"yui_3_16_0_ym19_1_1478268118218_146626\">                                                <\/div>\n<div style=\"text-align:justify\" dir=\"ltr\" id=\"yui_3_16_0_ym19_1_1478268118218_148497\"><b id=\"yui_3_16_0_ym19_1_1478268118218_148498\"><span style=\"font-size:14.0pt;line-height:115%;font-family:&quot;Arial&quot;,sans-serif\" id=\"yui_3_16_0_ym19_1_1478268118218_148499\">AP\u00d3S  AS TODAS AS PARTIDAS DO VASC\u00c3O EM MEU PERFIL DO FACEBOOK (QUEM QUISER RECEBER  AS CR\u00d4NICAS DE PRIMEIRA M\u00c3O \u00c9 S\u00d3 ME ADICIONAR), E NOS SITES WEBVASCO  (<a href=\"http:\/\/www.webvasco.com\">www.webvasco.com<\/a>), E VASCA\u00cdNOS UNIDOS (<a href=\"http:\/\/www.vascainosunidos.com.br\">www.vascainosunidos.com.br<\/a>) TEM A  OPINI\u00c3O DO JORNALISTA LUIZ CARLOS ROCHA. LEIAM! COMPARTILHEM E CURTAM! VASCA\u00cdNOS  UNIDOS JAMAIS SER\u00c3O VENCIDOS.<o:p id=\"yui_3_16_0_ym19_1_1478268118218_148500\"><\/o:p><\/span><\/b><\/div>\n<div id=\"yui_3_16_0_ym19_1_1478268118218_146626\"><span><br \/><\/span><\/div>\n<div id=\"yui_3_16_0_ym19_1_1478268118218_146626\"><span><br \/><\/span><\/div>\n<div id=\"yui_3_16_0_ym19_1_1478268118218_146626\"><span><br \/><\/span><\/div>\n<div><\/div>\n<div id=\"yui_3_16_0_ym19_1_1478268118218_146617\">&nbsp;<\/div>\n<div class=\"signature\" id=\"yui_3_16_0_ym19_1_1478268118218_146625\">\n<div id=\"RTEContent\">\n<div id=\"yui_3_16_0_ym19_1_1478268118218_146624\">\n<div id=\"yui_3_16_0_ym19_1_1478268118218_146623\">\n<div id=\"yui_3_16_0_ym19_1_1478268118218_146622\">\n<div align=\"center\" id=\"yui_3_16_0_ym19_1_1478268118218_146621\"><\/div>\n<\/div>\n<\/div>\n<\/div>\n<\/div>\n<\/div>\n<\/div>\n<\/div>\n<p><\/p>\n","protected":false},"excerpt":{"rendered":"<p>O t\u00edtulo desta cr\u00f4nica retrata a realidade atual do Cruzmaltino! O Vasco da Gama perdeu&#8230;<\/p>\n","protected":false},"author":7,"featured_media":0,"comment_status":"open","ping_status":"closed","sticky":false,"template":"","format":"standard","meta":{"footnotes":""},"categories":[4],"tags":[],"class_list":["post-8021","post","type-post","status-publish","format-standard","hentry","category-luizcarlosrocha"],"_links":{"self":[{"href":"https:\/\/webvasco.com\/artigos\/wp-json\/wp\/v2\/posts\/8021","targetHints":{"allow":["GET"]}}],"collection":[{"href":"https:\/\/webvasco.com\/artigos\/wp-json\/wp\/v2\/posts"}],"about":[{"href":"https:\/\/webvasco.com\/artigos\/wp-json\/wp\/v2\/types\/post"}],"author":[{"embeddable":true,"href":"https:\/\/webvasco.com\/artigos\/wp-json\/wp\/v2\/users\/7"}],"replies":[{"embeddable":true,"href":"https:\/\/webvasco.com\/artigos\/wp-json\/wp\/v2\/comments?post=8021"}],"version-history":[{"count":0,"href":"https:\/\/webvasco.com\/artigos\/wp-json\/wp\/v2\/posts\/8021\/revisions"}],"wp:attachment":[{"href":"https:\/\/webvasco.com\/artigos\/wp-json\/wp\/v2\/media?parent=8021"}],"wp:term":[{"taxonomy":"category","embeddable":true,"href":"https:\/\/webvasco.com\/artigos\/wp-json\/wp\/v2\/categories?post=8021"},{"taxonomy":"post_tag","embeddable":true,"href":"https:\/\/webvasco.com\/artigos\/wp-json\/wp\/v2\/tags?post=8021"}],"curies":[{"name":"wp","href":"https:\/\/api.w.org\/{rel}","templated":true}]}}