{"id":8022,"date":"2016-11-09T00:51:41","date_gmt":"2016-11-09T03:51:41","guid":{"rendered":"http:\/\/webvasco.com\/artigos\/?p=8022"},"modified":"2016-11-09T00:58:14","modified_gmt":"2016-11-09T03:58:14","slug":"para-limpar-a-bunda","status":"publish","type":"post","link":"https:\/\/webvasco.com\/artigos\/colunistas\/luizcarlosrocha\/para-limpar-a-bunda\/","title":{"rendered":"PARA LIMPAR A BUNDA!"},"content":{"rendered":"<div>\n<div style=\"color:#000; background-color:#fff; font-family:HelveticaNeue-Light, Helvetica Neue Light, Helvetica Neue, Helvetica, Arial, Lucida Grande, sans-serif;font-size:32px\">\n<div style=\"text-align:justify;text-indent:35.4pt;tab-stops:111.0pt\" id=\"yui_3_16_0_ym19_1_1478583329602_83846\"><span style=\"font-size:12.0pt;line-height:115%;font-family:&quot;Arial&quot;,sans-serif\" id=\"yui_3_16_0_ym19_1_1478583329602_83847\">Nos  Anos 80 o comercial do Papel Higi\u00eanico Neve mostrava sempre o mordomo Alfredo  trazendo na bandeja o referido material de assepsia para aqueles que precisavam  limpar as n\u00e1degas. Com o melanc\u00f3lico resultado de hoje, ao empatar com o  Luverdense, em S\u00e3o Janu\u00e1rio, por 1 a 1, em partida v\u00e1lida pela 35\u00aa Rodada do  Campeonato Brasileiro, da S\u00e9rie B, o Vasco da Gama teve de entubar o gol de  Alfredo, que n\u00e3o s\u00f3 serviu para afundar ainda mais o Cruzmaltino na merda, como  tamb\u00e9m mostrar \u00e0 Bunda Mor e os 40 Bund\u00f5es que a situa\u00e7\u00e3o est\u00e1 mais cagada do  que se imagina!<o:p id=\"yui_3_16_0_ym19_1_1478583329602_83848\"><\/o:p><\/span><\/div>\n<div style=\"text-align:justify;text-indent:35.4pt;tab-stops:111.0pt\" id=\"yui_3_16_0_ym19_1_1478583329602_83849\"><span style=\"font-size:12.0pt;line-height:115%;font-family:&quot;Arial&quot;,sans-serif\" id=\"yui_3_16_0_ym19_1_1478583329602_83850\">De  nada adiantou Thalles abrir o placar, se Alfredo empatou e deixou o An\u00e3o da  Colina ainda mais apequenado na competi\u00e7\u00e3o. Isto, porque, nos \u00faltimos 8 jogos  foram apenas 2 vit\u00f3rias, 2 empates e 4 derrotas, sendo nas tr\u00eas \u00faltimas  partidas derrotas humilhantes! A trag\u00e9dia em casa fez a equipe de Jorginho cair  uma posi\u00e7\u00e3o na tabela de classifica\u00e7\u00e3o, que agora ocupa a terceira coloca\u00e7\u00e3o,  com 59 pontos ganhos. O pior \u00e9 saber que o N\u00e1utico, quinto colocado tem 57, ou  seja, apenas dois a menos do que o Mach\u00e3o (nem tanto assim) da Gama.<o:p id=\"yui_3_16_0_ym19_1_1478583329602_83851\"><\/o:p><\/span><\/div>\n<div style=\"text-align:justify;text-indent:35.4pt;tab-stops:111.0pt\" id=\"yui_3_16_0_ym19_1_1478583329602_83852\"><span style=\"font-size:12.0pt;line-height:115%;font-family:&quot;Arial&quot;,sans-serif\" id=\"yui_3_16_0_ym19_1_1478583329602_83853\">Tudo  conspira contra o Fiasco, digo, Vasco. Os numerais 2 e 3 ficam oscilando na  matem\u00e1tica, bem como no destino do terr\u00edvel plantel. Vejam: \u00e9 a 3\u00aa vez que o  Cruzmaltino frequenta a 2\u00aa Divis\u00e3o do Brasileir\u00e3o. Esta foi a 3\u00aa partida consecutiva  sem vit\u00f3ria na 2\u00aa. Hoje, foi 3\u00aa feira, e o gol que afundou ainda mais o time de  Dom Charuto foi no 2\u00ba tempo. O An\u00e3o da Colina caiu para 3\u00ba colocado na tabela,  a 2 pontos de sair do G4. O mais otimista torcedor vai alegar: Ah, mas nosso  goleiro n\u00e3o era o titular. Sim, mas quem tomou o gol foi o 2\u00ba arqueiro! Um  leitor esperto vai querer me pegar pelo p\u00e9, e dizer que o gol de Alfredo, foi  aos 7 minutos, ap\u00f3s rebote de Jordi, e nada tem com os numerais 2 e 3. <o:p id=\"yui_3_16_0_ym19_1_1478583329602_83854\"><\/o:p><\/span><\/div>\n<div style=\"text-align:justify;text-indent:35.4pt;tab-stops:111.0pt\" id=\"yui_3_16_0_ym19_1_1478583329602_83855\"><span style=\"font-size:12.0pt;line-height:115%;font-family:&quot;Arial&quot;,sans-serif\" id=\"yui_3_16_0_ym19_1_1478583329602_83856\">Tem  sim! Sete, segundo o ditado popular \u00e9 n\u00famero de mentiroso. S\u00f3 estamos passando  por esta situa\u00e7\u00e3o vexat\u00f3ria porque o presidente Eurico Miranda mentiu para a  Imensa Torcida Bem Sacrificada, digo, quase Feliz, ou melhor, outrora Feliz,  quando disse ano passado que o Vasco n\u00e3o iria cair. Caiu! Disse que o respeito voltou  quando assumiu seu pleito, em 2014, cad\u00ea? Se a torcida ao final da partida  carinhosamente ecoou assim: \u201cEi, Eurico, Vai toma no c&#8230;\u201d. Ent\u00e3o n\u00e3o sei mais  o que \u00e9 desrespeitar! O que me conforta \u00e9 que o Brasil est\u00e1 vivendo nesta  gera\u00e7\u00e3o Mimimi valores invertidos, pode ser ent\u00e3o, que toma Caju seja melhor do  que Eu Te Amo, n\u00e3o \u00e9?<o:p id=\"yui_3_16_0_ym19_1_1478583329602_83857\"><\/o:p><\/span><\/div>\n<div style=\"text-align:justify;text-indent:35.4pt;tab-stops:111.0pt\" id=\"yui_3_16_0_ym19_1_1478583329602_83858\"><span style=\"font-size:12.0pt;line-height:115%;font-family:&quot;Arial&quot;,sans-serif\" id=\"yui_3_16_0_ym19_1_1478583329602_83859\">A  Colina Hist\u00f3rica (hoje com toda a raz\u00e3o estava hist\u00e9rica) recebeu um p\u00fablico  presente de 2.873 pessoas, sendo 2.555 pagantes, gerando R$ 64.745,00 apenas. O  torcedor tem prestigiado pouco, em raz\u00e3o de in\u00fameros fracassos, com toda a  raz\u00e3o. Acho inclusive, que os pagantes para ver esta bosta de time s\u00e3o her\u00f3is e  merecem medalhas de Honda ao M\u00e9rito! O que me faz acreditar \u2013 ainda mais \u2013 que Dom  Charuto \u00e9 um gestor em plena decad\u00eancia \u00e9 saber que entre os presentes e os  pagantes h\u00e1 uma diferen\u00e7a de 318 pessoas que entraram na gratuidade. Ou seja,  quase 12% sem pagar! Certamente convidados do Todo Poderoso. Ingressos para  Torcidas Organizadas. Musas com o bumbum de fora e os tradicionais puxa-sacos!  Um absurdo! Por estas e tantas outras aberra\u00e7\u00f5es que o Vasco da Gama \u00e9 uma  marca \u00e0 beira da concordata!<o:p id=\"yui_3_16_0_ym19_1_1478583329602_83860\"><\/o:p><\/span><\/div>\n<div style=\"text-align:justify;text-indent:35.4pt;tab-stops:111.0pt\" id=\"yui_3_16_0_ym19_1_1478583329602_83861\"><span style=\"font-size:12.0pt;line-height:115%;font-family:&quot;Arial&quot;,sans-serif\" id=\"yui_3_16_0_ym19_1_1478583329602_83862\">Ao t\u00e9rmino  de mais uma atua\u00e7\u00e3o p\u00edfia, a atitude de alguns jogadores foi compat\u00edvel com a  atua\u00e7\u00e3o e certamente lastim\u00e1vel. Jordi, Luan, Rodrigo, Bruno Gallo, Nen\u00ea e  outros n\u00e3o quiseram se pronunciar. Deveriam no m\u00ednimo pedir desculpas para o  torcedor por n\u00e3o honrarem uma camisa centen\u00e1ria. Andrezinho pelo menos foi digno:  \u201cO sentimento \u00e9 de vergonha\u201d, disparou o meia. O pavor ficou por conta das  palavras de Yago Pikachu: \u201cAgora s\u00f3 depende de n\u00f3s, n\u00e3o dependemos de mais  ningu\u00e9m\u201d. A preocupa\u00e7\u00e3o de depender de uma equipe fraqu\u00edssima, sem comando, sem  vontade e sem respeito pelo clube, sobretudo, pela torcida!<o:p id=\"yui_3_16_0_ym19_1_1478583329602_83863\"><\/o:p><\/span><\/div>\n<div style=\"text-align:justify;text-indent:35.4pt;tab-stops:111.0pt\" id=\"yui_3_16_0_ym19_1_1478583329602_83864\"><span style=\"font-size:12.0pt;line-height:115%;font-family:&quot;Arial&quot;,sans-serif\" id=\"yui_3_16_0_ym19_1_1478583329602_83865\">Se o  Vasco conseguir subir para a Elite do futebol e n\u00e3o descer mais uma vez no  final de 2017, o S\u00f3cio votante tem de ter mais consci\u00eancia, bem como as  Torcidas Organizadas precisam ser mais atuantes para que Dom Charuto n\u00e3o se  reeleja, pois se isso acontecer antes de 2020 teremos o Cl\u00e1ssico do Aterro do  Flamengo entre Fiasco da Gama e o time dos Gar\u00e7ons (com todo o respeito a esta classe  t\u00e3o bacana)!<o:p id=\"yui_3_16_0_ym19_1_1478583329602_83866\"><\/o:p><\/span><\/div>\n<div style=\"text-align:justify;text-indent:35.4pt;tab-stops:111.0pt\" id=\"yui_3_16_0_ym19_1_1478583329602_83867\"><span style=\"font-size:12.0pt;line-height:115%;font-family:&quot;Arial&quot;,sans-serif\" id=\"yui_3_16_0_ym19_1_1478583329602_83868\">O  pr\u00f3ximo sufoco do Cruzmaltino ser\u00e1 s\u00e1bado, dia 12 de novembro, \u00e0s 16h, contra o  Bragantino, em Bragan\u00e7a Paulista.<o:p id=\"yui_3_16_0_ym19_1_1478583329602_83869\"><\/o:p><\/span><\/div>\n<div style=\"text-align:justify;text-indent:35.4pt;tab-stops:111.0pt\" id=\"yui_3_16_0_ym19_1_1478583329602_83870\"><span style=\"font-size:12.0pt;line-height:115%;font-family:&quot;Arial&quot;,sans-serif\" id=\"yui_3_16_0_ym19_1_1478583329602_83871\"><o:p id=\"yui_3_16_0_ym19_1_1478583329602_83872\">&nbsp;<\/o:p><\/span><\/div>\n<div style=\"text-align:justify;text-indent:35.4pt;tab-stops:111.0pt\" id=\"yui_3_16_0_ym19_1_1478583329602_83873\"><span style=\"font-size:12.0pt;line-height:115%;font-family:&quot;Arial&quot;,sans-serif\" id=\"yui_3_16_0_ym19_1_1478583329602_83874\"><o:p id=\"yui_3_16_0_ym19_1_1478583329602_83875\">&nbsp;<\/o:p><\/span><\/div>\n<div style=\"text-align:justify;text-indent:35.4pt;tab-stops:111.0pt\" id=\"yui_3_16_0_ym19_1_1478583329602_83876\"><span style=\"font-size:12.0pt;line-height:115%;font-family:&quot;Arial&quot;,sans-serif\" id=\"yui_3_16_0_ym19_1_1478583329602_83877\"><o:p id=\"yui_3_16_0_ym19_1_1478583329602_83878\">&nbsp;<\/o:p><\/span><\/div>\n<div style=\"text-align:justify;text-indent:35.4pt;tab-stops:111.0pt\" id=\"yui_3_16_0_ym19_1_1478583329602_83879\"><span style=\"font-size:12.0pt;line-height:115%;font-family:&quot;Arial&quot;,sans-serif\" id=\"yui_3_16_0_ym19_1_1478583329602_83880\"><o:p id=\"yui_3_16_0_ym19_1_1478583329602_83881\">&nbsp;<\/o:p><\/span><\/div>\n<div style=\"text-align:justify;text-indent:35.4pt;tab-stops:111.0pt\" id=\"yui_3_16_0_ym19_1_1478583329602_83882\"><span style=\"font-size:14.0pt;line-height:115%;font-family:&quot;Arial&quot;,sans-serif\" id=\"yui_3_16_0_ym19_1_1478583329602_83883\"><o:p id=\"yui_3_16_0_ym19_1_1478583329602_83884\">&nbsp;<\/o:p><\/span><\/div>\n<div style=\"text-align:justify;text-indent:35.4pt;tab-stops:111.0pt\" id=\"yui_3_16_0_ym19_1_1478583329602_83885\"><b id=\"yui_3_16_0_ym19_1_1478583329602_83886\"><u id=\"yui_3_16_0_ym19_1_1478583329602_83887\"><span style=\"font-size:20.0pt;line-height:115%;font-family:&quot;Arial&quot;,sans-serif\" id=\"yui_3_16_0_ym19_1_1478583329602_83888\">DIVULGUEM ESSA COVARDIA:<\/span><\/u><\/b><span style=\"font-size:16.0pt;line-height:115%;font-family:&quot;Arial&quot;,sans-serif\" id=\"yui_3_16_0_ym19_1_1478583329602_83889\"> GOSTARIA  DE PEDIR A TODOS OS MEUS AMIGOS E LEITORES QUE TIRASSE UM TEMPINHO PARA LER A  PETI\u00c7\u00c3O P\u00daBLICA, AO QUAL SEGUE ABAIXO O LINK. TAL DOCUMENTO REFERE-SE A <b id=\"yui_3_16_0_ym19_1_1478583329602_83890\"><u id=\"yui_3_16_0_ym19_1_1478583329602_83891\">UM ATO DE COVARDIA POR PARTE DA  VOLKSWAGEN DO BRASIL EM COAUTORIA DA ABOLI\u00c7\u00c3O VE\u00cdCULOS (GRUPO AB)<\/u><\/b>  CONTRA ESTE VELHO JORNALISTA. A REFERIDA CONCESSION\u00c1RIA EST\u00c1 ME LESANDO DESDE  FEVEREIRO DE 2013. MEU CARRO FOI BATIDO DENTRO DA OFICINA, FURTARAM ACESS\u00d3RIOS,  TEM PROBLEMAS CAUSADOS POR ELES, AL\u00c9M DE DEFEITOS DE FABRICA\u00c7\u00c3O. O CARRO 0 KM  COMPRADO POR MIM HOJE SE ENCONTRA NA OFICINA DA ABOLI\u00c7\u00c3O VE\u00cdCULOS (CENTRO DE  NITER\u00d3I) <b id=\"yui_3_16_0_ym19_1_1478583329602_83892\"><u id=\"yui_3_16_0_ym19_1_1478583329602_83893\">DESDE 10 DE JUNHO DE 2013<\/u><\/b>,  OU MELHOR, H\u00c1 40<b id=\"yui_3_16_0_ym19_1_1478583329602_83894\"><u id=\"yui_3_16_0_ym19_1_1478583329602_83895\"> MESES, OU SEJA, 3  ANOS E QUATRO MESES.<\/u><\/b> <b id=\"yui_3_16_0_ym19_1_1478583329602_83896\"><u id=\"yui_3_16_0_ym19_1_1478583329602_83897\">TEM  APENAS 729 KM RODADOS<\/u><\/b> PARA COMPROVAR O CALV\u00c1RIO TENHO DOCUMENTOS,  GRAVA\u00c7\u00d5ES DE AUDIO E V\u00cdDEO, MAIS DE 600 FOTOGRAFIAS E E-MAILS TROCADOS COM  FUNCION\u00c1RIOS DO BAIXO, M\u00c9DIO E ALTO ESCAL\u00c3O DA EMPRESA. POR FAVOR, ASSINEM O  DOCUMENTO PARA QUE OUTROS CONSUMIDORES N\u00c3O SEJAM LESADOS POR EMPRESAS DESTE  N\u00cdVEL.&nbsp; <\/span><a href=\"https:\/\/secure.avaaz.org\/po\/petition\/Aos_Orgaos_de_Defesa_do_Consumidor_e_ao_Poder_Judiciario_JUSTICA_CONTRA_UMA_MARCA_E_SUA_REVENDERORA_QUE_DESCUMPREM_A_LEI\/?lJEcNfb&amp;pv=0\" id=\"yui_3_16_0_ym19_1_1478583329602_83898\"><span style=\"font-size:16.0pt;line-height:115%;font-family:&quot;Arial&quot;,sans-serif\" id=\"yui_3_16_0_ym19_1_1478583329602_83899\">https:\/\/secure.avaaz.org\/po\/petition\/Aos_Orgaos_de_Defesa_do_Consumidor_e_ao_Poder_Judiciario_JUSTICA_CONTRA_UMA_MARCA_E_SUA_REVENDERORA_QUE_DESCUMPREM_A_LEI\/?lJEcNfb&amp;pv=0<\/span><\/a><span style=\"font-size:16.0pt;line-height:115%;font-family:&quot;Arial&quot;,sans-serif\" id=\"yui_3_16_0_ym19_1_1478583329602_83900\"><o:p id=\"yui_3_16_0_ym19_1_1478583329602_83901\"><\/o:p><\/span><\/div>\n<div style=\"text-align:justify;tab-stops:69.75pt\" id=\"yui_3_16_0_ym19_1_1478583329602_83902\"><span style=\"font-size:16.0pt;line-height:115%;font-family:&quot;Arial&quot;,sans-serif\" id=\"yui_3_16_0_ym19_1_1478583329602_83903\">&nbsp;&nbsp;&nbsp;&nbsp;&nbsp;&nbsp;&nbsp;&nbsp;&nbsp;&nbsp;&nbsp;&nbsp;&nbsp;&nbsp;&nbsp; <o:p id=\"yui_3_16_0_ym19_1_1478583329602_83904\"><\/o:p><\/span><\/div>\n<div style=\"text-align:justify;tab-stops:111.0pt\" id=\"yui_3_16_0_ym19_1_1478583329602_83905\"><b id=\"yui_3_16_0_ym19_1_1478583329602_83906\"><span style=\"font-size:16.0pt;line-height:115%;font-family:&quot;Arial&quot;,sans-serif\" id=\"yui_3_16_0_ym19_1_1478583329602_83907\">&nbsp;&nbsp;&nbsp;&nbsp;&nbsp;&nbsp;&nbsp;&nbsp;&nbsp;&nbsp;&nbsp;&nbsp;&nbsp;&nbsp;&nbsp;&nbsp;&nbsp;&nbsp;&nbsp;&nbsp;&nbsp;&nbsp;&nbsp;&nbsp; &nbsp;&nbsp;&nbsp;&nbsp;&nbsp;&nbsp; <o:p id=\"yui_3_16_0_ym19_1_1478583329602_83908\"><\/o:p><\/span><\/b><\/div>\n<div id=\"yui_3_16_0_ym19_1_1478583329602_83602\">                                                                <\/div>\n<div style=\"text-align:justify\" dir=\"ltr\" id=\"yui_3_16_0_ym19_1_1478583329602_83909\"><b id=\"yui_3_16_0_ym19_1_1478583329602_83910\"><span style=\"font-size:14.0pt;line-height:115%;font-family:&quot;Arial&quot;,sans-serif\" id=\"yui_3_16_0_ym19_1_1478583329602_83911\">AP\u00d3S  AS TODAS AS PARTIDAS DO VASC\u00c3O EM MEU PERFIL DO FACEBOOK (QUEM QUISER RECEBER  AS CR\u00d4NICAS DE PRIMEIRA M\u00c3O \u00c9 S\u00d3 ME ADICIONAR), E NOS SITES WEBVASCO  (<a href=\"http:\/\/www.webvasco.com\">www.webvasco.com<\/a>), E VASCA\u00cdNOS UNIDOS (<a href=\"http:\/\/www.vascainosunidos.com.br\">www.vascainosunidos.com.br<\/a>) TEM A  OPINI\u00c3O DO JORNALISTA LUIZ CARLOS ROCHA. LEIAM! COMPARTILHEM E CURTAM!  VASCA\u00cdNOS UNIDOS JAMAIS SER\u00c3O VENCIDOS.<o:p id=\"yui_3_16_0_ym19_1_1478583329602_83912\"><\/o:p><\/span><\/b><\/div>\n<div id=\"yui_3_16_0_ym19_1_1478583329602_83628\"><span><br \/><\/span><\/div>\n<div id=\"yui_3_16_0_ym19_1_1478583329602_83661\"><span><br \/><\/span><\/div>\n<div id=\"yui_3_16_0_ym19_1_1478583329602_83629\"><span><br \/><\/span><\/div>\n<div id=\"yui_3_16_0_ym19_1_1478583329602_83630\"><span><br \/><\/span><\/div>\n<div><\/div>\n<div id=\"yui_3_16_0_ym19_1_1478583329602_83504\">&nbsp;<\/div>\n<div class=\"signature\" id=\"yui_3_16_0_ym19_1_1478583329602_83546\">\n<div id=\"RTEContent\">\n<div id=\"yui_3_16_0_ym19_1_1478583329602_83545\">\n<div id=\"yui_3_16_0_ym19_1_1478583329602_83544\">\n<div id=\"yui_3_16_0_ym19_1_1478583329602_83543\">\n<div align=\"center\" id=\"yui_3_16_0_ym19_1_1478583329602_83542\"><\/div>\n<\/div>\n<\/div>\n<\/div>\n<\/div>\n<\/div>\n<\/div>\n<\/div>\n<p><\/p>\n","protected":false},"excerpt":{"rendered":"<p>Nos Anos 80 o comercial do Papel Higi\u00eanico Neve mostrava sempre o mordomo Alfredo trazendo&#8230;<\/p>\n","protected":false},"author":7,"featured_media":0,"comment_status":"open","ping_status":"closed","sticky":false,"template":"","format":"standard","meta":{"footnotes":""},"categories":[4],"tags":[],"class_list":["post-8022","post","type-post","status-publish","format-standard","hentry","category-luizcarlosrocha"],"_links":{"self":[{"href":"https:\/\/webvasco.com\/artigos\/wp-json\/wp\/v2\/posts\/8022","targetHints":{"allow":["GET"]}}],"collection":[{"href":"https:\/\/webvasco.com\/artigos\/wp-json\/wp\/v2\/posts"}],"about":[{"href":"https:\/\/webvasco.com\/artigos\/wp-json\/wp\/v2\/types\/post"}],"author":[{"embeddable":true,"href":"https:\/\/webvasco.com\/artigos\/wp-json\/wp\/v2\/users\/7"}],"replies":[{"embeddable":true,"href":"https:\/\/webvasco.com\/artigos\/wp-json\/wp\/v2\/comments?post=8022"}],"version-history":[{"count":0,"href":"https:\/\/webvasco.com\/artigos\/wp-json\/wp\/v2\/posts\/8022\/revisions"}],"wp:attachment":[{"href":"https:\/\/webvasco.com\/artigos\/wp-json\/wp\/v2\/media?parent=8022"}],"wp:term":[{"taxonomy":"category","embeddable":true,"href":"https:\/\/webvasco.com\/artigos\/wp-json\/wp\/v2\/categories?post=8022"},{"taxonomy":"post_tag","embeddable":true,"href":"https:\/\/webvasco.com\/artigos\/wp-json\/wp\/v2\/tags?post=8022"}],"curies":[{"name":"wp","href":"https:\/\/api.w.org\/{rel}","templated":true}]}}