{"id":8025,"date":"2016-11-12T23:36:16","date_gmt":"2016-11-13T02:36:16","guid":{"rendered":"http:\/\/webvasco.com\/artigos\/?p=8025"},"modified":"2016-11-12T23:40:38","modified_gmt":"2016-11-13T02:40:38","slug":"nada-como-uma-bronca","status":"publish","type":"post","link":"https:\/\/webvasco.com\/artigos\/colunistas\/luizcarlosrocha\/nada-como-uma-bronca\/","title":{"rendered":"NADA COMO UMA BRONCA!"},"content":{"rendered":"<div>\n<div style=\"color:#000; background-color:#fff; font-family:HelveticaNeue-Light, Helvetica Neue Light, Helvetica Neue, Helvetica, Arial, Lucida Grande, sans-serif;font-size:32px\">\n<div style=\"text-align:justify;text-indent:35.4pt;tab-stops:111.0pt\" id=\"yui_3_16_0_ym19_1_1478687462668_281697\"><span style=\"font-size:12.0pt;line-height:115%;font-family:&quot;Arial&quot;,sans-serif\" id=\"yui_3_16_0_ym19_1_1478687462668_281698\">Depois  de empatar, por 1 a 1, com o Luverdense, em S\u00e3o Janu\u00e1rio, na Rodada passada e  ficar com situa\u00e7\u00e3o complicad\u00edssima na tabela de classifica\u00e7\u00e3o o torcedor foi  cobrar explica\u00e7\u00f5es. As Torcidas Organizadas For\u00e7a Jovem, Ira Jovem, GDA, Uni\u00e3o  Vasca\u00edna e outras foram at\u00e9 a Colina, no dia 10 de novembro e antes do treino  conversaram com os jogadores. Deu certo!<o:p id=\"yui_3_16_0_ym19_1_1478687462668_281699\"><\/o:p><\/span><\/div>\n<div style=\"text-align:justify;text-indent:35.4pt;tab-stops:111.0pt\" id=\"yui_3_16_0_ym19_1_1478687462668_281700\"><span style=\"font-size:12.0pt;line-height:115%;font-family:&quot;Arial&quot;,sans-serif\" id=\"yui_3_16_0_ym19_1_1478687462668_281701\">Foi  uma \u201creuni\u00e3o\u201d, uma esp\u00e9cie de press\u00e3o positiva, mostrando aos atletas que as  Organizadas ir\u00e3o apoiar at\u00e9 o fim da competi\u00e7\u00e3o, mas cobrar\u00e3o e muito se algo  der errado. Por\u00e9m, \u201cideia ao p\u00e9 do ouvido\u201d surtiu efeito. O curioso \u00e9 saber que  a equipe na qual venceu hoje, o Bragantino, no Est\u00e1dio Nabiz\u00e3o, por 2 a 1, gols  de Thalles e Nen\u00ea (Rafael Grampola descontando) foi a mesma que vem sendo  escalada pela Comiss\u00e3o T\u00e9cnica.<o:p id=\"yui_3_16_0_ym19_1_1478687462668_281702\"><\/o:p><\/span><\/div>\n<div style=\"text-align:justify;text-indent:35.4pt;tab-stops:111.0pt\" id=\"yui_3_16_0_ym19_1_1478687462668_281703\"><span style=\"font-size:12.0pt;line-height:115%;font-family:&quot;Arial&quot;,sans-serif\" id=\"yui_3_16_0_ym19_1_1478687462668_281704\">Com o  resultado da 36\u00aa Rodada, do Campeonato Brasileiro, da S\u00e9rie B, o Vasco da Gama  voltou para a vice-lideran\u00e7a e agora soma 62 pontos ganhos. Fica a pergunta:  Porque os atletas, bem como Jorginho e Zinho n\u00e3o se empenharam antes do esporro?  A Imensa Torcida Bem Feliz, tamb\u00e9m \u00e9 a Imensa Torcida Bem L\u00facida! S\u00f3 lembrando  que o torcedor tem todo o direito de cobrar. A alma de um clube \u00e9 a sua  torcida!<o:p id=\"yui_3_16_0_ym19_1_1478687462668_281705\"><\/o:p><\/span><\/div>\n<div style=\"text-align:justify;text-indent:35.4pt;tab-stops:111.0pt\" id=\"yui_3_16_0_ym19_1_1478687462668_281706\"><span style=\"font-size:12.0pt;line-height:115%;font-family:&quot;Arial&quot;,sans-serif\" id=\"yui_3_16_0_ym19_1_1478687462668_281707\">O  pr\u00f3ximo desafio do Cruzmaltino ser\u00e1 s\u00e1bado, dia 19 de novembro, \u00e0s 16h30m, em  Santa Catarina, diante do Crici\u00fama, na qual o Mach\u00e3o da Gama precisa de pelo  menos um empate, para empatar novamente contra o Cear\u00e1, na \u00faltima Rodada, em  casa. Por\u00e9m, se triunfar diante dos catarinenses, atuar\u00e1 como recrea\u00e7\u00e3o contra  os cearenses para fechamento deste pesadelo, chamado Segundona!<o:p id=\"yui_3_16_0_ym19_1_1478687462668_281708\"><\/o:p><\/span><\/div>\n<div style=\"text-align:justify;text-indent:35.4pt;tab-stops:111.0pt\" id=\"yui_3_16_0_ym19_1_1478687462668_281709\"><span style=\"font-size:12.0pt;line-height:115%;font-family:&quot;Arial&quot;,sans-serif\" id=\"yui_3_16_0_ym19_1_1478687462668_281710\"><o:p id=\"yui_3_16_0_ym19_1_1478687462668_281711\">&nbsp;<\/o:p><\/span><\/div>\n<div style=\"text-align:justify;text-indent:35.4pt;tab-stops:111.0pt\" id=\"yui_3_16_0_ym19_1_1478687462668_281712\"><span style=\"font-size:12.0pt;line-height:115%;font-family:&quot;Arial&quot;,sans-serif\" id=\"yui_3_16_0_ym19_1_1478687462668_281713\"><o:p id=\"yui_3_16_0_ym19_1_1478687462668_281714\">&nbsp;<\/o:p><\/span><\/div>\n<div style=\"text-align:justify;text-indent:35.4pt;tab-stops:111.0pt\" id=\"yui_3_16_0_ym19_1_1478687462668_281715\"><span style=\"font-size:12.0pt;line-height:115%;font-family:&quot;Arial&quot;,sans-serif\" id=\"yui_3_16_0_ym19_1_1478687462668_281716\"><o:p id=\"yui_3_16_0_ym19_1_1478687462668_281717\">&nbsp;<\/o:p><\/span><\/div>\n<div style=\"text-align:justify;text-indent:35.4pt;tab-stops:111.0pt\" id=\"yui_3_16_0_ym19_1_1478687462668_281718\"><span style=\"font-size:14.0pt;line-height:115%;font-family:&quot;Arial&quot;,sans-serif\" id=\"yui_3_16_0_ym19_1_1478687462668_281719\"><o:p id=\"yui_3_16_0_ym19_1_1478687462668_281720\">&nbsp;<\/o:p><\/span><\/div>\n<div style=\"text-align:justify;text-indent:35.4pt;tab-stops:111.0pt\" id=\"yui_3_16_0_ym19_1_1478687462668_281721\"><b id=\"yui_3_16_0_ym19_1_1478687462668_281722\"><u id=\"yui_3_16_0_ym19_1_1478687462668_281723\"><span style=\"font-size:20.0pt;line-height:115%;font-family:&quot;Arial&quot;,sans-serif\" id=\"yui_3_16_0_ym19_1_1478687462668_281724\">DIVULGUEM ESSA COVARDIA:<\/span><\/u><\/b><span style=\"font-size:16.0pt;line-height:115%;font-family:&quot;Arial&quot;,sans-serif\" id=\"yui_3_16_0_ym19_1_1478687462668_281725\"> GOSTARIA  DE PEDIR A TODOS OS MEUS AMIGOS E LEITORES QUE TIRASSE UM TEMPINHO PARA LER A  PETI\u00c7\u00c3O P\u00daBLICA, AO QUAL SEGUE ABAIXO O LINK. TAL DOCUMENTO REFERE-SE A <b id=\"yui_3_16_0_ym19_1_1478687462668_281726\"><u id=\"yui_3_16_0_ym19_1_1478687462668_281727\">UM ATO DE COVARDIA POR PARTE DA  VOLKSWAGEN DO BRASIL EM COAUTORIA DA ABOLI\u00c7\u00c3O VE\u00cdCULOS (GRUPO AB)<\/u><\/b>  CONTRA ESTE VELHO JORNALISTA. A REFERIDA CONCESSION\u00c1RIA EST\u00c1 ME LESANDO DESDE  FEVEREIRO DE 2013. MEU CARRO FOI BATIDO DENTRO DA OFICINA, FURTARAM ACESS\u00d3RIOS,  TEM PROBLEMAS CAUSADOS POR ELES, AL\u00c9M DE DEFEITOS DE FABRICA\u00c7\u00c3O. O CARRO 0 KM  COMPRADO POR MIM HOJE SE ENCONTRA NA OFICINA DA ABOLI\u00c7\u00c3O VE\u00cdCULOS (CENTRO DE  NITER\u00d3I) <b id=\"yui_3_16_0_ym19_1_1478687462668_281728\"><u id=\"yui_3_16_0_ym19_1_1478687462668_281729\">DESDE 10 DE JUNHO DE 2013<\/u><\/b>,  OU MELHOR, H\u00c1 41<b id=\"yui_3_16_0_ym19_1_1478687462668_281730\"><u id=\"yui_3_16_0_ym19_1_1478687462668_281731\"> MESES, OU SEJA, 3  ANOS E CINCO MESES.<\/u><\/b> <b id=\"yui_3_16_0_ym19_1_1478687462668_281732\"><u id=\"yui_3_16_0_ym19_1_1478687462668_281733\">TEM  APENAS 729 KM RODADOS<\/u><\/b> PARA COMPROVAR O CALV\u00c1RIO TENHO DOCUMENTOS,  GRAVA\u00c7\u00d5ES DE AUDIO E V\u00cdDEO, MAIS DE 600 FOTOGRAFIAS E E-MAILS TROCADOS COM  FUNCION\u00c1RIOS DO BAIXO, M\u00c9DIO E ALTO ESCAL\u00c3O DA EMPRESA. POR FAVOR, ASSINEM O  DOCUMENTO PARA QUE OUTROS CONSUMIDORES N\u00c3O SEJAM LESADOS POR EMPRESAS DESTE  N\u00cdVEL.&nbsp; <\/span><a href=\"https:\/\/secure.avaaz.org\/po\/petition\/Aos_Orgaos_de_Defesa_do_Consumidor_e_ao_Poder_Judiciario_JUSTICA_CONTRA_UMA_MARCA_E_SUA_REVENDERORA_QUE_DESCUMPREM_A_LEI\/?lJEcNfb&amp;pv=0\" id=\"yui_3_16_0_ym19_1_1478687462668_281734\"><span style=\"font-size:16.0pt;line-height:115%;font-family:&quot;Arial&quot;,sans-serif\" id=\"yui_3_16_0_ym19_1_1478687462668_281735\">https:\/\/secure.avaaz.org\/po\/petition\/Aos_Orgaos_de_Defesa_do_Consumidor_e_ao_Poder_Judiciario_JUSTICA_CONTRA_UMA_MARCA_E_SUA_REVENDERORA_QUE_DESCUMPREM_A_LEI\/?lJEcNfb&amp;pv=0<\/span><\/a><span style=\"font-size:16.0pt;line-height:115%;font-family:&quot;Arial&quot;,sans-serif\" id=\"yui_3_16_0_ym19_1_1478687462668_281736\"><o:p id=\"yui_3_16_0_ym19_1_1478687462668_281737\"><\/o:p><\/span><\/div>\n<div style=\"text-align:justify;tab-stops:69.75pt\" id=\"yui_3_16_0_ym19_1_1478687462668_281738\"><span style=\"font-size:16.0pt;line-height:115%;font-family:&quot;Arial&quot;,sans-serif\" id=\"yui_3_16_0_ym19_1_1478687462668_281739\">&nbsp;&nbsp;&nbsp;&nbsp;&nbsp;&nbsp;&nbsp;&nbsp;&nbsp;&nbsp;&nbsp;&nbsp;&nbsp;&nbsp;&nbsp; <o:p id=\"yui_3_16_0_ym19_1_1478687462668_281740\"><\/o:p><\/span><\/div>\n<div style=\"text-align:justify;tab-stops:111.0pt\" id=\"yui_3_16_0_ym19_1_1478687462668_281741\"><b id=\"yui_3_16_0_ym19_1_1478687462668_281742\"><span style=\"font-size:16.0pt;line-height:115%;font-family:&quot;Arial&quot;,sans-serif\" id=\"yui_3_16_0_ym19_1_1478687462668_281743\">&nbsp;&nbsp;&nbsp;&nbsp;&nbsp;&nbsp;&nbsp;&nbsp;&nbsp;&nbsp;&nbsp;&nbsp;&nbsp;&nbsp;&nbsp;&nbsp;&nbsp;&nbsp;&nbsp;&nbsp;&nbsp;&nbsp;&nbsp;&nbsp; &nbsp;&nbsp;&nbsp;&nbsp;&nbsp;&nbsp; <o:p id=\"yui_3_16_0_ym19_1_1478687462668_281744\"><\/o:p><\/span><\/b><\/div>\n<div id=\"yui_3_16_0_ym19_1_1478687462668_281545\">                                            <\/div>\n<div style=\"text-align:justify\" dir=\"ltr\" id=\"yui_3_16_0_ym19_1_1478687462668_281745\"><b id=\"yui_3_16_0_ym19_1_1478687462668_281746\"><span style=\"font-size:14.0pt;line-height:115%;font-family:&quot;Arial&quot;,sans-serif\" id=\"yui_3_16_0_ym19_1_1478687462668_281747\">AP\u00d3S  AS TODAS AS PARTIDAS DO VASC\u00c3O EM MEU PERFIL DO FACEBOOK (QUEM QUISER RECEBER  AS CR\u00d4NICAS DE PRIMEIRA M\u00c3O \u00c9 S\u00d3 ME ADICIONAR), E NO SITE WEBVASCO  (<a href=\"http:\/\/www.webvasco.com\">www.webvasco.com<\/a>), TEM A OPINI\u00c3O DO JORNALISTA LUIZ CARLOS ROCHA. LEIAM!  COMPARTILHEM E CURTAM! VASCA\u00cdNOS UNIDOS JAMAIS SER\u00c3O VENCIDOS.<o:p id=\"yui_3_16_0_ym19_1_1478687462668_281748\"><\/o:p><\/span><\/b><\/div>\n<div id=\"yui_3_16_0_ym19_1_1478687462668_281544\"><span><br \/><\/span><\/div>\n<div id=\"yui_3_16_0_ym19_1_1478687462668_281558\"><span><br \/><\/span><\/div>\n<div id=\"yui_3_16_0_ym19_1_1478687462668_281564\"><span><br \/><\/span><\/div>\n<div><\/div>\n<div id=\"yui_3_16_0_ym19_1_1478687462668_281543\">&nbsp;<\/div>\n<div class=\"signature\" id=\"yui_3_16_0_ym19_1_1478687462668_281491\">\n<div id=\"RTEContent\">\n<div id=\"yui_3_16_0_ym19_1_1478687462668_281490\">\n<div id=\"yui_3_16_0_ym19_1_1478687462668_281489\">\n<div id=\"yui_3_16_0_ym19_1_1478687462668_281488\">\n<div align=\"center\" id=\"yui_3_16_0_ym19_1_1478687462668_281487\"><\/div>\n<\/div>\n<\/div>\n<\/div>\n<\/div>\n<\/div>\n<\/div>\n<\/div>\n<p><\/p>\n","protected":false},"excerpt":{"rendered":"<p>Depois de empatar, por 1 a 1, com o Luverdense, em S\u00e3o Janu\u00e1rio, na Rodada&#8230;<\/p>\n","protected":false},"author":7,"featured_media":0,"comment_status":"open","ping_status":"closed","sticky":false,"template":"","format":"standard","meta":{"footnotes":""},"categories":[4],"tags":[],"class_list":["post-8025","post","type-post","status-publish","format-standard","hentry","category-luizcarlosrocha"],"_links":{"self":[{"href":"https:\/\/webvasco.com\/artigos\/wp-json\/wp\/v2\/posts\/8025","targetHints":{"allow":["GET"]}}],"collection":[{"href":"https:\/\/webvasco.com\/artigos\/wp-json\/wp\/v2\/posts"}],"about":[{"href":"https:\/\/webvasco.com\/artigos\/wp-json\/wp\/v2\/types\/post"}],"author":[{"embeddable":true,"href":"https:\/\/webvasco.com\/artigos\/wp-json\/wp\/v2\/users\/7"}],"replies":[{"embeddable":true,"href":"https:\/\/webvasco.com\/artigos\/wp-json\/wp\/v2\/comments?post=8025"}],"version-history":[{"count":0,"href":"https:\/\/webvasco.com\/artigos\/wp-json\/wp\/v2\/posts\/8025\/revisions"}],"wp:attachment":[{"href":"https:\/\/webvasco.com\/artigos\/wp-json\/wp\/v2\/media?parent=8025"}],"wp:term":[{"taxonomy":"category","embeddable":true,"href":"https:\/\/webvasco.com\/artigos\/wp-json\/wp\/v2\/categories?post=8025"},{"taxonomy":"post_tag","embeddable":true,"href":"https:\/\/webvasco.com\/artigos\/wp-json\/wp\/v2\/tags?post=8025"}],"curies":[{"name":"wp","href":"https:\/\/api.w.org\/{rel}","templated":true}]}}