{"id":8027,"date":"2016-11-18T09:30:34","date_gmt":"2016-11-18T12:30:34","guid":{"rendered":"http:\/\/webvasco.com\/artigos\/?p=8027"},"modified":"2016-11-19T07:32:57","modified_gmt":"2016-11-19T10:32:57","slug":"elas-o-professor-mirian-chaves-sampaio","status":"publish","type":"post","link":"https:\/\/webvasco.com\/artigos\/temas\/elas-e-o-professor\/elas-o-professor-mirian-chaves-sampaio\/","title":{"rendered":"ELAS &#038; O PROFESSOR &#8211; MIRIAN CHAVES SAMPAIO"},"content":{"rendered":"<p>POR LUIZ CARLOS ROCHA<\/p>\n<p>&nbsp;<\/p>\n<p>Dedico esta entrevista de Novembro de 2016, sobre a vida de Mirian Chaves Sampaio a minha pequena-grande e ilustre vasca\u00edna <strong>\u00darsulla Rocha<\/strong>. Te Amo filhotinha!<\/p>\n<p><strong>\u00a0\u00a0\u00a0\u00a0\u00a0\u00a0 MIRIAN CHAVES SAMPAIO, <\/strong>41 anos<strong>, <\/strong>motorista de transporte coletivo, moradora do bairro do J\u00f3quei\/SG, casada h\u00e1 15 anos com Arlem. Desta uni\u00e3o nasceu Sarah (14). A Rodovi\u00e1ria tamb\u00e9m abra\u00e7ou Let\u00edcia, sua enteada. Apaixonada pelo Vasco da Gama sempre defende o time e faz da frase O Vasco \u00e9 o time da virada e do Amor seu lema de vida. Muito simp\u00e1tica, gentil e sorridente Mirian afirmou que a profiss\u00e3o de motorista \u00e9 a ideal para a sua vida, e que a fam\u00edlia \u00e9 o seu bem maior. Nas horas vagas ela curte com eles programas normais, tais como cinema, bar, praia e jogos do Vasc\u00e3o!<\/p>\n<p>&nbsp;<\/p>\n<p><strong>Quando voc\u00ea se descobriu vasca\u00edna?<\/strong><\/p>\n<p>Sempre gostei do Vasco. Mas, h\u00e1 15 anos meu sogro Joanir me apresentou a hist\u00f3ria e as conquistas do time. Me apaixonei ainda mais.<\/p>\n<p>&nbsp;<\/p>\n<p><strong>Voc\u00ea \u00e9 integrante de alguma torcida organizada?<\/strong><\/p>\n<p>N\u00e3o. Mas me emociono toda vez em que vejo as torcidas, seus gritos de guerra e suas bandeiras.<\/p>\n<p>&nbsp;<\/p>\n<p><strong>Edmundo, Rom\u00e1rio ou Roberto Dinamite? Quem foi o maior \u00eddolo do Vasco?<\/strong><\/p>\n<p>Dinamite. Ele sempre foi um grande \u00eddolo. Rom\u00e1rio bagun\u00e7ou um bocado com a gente, depois voltou para fazer o mil\u00e9simo gol, foi um grande jogador, mas n\u00e3o \u00eddolo. Edmundo na minha opini\u00e3o foi bem melhor que o Rom\u00e1rio, apesar de ter jogado bem menos, por\u00e9m, acho que vestiu bem mais a camisa do nosso time do que o Rom\u00e1rio.<\/p>\n<p>&nbsp;<\/p>\n<p><strong>O que voc\u00ea acha da administra\u00e7\u00e3o do Eurico Miranda?<\/strong><\/p>\n<p>Eurico Miranda \u00e9 um grande administrador. Vasca\u00edno. Est\u00e1 meio devagar, mas ele tem cr\u00e9dito, tem muito cr\u00e9dito como dirigente do Vasco.<\/p>\n<p>&nbsp;<\/p>\n<p><strong>Qual o melhor e o pior jogador do atual time do Vasco?<\/strong><\/p>\n<p>Considero o Nen\u00ea, pois ele puxou a responsabilidade para si. O time \u00e9 muito nivelado, n\u00e3o tendo, inclusive, um banco de reservas apto a suprir as necessidades t\u00e9cnicas. O Leandr\u00e3o ainda n\u00e3o disse a que veio, foi uma contrata\u00e7\u00e3o infeliz.<\/p>\n<p>&nbsp;<\/p>\n<p><strong>De qual forma voc\u00ea se mant\u00e9m informada quanto ao Vasco da Gama?<\/strong><\/p>\n<p>Acompanho pela TV e pelo r\u00e1dio. Participo de uns grupos no Facebook. Mas principalmente pelo Site Web Vasco, que sempre cont\u00e9m mat\u00e9rias inteligentes e bem-humoradas.<\/p>\n<p>&nbsp;<\/p>\n<p><strong>Quantas camisas do Vasco voc\u00ea tem?<\/strong><\/p>\n<p>Atualmente duas.<\/p>\n<p>&nbsp;<\/p>\n<p><strong>Al\u00e9m de voc\u00ea, quem mais em sua casa torce pelo o Vasco?<\/strong><\/p>\n<p>Minha fam\u00edlia \u00e9 99% Vasca\u00edna. Marido, filha, cunhado, sogro, sogra, sobrinhos e irm\u00e3os. Minha enteada fugiu do padr\u00e3o, ela \u00e9 tricolor.<\/p>\n<p>&nbsp;<\/p>\n<p><strong>A melhor defesa \u00e9 o ataque?<\/strong><\/p>\n<p>Acredito que sim.<\/p>\n<p>&nbsp;<\/p>\n<p><strong>Qual o maior advers\u00e1rio do Vasco?<\/strong><\/p>\n<p>O maior advers\u00e1rio nesse Campeonato Brasileiro foi o pr\u00f3prio Vasco.<\/p>\n<p>&nbsp;<\/p>\n<p><strong>Juninho ou Edmundo, quem \u00e9 o melhor comentarista?<\/strong><\/p>\n<p>Na minha opini\u00e3o \u00e9 o Juninho.<\/p>\n<p>&nbsp;<\/p>\n<p><strong>Quem voc\u00ea gostaria de ver como presidente do Vasco em 2018?<\/strong><\/p>\n<p>Eu gosto do Eurico Miranda. Ainda acredito nele.<\/p>\n<p>&nbsp;<\/p>\n<p><strong>Por que o rendimento do time caiu nas \u00faltimas rodadas do Campeonato Brasileiro?<\/strong><\/p>\n<p>Muito se fala de dados e estat\u00edsticas. Mas, na minha opini\u00e3o aconteceu algo s\u00e9rio que poucos na imprensa divulgaram, mas a mat\u00e9ria com o t\u00edtulo Grupo Rachado, publicada por voc\u00eas do Web Vasco explica isso, n\u00e3o \u00e9?<\/p>\n<p>&nbsp;<\/p>\n<p><strong>Voc\u00ea conversa de futebol com os passageiros?<\/strong><\/p>\n<p>\u00c9 complicado falar sobre futebol. Cada um com sua opini\u00e3o. Al\u00e9m do fato de ser mulher, pois alguns homens machistas acham que por si s\u00f3 j\u00e1 \u00e9 um motivo de n\u00e3o entender sobre esse esporte que \u00e9 a paix\u00e3o nacional. Mas n\u00e3o me intimido e em alguns momentos at\u00e9 alfineto.<\/p>\n<p>&nbsp;<\/p>\n<p><strong>Qual foi a maior loucura que voc\u00ea j\u00e1 fez pelo Vasco?<\/strong><\/p>\n<p>Fui assistir \u00e0 partida entre Vasco X Santos, em S\u00e3o Janu\u00e1rio. Neste dia ganhamos por 2 a 0. Um dos gols foi do Juninho e o outro do Ded\u00e9. Al\u00e9m de passar o jogo todo no celular narrando para meu sogro, gritei muito no fim, ao ver o Reizinho dar a volta no campo e passando perto de mim. Gritei t\u00e3o alto que ele ouviu e acenou para mim.<\/p>\n<p>&nbsp;<\/p>\n<p><strong>(Fotografias fornecidas pela pr\u00f3pria Mirian Sampaio)<\/strong><\/p>\n<p>&nbsp;<\/p>\n<p><a href=\"https:\/\/webvasco.com\/artigos\/wp-content\/uploads\/2016\/11\/DSC_0016.jpg\"><img loading=\"lazy\" decoding=\"async\" class=\"alignnone wp-image-8028 size-large\" src=\"https:\/\/webvasco.com\/artigos\/wp-content\/uploads\/2016\/11\/DSC_0016-e1479551444197-768x1024.jpg\" alt=\"dsc_0016\" width=\"768\" height=\"1024\" srcset=\"https:\/\/webvasco.com\/artigos\/wp-content\/uploads\/2016\/11\/DSC_0016-e1479551444197-768x1024.jpg 768w, https:\/\/webvasco.com\/artigos\/wp-content\/uploads\/2016\/11\/DSC_0016-e1479551444197-113x150.jpg 113w, https:\/\/webvasco.com\/artigos\/wp-content\/uploads\/2016\/11\/DSC_0016-e1479551444197-225x300.jpg 225w, https:\/\/webvasco.com\/artigos\/wp-content\/uploads\/2016\/11\/DSC_0016-e1479551444197.jpg 1200w\" sizes=\"auto, (max-width: 768px) 100vw, 768px\" \/><\/a> <a href=\"https:\/\/webvasco.com\/artigos\/wp-content\/uploads\/2016\/11\/DSC_0701.jpg\"><img loading=\"lazy\" decoding=\"async\" class=\"alignnone wp-image-8029 size-large\" src=\"https:\/\/webvasco.com\/artigos\/wp-content\/uploads\/2016\/11\/DSC_0701-e1479551483967-576x1024.jpg\" alt=\"dsc_0701\" width=\"576\" height=\"1024\" srcset=\"https:\/\/webvasco.com\/artigos\/wp-content\/uploads\/2016\/11\/DSC_0701-e1479551483967-576x1024.jpg 576w, https:\/\/webvasco.com\/artigos\/wp-content\/uploads\/2016\/11\/DSC_0701-e1479551483967-84x150.jpg 84w, https:\/\/webvasco.com\/artigos\/wp-content\/uploads\/2016\/11\/DSC_0701-e1479551483967-169x300.jpg 169w, https:\/\/webvasco.com\/artigos\/wp-content\/uploads\/2016\/11\/DSC_0701-e1479551483967-768x1365.jpg 768w, https:\/\/webvasco.com\/artigos\/wp-content\/uploads\/2016\/11\/DSC_0701-e1479551483967.jpg 1440w\" sizes=\"auto, (max-width: 576px) 100vw, 576px\" \/><\/a> <a href=\"https:\/\/webvasco.com\/artigos\/wp-content\/uploads\/2016\/11\/DSC_0702.jpg\"><img loading=\"lazy\" decoding=\"async\" class=\"alignnone size-large wp-image-8030\" src=\"https:\/\/webvasco.com\/artigos\/wp-content\/uploads\/2016\/11\/DSC_0702-1024x576.jpg\" alt=\"dsc_0702\" width=\"1024\" height=\"576\" srcset=\"https:\/\/webvasco.com\/artigos\/wp-content\/uploads\/2016\/11\/DSC_0702-1024x576.jpg 1024w, https:\/\/webvasco.com\/artigos\/wp-content\/uploads\/2016\/11\/DSC_0702-150x84.jpg 150w, https:\/\/webvasco.com\/artigos\/wp-content\/uploads\/2016\/11\/DSC_0702-300x169.jpg 300w, https:\/\/webvasco.com\/artigos\/wp-content\/uploads\/2016\/11\/DSC_0702-768x432.jpg 768w, https:\/\/webvasco.com\/artigos\/wp-content\/uploads\/2016\/11\/DSC_0702-777x437.jpg 777w, https:\/\/webvasco.com\/artigos\/wp-content\/uploads\/2016\/11\/DSC_0702-260x146.jpg 260w, https:\/\/webvasco.com\/artigos\/wp-content\/uploads\/2016\/11\/DSC_0702-120x67.jpg 120w\" sizes=\"auto, (max-width: 1024px) 100vw, 1024px\" \/><\/a> \u00a0<a href=\"https:\/\/webvasco.com\/artigos\/wp-content\/uploads\/2016\/11\/FB_IMG_1479056784904.jpg\"><img loading=\"lazy\" decoding=\"async\" class=\"alignnone size-large wp-image-8032\" src=\"https:\/\/webvasco.com\/artigos\/wp-content\/uploads\/2016\/11\/FB_IMG_1479056784904.jpg\" alt=\"fb_img_1479056784904\" width=\"552\" height=\"414\" srcset=\"https:\/\/webvasco.com\/artigos\/wp-content\/uploads\/2016\/11\/FB_IMG_1479056784904.jpg 552w, https:\/\/webvasco.com\/artigos\/wp-content\/uploads\/2016\/11\/FB_IMG_1479056784904-150x113.jpg 150w, https:\/\/webvasco.com\/artigos\/wp-content\/uploads\/2016\/11\/FB_IMG_1479056784904-300x225.jpg 300w\" sizes=\"auto, (max-width: 552px) 100vw, 552px\" \/><\/a> <a href=\"https:\/\/webvasco.com\/artigos\/wp-content\/uploads\/2016\/11\/FB_IMG_1479069315693.jpg\"><img loading=\"lazy\" decoding=\"async\" class=\"alignnone size-large wp-image-8033\" src=\"https:\/\/webvasco.com\/artigos\/wp-content\/uploads\/2016\/11\/FB_IMG_1479069315693.jpg\" alt=\"fb_img_1479069315693\" width=\"540\" height=\"720\" srcset=\"https:\/\/webvasco.com\/artigos\/wp-content\/uploads\/2016\/11\/FB_IMG_1479069315693.jpg 540w, https:\/\/webvasco.com\/artigos\/wp-content\/uploads\/2016\/11\/FB_IMG_1479069315693-113x150.jpg 113w, https:\/\/webvasco.com\/artigos\/wp-content\/uploads\/2016\/11\/FB_IMG_1479069315693-225x300.jpg 225w\" sizes=\"auto, (max-width: 540px) 100vw, 540px\" \/><\/a> <a href=\"https:\/\/webvasco.com\/artigos\/wp-content\/uploads\/2016\/11\/FB_IMG_1479069473565.jpg\"><img loading=\"lazy\" decoding=\"async\" class=\"alignnone size-large wp-image-8034\" src=\"https:\/\/webvasco.com\/artigos\/wp-content\/uploads\/2016\/11\/FB_IMG_1479069473565.jpg\" alt=\"fb_img_1479069473565\" width=\"528\" height=\"960\" srcset=\"https:\/\/webvasco.com\/artigos\/wp-content\/uploads\/2016\/11\/FB_IMG_1479069473565.jpg 528w, https:\/\/webvasco.com\/artigos\/wp-content\/uploads\/2016\/11\/FB_IMG_1479069473565-83x150.jpg 83w, https:\/\/webvasco.com\/artigos\/wp-content\/uploads\/2016\/11\/FB_IMG_1479069473565-165x300.jpg 165w\" sizes=\"auto, (max-width: 528px) 100vw, 528px\" \/><\/a> <a href=\"https:\/\/webvasco.com\/artigos\/wp-content\/uploads\/2016\/11\/FB_IMG_1479069528530.jpg\"><img loading=\"lazy\" decoding=\"async\" class=\"alignnone size-large wp-image-8035\" src=\"https:\/\/webvasco.com\/artigos\/wp-content\/uploads\/2016\/11\/FB_IMG_1479069528530.jpg\" alt=\"fb_img_1479069528530\" width=\"540\" height=\"720\" srcset=\"https:\/\/webvasco.com\/artigos\/wp-content\/uploads\/2016\/11\/FB_IMG_1479069528530.jpg 540w, https:\/\/webvasco.com\/artigos\/wp-content\/uploads\/2016\/11\/FB_IMG_1479069528530-113x150.jpg 113w, https:\/\/webvasco.com\/artigos\/wp-content\/uploads\/2016\/11\/FB_IMG_1479069528530-225x300.jpg 225w\" sizes=\"auto, (max-width: 540px) 100vw, 540px\" \/><\/a>\u00a0\u00a0<a href=\"https:\/\/webvasco.com\/artigos\/wp-content\/uploads\/2016\/11\/2016-04-05-10-17-00-331.jpg\"><img loading=\"lazy\" decoding=\"async\" class=\"alignnone size-large wp-image-8037\" src=\"https:\/\/webvasco.com\/artigos\/wp-content\/uploads\/2016\/11\/2016-04-05-10-17-00-331-768x1024.jpg\" alt=\"2016-04-05-10-17-00-331\" width=\"768\" height=\"1024\" srcset=\"https:\/\/webvasco.com\/artigos\/wp-content\/uploads\/2016\/11\/2016-04-05-10-17-00-331-768x1024.jpg 768w, https:\/\/webvasco.com\/artigos\/wp-content\/uploads\/2016\/11\/2016-04-05-10-17-00-331-113x150.jpg 113w, https:\/\/webvasco.com\/artigos\/wp-content\/uploads\/2016\/11\/2016-04-05-10-17-00-331-225x300.jpg 225w, https:\/\/webvasco.com\/artigos\/wp-content\/uploads\/2016\/11\/2016-04-05-10-17-00-331.jpg 1200w\" sizes=\"auto, (max-width: 768px) 100vw, 768px\" \/><\/a><\/p>\n","protected":false},"excerpt":{"rendered":"<p>POR LUIZ CARLOS ROCHA &nbsp; Dedico esta entrevista de Novembro de 2016, sobre a vida&#8230;<\/p>\n","protected":false},"author":7,"featured_media":8037,"comment_status":"open","ping_status":"closed","sticky":false,"template":"","format":"standard","meta":{"footnotes":""},"categories":[27],"tags":[],"class_list":["post-8027","post","type-post","status-publish","format-standard","has-post-thumbnail","hentry","category-elas-e-o-professor"],"_links":{"self":[{"href":"https:\/\/webvasco.com\/artigos\/wp-json\/wp\/v2\/posts\/8027","targetHints":{"allow":["GET"]}}],"collection":[{"href":"https:\/\/webvasco.com\/artigos\/wp-json\/wp\/v2\/posts"}],"about":[{"href":"https:\/\/webvasco.com\/artigos\/wp-json\/wp\/v2\/types\/post"}],"author":[{"embeddable":true,"href":"https:\/\/webvasco.com\/artigos\/wp-json\/wp\/v2\/users\/7"}],"replies":[{"embeddable":true,"href":"https:\/\/webvasco.com\/artigos\/wp-json\/wp\/v2\/comments?post=8027"}],"version-history":[{"count":3,"href":"https:\/\/webvasco.com\/artigos\/wp-json\/wp\/v2\/posts\/8027\/revisions"}],"predecessor-version":[{"id":8041,"href":"https:\/\/webvasco.com\/artigos\/wp-json\/wp\/v2\/posts\/8027\/revisions\/8041"}],"wp:featuredmedia":[{"embeddable":true,"href":"https:\/\/webvasco.com\/artigos\/wp-json\/wp\/v2\/media\/8037"}],"wp:attachment":[{"href":"https:\/\/webvasco.com\/artigos\/wp-json\/wp\/v2\/media?parent=8027"}],"wp:term":[{"taxonomy":"category","embeddable":true,"href":"https:\/\/webvasco.com\/artigos\/wp-json\/wp\/v2\/categories?post=8027"},{"taxonomy":"post_tag","embeddable":true,"href":"https:\/\/webvasco.com\/artigos\/wp-json\/wp\/v2\/tags?post=8027"}],"curies":[{"name":"wp","href":"https:\/\/api.w.org\/{rel}","templated":true}]}}