{"id":8042,"date":"2016-11-20T01:50:42","date_gmt":"2016-11-20T04:50:42","guid":{"rendered":"http:\/\/webvasco.com\/artigos\/?p=8042"},"modified":"2016-11-20T02:00:19","modified_gmt":"2016-11-20T05:00:19","slug":"diguinho-pssimo-e-ponto","status":"publish","type":"post","link":"https:\/\/webvasco.com\/artigos\/colunistas\/luizcarlosrocha\/diguinho-pssimo-e-ponto\/","title":{"rendered":"DIGUINHO &Eacute; P&Eacute;SSIMO E PONTO!"},"content":{"rendered":"<div>\n<div style=\"color:#000; background-color:#fff; font-family:HelveticaNeue-Light, Helvetica Neue Light, Helvetica Neue, Helvetica, Arial, Lucida Grande, sans-serif;font-size:32px\">\n<div style=\"text-align:justify;text-indent:35.4pt;tab-stops:111.0pt\" id=\"yui_3_16_0_ym19_1_1479434032514_145031\"><span style=\"font-size:12.0pt;line-height:115%;font-family:&quot;Arial&quot;,sans-serif\" id=\"yui_3_16_0_ym19_1_1479434032514_145032\">Ser\u00e1  que o Vasco da Gama precisar\u00e1 continuar na S\u00e9rie B, do Campeonato Brasileiro, de  2017, para que Dom Charuto e seus Charutetes entenderem que Diguinho n\u00e3o pode  ser nem gandula do clube, que dir\u00e1 reserva, e muito menos titular? Hoje, diante  do fraco Crici\u00fama, era para o Cruzmaltino ter vencido e garantido a volta para  a Elite do Futebol, bastava uma vit\u00f3ria simples, mas Diguinho \u2013 sempre ele \u2013  fez o favor de estragar a festa.<o:p id=\"yui_3_16_0_ym19_1_1479434032514_145033\"><\/o:p><\/span><\/div>\n<div style=\"text-align:justify;text-indent:35.4pt;tab-stops:111.0pt\" id=\"yui_3_16_0_ym19_1_1479434032514_145034\"><span style=\"font-size:12.0pt;line-height:115%;font-family:&quot;Arial&quot;,sans-serif\" id=\"yui_3_16_0_ym19_1_1479434032514_145035\">Ao  cometer p\u00eanalti imaturo \u2013 nem na minha pelada na Praia de Icara\u00ed vejo amigos  falharem como este cidad\u00e3o \u2013 em Roberto esticando sua perninha como um cavalo  no advers\u00e1rio! Conclus\u00e3o, o mesmo Roberto converteu e fez o Vasco perder por 1  a 0. Esta falha na 37\u00aa Rodada da competi\u00e7\u00e3o, custou tr\u00eas important\u00edssimos  pontos, que poder\u00e3o fazer muita falta no pr\u00f3ximo s\u00e1bado, uma vez, que ser\u00e1 o  t\u00e9rmino do Brasileir\u00e3o.<o:p id=\"yui_3_16_0_ym19_1_1479434032514_145036\"><\/o:p><\/span><\/div>\n<div style=\"text-align:justify;text-indent:35.4pt;tab-stops:111.0pt\" id=\"yui_3_16_0_ym19_1_1479434032514_145037\"><span style=\"font-size:12.0pt;line-height:115%;font-family:&quot;Arial&quot;,sans-serif\" id=\"yui_3_16_0_ym19_1_1479434032514_145038\">O  resultado jogou o An\u00e3o da Colina para o 4\u00ba lugar na tabela de classifica\u00e7\u00e3o,  sendo que sobem exatamente os quatro primeiros. Hoje temos o campe\u00e3o  Atl\u00e9tico\/GO (73 pontos), seguido de Ava\u00ed (65) e agora em terceiro Bahia (63),  j\u00e1 o time \u2013 se \u00e9 que podemos classificar esse plantel como equipe \u2013 de S\u00e3o  Janu\u00e1rio vem como o \u00faltimo que subiria com 62. <o:p id=\"yui_3_16_0_ym19_1_1479434032514_145039\"><\/o:p><\/span><\/div>\n<div style=\"text-align:justify;text-indent:35.4pt;tab-stops:111.0pt\" id=\"yui_3_16_0_ym19_1_1479434032514_145040\"><span style=\"font-size:12.0pt;line-height:115%;font-family:&quot;Arial&quot;,sans-serif\" id=\"yui_3_16_0_ym19_1_1479434032514_145041\">Revoltante  \u00e9 saber que antes da briga entre um membro da Comiss\u00e3o T\u00e9cnica e um atleta  figur\u00e3o (conforme noticiou Web Vasco, na cr\u00f4nica com o t\u00edtulo de Grupo Rachado)  o Vasco tinha nada mais, nada menos do que 12 pontos \u00e0 frente do Drag\u00e3o. Era  para ter subido como campe\u00e3o com rodadas de antecipa\u00e7\u00e3o. Mas Dom Charuto n\u00e3o \u00e9  mais o mesmo e ponto! Outrora teria resolvido o problema, e n\u00e3o teria deixado a  queda de rendimento se fazer presente.<o:p id=\"yui_3_16_0_ym19_1_1479434032514_145042\"><\/o:p><\/span><\/div>\n<div style=\"text-align:justify;text-indent:35.4pt;tab-stops:111.0pt\" id=\"yui_3_16_0_ym19_1_1479434032514_145043\"><span style=\"font-size:12.0pt;line-height:115%;font-family:&quot;Arial&quot;,sans-serif\" id=\"yui_3_16_0_ym19_1_1479434032514_145044\">A  trapalhada na gest\u00e3o de Dom Charuto \u00e9 t\u00e3o grande que at\u00e9 agora n\u00e3o est\u00e1  definido se o \u00faltimo jogo ser\u00e1 em S\u00e3o Janu\u00e1rio ou no Maracan\u00e3. Sabemos apenas,  que ser\u00e1 s\u00e1bado, dia 26 de novembro, \u00e0s 17h30m, contra o Cear\u00e1. Tudo pode  acontecer. Para n\u00e3o depender da combina\u00e7\u00e3o de resultados, o Vasco precisa  vencer a partida. A covardia foi ver o treinador Jorginho e a diretoria do  clube transferir a responsabilidade da subida para a Imensa Torcida Bem  Sofrida, digo, Feliz. Erraram toda a temporada e querem que o torcedor v\u00e1  apoiar? Diguinho n\u00e3o pode ficar nem no banco de reservas, e ponto!<o:p id=\"yui_3_16_0_ym19_1_1479434032514_145045\"><\/o:p><\/span><\/div>\n<div style=\"text-align:justify;text-indent:35.4pt;tab-stops:111.0pt\" id=\"yui_3_16_0_ym19_1_1479434032514_145046\"><span style=\"font-size:14.0pt;line-height:115%;font-family:&quot;Arial&quot;,sans-serif\" id=\"yui_3_16_0_ym19_1_1479434032514_145047\"><o:p id=\"yui_3_16_0_ym19_1_1479434032514_145048\">&nbsp;<\/o:p><\/span><\/div>\n<div style=\"text-align:justify;text-indent:35.4pt;tab-stops:111.0pt\" id=\"yui_3_16_0_ym19_1_1479434032514_145049\"><b id=\"yui_3_16_0_ym19_1_1479434032514_145050\"><u id=\"yui_3_16_0_ym19_1_1479434032514_145051\"><span style=\"font-size:20.0pt;line-height:115%;font-family:&quot;Arial&quot;,sans-serif\" id=\"yui_3_16_0_ym19_1_1479434032514_145052\">DIVULGUEM ESSA COVARDIA:<\/span><\/u><\/b><span style=\"font-size:16.0pt;line-height:115%;font-family:&quot;Arial&quot;,sans-serif\" id=\"yui_3_16_0_ym19_1_1479434032514_145053\"> GOSTARIA  DE PEDIR A TODOS OS MEUS AMIGOS E LEITORES QUE TIRASSE UM TEMPINHO PARA LER A  PETI\u00c7\u00c3O P\u00daBLICA, AO QUAL SEGUE ABAIXO O LINK. TAL DOCUMENTO REFERE-SE A <b id=\"yui_3_16_0_ym19_1_1479434032514_145054\"><u id=\"yui_3_16_0_ym19_1_1479434032514_145055\">UM ATO DE COVARDIA POR PARTE DA  VOLKSWAGEN DO BRASIL EM COAUTORIA DA ABOLI\u00c7\u00c3O VE\u00cdCULOS (GRUPO AB)<\/u><\/b>  CONTRA ESTE VELHO JORNALISTA. A REFERIDA CONCESSION\u00c1RIA EST\u00c1 ME LESANDO DESDE  FEVEREIRO DE 2013. MEU CARRO FOI BATIDO DENTRO DA OFICINA, FURTARAM ACESS\u00d3RIOS,  TEM PROBLEMAS CAUSADOS POR ELES, AL\u00c9M DE DEFEITOS DE FABRICA\u00c7\u00c3O. O CARRO 0 KM  COMPRADO POR MIM HOJE SE ENCONTRA NA OFICINA DA ABOLI\u00c7\u00c3O VE\u00cdCULOS (CENTRO DE  NITER\u00d3I) <b id=\"yui_3_16_0_ym19_1_1479434032514_145056\"><u id=\"yui_3_16_0_ym19_1_1479434032514_145057\">DESDE 10 DE JUNHO DE 2013<\/u><\/b>,  OU MELHOR, H\u00c1 41<b id=\"yui_3_16_0_ym19_1_1479434032514_145058\"><u id=\"yui_3_16_0_ym19_1_1479434032514_145059\"> MESES, OU SEJA, 3  ANOS E CINCO MESES.<\/u><\/b> <b id=\"yui_3_16_0_ym19_1_1479434032514_145060\"><u id=\"yui_3_16_0_ym19_1_1479434032514_145061\">TEM  APENAS 729 KM RODADOS<\/u><\/b> PARA COMPROVAR O CALV\u00c1RIO TENHO DOCUMENTOS,  GRAVA\u00c7\u00d5ES DE AUDIO E V\u00cdDEO, MAIS DE 600 FOTOGRAFIAS E E-MAILS TROCADOS COM  FUNCION\u00c1RIOS DO BAIXO, M\u00c9DIO E ALTO ESCAL\u00c3O DA EMPRESA. POR FAVOR, ASSINEM O  DOCUMENTO PARA QUE OUTROS CONSUMIDORES N\u00c3O SEJAM LESADOS POR EMPRESAS DESTE  N\u00cdVEL.&nbsp; <\/span><a href=\"https:\/\/secure.avaaz.org\/po\/petition\/Aos_Orgaos_de_Defesa_do_Consumidor_e_ao_Poder_Judiciario_JUSTICA_CONTRA_UMA_MARCA_E_SUA_REVENDERORA_QUE_DESCUMPREM_A_LEI\/?lJEcNfb&amp;pv=0\" id=\"yui_3_16_0_ym19_1_1479434032514_145062\"><span style=\"font-size:16.0pt;line-height:115%;font-family:&quot;Arial&quot;,sans-serif\" id=\"yui_3_16_0_ym19_1_1479434032514_145063\">https:\/\/secure.avaaz.org\/po\/petition\/Aos_Orgaos_de_Defesa_do_Consumidor_e_ao_Poder_Judiciario_JUSTICA_CONTRA_UMA_MARCA_E_SUA_REVENDERORA_QUE_DESCUMPREM_A_LEI\/?lJEcNfb&amp;pv=0<\/span><\/a><span style=\"font-size:16.0pt;line-height:115%;font-family:&quot;Arial&quot;,sans-serif\" id=\"yui_3_16_0_ym19_1_1479434032514_145064\"><o:p id=\"yui_3_16_0_ym19_1_1479434032514_145065\"><\/o:p><\/span><\/div>\n<div style=\"text-align:justify;tab-stops:69.75pt\" id=\"yui_3_16_0_ym19_1_1479434032514_145066\"><span style=\"font-size:16.0pt;line-height:115%;font-family:&quot;Arial&quot;,sans-serif\" id=\"yui_3_16_0_ym19_1_1479434032514_145067\">&nbsp;&nbsp;&nbsp;&nbsp;&nbsp;&nbsp;&nbsp;&nbsp;&nbsp;&nbsp;&nbsp;&nbsp;&nbsp;&nbsp;&nbsp; <o:p id=\"yui_3_16_0_ym19_1_1479434032514_145068\"><\/o:p><\/span><\/div>\n<div style=\"text-align:justify;tab-stops:111.0pt\" id=\"yui_3_16_0_ym19_1_1479434032514_145069\"><b id=\"yui_3_16_0_ym19_1_1479434032514_145070\"><span style=\"font-size:16.0pt;line-height:115%;font-family:&quot;Arial&quot;,sans-serif\" id=\"yui_3_16_0_ym19_1_1479434032514_145071\">&nbsp;&nbsp;&nbsp;&nbsp;&nbsp;&nbsp;&nbsp;&nbsp;&nbsp;&nbsp;&nbsp;&nbsp;&nbsp;&nbsp;&nbsp;&nbsp;&nbsp;&nbsp;&nbsp;&nbsp;&nbsp;&nbsp;&nbsp;&nbsp; &nbsp;&nbsp;&nbsp;&nbsp;&nbsp;&nbsp; <o:p id=\"yui_3_16_0_ym19_1_1479434032514_145072\"><\/o:p><\/span><\/b><\/div>\n<div id=\"yui_3_16_0_ym19_1_1479434032514_144900\">                                    <\/div>\n<div style=\"text-align:justify\" dir=\"ltr\" id=\"yui_3_16_0_ym19_1_1479434032514_145073\"><b id=\"yui_3_16_0_ym19_1_1479434032514_145074\"><span style=\"font-size:14.0pt;line-height:115%;font-family:&quot;Arial&quot;,sans-serif\" id=\"yui_3_16_0_ym19_1_1479434032514_145075\">AP\u00d3S  AS TODAS AS PARTIDAS DO VASC\u00c3O EM MEU PERFIL DO FACEBOOK (QUEM QUISER RECEBER  AS CR\u00d4NICAS DE PRIMEIRA M\u00c3O \u00c9 S\u00d3 ME ADICIONAR), E NO SITE WEBVASCO  (<a href=\"http:\/\/www.webvasco.com\">www.webvasco.com<\/a>), TEM A OPINI\u00c3O DO JORNALISTA LUIZ CARLOS ROCHA. LEIAM!  COMPARTILHEM E CURTAM! VASCA\u00cdNOS UNIDOS JAMAIS SER\u00c3O VENCIDOS.<o:p id=\"yui_3_16_0_ym19_1_1479434032514_145076\"><\/o:p><\/span><\/b><\/div>\n<div id=\"yui_3_16_0_ym19_1_1479434032514_144901\"><span><br \/><\/span><\/div>\n<div id=\"yui_3_16_0_ym19_1_1479434032514_144859\"><span><br \/><\/span><\/div>\n<div><\/div>\n<div id=\"yui_3_16_0_ym19_1_1479434032514_144822\">&nbsp;<\/div>\n<div class=\"signature\" id=\"yui_3_16_0_ym19_1_1479434032514_144829\">\n<div id=\"RTEContent\">\n<div id=\"yui_3_16_0_ym19_1_1479434032514_144828\">\n<div id=\"yui_3_16_0_ym19_1_1479434032514_144827\">\n<div id=\"yui_3_16_0_ym19_1_1479434032514_144826\">\n<div align=\"center\" id=\"yui_3_16_0_ym19_1_1479434032514_144825\"><\/div>\n<\/div>\n<\/div>\n<\/div>\n<\/div>\n<\/div>\n<\/div>\n<\/div>\n<p><\/p>\n","protected":false},"excerpt":{"rendered":"<p>Ser\u00e1 que o Vasco da Gama precisar\u00e1 continuar na S\u00e9rie B, do Campeonato Brasileiro, de&#8230;<\/p>\n","protected":false},"author":7,"featured_media":0,"comment_status":"open","ping_status":"closed","sticky":false,"template":"","format":"standard","meta":{"footnotes":""},"categories":[4],"tags":[],"class_list":["post-8042","post","type-post","status-publish","format-standard","hentry","category-luizcarlosrocha"],"_links":{"self":[{"href":"https:\/\/webvasco.com\/artigos\/wp-json\/wp\/v2\/posts\/8042","targetHints":{"allow":["GET"]}}],"collection":[{"href":"https:\/\/webvasco.com\/artigos\/wp-json\/wp\/v2\/posts"}],"about":[{"href":"https:\/\/webvasco.com\/artigos\/wp-json\/wp\/v2\/types\/post"}],"author":[{"embeddable":true,"href":"https:\/\/webvasco.com\/artigos\/wp-json\/wp\/v2\/users\/7"}],"replies":[{"embeddable":true,"href":"https:\/\/webvasco.com\/artigos\/wp-json\/wp\/v2\/comments?post=8042"}],"version-history":[{"count":0,"href":"https:\/\/webvasco.com\/artigos\/wp-json\/wp\/v2\/posts\/8042\/revisions"}],"wp:attachment":[{"href":"https:\/\/webvasco.com\/artigos\/wp-json\/wp\/v2\/media?parent=8042"}],"wp:term":[{"taxonomy":"category","embeddable":true,"href":"https:\/\/webvasco.com\/artigos\/wp-json\/wp\/v2\/categories?post=8042"},{"taxonomy":"post_tag","embeddable":true,"href":"https:\/\/webvasco.com\/artigos\/wp-json\/wp\/v2\/tags?post=8042"}],"curies":[{"name":"wp","href":"https:\/\/api.w.org\/{rel}","templated":true}]}}