{"id":8043,"date":"2016-11-27T15:34:27","date_gmt":"2016-11-27T18:34:27","guid":{"rendered":"http:\/\/webvasco.com\/artigos\/?p=8043"},"modified":"2016-11-27T15:37:13","modified_gmt":"2016-11-27T18:37:13","slug":"srie-a-logo-ali","status":"publish","type":"post","link":"https:\/\/webvasco.com\/artigos\/colunistas\/luizcarlosrocha\/srie-a-logo-ali\/","title":{"rendered":"S&Eacute;RIE A &Eacute; LOGO ALI!"},"content":{"rendered":"<div>\n<div style=\"color:#000; background-color:#fff; font-family:HelveticaNeue-Light, Helvetica Neue Light, Helvetica Neue, Helvetica, Arial, Lucida Grande, sans-serif;font-size:32px\">\n<div style=\"text-align:justify;text-indent:35.4pt;tab-stops:111.0pt\" id=\"yui_3_16_0_1_1480271537898_4677\"><span style=\"font-size:14.0pt;line-height:115%;font-family:&quot;Arial&quot;,sans-serif\" id=\"yui_3_16_0_1_1480271537898_4678\">&nbsp; &nbsp;&nbsp;Foi emocionante. Digo, terrivelmente  emocionante! Na \u00faltima Rodada do Campeonato Brasileiro, da S\u00e9rie B, de 2016, a equipe  do Vasco da Gama n\u00e3o fugiu muito do que fez durante a competi\u00e7\u00e3o, ou seja,  vergonha! O Cear\u00e1 abriu o placar com Eduardo, mas o Gigante da Colina \u00e9 o time  da virada e do amor. Thalles igualou e virou o marcador em favor dos cariocas.  O resultado garantiu a volta para a Elite em 2017!<o:p id=\"yui_3_16_0_1_1480271537898_4679\"><\/o:p><\/span><\/div>\n<div style=\"text-align:justify;text-indent:35.4pt;tab-stops:111.0pt\" id=\"yui_3_16_0_1_1480271537898_4680\"><span style=\"font-size:14.0pt;line-height:115%;font-family:&quot;Arial&quot;,sans-serif\" id=\"yui_3_16_0_1_1480271537898_4681\">&nbsp;&nbsp;&nbsp; A Imensa Torcida (agora) Bem Feliz  compareceu em massa. Em um Maracan\u00e3 lotado teve de tudo. Principalmente erros  dos atletas, como de costume. O craque Edmundo foi lembrado com muito carinho,  e p\u00f4de testemunhar o tradicional grito: \u201cAh, \u00e9 Edmundo\u201d.&nbsp; O Animal declaradamente torcedor vasca\u00edno  dever\u00e1 compor uma chapa pol\u00edtica para as elei\u00e7\u00f5es no pr\u00f3ximo ano.<o:p id=\"yui_3_16_0_1_1480271537898_4682\"><\/o:p><\/span><\/div>\n<div style=\"text-align:justify;text-indent:35.4pt;tab-stops:111.0pt\" id=\"yui_3_16_0_1_1480271537898_4683\"><span style=\"font-size:14.0pt;line-height:115%;font-family:&quot;Arial&quot;,sans-serif\" id=\"yui_3_16_0_1_1480271537898_4684\">&nbsp;&nbsp;&nbsp; Quem n\u00e3o est\u00e1 muito em paz com os vasca\u00ednos  \u2013 com muita raz\u00e3o \u2013 \u00e9 o atual mandat\u00e1rio Eurico Miranda. Dom Charuto escutou  nitidamente o eco das arquibancadas e sociais: \u201cEi Eurico? Vai toma no <a href=\"mailto:c@#$%\u00a8*\u201d\">c@#$%\u00a8*\u201d<\/a>  \u00c9 preciso muita coisa mudar para ele se reeleger presidente. Sua gest\u00e3o \u00e9 p\u00edfia,  e ponto!<o:p id=\"yui_3_16_0_1_1480271537898_4685\"><\/o:p><\/span><\/div>\n<div style=\"text-align:justify;text-indent:35.4pt;tab-stops:111.0pt\" id=\"yui_3_16_0_1_1480271537898_4686\"><span style=\"font-size:14.0pt;line-height:115%;font-family:&quot;Arial&quot;,sans-serif\" id=\"yui_3_16_0_1_1480271537898_4687\">&nbsp;&nbsp;&nbsp; Bem prov\u00e1vel que Dom Charuto mantenha a  base do plantel e reforce com algumas pe\u00e7as, visando a conquista do tricampeonato  carioca. Por\u00e9m, n\u00e3o basta iludir a torcida como fez em 2015 e 2016, ganhando a  peleja regional e caindo na competi\u00e7\u00e3o, bem como disputando a trancos e  barrancos, em n\u00edvel nacional, respectivamente nos anos em que foi campe\u00e3o e  bicampe\u00e3o carioca. Tampouco queremos mais um rebaixamento!<o:p id=\"yui_3_16_0_1_1480271537898_4688\"><\/o:p><\/span><\/div>\n<div style=\"text-align:justify;text-indent:35.4pt;tab-stops:111.0pt\" id=\"yui_3_16_0_1_1480271537898_4689\"><span style=\"font-size:14.0pt;line-height:115%;font-family:&quot;Arial&quot;,sans-serif\" id=\"yui_3_16_0_1_1480271537898_4690\">&nbsp;&nbsp;&nbsp; Acredito que o eleitor do Mach\u00e3o da Gama  tenha aprendido que a dupla Dom Charuto e Roberto Bombinha n\u00e3o tem nada a  acrescentar ao clube. Que estes destru\u00edram a imagem do Vasco nos \u00faltimos 10  anos de gest\u00e3o (se for poss\u00edvel usar essa nomenclatura para administra\u00e7\u00f5es t\u00e3o  amadoras). <o:p id=\"yui_3_16_0_1_1480271537898_4691\"><\/o:p><\/span><\/div>\n<div style=\"text-align:justify;text-indent:35.4pt;tab-stops:111.0pt\" id=\"yui_3_16_0_1_1480271537898_4692\"><span style=\"font-size:14.0pt;line-height:115%;font-family:&quot;Arial&quot;,sans-serif\" id=\"yui_3_16_0_1_1480271537898_4693\">&nbsp;&nbsp;&nbsp; Eduardo ao abrir o placar no Maracan\u00e3,  ontem, imaginou que estragaria a festa. Os advers\u00e1rios j\u00e1 comemoravam a perman\u00eancia  na Segundona. Mas o Oeste ganhava do N\u00e1utico. Mesmo perdendo, o Cruzmaltino  voltaria. Por\u00e9m, o Povo do Gueto e as Tricoletes certamente diriam que o Vasco  subiu por falha alheia e n\u00e3o por m\u00e9rito pr\u00f3prio. Mesmo com uma equipe limitada  ao que tange a t\u00e9cnica, com uma t\u00e1tica errada implantada pelo treinador  Jorginho e tudo conspirando contra, a camisa mostrou seu peso!<o:p id=\"yui_3_16_0_1_1480271537898_4694\"><\/o:p><\/span><\/div>\n<div style=\"text-align:justify;text-indent:35.4pt;tab-stops:111.0pt\" id=\"yui_3_16_0_1_1480271537898_4695\"><span style=\"font-size:14.0pt;line-height:115%;font-family:&quot;Arial&quot;,sans-serif\" id=\"yui_3_16_0_1_1480271537898_4696\">&nbsp;&nbsp;&nbsp; A velha m\u00e1xima diz: O Vasco \u00e9 o time da  virada. O Vasco \u00e9 o time do amor! Foi esse sentimento de cada um dos mais de 66  mil presentes que impulsionou o atacante Thalles fazer dois gols em 5 minutos.  Amor come\u00e7a com a letra A. Por isso o Vasco voltou para ficar! S\u00e9rie A, de  Amor!<o:p id=\"yui_3_16_0_1_1480271537898_4697\"><\/o:p><\/span><\/div>\n<div style=\"text-align:justify;text-indent:35.4pt;tab-stops:111.0pt\" id=\"yui_3_16_0_1_1480271537898_4698\"><span style=\"font-size:14.0pt;line-height:115%;font-family:&quot;Arial&quot;,sans-serif\" id=\"yui_3_16_0_1_1480271537898_4699\"><o:p id=\"yui_3_16_0_1_1480271537898_4700\">&nbsp;<\/o:p><\/span><\/div>\n<div style=\"text-align:justify;text-indent:35.4pt;tab-stops:111.0pt\" id=\"yui_3_16_0_1_1480271537898_4701\"><span style=\"font-size:14.0pt;line-height:115%;font-family:&quot;Arial&quot;,sans-serif\" id=\"yui_3_16_0_1_1480271537898_4702\"><o:p id=\"yui_3_16_0_1_1480271537898_4703\">&nbsp;<\/o:p><\/span><\/div>\n<div style=\"text-align:justify;text-indent:35.4pt;tab-stops:111.0pt\" id=\"yui_3_16_0_1_1480271537898_4704\"><b id=\"yui_3_16_0_1_1480271537898_4705\"><u id=\"yui_3_16_0_1_1480271537898_4706\"><span style=\"font-size:20.0pt;line-height:115%;font-family:&quot;Arial&quot;,sans-serif\" id=\"yui_3_16_0_1_1480271537898_4707\">DIVULGUEM ESSA COVARDIA:<\/span><\/u><\/b><span style=\"font-size:16.0pt;line-height:115%;font-family:&quot;Arial&quot;,sans-serif\" id=\"yui_3_16_0_1_1480271537898_4708\"> GOSTARIA  DE PEDIR A TODOS OS MEUS AMIGOS E LEITORES QUE TIRASSE UM TEMPINHO PARA LER A  PETI\u00c7\u00c3O P\u00daBLICA, AO QUAL SEGUE ABAIXO O LINK. TAL DOCUMENTO REFERE-SE A <b id=\"yui_3_16_0_1_1480271537898_4709\"><u id=\"yui_3_16_0_1_1480271537898_4710\">UM ATO DE COVARDIA POR PARTE DA  VOLKSWAGEN DO BRASIL EM COAUTORIA DA ABOLI\u00c7\u00c3O VE\u00cdCULOS (GRUPO AB)<\/u><\/b>  CONTRA ESTE VELHO JORNALISTA. A REFERIDA CONCESSION\u00c1RIA EST\u00c1 ME LESANDO DESDE  FEVEREIRO DE 2013. MEU CARRO FOI BATIDO DENTRO DA OFICINA, FURTARAM ACESS\u00d3RIOS,  TEM PROBLEMAS CAUSADOS POR ELES, AL\u00c9M DE DEFEITOS DE FABRICA\u00c7\u00c3O. O CARRO 0 KM  COMPRADO POR MIM HOJE SE ENCONTRA NA OFICINA DA ABOLI\u00c7\u00c3O VE\u00cdCULOS (CENTRO DE  NITER\u00d3I) <b id=\"yui_3_16_0_1_1480271537898_4711\"><u id=\"yui_3_16_0_1_1480271537898_4712\">DESDE 10 DE JUNHO DE 2013<\/u><\/b>,  OU MELHOR, H\u00c1 41<b id=\"yui_3_16_0_1_1480271537898_4713\"><u id=\"yui_3_16_0_1_1480271537898_4714\"> MESES, OU SEJA, 3  ANOS E CINCO MESES.<\/u><\/b> <b id=\"yui_3_16_0_1_1480271537898_4715\"><u id=\"yui_3_16_0_1_1480271537898_4716\">TEM  APENAS 729 KM RODADOS<\/u><\/b> PARA COMPROVAR O CALV\u00c1RIO TENHO DOCUMENTOS,  GRAVA\u00c7\u00d5ES DE AUDIO E V\u00cdDEO, MAIS DE 600 FOTOGRAFIAS E E-MAILS TROCADOS COM  FUNCION\u00c1RIOS DO BAIXO, M\u00c9DIO E ALTO ESCAL\u00c3O DA EMPRESA. POR FAVOR, ASSINEM O  DOCUMENTO PARA QUE OUTROS CONSUMIDORES N\u00c3O SEJAM LESADOS POR EMPRESAS DESTE  N\u00cdVEL.&nbsp; <\/span><a href=\"https:\/\/secure.avaaz.org\/po\/petition\/Aos_Orgaos_de_Defesa_do_Consumidor_e_ao_Poder_Judiciario_JUSTICA_CONTRA_UMA_MARCA_E_SUA_REVENDERORA_QUE_DESCUMPREM_A_LEI\/?lJEcNfb&amp;pv=0\" id=\"yui_3_16_0_1_1480271537898_4717\"><span style=\"font-size:16.0pt;line-height:115%;font-family:&quot;Arial&quot;,sans-serif\" id=\"yui_3_16_0_1_1480271537898_4718\">https:\/\/secure.avaaz.org\/po\/petition\/Aos_Orgaos_de_Defesa_do_Consumidor_e_ao_Poder_Judiciario_JUSTICA_CONTRA_UMA_MARCA_E_SUA_REVENDERORA_QUE_DESCUMPREM_A_LEI\/?lJEcNfb&amp;pv=0<\/span><\/a><span style=\"font-size:16.0pt;line-height:115%;font-family:&quot;Arial&quot;,sans-serif\" id=\"yui_3_16_0_1_1480271537898_4719\"><o:p id=\"yui_3_16_0_1_1480271537898_4720\"><\/o:p><\/span><\/div>\n<div style=\"text-align:justify;tab-stops:69.75pt\" id=\"yui_3_16_0_1_1480271537898_4721\"><span style=\"font-size:16.0pt;line-height:115%;font-family:&quot;Arial&quot;,sans-serif\" id=\"yui_3_16_0_1_1480271537898_4722\">&nbsp;&nbsp;&nbsp;&nbsp;&nbsp;&nbsp;&nbsp;&nbsp;&nbsp;&nbsp;&nbsp;&nbsp;&nbsp;&nbsp;&nbsp; <o:p id=\"yui_3_16_0_1_1480271537898_4723\"><\/o:p><\/span><\/div>\n<div style=\"text-align:justify;tab-stops:111.0pt\" id=\"yui_3_16_0_1_1480271537898_4724\"><b id=\"yui_3_16_0_1_1480271537898_4725\"><span style=\"font-size:16.0pt;line-height:115%;font-family:&quot;Arial&quot;,sans-serif\" id=\"yui_3_16_0_1_1480271537898_4726\">&nbsp;&nbsp;&nbsp;&nbsp;&nbsp;&nbsp;&nbsp;&nbsp;&nbsp;&nbsp;&nbsp;&nbsp;&nbsp;&nbsp;&nbsp;&nbsp;&nbsp;&nbsp;&nbsp;&nbsp;&nbsp;&nbsp;&nbsp;&nbsp; &nbsp;&nbsp;&nbsp;&nbsp;&nbsp;&nbsp; <o:p id=\"yui_3_16_0_1_1480271537898_4727\"><\/o:p><\/span><\/b><\/div>\n<div id=\"yui_3_16_0_1_1480271537898_4514\">                                                <\/div>\n<div style=\"text-align:justify\" dir=\"ltr\" id=\"yui_3_16_0_1_1480271537898_4728\"><b id=\"yui_3_16_0_1_1480271537898_4729\"><span style=\"font-size:14.0pt;line-height:115%;font-family:&quot;Arial&quot;,sans-serif\" id=\"yui_3_16_0_1_1480271537898_4730\">AP\u00d3S  AS TODAS AS PARTIDAS DO VASC\u00c3O EM MEU PERFIL DO FACEBOOK (QUEM QUISER RECEBER  AS CR\u00d4NICAS DE PRIMEIRA M\u00c3O \u00c9 S\u00d3 ME ADICIONAR), E NO SITE WEBVASCO  (<a href=\"http:\/\/www.webvasco.com\">www.webvasco.com<\/a>), TEM A OPINI\u00c3O DO JORNALISTA LUIZ CARLOS ROCHA. LEIAM!  COMPARTILHEM E CURTAM! VASCA\u00cdNOS UNIDOS JAMAIS SER\u00c3O VENCIDOS.<o:p id=\"yui_3_16_0_1_1480271537898_4731\"><\/o:p><\/span><\/b><\/div>\n<div id=\"yui_3_16_0_1_1480271537898_4516\"><span><br \/><\/span><\/div>\n<div id=\"yui_3_16_0_1_1480271537898_4515\"><span><br \/><\/span><\/div>\n<div id=\"yui_3_16_0_1_1480271537898_4469\"><span><br \/><\/span><\/div>\n<div id=\"yui_3_16_0_1_1480271537898_4468\"><span><br \/><\/span><\/div>\n<div><\/div>\n<div id=\"yui_3_16_0_1_1480271537898_4467\">&nbsp;<\/div>\n<div class=\"signature\" id=\"yui_3_16_0_1_1480271537898_4435\">\n<div id=\"RTEContent\">\n<div id=\"yui_3_16_0_1_1480271537898_4434\">\n<div id=\"yui_3_16_0_1_1480271537898_4433\">\n<div id=\"yui_3_16_0_1_1480271537898_4432\">\n<div align=\"center\" id=\"yui_3_16_0_1_1480271537898_4431\"><\/div>\n<\/div>\n<\/div>\n<\/div>\n<\/div>\n<\/div>\n<\/div>\n<\/div>\n<p><\/p>\n","protected":false},"excerpt":{"rendered":"<p>&nbsp; &nbsp;&nbsp;Foi emocionante. Digo, terrivelmente emocionante! Na \u00faltima Rodada do Campeonato Brasileiro, da S\u00e9rie B,&#8230;<\/p>\n","protected":false},"author":7,"featured_media":0,"comment_status":"open","ping_status":"closed","sticky":false,"template":"","format":"standard","meta":{"footnotes":""},"categories":[4],"tags":[],"class_list":["post-8043","post","type-post","status-publish","format-standard","hentry","category-luizcarlosrocha"],"_links":{"self":[{"href":"https:\/\/webvasco.com\/artigos\/wp-json\/wp\/v2\/posts\/8043","targetHints":{"allow":["GET"]}}],"collection":[{"href":"https:\/\/webvasco.com\/artigos\/wp-json\/wp\/v2\/posts"}],"about":[{"href":"https:\/\/webvasco.com\/artigos\/wp-json\/wp\/v2\/types\/post"}],"author":[{"embeddable":true,"href":"https:\/\/webvasco.com\/artigos\/wp-json\/wp\/v2\/users\/7"}],"replies":[{"embeddable":true,"href":"https:\/\/webvasco.com\/artigos\/wp-json\/wp\/v2\/comments?post=8043"}],"version-history":[{"count":0,"href":"https:\/\/webvasco.com\/artigos\/wp-json\/wp\/v2\/posts\/8043\/revisions"}],"wp:attachment":[{"href":"https:\/\/webvasco.com\/artigos\/wp-json\/wp\/v2\/media?parent=8043"}],"wp:term":[{"taxonomy":"category","embeddable":true,"href":"https:\/\/webvasco.com\/artigos\/wp-json\/wp\/v2\/categories?post=8043"},{"taxonomy":"post_tag","embeddable":true,"href":"https:\/\/webvasco.com\/artigos\/wp-json\/wp\/v2\/tags?post=8043"}],"curies":[{"name":"wp","href":"https:\/\/api.w.org\/{rel}","templated":true}]}}