{"id":8044,"date":"2016-12-04T02:18:38","date_gmt":"2016-12-04T05:18:38","guid":{"rendered":"http:\/\/webvasco.com\/artigos\/?p=8044"},"modified":"2016-12-04T02:19:32","modified_gmt":"2016-12-04T05:19:32","slug":"sndrome-do-inho","status":"publish","type":"post","link":"https:\/\/webvasco.com\/artigos\/colunistas\/luizcarlosrocha\/sndrome-do-inho\/","title":{"rendered":"S&Iacute;NDROME DO INHO!"},"content":{"rendered":"<div>\n<div style=\"color:#000; background-color:#fff; font-family:HelveticaNeue-Light, Helvetica Neue Light, Helvetica Neue, Helvetica, Arial, Lucida Grande, sans-serif;font-size:32px\">\n<div style=\"text-align:justify;text-indent:35.4pt;tab-stops:111.0pt\" id=\"yui_3_16_0_1_1480271537898_557083\"><span style=\"font-size:12.0pt;line-height:115%;font-family:&quot;Arial&quot;,sans-serif\" id=\"yui_3_16_0_1_1480271537898_557084\">Infelizmente  o Club de Regatas Vasco da Gama, nos \u00faltimos 16 anos, vem sofrendo da S\u00edndrome  do Inho! Isto, \u00e9, vem se acostumando com coisas mi\u00fadas e consequentemente se  apequenando a cada dia. Do ano 2001 para c\u00e1 foram apenas quatro t\u00edtulos  conquistados (Copa do Brasil, em 2011 e Campeonato Carioca, em 2003, 2015 e  2016), para tantos fracassos. Dentre eles tr\u00eas rebaixamentos no Campeonato  Brasileiro. Pobre Vasquinho!<o:p id=\"yui_3_16_0_1_1480271537898_557085\"><\/o:p><\/span><\/div>\n<div style=\"text-align:justify;text-indent:35.4pt;tab-stops:111.0pt\" id=\"yui_3_16_0_1_1480271537898_557086\"><span style=\"font-size:12.0pt;line-height:115%;font-family:&quot;Arial&quot;,sans-serif\" id=\"yui_3_16_0_1_1480271537898_557087\">Tudo  veio ficando pequenininho no clube. Outrora chamado de Gigante da Colina,  diante de tantos encolhimentos, hoje certamente pode ser chamado de An\u00e3ozinho  da Colina! E os amesquinhamentos n\u00e3o param por a\u00ed. As arquibancadas de S\u00e3o  Janu\u00e1rio foram reduzidas. A capacidade do Est\u00e1dio nesses 16 anos ficou menor.<o:p id=\"yui_3_16_0_1_1480271537898_557088\"><\/o:p><\/span><\/div>\n<div style=\"text-align:justify;text-indent:35.4pt;tab-stops:111.0pt\" id=\"yui_3_16_0_1_1480271537898_557089\"><span style=\"font-size:12.0pt;line-height:115%;font-family:&quot;Arial&quot;,sans-serif\" id=\"yui_3_16_0_1_1480271537898_557090\">Na  conten\u00e7\u00e3o das despesas a diretoria economizou inclusive na conta de \u00e1gua, tendo  o fornecimento cortado! Uma l\u00e1stima. Times tenebrosos foram apresentados ao  torcedor neste per\u00edodo. Treinadores-aprendizes comandaram os planteis. Tudo era  pequenino demais. \u00c9 a S\u00edndrome do Inho!<o:p id=\"yui_3_16_0_1_1480271537898_557091\"><\/o:p><\/span><\/div>\n<div style=\"text-align:justify;text-indent:35.4pt;tab-stops:111.0pt\" id=\"yui_3_16_0_1_1480271537898_557092\"><span style=\"font-size:12.0pt;line-height:115%;font-family:&quot;Arial&quot;,sans-serif\" id=\"yui_3_16_0_1_1480271537898_557093\">Nesta  peleja da S\u00e9rie B, que foi comandada pela dupla Inho, digo, Jorginho e Zinho,  treinador e auxiliar, respectivamente, fomos obrigados a ver o Diguinho \u2013 o pior  Inho \u2013 atuar por diversas vezes com o manto sagrado e manchando a imagem do  time. E at\u00e9 mesmo o Andrezinho, esqueceu de crescer em determinados momentos, deixando  o Andr\u00e9 no vesti\u00e1rio, indo para o gramado apenas com o Inho. Que pena!<o:p id=\"yui_3_16_0_1_1480271537898_557094\"><\/o:p><\/span><\/div>\n<div style=\"text-align:justify;text-indent:35.4pt;tab-stops:111.0pt\" id=\"yui_3_16_0_1_1480271537898_557095\"><span style=\"font-size:12.0pt;line-height:115%;font-family:&quot;Arial&quot;,sans-serif\" id=\"yui_3_16_0_1_1480271537898_557096\">Contrata\u00e7\u00f5es  p\u00edfias. Jogadinhas pol\u00edticas. Enriquecimento as custas de sugar a marca Vasco  da Gama. Tudo isso fez parte do contexto. Dom Charuto tanto criticou o  Robertinho (Bombinha), mas fez igual ou pior. Com sua imagem do cl\u00e1ssico  gangster \u2013 suspens\u00f3rio, charuto e guarda-costas \u2013 detentor de uma fal\u00e1cia  pol\u00eamica e forte, sempre afirmou que em sua gest\u00e3o o Mach\u00e3o da Gama n\u00e3o cairia  para a Segundona. De fato, n\u00e3o caiu, despencou! <o:p id=\"yui_3_16_0_1_1480271537898_557097\"><\/o:p><\/span><\/div>\n<div style=\"text-align:justify;text-indent:35.4pt;tab-stops:111.0pt\" id=\"yui_3_16_0_1_1480271537898_557098\"><span style=\"font-size:12.0pt;line-height:115%;font-family:&quot;Arial&quot;,sans-serif\" id=\"yui_3_16_0_1_1480271537898_557099\">Se  analisarmos minuciosamente direta e indiretamente Dom Charuto foi respons\u00e1vel  pelas tr\u00eas quedas no Brasileir\u00e3o. Claro que o Bombinha tamb\u00e9m. A diferen\u00e7a \u00e9  que Roberto Dinamite jamais se colocou como um ser supremo que o Vasco precisa  dele, e que \u00e9 pe\u00e7a insubstitu\u00edvel no cen\u00e1rio desportivo vasca\u00edno. Mas isso \u00e9 s\u00f3  o comecinho. Vai piorar ainda mais.<o:p id=\"yui_3_16_0_1_1480271537898_557100\"><\/o:p><\/span><\/div>\n<div style=\"text-align:justify;text-indent:35.4pt;tab-stops:111.0pt\" id=\"yui_3_16_0_1_1480271537898_557101\"><span style=\"font-size:12.0pt;line-height:115%;font-family:&quot;Arial&quot;,sans-serif\" id=\"yui_3_16_0_1_1480271537898_557102\">Para a  temporada 2017, o presidente dispensou Jorginho e Zinho, e apresentou no dia 01  de dezembro de 2016 o t\u00e9cnico Crist\u00f3v\u00e3o Borges, que j\u00e1 teve uma passagem pelo  clube. Para refrescar a mem\u00f3ria da Imensa Torcida Bem Feliz, o referido  treinador era estagi\u00e1rio (leia-se auxiliar t\u00e9cnico) de Ricardo Gomes, que em  2011 deixou tudo encaminhado para a Tr\u00edplice Coroa, quando teve um AVC e o  estagi\u00e1rio assumiu o comando da equipe. O Vasco foi campe\u00e3o da Copa do Brasil,  vice-campe\u00e3o brasileiro com diferen\u00e7a de 2 pontos para os Gamb\u00e1s, que  levantaram o Caneco, e a elimina\u00e7\u00e3o nas quartas de final da Copa Sul Americana.  <o:p id=\"yui_3_16_0_1_1480271537898_557103\"><\/o:p><\/span><\/div>\n<div style=\"text-align:justify;text-indent:35.4pt;tab-stops:111.0pt\" id=\"yui_3_16_0_1_1480271537898_557104\"><span style=\"font-size:12.0pt;line-height:115%;font-family:&quot;Arial&quot;,sans-serif\" id=\"yui_3_16_0_1_1480271537898_557105\">Moral  do retrospecto: Tinha tudo para ganhar tr\u00eas t\u00edtulos, mas s\u00f3 ganhou um. O  trabalho do Ricardo Gomes foi impec\u00e1vel at\u00e9 a chegada de Crist\u00f3v\u00e3o Borges que  estragou tudo. Fora do Cruzmaltino os n\u00fameros s\u00e3o ainda mais desesperadores. Em  156 partidas, foram apenas 66 vit\u00f3rias, 37 empates e acreditem 53 derrotas. <o:p id=\"yui_3_16_0_1_1480271537898_557106\"><\/o:p><\/span><\/div>\n<div style=\"text-align:justify;text-indent:35.4pt;tab-stops:111.0pt\" id=\"yui_3_16_0_1_1480271537898_557107\"><span style=\"font-size:12.0pt;line-height:115%;font-family:&quot;Arial&quot;,sans-serif\" id=\"yui_3_16_0_1_1480271537898_557108\">Em  tempos de apequenamento, na qual o Inho impera em S\u00e3o Janu\u00e1rio e outras sedes  do Vasco da Gama, fala-se nos bastidores que o mandat\u00e1rio \u201cdelegou\u201d todos os poderes.  Que hoje \u00e9 mais um chanceler do que propriamente um presidente. Que o cartola  de fato \u00e9 um, e o de direito \u00e9 outro. Seguindo a linha de racioc\u00ednio desta  cr\u00f4nica n\u00e3o \u00e9 dif\u00edcil de desvendar o nome do atual homem forte do Vasco, n\u00e3o \u00e9  Eurico?<o:p id=\"yui_3_16_0_1_1480271537898_557109\"><\/o:p><\/span><\/div>\n<div style=\"text-align:justify;text-indent:35.4pt;tab-stops:111.0pt\" id=\"yui_3_16_0_1_1480271537898_557110\"><span style=\"font-size:12.0pt;line-height:115%;font-family:&quot;Arial&quot;,sans-serif\" id=\"yui_3_16_0_1_1480271537898_557111\"><o:p id=\"yui_3_16_0_1_1480271537898_557112\">&nbsp;<\/o:p><\/span><\/div>\n<div style=\"text-align:justify;text-indent:35.4pt;tab-stops:111.0pt\" id=\"yui_3_16_0_1_1480271537898_557113\"><span style=\"font-size:12.0pt;line-height:115%;font-family:&quot;Arial&quot;,sans-serif\" id=\"yui_3_16_0_1_1480271537898_557114\"><o:p id=\"yui_3_16_0_1_1480271537898_557115\">&nbsp;<\/o:p><\/span><\/div>\n<div style=\"text-align:justify;text-indent:35.4pt;tab-stops:111.0pt\" id=\"yui_3_16_0_1_1480271537898_557116\"><span style=\"font-size:14.0pt;line-height:115%;font-family:&quot;Arial&quot;,sans-serif\" id=\"yui_3_16_0_1_1480271537898_557117\"><o:p id=\"yui_3_16_0_1_1480271537898_557118\">&nbsp;<\/o:p><\/span><\/div>\n<div style=\"text-align:justify;text-indent:35.4pt;tab-stops:111.0pt\" id=\"yui_3_16_0_1_1480271537898_557119\"><b id=\"yui_3_16_0_1_1480271537898_557120\"><u id=\"yui_3_16_0_1_1480271537898_557121\"><span style=\"font-size:20.0pt;line-height:115%;font-family:&quot;Arial&quot;,sans-serif\" id=\"yui_3_16_0_1_1480271537898_557122\">PERPLEXO COM O PODER  JUDICI\u00c1RIO: <o:p id=\"yui_3_16_0_1_1480271537898_557123\"><\/o:p><\/span><\/u><\/b><\/div>\n<div style=\"text-align:justify;text-indent:35.4pt;tab-stops:111.0pt\" id=\"yui_3_16_0_1_1480271537898_557124\"><span style=\"font-size:16.0pt;line-height:115%;font-family:&quot;Arial&quot;,sans-serif\" id=\"yui_3_16_0_1_1480271537898_557125\">DEPOIS  DE AGUARDAR 41 MESES, OU SEJA, 3 ANOS E CINCO MESES (CARRO DESDE 10 DE JUNHO DE  2013) COM O <b id=\"yui_3_16_0_1_1480271537898_557126\"><u id=\"yui_3_16_0_1_1480271537898_557127\">CARRO<\/u><\/b> PRESO NA  OFICINA DA ABOLI\u00c7\u00c3O VE\u00cdCULOS <b id=\"yui_3_16_0_1_1480271537898_557128\"><u id=\"yui_3_16_0_1_1480271537898_557129\">COM  APENAS 729 KM RODADOS, <\/u><\/b>EM UM PROCESSO COM 6 VOLUMES, NA 1\u00aa VARA CIVEL,  DA COMARCA DE NITER\u00d3I\/RJ, REGIONAL OCE\u00c2NICA, <b id=\"yui_3_16_0_1_1480271537898_557130\"><u id=\"yui_3_16_0_1_1480271537898_557131\">A SENTEN\u00c7A FOI INDEFERIR TODOS OS MEUS PEDIDOS E AINDA CONDENAR EM  10% DE CUSTAS JUDICIAIS.<\/u><\/b> OU SEJA, FIQUEI SEM CARRO ESSE TEMPO TODO  (MESMO PAGANDO \u00c0 VISTA POR ELE), JUNTEI PROVAS COMO REGISTRO DE OCORR\u00caNCIA DA  POL\u00cdCIA CIVIL\/RJ, BOLETIM DE OCORR\u00caNCIA DA POLICIA MILITAR\/RJ, ORDENS DE  SERVI\u00c7O, MAIS DE 600 FOTOGRAFIAS, MAIS DE 40 \u00c1UDIOS, NOTAS FISCAIS, NOTAS DE  T\u00c1XI, PRONTU\u00c1RIOS M\u00c9DICOS, POIS NESTE PER\u00cdODO TIVE PROBLEMAS DE SA\u00daDE, BEM COMO  MEUS FAMILIARES, TENDO UMA FILHA QUE HOJE TEM APENAS 5 ANOS, NA \u00c9POCA POUCO  MAIS DE 1 ANINHO. TUDO ISSO PARA NADA. QUEM GOSTOU DO RESULTADO DA DOUTA  MAGRISTRADA FORAM AS EMPRESAS R\u00c9S \u2013 QUE ME LESARAM \u2013 ABOLI\u00c7\u00c3O VE\u00cdCULOS E VW DO  BRASIL <b id=\"yui_3_16_0_1_1480271537898_557132\">(PROCESSO: No  0016370-44.2013.8.19.0212).<o:p id=\"yui_3_16_0_1_1480271537898_557133\"><\/o:p><\/b><\/span><\/div>\n<div style=\"text-align:justify;text-indent:35.4pt;tab-stops:111.0pt\" id=\"yui_3_16_0_1_1480271537898_557134\"><span style=\"font-size:16.0pt;line-height:115%;font-family:&quot;Arial&quot;,sans-serif\" id=\"yui_3_16_0_1_1480271537898_557135\"><o:p id=\"yui_3_16_0_1_1480271537898_557136\">&nbsp;<\/o:p><\/span><\/div>\n<div style=\"text-align:justify;tab-stops:69.75pt\" id=\"yui_3_16_0_1_1480271537898_557137\"><span style=\"font-size:16.0pt;line-height:115%;font-family:&quot;Arial&quot;,sans-serif\" id=\"yui_3_16_0_1_1480271537898_557138\">&nbsp;&nbsp;&nbsp;&nbsp;&nbsp;&nbsp;&nbsp;&nbsp;&nbsp;&nbsp;&nbsp;&nbsp;&nbsp;&nbsp;&nbsp; <o:p id=\"yui_3_16_0_1_1480271537898_557139\"><\/o:p><\/span><\/div>\n<div style=\"text-align:justify;tab-stops:111.0pt\" id=\"yui_3_16_0_1_1480271537898_557140\"><b id=\"yui_3_16_0_1_1480271537898_557141\"><span style=\"font-size:16.0pt;line-height:115%;font-family:&quot;Arial&quot;,sans-serif\" id=\"yui_3_16_0_1_1480271537898_557142\">&nbsp;&nbsp;&nbsp;&nbsp;&nbsp;&nbsp;&nbsp;&nbsp;&nbsp;&nbsp;&nbsp;&nbsp;&nbsp;&nbsp;&nbsp;&nbsp;&nbsp;&nbsp;&nbsp;&nbsp;&nbsp;&nbsp;&nbsp;&nbsp; &nbsp;&nbsp;&nbsp;&nbsp;&nbsp;&nbsp; <o:p id=\"yui_3_16_0_1_1480271537898_557143\"><\/o:p><\/span><\/b><\/div>\n<div id=\"yui_3_16_0_1_1480271537898_556852\">                                                                    <\/div>\n<div style=\"text-align:justify\" dir=\"ltr\" id=\"yui_3_16_0_1_1480271537898_557144\"><b id=\"yui_3_16_0_1_1480271537898_557145\"><span style=\"font-size:14.0pt;line-height:115%;font-family:&quot;Arial&quot;,sans-serif\" id=\"yui_3_16_0_1_1480271537898_557146\">AP\u00d3S  AS TODAS AS PARTIDAS DO VASC\u00c3O EM MEU PERFIL DO FACEBOOK (QUEM QUISER RECEBER  AS CR\u00d4NICAS DE PRIMEIRA M\u00c3O \u00c9 S\u00d3 ME ADICIONAR), E NO SITE WEBVASCO  (<a href=\"http:\/\/www.webvasco.com\">www.webvasco.com<\/a>), TEM A OPINI\u00c3O DO JORNALISTA LUIZ CARLOS ROCHA. LEIAM!  COMPARTILHEM E CURTAM! VASCA\u00cdNOS UNIDOS JAMAIS SER\u00c3O VENCIDOS.<o:p id=\"yui_3_16_0_1_1480271537898_557147\"><\/o:p><\/span><\/b><\/div>\n<div id=\"yui_3_16_0_1_1480271537898_556852\"><span><br \/><\/span><\/div>\n<div id=\"yui_3_16_0_1_1480271537898_556852\"><span><br \/><\/span><\/div>\n<div id=\"yui_3_16_0_1_1480271537898_556852\"><span><br \/><\/span><\/div>\n<div><\/div>\n<div id=\"yui_3_16_0_1_1480271537898_556853\">&nbsp;<\/div>\n<div class=\"signature\" id=\"yui_3_16_0_1_1480271537898_556860\">\n<div id=\"RTEContent\">\n<div id=\"yui_3_16_0_1_1480271537898_556859\">\n<div id=\"yui_3_16_0_1_1480271537898_556858\">\n<div id=\"yui_3_16_0_1_1480271537898_556857\">\n<div align=\"center\" id=\"yui_3_16_0_1_1480271537898_556856\"><\/div>\n<\/div>\n<\/div>\n<\/div>\n<\/div>\n<\/div>\n<\/div>\n<\/div>\n<p><\/p>\n","protected":false},"excerpt":{"rendered":"<p>Infelizmente o Club de Regatas Vasco da Gama, nos \u00faltimos 16 anos, vem sofrendo da&#8230;<\/p>\n","protected":false},"author":7,"featured_media":0,"comment_status":"open","ping_status":"closed","sticky":false,"template":"","format":"standard","meta":{"footnotes":""},"categories":[4],"tags":[],"class_list":["post-8044","post","type-post","status-publish","format-standard","hentry","category-luizcarlosrocha"],"_links":{"self":[{"href":"https:\/\/webvasco.com\/artigos\/wp-json\/wp\/v2\/posts\/8044","targetHints":{"allow":["GET"]}}],"collection":[{"href":"https:\/\/webvasco.com\/artigos\/wp-json\/wp\/v2\/posts"}],"about":[{"href":"https:\/\/webvasco.com\/artigos\/wp-json\/wp\/v2\/types\/post"}],"author":[{"embeddable":true,"href":"https:\/\/webvasco.com\/artigos\/wp-json\/wp\/v2\/users\/7"}],"replies":[{"embeddable":true,"href":"https:\/\/webvasco.com\/artigos\/wp-json\/wp\/v2\/comments?post=8044"}],"version-history":[{"count":0,"href":"https:\/\/webvasco.com\/artigos\/wp-json\/wp\/v2\/posts\/8044\/revisions"}],"wp:attachment":[{"href":"https:\/\/webvasco.com\/artigos\/wp-json\/wp\/v2\/media?parent=8044"}],"wp:term":[{"taxonomy":"category","embeddable":true,"href":"https:\/\/webvasco.com\/artigos\/wp-json\/wp\/v2\/categories?post=8044"},{"taxonomy":"post_tag","embeddable":true,"href":"https:\/\/webvasco.com\/artigos\/wp-json\/wp\/v2\/tags?post=8044"}],"curies":[{"name":"wp","href":"https:\/\/api.w.org\/{rel}","templated":true}]}}