{"id":8045,"date":"2016-12-15T11:00:27","date_gmt":"2016-12-15T14:00:27","guid":{"rendered":"http:\/\/webvasco.com\/artigos\/?p=8045"},"modified":"2016-12-15T11:07:29","modified_gmt":"2016-12-15T14:07:29","slug":"declogo-para-postular-a-presidncia-do-vasco","status":"publish","type":"post","link":"https:\/\/webvasco.com\/artigos\/colunistas\/marcus-simonini\/declogo-para-postular-a-presidncia-do-vasco\/","title":{"rendered":"DEC&Aacute;LOGO PARA POSTULAR A PRESID&Ecirc;NCIA DO VASCO"},"content":{"rendered":"<div>\n<div id=\"divtagdefaultwrapper\" style=\"font-size:12pt;color:#000000;font-family:Calibri,Arial,Helvetica,sans-serif;\" dir=\"ltr\">\n<p>  <\/p>\n<p>  Em tempos de grandes controv\u00e9rsias, dificuldades&nbsp;e desentendimentos, e porque entraremos em ano eleitoral no Vasco, \u00e9&nbsp;preciso refor\u00e7ar!  <\/p>\n<div>  <\/div>\n<div>  <\/div>\n<div>Segue o Dec\u00e1logo de deveres aos candidatos \u00e0 Presid\u00eancia do Vasco, escrito pelo GB, j\u00e1 falecido, Pedro Valente&nbsp;&nbsp;<\/p>\n<div style=\"color: rgb(0, 0, 0);\">\n<div>\n<table cellspacing=\"0\" cellpadding=\"0\" width=\"100%;\" id=\"email_table\" border=\"0\" style=\"border-collapse:collapse\">\n<tbody>\n<tr>\n<td id=\"email_content\" style=\"font-family:Helvetica Neue,Helvetica,Lucida Grande,tahoma,verdana,arial,sans-serif; background:#ffffff\">\n<table cellspacing=\"0\" cellpadding=\"0\" width=\"100%\" style=\"border-collapse:collapse\">\n<tbody>\n<tr>\n<td style=\"\">\n<table cellspacing=\"0\" cellpadding=\"0\" width=\"100%\" style=\"border-collapse:collapse\">\n<tbody>\n<tr>\n<td style=\"\">\n<table cellspacing=\"0\" cellpadding=\"0\" width=\"100%\" style=\"border-collapse:collapse\">\n<tbody>\n<tr>\n<td style=\"font-size:11px; font-family:LucidaGrande,tahoma,verdana,arial,sans-serif; border:solid 1px #e5e5e5; border-radius:2px 2px 0 0; padding:10px; display:block\">\n<table cellspacing=\"0\" cellpadding=\"0\" style=\"border-collapse:collapse\">\n<tbody>\n<tr>\n<td style=\"\">  <\/td>\n<td width=\"100%\" style=\"\">  <\/td>\n<\/tr>\n<tr style=\"\">\n<td height=\"10\" style=\"line-height:10px\">  <\/td>\n<\/tr>\n<tr>\n<td colspan=\"3\" style=\"\">\n<table cellspacing=\"0\" cellpadding=\"0\" style=\"border-collapse:collapse\">\n<tbody>\n<tr>\n<td style=\"\"><span class=\"mb_text\" style=\"font-family:Helvetica Neue,Helvetica,Lucida Grande,tahoma,verdana,arial,sans-serif; font-size:16px; line-height:21px; color:#141823\"><br \/>  DEC\u00c1LOGO PARA POSTULAR A PRESID\u00caNCIA DO VASCO <\/p>\n<p>  1- Tem que ser vasca\u00edno de raiz, nunca ter torcido ou servido a outro time. N\u00e3o descaracterizar a nossa camisa, nossos s\u00edmbolos e respeitar nossas tradi\u00e7\u00f5es.  <\/p>\n<p>  2- N\u00e3o comprar votos, o que j\u00e1 demonstra tend\u00eancia expl\u00edcita \u00e0 corrup\u00e7\u00e3o. <\/p>\n<p>  3- Tem que ter ficha limpa, experi\u00eancia administrativa, saber se expressar e defender o Vasco como defenderia a pr\u00f3pria vida.  <\/p>\n<p>  4- Servir ao Vasco e n\u00e3o se servir do Vasco. N\u00e3o roubar e nem permitir que roubem o Clube. N\u00e3o praticar agiotagem emprestando dinheiro \u00e0 agremia\u00e7\u00e3o, a juros extorsivos.  <\/p>\n<p>  5- N\u00e3o colocar parentes para trabalharem direta ou indiretamente no Vasco, mesmo que seja &#8220;sem remunera\u00e7\u00e3o&#8221;, nem permitir que familiares ou membros da administra\u00e7\u00e3o, explorem lojas e franquias do Clube ou prestem servi\u00e7os atrav\u00e9s de suas empresas e escrit\u00f3rios.  <\/p>\n<p>  6- Obriga\u00e7\u00e3o de viabilizar patroc\u00ednios de alto n\u00edvel e formar grandes equipes de futebol, basquete e remo. Ou pedir demiss\u00e3o, irrevog\u00e1vel e irretrat\u00e1vel, ao t\u00e9rmino de 100 dias, juntamente com os dois outros vices administrativos.  <\/p>\n<p>  7- N\u00e3o aceitar que o Vasco ganhe nem um centavo a menos nas cotas de TV, que qualquer outro clube.  <\/p>\n<p>  8- N\u00e3o permitir que o est\u00e1dio do Maracan\u00e3 seja da dupla fla-flu. <\/p>\n<p>  9- N\u00e3o abrir m\u00e3o nos jogos de mando de campo em S\u00e3o Janu\u00e1rio. <\/p>\n<p>  10- N\u00e3o exercer nem se candidatar a cargo pol\u00edtico de vereador, deputado e etc, durante a gest\u00e3o, para n\u00e3o haver conflito de interesses, ficando o Vasco muitas vezes em plano secund\u00e1rio, a reboque de estratagemas eleitoreiros.  <\/p>\n<p>  FONTE: <a href=\"http:\/\/www.netvasco.com.br\/n\/128183\/pedro-valente-divulga-decalogo-para-postulantes-a-presidencia-do-vasco\">www.netvasco.com.br\/n\/128183\/pedro-valente-divulga-decalogo-para-postulantes-a-presidencia-do-vasco<\/a><\/span><\/td>\n<\/tr>\n<\/tbody>\n<\/table>\n<\/td>\n<\/tr>\n<\/tbody>\n<\/table>\n<\/td>\n<\/tr>\n<tr>\n<td style=\"font-size:11px; font-family:LucidaGrande,tahoma,verdana,arial,sans-serif; background:#f2f2f2; border:solid 1px #e5e5e5; border-top:0; border-radius:0 0 2px 2px; padding:0px 10px; display:block\">  <\/td>\n<\/tr>\n<\/tbody>\n<\/table>\n<\/td>\n<\/tr>\n<\/tbody>\n<\/table>\n<\/td>\n<td width=\"15\" style=\"display:block; width:15px\">&nbsp;&nbsp;&nbsp;<\/td>\n<\/tr>\n<tr>\n<td width=\"15\" style=\"display:block; width:15px\">&nbsp;&nbsp;&nbsp;<\/td>\n<td style=\"\">\n<table cellspacing=\"0\" cellpadding=\"0\" width=\"100%\" style=\"border-collapse:collapse\">\n<tbody>\n<tr style=\"\">\n<td height=\"2\" colspan=\"3\" style=\"line-height:2px\">&nbsp;<\/td>\n<\/tr>\n<tr>\n<td class=\"mb_blk\" style=\"\">  <\/td>\n<td class=\"mb_blk\" style=\"\">  <\/td>\n<td width=\"100%\" class=\"mb_hide\" style=\"\">  <\/td>\n<\/tr>\n<\/tbody>\n<\/table>\n<\/td>\n<\/tr>\n<tr style=\"\">\n<td height=\"20\" colspan=\"3\" style=\"line-height:20px\">&nbsp;<\/td>\n<\/tr>\n<\/tbody>\n<\/table>\n<p>  <span style=\"\"><img decoding=\"async\" style=\"border: 0px; width: 1px; height: 1px; user-select: none;\" src=\"https:\/\/www.facebook.com\/email_open_log_pic.php?mid=543a250a37f99G5af3ed6ed256G54392f5b8d37aG96\"\/><\/span><\/td>\n<\/tr>\n<\/tbody>\n<\/table><\/div>\n<\/p><\/div>\n<\/p><\/div>\n<\/p><\/div>\n<\/p><\/div>\n<p><\/p>\n","protected":false},"excerpt":{"rendered":"<p>Em tempos de grandes controv\u00e9rsias, dificuldades&nbsp;e desentendimentos, e porque entraremos em ano eleitoral no Vasco,&#8230;<\/p>\n","protected":false},"author":8,"featured_media":0,"comment_status":"open","ping_status":"closed","sticky":false,"template":"","format":"standard","meta":{"footnotes":""},"categories":[6],"tags":[],"class_list":["post-8045","post","type-post","status-publish","format-standard","hentry","category-marcus-simonini"],"_links":{"self":[{"href":"https:\/\/webvasco.com\/artigos\/wp-json\/wp\/v2\/posts\/8045","targetHints":{"allow":["GET"]}}],"collection":[{"href":"https:\/\/webvasco.com\/artigos\/wp-json\/wp\/v2\/posts"}],"about":[{"href":"https:\/\/webvasco.com\/artigos\/wp-json\/wp\/v2\/types\/post"}],"author":[{"embeddable":true,"href":"https:\/\/webvasco.com\/artigos\/wp-json\/wp\/v2\/users\/8"}],"replies":[{"embeddable":true,"href":"https:\/\/webvasco.com\/artigos\/wp-json\/wp\/v2\/comments?post=8045"}],"version-history":[{"count":0,"href":"https:\/\/webvasco.com\/artigos\/wp-json\/wp\/v2\/posts\/8045\/revisions"}],"wp:attachment":[{"href":"https:\/\/webvasco.com\/artigos\/wp-json\/wp\/v2\/media?parent=8045"}],"wp:term":[{"taxonomy":"category","embeddable":true,"href":"https:\/\/webvasco.com\/artigos\/wp-json\/wp\/v2\/categories?post=8045"},{"taxonomy":"post_tag","embeddable":true,"href":"https:\/\/webvasco.com\/artigos\/wp-json\/wp\/v2\/tags?post=8045"}],"curies":[{"name":"wp","href":"https:\/\/api.w.org\/{rel}","templated":true}]}}