{"id":8046,"date":"2016-12-15T11:29:22","date_gmt":"2016-12-15T14:29:22","guid":{"rendered":"http:\/\/webvasco.com\/artigos\/?p=8046"},"modified":"2016-12-15T11:37:01","modified_gmt":"2016-12-15T14:37:01","slug":"o-pfio-pblico-que-vai-aos-estdios-no-pas-do-futebol","status":"publish","type":"post","link":"https:\/\/webvasco.com\/artigos\/colunistas\/marcus-simonini\/o-pfio-pblico-que-vai-aos-estdios-no-pas-do-futebol\/","title":{"rendered":"O P&Iacute;FIO P&Uacute;BLICO QUE VAI AOS EST&Aacute;DIOS NO PA&Iacute;S DO FUTEBOL"},"content":{"rendered":"<div>\n<div id=\"divtagdefaultwrapper\" style=\"font-size:12pt;color:#000000;font-family:Calibri,Arial,Helvetica,sans-serif;\" dir=\"ltr\">\n<div style=\"font-family: Calibri, Arial, Helvetica, sans-serif; font-size: 16px;\">  * Em Portugal, Benfica, Sporting e Porto colocam, em m\u00e9dia, mais de 45 mil adeptos, dos quais 95% s\u00e3o s\u00f3cios, em jogos que n\u00e3o s\u00e3o os Cl\u00e1ssicos entre eles.&nbsp;<\/div>\n<div style=\"font-family: Calibri, Arial, Helvetica, sans-serif; font-size: 16px;\">  <\/div>\n<div style=\"font-family: Calibri, Arial, Helvetica, sans-serif; font-size: 16px;\">  Uma vergonha o p\u00fablico do &quot;Pa\u00eds do Futebol&quot;, ou seria o Pa\u00eds do 7 x 1, da CBF ?!<\/div>\n<div style=\"font-family: Calibri, Arial, Helvetica, sans-serif; font-size: 16px;\">  <\/div>\n<div style=\"font-family: Calibri, Arial, Helvetica, sans-serif; font-size: 16px;\">  <\/div>\n<\/p>\n<div style=\"color: rgb(0, 0, 0);\">\n<div>\n<div id=\"divtagdefaultwrapper\" dir=\"ltr\" style=\"font-size:12pt; color:#000000; font-family:Calibri,Arial,Helvetica,sans-serif\">\n<div style=\"color:rgb(0,0,0)\">\n<div>\n<div id=\"divtagdefaultwrapper\" dir=\"ltr\" style=\"font-size:12pt; color:#000000; font-family:Calibri,Arial,Helvetica,sans-serif\">\n<div style=\"color:rgb(0,0,0)\">\n<div>\n<div id=\"divtagdefaultwrapper\" dir=\"ltr\" style=\"font-size:12pt; color:#000000; font-family:Calibri,Arial,Helvetica,sans-serif\">\n<div style=\"color:rgb(0,0,0)\">\n<div>\n<div id=\"divtagdefaultwrapper\" dir=\"ltr\" style=\"font-size:12pt; color:#000000; font-family:Calibri,Arial,Helvetica,sans-serif\">\n<div>\n<div style=\"color:rgb(0,0,0)\">\n<div>\n<div id=\"divtagdefaultwrapper\" style=\"font-size:12pt; color:#000000; font-family:Calibri,Arial,Helvetica,sans-serif\">\n<div style=\"color:rgb(0,0,0)\">\n<div>\n<div><a href=\"http:\/\/globoesporte.globo.com\/numerologos\/noticia\/2016\/12\/veja-o-ranking-de-media-de-publico-dos-128-clubes-das-series-b-c-e-d.html#!comentario-79656189\" class=\"OWAAutoLink\" id=\"LPlnk393700\" previewremoved=\"true\">http:\/\/globoesporte.globo.com\/numerologos\/noticia\/2016\/12\/veja-o-ranking-de-media-de-publico-dos-128-clubes-das-series-b-c-e-d.html#!comentario-79656189<\/a>  <\/div>\n<div>  <\/div>\n<div>  <\/div>\n<div><\/div>\n<\/p><\/div>\n<\/p><\/div>\n<\/p><\/div>\n<\/p><\/div>\n<\/p><\/div>\n<\/p><\/div>\n<\/p><\/div>\n<\/p><\/div>\n<\/p><\/div>\n<\/p><\/div>\n<\/p><\/div>\n<\/p><\/div>\n<\/p><\/div>\n<\/p><\/div>\n<\/p><\/div>\n<\/p><\/div>\n<\/p><\/div>\n<\/p><\/div>\n<\/p><\/div>\n<\/p><\/div>\n<p><\/p>\n","protected":false},"excerpt":{"rendered":"<p>* Em Portugal, Benfica, Sporting e Porto colocam, em m\u00e9dia, mais de 45 mil adeptos,&#8230;<\/p>\n","protected":false},"author":8,"featured_media":0,"comment_status":"open","ping_status":"closed","sticky":false,"template":"","format":"standard","meta":{"footnotes":""},"categories":[6],"tags":[],"class_list":["post-8046","post","type-post","status-publish","format-standard","hentry","category-marcus-simonini"],"_links":{"self":[{"href":"https:\/\/webvasco.com\/artigos\/wp-json\/wp\/v2\/posts\/8046","targetHints":{"allow":["GET"]}}],"collection":[{"href":"https:\/\/webvasco.com\/artigos\/wp-json\/wp\/v2\/posts"}],"about":[{"href":"https:\/\/webvasco.com\/artigos\/wp-json\/wp\/v2\/types\/post"}],"author":[{"embeddable":true,"href":"https:\/\/webvasco.com\/artigos\/wp-json\/wp\/v2\/users\/8"}],"replies":[{"embeddable":true,"href":"https:\/\/webvasco.com\/artigos\/wp-json\/wp\/v2\/comments?post=8046"}],"version-history":[{"count":0,"href":"https:\/\/webvasco.com\/artigos\/wp-json\/wp\/v2\/posts\/8046\/revisions"}],"wp:attachment":[{"href":"https:\/\/webvasco.com\/artigos\/wp-json\/wp\/v2\/media?parent=8046"}],"wp:term":[{"taxonomy":"category","embeddable":true,"href":"https:\/\/webvasco.com\/artigos\/wp-json\/wp\/v2\/categories?post=8046"},{"taxonomy":"post_tag","embeddable":true,"href":"https:\/\/webvasco.com\/artigos\/wp-json\/wp\/v2\/tags?post=8046"}],"curies":[{"name":"wp","href":"https:\/\/api.w.org\/{rel}","templated":true}]}}