{"id":8055,"date":"2016-12-20T13:22:00","date_gmt":"2016-12-20T16:22:00","guid":{"rendered":"http:\/\/webvasco.com\/artigos\/?p=8055"},"modified":"2016-12-20T13:27:28","modified_gmt":"2016-12-20T16:27:28","slug":"20-de-dezembro-dia-de-colocar-a-camisa-do-vasco-e-recordar-a-virada-do-sculo","status":"publish","type":"post","link":"https:\/\/webvasco.com\/artigos\/colunistas\/marcus-simonini\/20-de-dezembro-dia-de-colocar-a-camisa-do-vasco-e-recordar-a-virada-do-sculo\/","title":{"rendered":"20 DE DEZEMBRO &#8211; DIA DE COLOCAR A CAMISA DO VASCO E RECORDAR A VIRADA DO S&Eacute;CULO!"},"content":{"rendered":"<div id='gallery-1' class='gallery galleryid-8055 gallery-columns-3 gallery-size-thumbnail'><figure class='gallery-item'>\n\t\t\t<div class='gallery-icon '>\n\t\t\t\t<a href='https:\/\/webvasco.com\/artigos\/colunistas\/marcus-simonini\/20-de-dezembro-dia-de-colocar-a-camisa-do-vasco-e-recordar-a-virada-do-sculo\/attachment\/pastedimage\/'><img loading=\"lazy\" decoding=\"async\" width=\"1\" height=\"1\" src=\"https:\/\/webvasco.com\/artigos\/wp-content\/uploads\/2016\/12\/pastedImage.png\" class=\"attachment-thumbnail size-thumbnail\" alt=\"\" \/><\/a>\n\t\t\t<\/div><\/figure>\n\t\t<\/div>\n\n<div>\n<div id=\"divtagdefaultwrapper\" style=\"font-size:12pt;color:#000000;font-family:Calibri,Arial,Helvetica,sans-serif;\" dir=\"ltr\">\n<p>  <\/p>\n<p>  <\/p>\n<p><img decoding=\"async\" size=\"392409\" contenttype=\"image\/png\" id=\"img884413\" crossorigin=\"anonymous\" aria-expanded=\"false\" tabindex=\"0\" style=\"max-width: 99.9%; user-select: none;\" src=\"https:\/\/webvasco.com\/artigos\/wp-content\/uploads\/2016\/12\/pastedImage.png\"\/>!  <\/p>\n<p>  <\/p>\n<p>  <\/p>\n<\/p>\n<p style=\"line-height: 19px; color: rgb(127, 127, 127); font-family: Arial, Helvetica, sans-serif; font-size: 13px;\">  <strong>N\u00e3o se esque\u00e7a do que eles fizeram ! N\u00e3o deixe de contar a seus filhos, sobrinhos e netos.<\/strong><\/p>\n<p style=\"line-height: 19px; color: rgb(127, 127, 127); font-family: Arial, Helvetica, sans-serif; font-size: 13px;\">  <strong>N\u00e3o deixe que eles esque\u00e7am!<\/strong><\/p>\n<p style=\"line-height: 19px; color: rgb(127, 127, 127); font-family: Arial, Helvetica, sans-serif; font-size: 13px;\">  <strong><br \/>  <\/strong><\/p>\n<p style=\"line-height: 19px; color: rgb(127, 127, 127); font-family: Arial, Helvetica, sans-serif; font-size: 13px;\">  <strong><\/strong><\/p>\n<p style=\"line-height: 19px; color: rgb(127, 127, 127); font-family: Arial, Helvetica, sans-serif; font-size: 13px;\">  Amigo Vasca\u00edno, leitor do WEBVASCO, lembro que, hoje,&nbsp;dia 20 de dezembro, estamos celebrando o 16\u00ba anivers\u00e1rio da conquista hist\u00f3rica da Copa Mercosul, num jogo dram\u00e1tico, contra um de nossos maiores rivais, que,&nbsp;como todos sabem, recebeu o justo nome de &#8220;A   Virada do S\u00e9culo!&#8221;, portanto \u00e9 dia de colocar, com orgulho, sua camisa do Vasco!<\/p>\n<p style=\"line-height: 19px; color: rgb(127, 127, 127); font-family: Arial, Helvetica, sans-serif; font-size: 13px;\">  <\/p>\n<p style=\"line-height: 19px; color: rgb(127, 127, 127); font-family: Arial, Helvetica, sans-serif; font-size: 13px;\">  Palmeiras 3 x 4&nbsp;Vasco.&nbsp;Nenhum outro clube realizou algo igual, ou sequer parecido, dentro do Est\u00e1dio de um de seus maiores Rivais, fora de seu Estado de origem, e com um jogador a menos, durante boa parte do segundo tempo, numa final de Copa Continental!<\/p>\n<p style=\"line-height: 19px; color: rgb(127, 127, 127); font-family: Arial, Helvetica, sans-serif; font-size: 13px;\">  <\/p>\n<p style=\"line-height: 19px; color: rgb(127, 127, 127); font-family: Arial, Helvetica, sans-serif; font-size: 13px;\">  Um jogo para ficar para sempre em nossas mem\u00f3rias.<\/p>\n<p style=\"line-height: 19px; color: rgb(127, 127, 127); font-family: Arial, Helvetica, sans-serif; font-size: 13px;\">  <\/p>\n<p style=\"line-height: 19px; color: rgb(127, 127, 127); font-family: Arial, Helvetica, sans-serif; font-size: 13px;\">  Que possamos voltar a ver esse VASCO novamente nos gramados praticando o&nbsp;futebol que nos fez respeitados no mundo do Futebol.&nbsp;<\/p>\n<p style=\"line-height: 19px; color: rgb(127, 127, 127); font-family: Arial, Helvetica, sans-serif; font-size: 13px;\">  <\/p>\n<p style=\"line-height: 19px; color: rgb(127, 127, 127); font-family: Arial, Helvetica, sans-serif; font-size: 13px;\">  CASACA!<\/p>\n<p>    <\/p>\n<p>  <\/p>\n<\/p><\/div>\n<\/p><\/div>\n<p><\/p>\n","protected":false},"excerpt":{"rendered":"<p>! N\u00e3o se esque\u00e7a do que eles fizeram ! N\u00e3o deixe de contar a seus&#8230;<\/p>\n","protected":false},"author":8,"featured_media":8056,"comment_status":"open","ping_status":"closed","sticky":false,"template":"","format":"standard","meta":{"footnotes":""},"categories":[6],"tags":[],"class_list":["post-8055","post","type-post","status-publish","format-standard","has-post-thumbnail","hentry","category-marcus-simonini"],"_links":{"self":[{"href":"https:\/\/webvasco.com\/artigos\/wp-json\/wp\/v2\/posts\/8055","targetHints":{"allow":["GET"]}}],"collection":[{"href":"https:\/\/webvasco.com\/artigos\/wp-json\/wp\/v2\/posts"}],"about":[{"href":"https:\/\/webvasco.com\/artigos\/wp-json\/wp\/v2\/types\/post"}],"author":[{"embeddable":true,"href":"https:\/\/webvasco.com\/artigos\/wp-json\/wp\/v2\/users\/8"}],"replies":[{"embeddable":true,"href":"https:\/\/webvasco.com\/artigos\/wp-json\/wp\/v2\/comments?post=8055"}],"version-history":[{"count":0,"href":"https:\/\/webvasco.com\/artigos\/wp-json\/wp\/v2\/posts\/8055\/revisions"}],"wp:featuredmedia":[{"embeddable":true,"href":"https:\/\/webvasco.com\/artigos\/wp-json\/wp\/v2\/media\/8056"}],"wp:attachment":[{"href":"https:\/\/webvasco.com\/artigos\/wp-json\/wp\/v2\/media?parent=8055"}],"wp:term":[{"taxonomy":"category","embeddable":true,"href":"https:\/\/webvasco.com\/artigos\/wp-json\/wp\/v2\/categories?post=8055"},{"taxonomy":"post_tag","embeddable":true,"href":"https:\/\/webvasco.com\/artigos\/wp-json\/wp\/v2\/tags?post=8055"}],"curies":[{"name":"wp","href":"https:\/\/api.w.org\/{rel}","templated":true}]}}