{"id":8058,"date":"2017-01-25T14:28:30","date_gmt":"2017-01-25T17:28:30","guid":{"rendered":"http:\/\/webvasco.com\/artigos\/?p=8058"},"modified":"2017-01-26T12:03:08","modified_gmt":"2017-01-26T15:03:08","slug":"elas-o-professor-teresa-cristina","status":"publish","type":"post","link":"https:\/\/webvasco.com\/artigos\/temas\/elas-e-o-professor\/elas-o-professor-teresa-cristina\/","title":{"rendered":"ELAS &#038; O PROFESSOR &#8211; TERESA CRISTINA"},"content":{"rendered":"<p>&nbsp;<\/p>\n<p>A entrevista de Janeiro de 2017, com a cantora Teresa Cristina \u00e9 dedicada \u00e0 minha amada, portelense e vascain\u00edssima \u00darsulla Rocha. Te Amo filhota!<\/p>\n<p>&nbsp;<\/p>\n<p><strong>TERESA CRISTINA MACEDO GOMES<\/strong>, 48 anos, portelense, pisciana, professora (formada em Letras, pela UERJ) e cantora, Teresa Cristina como \u00e9 conhecida come\u00e7ou a vitoriosa carreira nos Bairros da Lapa e Madureira. Inicialmente curtia um som mais pesado como Iron Maiden e Van Halen, mas um amigo da faculdade lhe presenteou com um disco de Candeia e de l\u00e1 para c\u00e1 a paix\u00e3o pelo samba falou mais alto. O irm\u00e3o mais velho vasca\u00edno influenciou na escolha do time, embora suas duas irm\u00e3s tivessem feito de tudo para ela torcer para o time da G\u00e1vea. Teresa, al\u00e9m de extremamente simp\u00e1tica e educada \u00e9 uma vasca\u00edna de raiz.<\/p>\n<p>&nbsp;<\/p>\n<p><strong>O que te levou a ser vasca\u00edna?<\/strong><\/p>\n<p>O time do Vasco de 1976. O Mazar\u00f3pi pegou um p\u00eanalti do Zico, mas independentemente do resultado do jogo eu decidi torcer para o Vasco, que foi campe\u00e3o no ano seguinte, justamente em cima do Flamengo.<\/p>\n<p>&nbsp;<\/p>\n<p><strong>No DVD Vamos Todos Cantar de Cora\u00e7\u00e3o, gravado em 2011, logo ap\u00f3s a conquista do t\u00edtulo da Copa do Brasil, quem escolheu a m\u00fasica que voc\u00ea cantou (vers\u00e3o adaptada de Ana J\u00falia, de Los Hermanos)?<\/strong><\/p>\n<p>N\u00e3o fui eu. Foi uma noite de paz e alegria. Com certeza um momento especial como torcedora cantar essa can\u00e7\u00e3o.<\/p>\n<p>&nbsp;<\/p>\n<p><strong>Voc\u00ea vai a S\u00e3o Janu\u00e1rio com frequ\u00eancia? <\/strong><\/p>\n<p>Vou sim, e ao Maracan\u00e3 tamb\u00e9m.<\/p>\n<p>&nbsp;<\/p>\n<p><strong>O entorno do Est\u00e1dio poderia ter uma revitaliza\u00e7\u00e3o?<\/strong><\/p>\n<p>Arquitetonicamente merece, mas o ideal \u00e9 o Estado dar as condi\u00e7\u00f5es necess\u00e1rias para as pessoas que moram ali. Mas posso lhe garantir que me sinto muito mais segura na Barreira do Vasco, do que na Praia de Botafogo, \u00e0s 22 horas.<\/p>\n<p>&nbsp;<\/p>\n<p><strong>\u00c9 preciso transformar o Caldeir\u00e3o em uma Grande Arena?<\/strong><\/p>\n<p>N\u00e3o acho, porque n\u00e3o h\u00e1 nenhum est\u00e1dio no Brasil que se fique t\u00e3o perto dos jogadores. L\u00e1 os atletas ouvem tudo, de forma positiva ou negativa. Essa diferen\u00e7a de calor humano \u00e9 muito legal.<\/p>\n<p>&nbsp;<\/p>\n<p><strong>Qual foi uma partida que marcou a sua vida de torcedora? <\/strong><\/p>\n<p>Uma foi a partida de 1988, quando o Cocada entrou em campo, marcou gol e foi expulso. Tudo isso em cinco minutos. Aquele jogo sai da faculdade (Letras, na UERJ) e fui sozinha assistir o Vasc\u00e3o jogar. A outra eu assisti pela TV. O Flamengo jogava por tr\u00eas empates para ficar com o t\u00edtulo. Era o segundo jogo e o placar estava empatado em 0 a 0. A torcida rubro-negra cantarolava: \u201cEst\u00e1 chegando a hora&#8230;\u201d At\u00e9 que aos 44 minutos do tempo complementar a bola parou em uma po\u00e7a no meio do gramado. O Dinamite (Roberto) deu uma corrida, alcan\u00e7ou e conduziu ela, marcando o gol da partida. A partir da\u00ed quem cantou de galo foi o Vasco. Isso tudo debaixo de muita chuva.<\/p>\n<p>&nbsp;<\/p>\n<p><strong>O que voc\u00ea espera do plantel em 2017?<\/strong><\/p>\n<p>Que n\u00e3o passe vergonha. Porque, at\u00e9 aquele atleta considerado ruim n\u00e3o tem culpa de vestir a camisa do Vasco. A \u201cinfra\u00e7\u00e3o\u201d foi de quem o contratou.<\/p>\n<p>&nbsp;<\/p>\n<p><strong>Voc\u00ea acredita no tricampeonato de futebol?<\/strong><\/p>\n<p>Claro. Estamos embalados. E outra coisa: moralmente j\u00e1 somos, porque em 2014 fomos garfados.<\/p>\n<p>&nbsp;<\/p>\n<p><strong>Esse ano tem elei\u00e7\u00f5es para a presid\u00eancia do clube, quem seria o mandat\u00e1rio ideal? <\/strong><\/p>\n<p>Qualquer um, menos o Eurico (Miranda), ou que tenha liga\u00e7\u00e3o com ele. Nem sei o que esse sujeito ainda faz no Vasco da Gama. Ele \u00e9 mentiroso, a torcida vasca\u00edna espera pelo presente de natal at\u00e9 hoje.<\/p>\n<p>&nbsp;<\/p>\n<p><strong>Qual o jogador (de todos os tempos) \u00e9 a cara do Vasco da Gama?<\/strong><\/p>\n<p>Tem v\u00e1rios. Carlos Germano. Roberto Dinamite. Mauro Galv\u00e3o (embora tenha uma rela\u00e7\u00e3o forte com o Gr\u00eamio). A dupla Marco Ant\u00f4nio e Zanata. Juninho (Reizinho). Geovani, que passou a melhor fase da vida dele no Vasco. Da nova gera\u00e7\u00e3o o Philippe Coutinho. Mas ouvindo e vendo a rea\u00e7\u00e3o da torcida quando o assunto \u00e9 Edmundo vejo a for\u00e7a que um \u00eddolo tem. Ele \u00e9 um mito de carne e osso.<\/p>\n<p>&nbsp;<\/p>\n<p><strong>Qual a maior alegria e a pior decep\u00e7\u00e3o? <\/strong><\/p>\n<p>A maior alegria foi a Libertadores, mentira (risos). Foi quando o Vasco goleou o Flamengo por 5 a 1, em plana P\u00e1scoa, dando um verdadeiro chocolate. A decep\u00e7\u00e3o foi perder o Mundial aqui no Maracan\u00e3.<\/p>\n<p>&nbsp;<\/p>\n<p><strong>O que significam as oito estrelas em cima da Cruz de Malta no uniforme vasca\u00edno?<\/strong><\/p>\n<p>N\u00e3o tenho a m\u00ednima ideia. Gostaria at\u00e9 de saber.<\/p>\n<p>&nbsp;<\/p>\n<p><strong>J\u00e1 pensou em compor uma melodia para o Gigante da Colina? <\/strong><\/p>\n<p>V\u00e1rias vezes. Mas nenhuma can\u00e7\u00e3o para o Vasco ficou \u00e0 altura de meu amor por ele.<\/p>\n<p>&nbsp;<\/p>\n<p><strong><u>FOTOGRAFIAS BY LUIZ CARLOS ROCHA, MESCLADO COM IMAGENS DE INTERNET.<\/u><\/strong><\/p>\n<p><a href=\"https:\/\/webvasco.com\/artigos\/wp-content\/uploads\/2017\/01\/1.jpg\"><img loading=\"lazy\" decoding=\"async\" class=\"alignnone size-medium wp-image-8059\" src=\"https:\/\/webvasco.com\/artigos\/wp-content\/uploads\/2017\/01\/1-300x201.jpg\" alt=\"1\" width=\"300\" height=\"201\" srcset=\"https:\/\/webvasco.com\/artigos\/wp-content\/uploads\/2017\/01\/1-300x201.jpg 300w, https:\/\/webvasco.com\/artigos\/wp-content\/uploads\/2017\/01\/1-150x100.jpg 150w, https:\/\/webvasco.com\/artigos\/wp-content\/uploads\/2017\/01\/1.jpg 469w\" sizes=\"auto, (max-width: 300px) 100vw, 300px\" \/><\/a> <a href=\"https:\/\/webvasco.com\/artigos\/wp-content\/uploads\/2017\/01\/2.jpg\"><img loading=\"lazy\" decoding=\"async\" class=\"alignnone size-medium wp-image-8060\" src=\"https:\/\/webvasco.com\/artigos\/wp-content\/uploads\/2017\/01\/2-300x169.jpg\" alt=\"2\" width=\"300\" height=\"169\" srcset=\"https:\/\/webvasco.com\/artigos\/wp-content\/uploads\/2017\/01\/2-300x169.jpg 300w, https:\/\/webvasco.com\/artigos\/wp-content\/uploads\/2017\/01\/2-150x84.jpg 150w, https:\/\/webvasco.com\/artigos\/wp-content\/uploads\/2017\/01\/2-260x146.jpg 260w, https:\/\/webvasco.com\/artigos\/wp-content\/uploads\/2017\/01\/2-120x67.jpg 120w, https:\/\/webvasco.com\/artigos\/wp-content\/uploads\/2017\/01\/2.jpg 512w\" sizes=\"auto, (max-width: 300px) 100vw, 300px\" \/><\/a> <a href=\"https:\/\/webvasco.com\/artigos\/wp-content\/uploads\/2017\/01\/IMG_20170125_112443.jpg\"><img loading=\"lazy\" decoding=\"async\" class=\"alignnone size-medium wp-image-8061\" src=\"https:\/\/webvasco.com\/artigos\/wp-content\/uploads\/2017\/01\/IMG_20170125_112443-300x206.jpg\" alt=\"IMG_20170125_112443\" width=\"300\" height=\"206\" srcset=\"https:\/\/webvasco.com\/artigos\/wp-content\/uploads\/2017\/01\/IMG_20170125_112443-300x206.jpg 300w, https:\/\/webvasco.com\/artigos\/wp-content\/uploads\/2017\/01\/IMG_20170125_112443-150x103.jpg 150w, https:\/\/webvasco.com\/artigos\/wp-content\/uploads\/2017\/01\/IMG_20170125_112443-768x527.jpg 768w, https:\/\/webvasco.com\/artigos\/wp-content\/uploads\/2017\/01\/IMG_20170125_112443-1024x703.jpg 1024w\" sizes=\"auto, (max-width: 300px) 100vw, 300px\" \/><\/a> <a href=\"https:\/\/webvasco.com\/artigos\/wp-content\/uploads\/2017\/01\/IMG_20170125_112545.jpg\"><img loading=\"lazy\" decoding=\"async\" class=\"alignnone size-medium wp-image-8062\" src=\"https:\/\/webvasco.com\/artigos\/wp-content\/uploads\/2017\/01\/IMG_20170125_112545-217x300.jpg\" alt=\"IMG_20170125_112545\" width=\"217\" height=\"300\" srcset=\"https:\/\/webvasco.com\/artigos\/wp-content\/uploads\/2017\/01\/IMG_20170125_112545-217x300.jpg 217w, https:\/\/webvasco.com\/artigos\/wp-content\/uploads\/2017\/01\/IMG_20170125_112545-109x150.jpg 109w, https:\/\/webvasco.com\/artigos\/wp-content\/uploads\/2017\/01\/IMG_20170125_112545-768x1060.jpg 768w, https:\/\/webvasco.com\/artigos\/wp-content\/uploads\/2017\/01\/IMG_20170125_112545-742x1024.jpg 742w, https:\/\/webvasco.com\/artigos\/wp-content\/uploads\/2017\/01\/IMG_20170125_112545.jpg 1818w\" sizes=\"auto, (max-width: 217px) 100vw, 217px\" \/><\/a> <a href=\"https:\/\/webvasco.com\/artigos\/wp-content\/uploads\/2017\/01\/IMG_20170125_112759.jpg\"><img loading=\"lazy\" decoding=\"async\" class=\"alignnone size-medium wp-image-8063\" src=\"https:\/\/webvasco.com\/artigos\/wp-content\/uploads\/2017\/01\/IMG_20170125_112759-300x273.jpg\" alt=\"IMG_20170125_112759\" width=\"300\" height=\"273\" srcset=\"https:\/\/webvasco.com\/artigos\/wp-content\/uploads\/2017\/01\/IMG_20170125_112759-300x273.jpg 300w, https:\/\/webvasco.com\/artigos\/wp-content\/uploads\/2017\/01\/IMG_20170125_112759-150x136.jpg 150w, https:\/\/webvasco.com\/artigos\/wp-content\/uploads\/2017\/01\/IMG_20170125_112759-768x698.jpg 768w, https:\/\/webvasco.com\/artigos\/wp-content\/uploads\/2017\/01\/IMG_20170125_112759-1024x931.jpg 1024w, https:\/\/webvasco.com\/artigos\/wp-content\/uploads\/2017\/01\/IMG_20170125_112759.jpg 2020w\" sizes=\"auto, (max-width: 300px) 100vw, 300px\" \/><\/a><a href=\"https:\/\/webvasco.com\/artigos\/wp-content\/uploads\/2017\/01\/IMG_20170125_112352b.jpg\"><img loading=\"lazy\" decoding=\"async\" class=\"alignnone size-medium wp-image-8064\" src=\"https:\/\/webvasco.com\/artigos\/wp-content\/uploads\/2017\/01\/IMG_20170125_112352b-176x300.jpg\" alt=\"IMG_20170125_112352b\" width=\"176\" height=\"300\" srcset=\"https:\/\/webvasco.com\/artigos\/wp-content\/uploads\/2017\/01\/IMG_20170125_112352b-176x300.jpg 176w, https:\/\/webvasco.com\/artigos\/wp-content\/uploads\/2017\/01\/IMG_20170125_112352b-88x150.jpg 88w, https:\/\/webvasco.com\/artigos\/wp-content\/uploads\/2017\/01\/IMG_20170125_112352b-768x1309.jpg 768w, https:\/\/webvasco.com\/artigos\/wp-content\/uploads\/2017\/01\/IMG_20170125_112352b-601x1024.jpg 601w, https:\/\/webvasco.com\/artigos\/wp-content\/uploads\/2017\/01\/IMG_20170125_112352b.jpg 1668w\" sizes=\"auto, (max-width: 176px) 100vw, 176px\" \/><\/a><\/p>\n","protected":false},"excerpt":{"rendered":"<p>&nbsp; A entrevista de Janeiro de 2017, com a cantora Teresa Cristina \u00e9 dedicada \u00e0&#8230;<\/p>\n","protected":false},"author":7,"featured_media":8060,"comment_status":"open","ping_status":"closed","sticky":false,"template":"","format":"standard","meta":{"footnotes":""},"categories":[27],"tags":[],"class_list":["post-8058","post","type-post","status-publish","format-standard","has-post-thumbnail","hentry","category-elas-e-o-professor"],"_links":{"self":[{"href":"https:\/\/webvasco.com\/artigos\/wp-json\/wp\/v2\/posts\/8058","targetHints":{"allow":["GET"]}}],"collection":[{"href":"https:\/\/webvasco.com\/artigos\/wp-json\/wp\/v2\/posts"}],"about":[{"href":"https:\/\/webvasco.com\/artigos\/wp-json\/wp\/v2\/types\/post"}],"author":[{"embeddable":true,"href":"https:\/\/webvasco.com\/artigos\/wp-json\/wp\/v2\/users\/7"}],"replies":[{"embeddable":true,"href":"https:\/\/webvasco.com\/artigos\/wp-json\/wp\/v2\/comments?post=8058"}],"version-history":[{"count":2,"href":"https:\/\/webvasco.com\/artigos\/wp-json\/wp\/v2\/posts\/8058\/revisions"}],"predecessor-version":[{"id":8066,"href":"https:\/\/webvasco.com\/artigos\/wp-json\/wp\/v2\/posts\/8058\/revisions\/8066"}],"wp:featuredmedia":[{"embeddable":true,"href":"https:\/\/webvasco.com\/artigos\/wp-json\/wp\/v2\/media\/8060"}],"wp:attachment":[{"href":"https:\/\/webvasco.com\/artigos\/wp-json\/wp\/v2\/media?parent=8058"}],"wp:term":[{"taxonomy":"category","embeddable":true,"href":"https:\/\/webvasco.com\/artigos\/wp-json\/wp\/v2\/categories?post=8058"},{"taxonomy":"post_tag","embeddable":true,"href":"https:\/\/webvasco.com\/artigos\/wp-json\/wp\/v2\/tags?post=8058"}],"curies":[{"name":"wp","href":"https:\/\/api.w.org\/{rel}","templated":true}]}}