{"id":806,"date":"2014-02-24T15:14:25","date_gmt":"2014-02-24T18:14:25","guid":{"rendered":"http:\/\/webvasco.com\/artigos\/?p=806"},"modified":"2014-02-24T15:15:49","modified_gmt":"2014-02-24T18:15:49","slug":"cabofolia","status":"publish","type":"post","link":"https:\/\/webvasco.com\/artigos\/colunistas\/luizcarlosrocha\/cabofolia\/","title":{"rendered":"CABOFOLIA!"},"content":{"rendered":"<p>    As v\u00e9speras do carnaval o time da Cabofriense d\u00e1 um baile no Vasco da Gama, em plena Colina, vira a partida com gols de Par\u00e1 e Fabr\u00edcio Carvalho, Edmilson descontou. Com o resultado da D\u00e9cima Rodada do Campeonato Carioca (Ta\u00e7a Guanabara) o Cruzmaltino se manteve na quarta posi\u00e7\u00e3o na tabela de classifica\u00e7\u00e3o, mas se v\u00ea amea\u00e7ado por outras equipes.<br \/>\n    Com todo respeito \u00e0 equipe da Regi\u00e3o dos Lagos, perder para eles e ainda de virada em casa \u00e9 um absurdo. \u00c9 um certeiro sinal de que as coisas andam de mal a pior. O trabalho de alguns profissionais em nosso clube pode ser questionado sim! Se numa competi\u00e7\u00e3o p\u00edfia como o Carioc\u00e3o (os Chor\u00f5es e o Povo do Gueto est\u00e3o na Libertadores n\u00e3o se importando para a competi\u00e7\u00e3o em quest\u00e3o, as meninas das Laranjeiras n\u00e3o contam, no dito popular s\u00e3o Caf\u00e9 com Leite. Afinal, futebol \u00e9 para homem, hehehehe). Sem ofensas as meninas de verdade que torcem pelas demais equipes. Logo, n\u00e3o h\u00e1 advers\u00e1rios \u00e0 altura das tradi\u00e7\u00f5es vasca\u00ednas.<br \/>\n    Hoje o Mach\u00e3o da Gama est\u00e1 baleado, n\u00e3o tem condi\u00e7\u00f5es t\u00e9cnicas, t\u00e1ticas e muito menos for\u00e7a extracampo para brigar por nenhum t\u00edtulo. Isto, porque, o time \u00e9 fraqu\u00edssimo, tirando uma meia d\u00fazia de esfor\u00e7ados, a diretoria \u00e9 incompetente, tirando Rodrigo Caetano (uma andorinha s\u00f3 n\u00e3o faz ver\u00e3o) e o treinador Adilson Batista \u00e9 retranqueiro. Aonde chegaremos? A lugar nenhum! Se fosse para n\u00e3o sair do lugar era melhor ter contratado como t\u00e9cnico do Vasco Rubens Barrichello. Pelo menos Rubinho \u00e9 um cara carism\u00e1tico. Se disputar o Campeonato Brasileiro assim, ainda que na S\u00e9rie B, vai fazer vergonha!<br \/>\n    Na pr\u00f3xima quinta-feira, dia 27, no Est\u00e1dio de Conselheiro Galv\u00e3o, o Vasco enfrentar\u00e1 o Madureira. N\u00e3o h\u00e1 outro resultado positivo que n\u00e3o seja a vit\u00f3ria. Precisamos somar mais tr\u00eas pontos. Se empatar ou for derrotado pelo Tricolor do Sub\u00farbio ser\u00e1 o fim. Douglas e seus companheiros n\u00e3o podem entrar em campo como havaianas, tampouco como fadinhas. A Caravela tem de ser ofensiva igual a um Barco Pirata. Douglas tem de ser um Sheriff. Mostrar que o Gigante quer apito, e se n\u00e3o der o pau vai comer. Sabemos que Madureira \u00e9 o ber\u00e7o carioca do samba, mas quem precisa dan\u00e7ar \u00e9 o Madureira Esporte Clube. <\/p>\n<p>\nAP\u00d3S AS TODAS AS PARTIDAS DO VASC\u00c3O EM MEU PERFIL DO FACEBOOK (QUEM QUISER RECEBER AS CR\u00d4NICAS DE PRIMEIRA M\u00c3O \u00c9 S\u00d3 ME ADICIONAR), E NOS SITES WEBVASCO (www.webvasco.com), E VASCA\u00cdNOS UNIDOS (www.vascainosunidos.com.br) TEM A OPINI\u00c3O DO JORNALISTA LUIZ CARLOS ROCHA. LEIAM! COMPARTILHEM E CURTAM! VASCA\u00cdNOS UNIDOS JAMAIS SER\u00c3O VENCIDOS.<\/p>\n","protected":false},"excerpt":{"rendered":"<p>As v\u00e9speras do carnaval o time da Cabofriense d\u00e1 um baile no Vasco da Gama,&#8230;<\/p>\n","protected":false},"author":7,"featured_media":58,"comment_status":"open","ping_status":"closed","sticky":false,"template":"","format":"standard","meta":{"footnotes":""},"categories":[4],"tags":[],"class_list":["post-806","post","type-post","status-publish","format-standard","has-post-thumbnail","hentry","category-luizcarlosrocha"],"_links":{"self":[{"href":"https:\/\/webvasco.com\/artigos\/wp-json\/wp\/v2\/posts\/806","targetHints":{"allow":["GET"]}}],"collection":[{"href":"https:\/\/webvasco.com\/artigos\/wp-json\/wp\/v2\/posts"}],"about":[{"href":"https:\/\/webvasco.com\/artigos\/wp-json\/wp\/v2\/types\/post"}],"author":[{"embeddable":true,"href":"https:\/\/webvasco.com\/artigos\/wp-json\/wp\/v2\/users\/7"}],"replies":[{"embeddable":true,"href":"https:\/\/webvasco.com\/artigos\/wp-json\/wp\/v2\/comments?post=806"}],"version-history":[{"count":0,"href":"https:\/\/webvasco.com\/artigos\/wp-json\/wp\/v2\/posts\/806\/revisions"}],"wp:featuredmedia":[{"embeddable":true,"href":"https:\/\/webvasco.com\/artigos\/wp-json\/wp\/v2\/media\/58"}],"wp:attachment":[{"href":"https:\/\/webvasco.com\/artigos\/wp-json\/wp\/v2\/media?parent=806"}],"wp:term":[{"taxonomy":"category","embeddable":true,"href":"https:\/\/webvasco.com\/artigos\/wp-json\/wp\/v2\/categories?post=806"},{"taxonomy":"post_tag","embeddable":true,"href":"https:\/\/webvasco.com\/artigos\/wp-json\/wp\/v2\/tags?post=806"}],"curies":[{"name":"wp","href":"https:\/\/api.w.org\/{rel}","templated":true}]}}