{"id":8067,"date":"2017-01-30T19:57:06","date_gmt":"2017-01-30T22:57:06","guid":{"rendered":"http:\/\/webvasco.com\/artigos\/?p=8067"},"modified":"2017-01-30T20:08:34","modified_gmt":"2017-01-30T23:08:34","slug":"presente-grego","status":"publish","type":"post","link":"https:\/\/webvasco.com\/artigos\/colunistas\/luizcarlosrocha\/presente-grego\/","title":{"rendered":"PRESENTE GREGO!"},"content":{"rendered":"<div>\n<div style=\"color:#000; background-color:#fff; font-family:HelveticaNeue-Light, Helvetica Neue Light, Helvetica Neue, Helvetica, Arial, Lucida Grande, sans-serif;font-size:32px\">\n<div style=\"text-align:justify\" id=\"yui_3_16_0_ym19_1_1485368473642_454192\"><span style=\"font-size:14.0pt;line-height:107%;font-family:&quot;Arial&quot;,sans-serif\" id=\"yui_3_16_0_ym19_1_1485368473642_454193\">&nbsp; &nbsp;&nbsp;&nbsp;&nbsp;Na  Mitologia Grega que revela-nos a mente humana e seus meandros multifacetados, &#8220;Presente  de Grego&#8221; significa d\u00e1diva ou oferta que traz preju\u00edzo ou aborrecimento a  quem a recebe. A \u201clembrancinha de Natal\u201d do Dout\u00f4 Eurico enfim chegou: Vexame,  dividido em 11 parcelas, ali\u00e1s 12, pois precisamos incluir o Estagi\u00e1rio nesta  l\u00e1stima!<o:p id=\"yui_3_16_0_ym19_1_1485368473642_454194\"><\/o:p><\/span><\/div>\n<div style=\"text-align:justify\" id=\"yui_3_16_0_ym19_1_1485368473642_454195\"><span style=\"font-size:14.0pt;line-height:107%;font-family:&quot;Arial&quot;,sans-serif\" id=\"yui_3_16_0_ym19_1_1485368473642_454196\">&nbsp;&nbsp;&nbsp; Depois da derrota para as Tricoletes,  ontem, no Est\u00e1dio Nilton Santos, em partida v\u00e1lida pelo Campeonato Carioca,  vers\u00e3o 2017, a velha m\u00e1xima que diz que um raio n\u00e3o cai no mesmo lugar duas  vezes caiu por terra (e mar)! O t\u00e9cnico (ser\u00e1?) Crist\u00f3v\u00e3o Borges conseguiu  perder para o Flor, por 3 a 0, gols de Wellington Silva, Henrique Dourado e  Marco J\u00fanior, sendo que a base cruzmaltina foi mantida e a advers\u00e1ria toda  nova. Teoricamente era para o Vasco vencer com facilidade. O estagi\u00e1rio jogou  fora uma invencibilidade de 23 partidas na competi\u00e7\u00e3o, pois o time de S\u00e3o  Janu\u00e1rio n\u00e3o sabia o que era perder desde 2015.<o:p id=\"yui_3_16_0_ym19_1_1485368473642_454197\"><\/o:p><\/span><\/div>\n<div style=\"text-align:justify\" id=\"yui_3_16_0_ym19_1_1485368473642_454198\"><span style=\"font-size:14.0pt;line-height:107%;font-family:&quot;Arial&quot;,sans-serif\" id=\"yui_3_16_0_ym19_1_1485368473642_454199\">&nbsp;&nbsp; &nbsp;Outra  m\u00e1xima foi relacionada ao Tricampeonato que o Gigante (An\u00e3o) da Colina tanto  almeja. Foram tr\u00eas gols, que significa que nem sempre um \u00e9 pouco, dois \u00e9 bom e  tr\u00eas \u00e9 demais! Demais foi ver Dom Charuto repatriar o Estagi\u00e1rio no comando da  equipe. Passou da hora do Vasco da Gama ser administrado por quem realmente tem  compet\u00eancia!<o:p id=\"yui_3_16_0_ym19_1_1485368473642_454200\"><\/o:p><\/span><\/div>\n<div style=\"text-align:justify\" id=\"yui_3_16_0_ym19_1_1485368473642_454201\"><span style=\"font-size:14.0pt;line-height:107%;font-family:&quot;Arial&quot;,sans-serif\" id=\"yui_3_16_0_ym19_1_1485368473642_454202\">&nbsp;&nbsp;&nbsp; O time vasca\u00edno era visivelmente dominado  por um advers\u00e1rio fraco. Logo, fomos mais fracos ainda. Defesa posicionada de  maneira errada, parecia uma avenida. Meio de campo ineficiente. E ataque de  nervos marcaram a estreia na competi\u00e7\u00e3o regional. Se no Carioca com equipes se  reestruturando e peleja equilibrada a vergonha se fez presente, imagina no  Brasileir\u00e3o, na qual o campeonato \u00e9 muito mais forte, com planteis preparados,  e, sobretudo, com investimentos consider\u00e1veis? \u00c9 bem poss\u00edvel que aconte\u00e7a um  quarto rebaixamento.<o:p id=\"yui_3_16_0_ym19_1_1485368473642_454203\"><\/o:p><\/span><\/div>\n<div style=\"text-align:justify\" id=\"yui_3_16_0_ym19_1_1485368473642_454204\"><span style=\"font-size:14.0pt;line-height:107%;font-family:&quot;Arial&quot;,sans-serif\" id=\"yui_3_16_0_ym19_1_1485368473642_454205\">&nbsp;&nbsp;&nbsp; E o tal do respeito? Acabou faz tempo n\u00e3o \u00e9  Dom Charuto? Eurico n\u00e3o d\u00e1 as cartas mais no Vasco e todo mundo sabe disso! Sua  palavra j\u00e1 n\u00e3o \u00e9 mais garantia de absolutamente nada. Com o forte calor carioca  (em m\u00e9dia 37\u00ba graus) \u00e9 uma boa op\u00e7\u00e3o passar uma temporada na Sib\u00e9ria! <o:p id=\"yui_3_16_0_ym19_1_1485368473642_454206\"><\/o:p><\/span><\/div>\n<div style=\"text-align:justify\" id=\"yui_3_16_0_ym19_1_1485368473642_454207\"><span style=\"font-size:14.0pt;line-height:107%;font-family:&quot;Arial&quot;,sans-serif\" id=\"yui_3_16_0_ym19_1_1485368473642_454208\">&nbsp;&nbsp;&nbsp; O pr\u00f3ximo desafio do Vasco ser\u00e1,  quinta-feira, dia 02 de fevereiro, no Est\u00e1dio de Mo\u00e7a Bonita, na Zona Oeste do  Rio de Janeiro, aonde disputar\u00e1 os tr\u00eas pontos contra a equipe do Bangu.<o:p id=\"yui_3_16_0_ym19_1_1485368473642_454209\"><\/o:p><\/span><\/div>\n<div style=\"text-align:justify\" id=\"yui_3_16_0_ym19_1_1485368473642_454210\"><span style=\"font-size:14.0pt;line-height:107%;font-family:&quot;Arial&quot;,sans-serif\" id=\"yui_3_16_0_ym19_1_1485368473642_454211\"><o:p id=\"yui_3_16_0_ym19_1_1485368473642_454212\">&nbsp;<\/o:p><\/span><\/div>\n<div style=\"text-align:justify\" id=\"yui_3_16_0_ym19_1_1485368473642_454213\"><span style=\"font-size:14.0pt;line-height:107%;font-family:&quot;Arial&quot;,sans-serif\" id=\"yui_3_16_0_ym19_1_1485368473642_454214\">&nbsp;<o:p id=\"yui_3_16_0_ym19_1_1485368473642_454215\"><\/o:p><\/span><\/div>\n<div style=\"text-align:justify\" id=\"yui_3_16_0_ym19_1_1485368473642_454216\"><span style=\"font-size:14.0pt;line-height:107%;font-family:&quot;Arial&quot;,sans-serif\" id=\"yui_3_16_0_ym19_1_1485368473642_454217\">&nbsp;<o:p id=\"yui_3_16_0_ym19_1_1485368473642_454218\"><\/o:p><\/span><\/div>\n<div style=\"text-align:justify\" id=\"yui_3_16_0_ym19_1_1485368473642_454219\"><b id=\"yui_3_16_0_ym19_1_1485368473642_454220\"><u id=\"yui_3_16_0_ym19_1_1485368473642_454221\"><span style=\"font-size:14.0pt;line-height:107%;font-family:&quot;Arial&quot;,sans-serif\" id=\"yui_3_16_0_ym19_1_1485368473642_454222\">PERPLEXO  COM O PODER JUDICI\u00c1RIO:<o:p id=\"yui_3_16_0_ym19_1_1485368473642_454223\"><\/o:p><\/span><\/u><\/b><\/div>\n<div style=\"text-align:justify\" id=\"yui_3_16_0_ym19_1_1485368473642_454224\"><span style=\"font-size:14.0pt;line-height:107%;font-family:&quot;Arial&quot;,sans-serif\" id=\"yui_3_16_0_ym19_1_1485368473642_454225\">DEPOIS DE AGUARDAR <b id=\"yui_3_16_0_ym19_1_1485368473642_454226\">43 MESES, OU SEJA, 3 ANOS E SETE MESES  (CARRO DESDE 10 DE JUNHO DE 2013)<\/b> COM O CARRO PRESO NA OFICINA DA ABOLI\u00c7\u00c3O  VE\u00cdCULOS COM APENAS 729 KM RODADOS, EM UM PROCESSO COM 6 VOLUMES, NA 1\u00aa VARA  CIVEL, DA COMARCA DE NITER\u00d3I\/RJ, REGIONAL OCE\u00c2NICA, A SENTEN\u00c7A FOI INDEFERIR  TODOS OS MEUS PEDIDOS E AINDA CONDENAR EM 10% DE CUSTAS JUDICIAIS. OU SEJA, FIQUEI  SEM CARRO ESSE TEMPO TODO (MESMO PAGANDO \u00c0 VISTA POR ELE), JUNTEI PROVAS COMO  REGISTRO DE OCORR\u00caNCIA DA POL\u00cdCIA CIVIL\/RJ, BOLETIM DE OCORR\u00caNCIA DA POLICIA  MILITAR\/RJ, ORDENS DE SERVI\u00c7O, MAIS DE 600 FOTOGRAFIAS, MAIS DE 40 \u00c1UDIOS,  NOTAS FISCAIS, NOTAS DE T\u00c1XI, PRONTU\u00c1RIOS M\u00c9DICOS, POIS NESTE PER\u00cdODO TIVE  PROBLEMAS DE SA\u00daDE, BEM COMO MEUS FAMILIARES, TENDO UMA FILHA QUE HOJE TEM  APENAS 5 ANOS, NA \u00c9POCA POUCO MAIS DE 1 ANINHO. VALE LEMBRAR, QUE OS PRIMEIROS  DEFEITOS SE DERAM QUANDO O CARRO TINHA MENOS DE 30 KM RODADOS. TUDO ISSO PARA  NADA. QUEM GOSTOU DO RESULTADO DA DOUTA MAGRISTRADA FORAM AS EMPRESAS R\u00c9S \u2013 QUE  ME LESARAM \u2013 ABOLI\u00c7\u00c3O VE\u00cdCULOS E VW DO BRASIL (PROCESSO: No  0016370-44.2013.8.19.0212).<o:p id=\"yui_3_16_0_ym19_1_1485368473642_454227\"><\/o:p><\/span><\/div>\n<div style=\"text-align:justify\" id=\"yui_3_16_0_ym19_1_1485368473642_454228\"><b id=\"yui_3_16_0_ym19_1_1485368473642_454229\"><span style=\"font-size:14.0pt;line-height:107%;font-family:&quot;Arial&quot;,sans-serif\" id=\"yui_3_16_0_ym19_1_1485368473642_454230\">&nbsp;<o:p id=\"yui_3_16_0_ym19_1_1485368473642_454231\"><\/o:p><\/span><\/b><\/div>\n<div style=\"text-align:justify\" id=\"yui_3_16_0_ym19_1_1485368473642_454232\"><b id=\"yui_3_16_0_ym19_1_1485368473642_454233\"><span style=\"font-size:14.0pt;line-height:107%;font-family:&quot;Arial&quot;,sans-serif\" id=\"yui_3_16_0_ym19_1_1485368473642_454234\">&nbsp;&nbsp;&nbsp;&nbsp;&nbsp;&nbsp;&nbsp;&nbsp;&nbsp;&nbsp;&nbsp;&nbsp;&nbsp;&nbsp; <o:p id=\"yui_3_16_0_ym19_1_1485368473642_454235\"><\/o:p><\/span><\/b><\/div>\n<div style=\"text-align:justify\" id=\"yui_3_16_0_ym19_1_1485368473642_454236\"><b id=\"yui_3_16_0_ym19_1_1485368473642_454237\"><span style=\"font-size:14.0pt;line-height:107%;font-family:&quot;Arial&quot;,sans-serif\" id=\"yui_3_16_0_ym19_1_1485368473642_454238\">&nbsp;&nbsp;&nbsp;&nbsp;&nbsp;&nbsp;&nbsp;&nbsp;&nbsp;&nbsp;&nbsp;&nbsp;&nbsp;&nbsp;&nbsp;&nbsp;&nbsp;&nbsp;&nbsp;&nbsp;&nbsp;&nbsp;&nbsp;&nbsp;&nbsp;&nbsp;&nbsp;&nbsp;&nbsp;&nbsp; <o:p id=\"yui_3_16_0_ym19_1_1485368473642_454239\"><\/o:p><\/span><\/b><\/div>\n<div id=\"yui_3_16_0_ym19_1_1485368473642_453965\">                                                        <\/div>\n<div style=\"text-align:justify\" dir=\"ltr\" id=\"yui_3_16_0_ym19_1_1485368473642_454240\"><b id=\"yui_3_16_0_ym19_1_1485368473642_454241\"><span style=\"font-size:14.0pt;line-height:107%;font-family:&quot;Arial&quot;,sans-serif\" id=\"yui_3_16_0_ym19_1_1485368473642_454242\">AP\u00d3S  AS TODAS AS PARTIDAS DO VASC\u00c3O EM MEU PERFIL DO FACEBOOK (QUEM QUISER RECEBER  AS CR\u00d4NICAS DE PRIMEIRA M\u00c3O \u00c9 S\u00d3 ME ADICIONAR), E NO SITE WEBVASCO  (<a href=\"http:\/\/www.webvasco.com\">www.webvasco.com<\/a>), TEM A OPINI\u00c3O DO JORNALISTA LUIZ CARLOS ROCHA. LEIAM!  COMPARTILHEM E CURTAM! VASCA\u00cdNOS UNIDOS JAMAIS SER\u00c3O VENCIDOS.<o:p id=\"yui_3_16_0_ym19_1_1485368473642_454243\"><\/o:p><\/span><\/b><\/div>\n<div id=\"yui_3_16_0_ym19_1_1485368473642_453965\"><span><br \/><\/span><\/div>\n<div id=\"yui_3_16_0_ym19_1_1485368473642_453965\"><span><br \/><\/span><\/div>\n<div id=\"yui_3_16_0_ym19_1_1485368473642_453965\"><span><br \/><\/span><\/div>\n<div><\/div>\n<div id=\"yui_3_16_0_ym19_1_1485368473642_453973\">&nbsp;<\/div>\n<div class=\"signature\" id=\"yui_3_16_0_ym19_1_1485368473642_453978\">\n<div id=\"RTEContent\">\n<div id=\"yui_3_16_0_ym19_1_1485368473642_453977\">\n<div id=\"yui_3_16_0_ym19_1_1485368473642_453976\">\n<div id=\"yui_3_16_0_ym19_1_1485368473642_453975\">\n<div align=\"center\" id=\"yui_3_16_0_ym19_1_1485368473642_453974\"><\/div>\n<\/div>\n<\/div>\n<\/div>\n<\/div>\n<\/div>\n<\/div>\n<\/div>\n<p><\/p>\n","protected":false},"excerpt":{"rendered":"<p>&nbsp; &nbsp;&nbsp;&nbsp;&nbsp;Na Mitologia Grega que revela-nos a mente humana e seus meandros multifacetados, &#8220;Presente de&#8230;<\/p>\n","protected":false},"author":7,"featured_media":0,"comment_status":"open","ping_status":"closed","sticky":false,"template":"","format":"standard","meta":{"footnotes":""},"categories":[4],"tags":[],"class_list":["post-8067","post","type-post","status-publish","format-standard","hentry","category-luizcarlosrocha"],"_links":{"self":[{"href":"https:\/\/webvasco.com\/artigos\/wp-json\/wp\/v2\/posts\/8067","targetHints":{"allow":["GET"]}}],"collection":[{"href":"https:\/\/webvasco.com\/artigos\/wp-json\/wp\/v2\/posts"}],"about":[{"href":"https:\/\/webvasco.com\/artigos\/wp-json\/wp\/v2\/types\/post"}],"author":[{"embeddable":true,"href":"https:\/\/webvasco.com\/artigos\/wp-json\/wp\/v2\/users\/7"}],"replies":[{"embeddable":true,"href":"https:\/\/webvasco.com\/artigos\/wp-json\/wp\/v2\/comments?post=8067"}],"version-history":[{"count":0,"href":"https:\/\/webvasco.com\/artigos\/wp-json\/wp\/v2\/posts\/8067\/revisions"}],"wp:attachment":[{"href":"https:\/\/webvasco.com\/artigos\/wp-json\/wp\/v2\/media?parent=8067"}],"wp:term":[{"taxonomy":"category","embeddable":true,"href":"https:\/\/webvasco.com\/artigos\/wp-json\/wp\/v2\/categories?post=8067"},{"taxonomy":"post_tag","embeddable":true,"href":"https:\/\/webvasco.com\/artigos\/wp-json\/wp\/v2\/tags?post=8067"}],"curies":[{"name":"wp","href":"https:\/\/api.w.org\/{rel}","templated":true}]}}