{"id":8068,"date":"2017-02-03T00:47:27","date_gmt":"2017-02-03T03:47:27","guid":{"rendered":"http:\/\/webvasco.com\/artigos\/?p=8068"},"modified":"2017-02-03T00:58:47","modified_gmt":"2017-02-03T03:58:47","slug":"em-dia-de-loco-eu-sou-feliz","status":"publish","type":"post","link":"https:\/\/webvasco.com\/artigos\/colunistas\/luizcarlosrocha\/em-dia-de-loco-eu-sou-feliz\/","title":{"rendered":"EM DIA DE LOCO, EU SOU FELIZ!"},"content":{"rendered":"<div>\n<div style=\"color:#000; background-color:#fff; font-family:HelveticaNeue-Light, Helvetica Neue Light, Helvetica Neue, Helvetica, Arial, Lucida Grande, sans-serif;font-size:32px\">\n<div style=\"text-align:justify\" id=\"yui_3_16_0_ym19_1_1485368473642_776129\"><span style=\"font-size:14.0pt;line-height:107%;font-family:&quot;Arial&quot;,sans-serif\" id=\"yui_3_16_0_ym19_1_1485368473642_776130\">\u201cDizem que sou louco por  pensar assim. Se eu sou muito louco por eu ser feliz. Mas louco \u00e9 quem me diz. E  n\u00e3o \u00e9 feliz, n\u00e3o \u00e9 feliz\u201d. A can\u00e7\u00e3o Balada do Louco, do cantor e compositor Ney  Matogrosso, retratou exatamente a tarde de ontem, no Est\u00e1dio de Mo\u00e7a Bonita, em  Bangu, Zona Oeste do Rio de Janeiro. Em partida v\u00e1lida pelo Campeonato Carioca,  a torcida banguense esperava fazer a festa, mas quem comemorou mesmo foi a  massa cruzmaltina. Agora o time da Colina j\u00e1 \u00e9 vice-l\u00edder da Chave C, com  apenas uma vit\u00f3ria a menos do que o l\u00edder.<o:p id=\"yui_3_16_0_ym19_1_1485368473642_776131\"><\/o:p><\/span><\/div>\n<div style=\"text-align:justify\" id=\"yui_3_16_0_ym19_1_1485368473642_776132\"><span style=\"font-size:14.0pt;line-height:107%;font-family:&quot;Arial&quot;,sans-serif\" id=\"yui_3_16_0_ym19_1_1485368473642_776133\">&nbsp;&nbsp;&nbsp; O atacante Loco Abreu \u2013 velho conhecido dos  torcedores do Rio \u2013 precisavam de apenas um gol para comemorar os 400 da  carreira. Tentou no p\u00eanalti defendido por Jordi. Depois, de cabe\u00e7a marcou. Era  o empate do Bangu, uma vez, que Guilherme Costa havia inaugurado o placar. Mas  Thalles fez o gol da virada e Nen\u00ea fechou a conta com um gola\u00e7o ol\u00edmpico.  Resultado: 3 a 1 Vasc\u00e3o!<o:p id=\"yui_3_16_0_ym19_1_1485368473642_776134\"><\/o:p><\/span><\/div>\n<div style=\"text-align:justify\" id=\"yui_3_16_0_ym19_1_1485368473642_776135\"><span style=\"font-size:14.0pt;line-height:107%;font-family:&quot;Arial&quot;,sans-serif\" id=\"yui_3_16_0_ym19_1_1485368473642_776136\">&nbsp;&nbsp;&nbsp; Perder na estreia para o Fluminense, e j\u00e1  na segunda rodada mostrar a for\u00e7a de um Gigante, tamb\u00e9m foi previsto pelo artista  brasileiro: \u201cEu juro que \u00e9 melhor. N\u00e3o ser o normal. Se eu posso pensar que  Deus sou eu\u201d. <o:p id=\"yui_3_16_0_ym19_1_1485368473642_776137\"><\/o:p><\/span><\/div>\n<div style=\"text-align:justify\" id=\"yui_3_16_0_ym19_1_1485368473642_776138\"><span style=\"font-size:14.0pt;line-height:107%;font-family:&quot;Arial&quot;,sans-serif\" id=\"yui_3_16_0_ym19_1_1485368473642_776139\">&nbsp;&nbsp;&nbsp; Mesmo com as trapalhadas do treinador Crist\u00f3v\u00e3o  Borges, o estagi\u00e1rio, o Vasco da Gama segue firme no prop\u00f3sito do  Tricampeonato. O pr\u00f3ximo desafio ser\u00e1 domingo, dia 05 de fevereiro, diante do  Resende, em S\u00e3o Janu\u00e1rio. <o:p id=\"yui_3_16_0_ym19_1_1485368473642_776140\"><\/o:p><\/span><\/div>\n<div style=\"text-align:justify\" id=\"yui_3_16_0_ym19_1_1485368473642_776141\"><span style=\"font-size:14.0pt;line-height:107%;font-family:&quot;Arial&quot;,sans-serif\" id=\"yui_3_16_0_ym19_1_1485368473642_776142\"><o:p id=\"yui_3_16_0_ym19_1_1485368473642_776143\">&nbsp;<\/o:p><\/span><\/div>\n<div style=\"text-align:justify\" id=\"yui_3_16_0_ym19_1_1485368473642_776144\"><span style=\"font-size:14.0pt;line-height:107%;font-family:&quot;Arial&quot;,sans-serif\" id=\"yui_3_16_0_ym19_1_1485368473642_776145\">&nbsp;<o:p id=\"yui_3_16_0_ym19_1_1485368473642_776146\"><\/o:p><\/span><\/div>\n<div style=\"text-align:justify\" id=\"yui_3_16_0_ym19_1_1485368473642_776147\"><b id=\"yui_3_16_0_ym19_1_1485368473642_776148\"><u id=\"yui_3_16_0_ym19_1_1485368473642_776149\"><span style=\"font-size:14.0pt;line-height:107%;font-family:&quot;Arial&quot;,sans-serif\" id=\"yui_3_16_0_ym19_1_1485368473642_776150\">PERPLEXO  COM O PODER JUDICI\u00c1RIO:<o:p id=\"yui_3_16_0_ym19_1_1485368473642_776151\"><\/o:p><\/span><\/u><\/b><\/div>\n<div style=\"text-align:justify\" id=\"yui_3_16_0_ym19_1_1485368473642_776152\"><span style=\"font-size:14.0pt;line-height:107%;font-family:&quot;Arial&quot;,sans-serif\" id=\"yui_3_16_0_ym19_1_1485368473642_776153\">DEPOIS DE AGUARDAR <b id=\"yui_3_16_0_ym19_1_1485368473642_776154\">43 MESES, OU SEJA, 3 ANOS E SETE MESES  (CARRO DESDE 10 DE JUNHO DE 2013)<\/b> COM O CARRO PRESO NA OFICINA DA ABOLI\u00c7\u00c3O  VE\u00cdCULOS COM APENAS 729 KM RODADOS, EM UM PROCESSO COM 6 VOLUMES, NA 1\u00aa VARA  CIVEL, DA COMARCA DE NITER\u00d3I\/RJ, REGIONAL OCE\u00c2NICA, A SENTEN\u00c7A FOI INDEFERIR  TODOS OS MEUS PEDIDOS E AINDA CONDENAR EM 10% DE CUSTAS JUDICIAIS. OU SEJA,  FIQUEI SEM CARRO ESSE TEMPO TODO (MESMO PAGANDO \u00c0 VISTA POR ELE), JUNTEI PROVAS  COMO REGISTRO DE OCORR\u00caNCIA DA POL\u00cdCIA CIVIL\/RJ, BOLETIM DE OCORR\u00caNCIA DA  POLICIA MILITAR\/RJ, ORDENS DE SERVI\u00c7O, MAIS DE 600 FOTOGRAFIAS, MAIS DE 40  \u00c1UDIOS, NOTAS FISCAIS, NOTAS DE T\u00c1XI, PRONTU\u00c1RIOS M\u00c9DICOS, POIS NESTE PER\u00cdODO  TIVE PROBLEMAS DE SA\u00daDE, BEM COMO MEUS FAMILIARES, TENDO UMA FILHA QUE HOJE TEM  APENAS 5 ANOS, NA \u00c9POCA POUCO MAIS DE 1 ANINHO. VALE LEMBRAR, QUE OS PRIMEIROS  DEFEITOS SE DERAM QUANDO O CARRO TINHA MENOS DE 30 KM RODADOS. TUDO ISSO PARA  NADA. QUEM GOSTOU DO RESULTADO DA DOUTA MAGRISTRADA FORAM AS EMPRESAS R\u00c9S \u2013 QUE  ME LESARAM \u2013 ABOLI\u00c7\u00c3O VE\u00cdCULOS E VW DO BRASIL (PROCESSO: No  0016370-44.2013.8.19.0212).<o:p id=\"yui_3_16_0_ym19_1_1485368473642_776155\"><\/o:p><\/span><\/div>\n<div style=\"text-align:justify\" id=\"yui_3_16_0_ym19_1_1485368473642_776156\"><b id=\"yui_3_16_0_ym19_1_1485368473642_776157\"><span style=\"font-size:14.0pt;line-height:107%;font-family:&quot;Arial&quot;,sans-serif\" id=\"yui_3_16_0_ym19_1_1485368473642_776158\">&nbsp;<o:p id=\"yui_3_16_0_ym19_1_1485368473642_776159\"><\/o:p><\/span><\/b><\/div>\n<div style=\"text-align:justify\" id=\"yui_3_16_0_ym19_1_1485368473642_776160\"><b id=\"yui_3_16_0_ym19_1_1485368473642_776161\"><span style=\"font-size:14.0pt;line-height:107%;font-family:&quot;Arial&quot;,sans-serif\" id=\"yui_3_16_0_ym19_1_1485368473642_776162\">&nbsp;&nbsp;&nbsp;&nbsp;&nbsp;&nbsp;&nbsp;&nbsp;&nbsp;&nbsp;&nbsp;&nbsp;&nbsp;&nbsp; <o:p id=\"yui_3_16_0_ym19_1_1485368473642_776163\"><\/o:p><\/span><\/b><\/div>\n<div style=\"text-align:justify\" id=\"yui_3_16_0_ym19_1_1485368473642_776164\"><b id=\"yui_3_16_0_ym19_1_1485368473642_776165\"><span style=\"font-size:14.0pt;line-height:107%;font-family:&quot;Arial&quot;,sans-serif\" id=\"yui_3_16_0_ym19_1_1485368473642_776166\">&nbsp;&nbsp;&nbsp;&nbsp;&nbsp;&nbsp;&nbsp;&nbsp;&nbsp;&nbsp;&nbsp;&nbsp;&nbsp;&nbsp;&nbsp;&nbsp;&nbsp;&nbsp;&nbsp;&nbsp;&nbsp; &nbsp;&nbsp;&nbsp;&nbsp;&nbsp;&nbsp;&nbsp;&nbsp;&nbsp;<o:p id=\"yui_3_16_0_ym19_1_1485368473642_776167\"><\/o:p><\/span><\/b><\/div>\n<div id=\"yui_3_16_0_ym19_1_1485368473642_775877\">                                            <\/div>\n<div style=\"text-align:justify\" dir=\"ltr\" id=\"yui_3_16_0_ym19_1_1485368473642_776168\"><b id=\"yui_3_16_0_ym19_1_1485368473642_776169\"><span style=\"font-size:14.0pt;line-height:107%;font-family:&quot;Arial&quot;,sans-serif\" id=\"yui_3_16_0_ym19_1_1485368473642_776170\">AP\u00d3S  AS TODAS AS PARTIDAS DO VASC\u00c3O EM MEU PERFIL DO FACEBOOK (QUEM QUISER RECEBER  AS CR\u00d4NICAS DE PRIMEIRA M\u00c3O \u00c9 S\u00d3 ME ADICIONAR), E NO SITE WEBVASCO  (<a href=\"http:\/\/www.webvasco.com\">www.webvasco.com<\/a>), TEM A OPINI\u00c3O DO JORNALISTA LUIZ CARLOS ROCHA. LEIAM!  COMPARTILHEM E CURTAM! VASCA\u00cdNOS UNIDOS JAMAIS SER\u00c3O VENCIDOS.<o:p id=\"yui_3_16_0_ym19_1_1485368473642_776171\"><\/o:p><\/span><\/b><\/div>\n<div id=\"yui_3_16_0_ym19_1_1485368473642_775877\"><span><br \/><\/span><\/div>\n<div id=\"yui_3_16_0_ym19_1_1485368473642_775877\"><span><br \/><\/span><\/div>\n<div id=\"yui_3_16_0_ym19_1_1485368473642_775877\"><span><br \/><\/span><\/div>\n<div id=\"yui_3_16_0_ym19_1_1485368473642_775877\"><span><br \/><\/span><\/div>\n<div><\/div>\n<div id=\"yui_3_16_0_ym19_1_1485368473642_775921\">&nbsp;<\/div>\n<div class=\"signature\" id=\"yui_3_16_0_ym19_1_1485368473642_775929\">\n<div id=\"RTEContent\">\n<div id=\"yui_3_16_0_ym19_1_1485368473642_775928\">\n<div id=\"yui_3_16_0_ym19_1_1485368473642_775927\">\n<div id=\"yui_3_16_0_ym19_1_1485368473642_775926\">\n<div align=\"center\" id=\"yui_3_16_0_ym19_1_1485368473642_775925\"><\/div>\n<\/div>\n<\/div>\n<\/div>\n<\/div>\n<\/div>\n<\/div>\n<\/div>\n<p><\/p>\n","protected":false},"excerpt":{"rendered":"<p>\u201cDizem que sou louco por pensar assim. Se eu sou muito louco por eu ser&#8230;<\/p>\n","protected":false},"author":7,"featured_media":0,"comment_status":"open","ping_status":"closed","sticky":false,"template":"","format":"standard","meta":{"footnotes":""},"categories":[4],"tags":[],"class_list":["post-8068","post","type-post","status-publish","format-standard","hentry","category-luizcarlosrocha"],"_links":{"self":[{"href":"https:\/\/webvasco.com\/artigos\/wp-json\/wp\/v2\/posts\/8068","targetHints":{"allow":["GET"]}}],"collection":[{"href":"https:\/\/webvasco.com\/artigos\/wp-json\/wp\/v2\/posts"}],"about":[{"href":"https:\/\/webvasco.com\/artigos\/wp-json\/wp\/v2\/types\/post"}],"author":[{"embeddable":true,"href":"https:\/\/webvasco.com\/artigos\/wp-json\/wp\/v2\/users\/7"}],"replies":[{"embeddable":true,"href":"https:\/\/webvasco.com\/artigos\/wp-json\/wp\/v2\/comments?post=8068"}],"version-history":[{"count":0,"href":"https:\/\/webvasco.com\/artigos\/wp-json\/wp\/v2\/posts\/8068\/revisions"}],"wp:attachment":[{"href":"https:\/\/webvasco.com\/artigos\/wp-json\/wp\/v2\/media?parent=8068"}],"wp:term":[{"taxonomy":"category","embeddable":true,"href":"https:\/\/webvasco.com\/artigos\/wp-json\/wp\/v2\/categories?post=8068"},{"taxonomy":"post_tag","embeddable":true,"href":"https:\/\/webvasco.com\/artigos\/wp-json\/wp\/v2\/tags?post=8068"}],"curies":[{"name":"wp","href":"https:\/\/api.w.org\/{rel}","templated":true}]}}