{"id":8069,"date":"2017-02-05T22:52:49","date_gmt":"2017-02-06T01:52:49","guid":{"rendered":"http:\/\/webvasco.com\/artigos\/?p=8069"},"modified":"2017-02-05T22:58:03","modified_gmt":"2017-02-06T01:58:03","slug":"quem-ri-por-ltimo-ri-melhor","status":"publish","type":"post","link":"https:\/\/webvasco.com\/artigos\/colunistas\/luizcarlosrocha\/quem-ri-por-ltimo-ri-melhor\/","title":{"rendered":"QUEM RI POR &Uacute;LTIMO RI MELHOR!"},"content":{"rendered":"<div>\n<div style=\"color:#000; background-color:#fff; font-family:HelveticaNeue-Light, Helvetica Neue Light, Helvetica Neue, Helvetica, Arial, Lucida Grande, sans-serif;font-size:32px\">\n<div style=\"text-align:justify\" id=\"yui_3_16_0_ym19_1_1486230931446_104885\"><span style=\"font-size:14.0pt;line-height:107%;font-family:&quot;Arial&quot;,sans-serif\" id=\"yui_3_16_0_ym19_1_1486230931446_104886\">&nbsp;O Vasco recebeu hoje, em S\u00e3o Janu\u00e1rio, o  Resende, em partida v\u00e1lida pela 3\u00aa Rodada, do Campeonato Carioca. O visitante  foi ousado e abriu o placar com Kiros, mas o Cruzmaltino n\u00e3o \u00e9 chamado de  Gigante da Colina por acaso e com gols de Escudero e Thalles virou o jogo e  venceu por 2 a 1, garantindo mais tr\u00eas pontos (agora 6) na tabela de  classifica\u00e7\u00e3o.<o:p id=\"yui_3_16_0_ym19_1_1486230931446_104887\"><\/o:p><\/span><\/div>\n<div style=\"text-align:justify\" id=\"yui_3_16_0_ym19_1_1486230931446_104888\"><span style=\"font-size:14.0pt;line-height:107%;font-family:&quot;Arial&quot;,sans-serif\" id=\"yui_3_16_0_ym19_1_1486230931446_104889\">&nbsp;&nbsp;&nbsp; Outrora a velha m\u00e1xima expressava: \u201cO Vasco  \u00e9 o time da virada, \u00e9 o time do amor\u201d. A equipe Sul Fluminense ficou toda  alegrinha ao inaugurar o placar. Mas a for\u00e7a da Imensa Torcida Bem Feliz  empurrou o elenco vasca\u00edno, que riu por \u00faltimo, e com certeza, riu melhor!<o:p id=\"yui_3_16_0_ym19_1_1486230931446_104890\"><\/o:p><\/span><\/div>\n<div style=\"text-align:justify\" id=\"yui_3_16_0_ym19_1_1486230931446_104891\"><span style=\"font-size:14.0pt;line-height:107%;font-family:&quot;Arial&quot;,sans-serif\" id=\"yui_3_16_0_ym19_1_1486230931446_104892\">&nbsp;&nbsp;&nbsp; Embora o treinador (estagi\u00e1rio) Crist\u00f3v\u00e3o  Borges tenha escalado errado, no esquema 4-2-3-1, o advers\u00e1rio era fraco e o  Vasco da Gama conseguiu superar as barbaridades do \u201cprofessor\u201d. Outro erro  cabal \u00e9 escalar Rodrigo como titular. No m\u00e1ximo reserva lhe caberia melhor. <o:p id=\"yui_3_16_0_ym19_1_1486230931446_104893\"><\/o:p><\/span><\/div>\n<div style=\"text-align:justify\" id=\"yui_3_16_0_ym19_1_1486230931446_104894\"><span style=\"font-size:14.0pt;line-height:107%;font-family:&quot;Arial&quot;,sans-serif\" id=\"yui_3_16_0_ym19_1_1486230931446_104895\">&nbsp;&nbsp;&nbsp; O meia atacante Evander jogar como  cabe\u00e7a-de-\u00e1rea \u00e9 um absurdo futebol\u00edstico. At\u00e9 porque, nas categorias de base  ele atuava bem na sua posi\u00e7\u00e3o de origem, tendo inclusive destaque. A\u00ed vem um  sujeito que n\u00e3o entende de futebol e define errado a fun\u00e7\u00e3o do atleta.<o:p id=\"yui_3_16_0_ym19_1_1486230931446_104896\"><\/o:p><\/span><\/div>\n<div style=\"text-align:justify\" id=\"yui_3_16_0_ym19_1_1486230931446_104897\"><span style=\"font-size:14.0pt;line-height:107%;font-family:&quot;Arial&quot;,sans-serif\" id=\"yui_3_16_0_ym19_1_1486230931446_104898\">&nbsp;&nbsp;&nbsp; Me parece que os presentes de Natal \u2013  atrasado &#8211; de Dom Charuto s\u00e3o meras lembrancinhas, ou presentes de grego. Tudo  presente de mentira. Igual a produto paraguaio. N\u00e3o h\u00e1 do que se espantar.  Afinal, o comando do Vasco est\u00e1 igual a um certo comercial de shampoo dos anos  80, no que tange ao comando. O Presidente de fato parece um cartola, mas n\u00e3o \u00e9.  Sendo assim, o presidente de direito est\u00e1 cada vez mais desprestigiado. <o:p id=\"yui_3_16_0_ym19_1_1486230931446_104899\"><\/o:p><\/span><\/div>\n<div style=\"text-align:justify\" id=\"yui_3_16_0_ym19_1_1486230931446_104900\"><span style=\"font-size:14.0pt;line-height:107%;font-family:&quot;Arial&quot;,sans-serif\" id=\"yui_3_16_0_ym19_1_1486230931446_104901\">&nbsp;&nbsp;&nbsp; Domingo, dia 12 de fevereiro, o Mach\u00e3o da  Gama ir\u00e1 at\u00e9 a Cidade do A\u00e7o, encarar o Volta Redonda, no Est\u00e1dio Raulino de  Oliveira. Quem sabe na pr\u00f3xima rodada os torcedores compare\u00e7am em maior n\u00famero,  pois apenas 5.520 presentes, sendo 4.734 pagantes testemunharam a vit\u00f3ria  mai\u00fascula com V de Vasc\u00e3o!<o:p id=\"yui_3_16_0_ym19_1_1486230931446_104902\"><\/o:p><\/span><\/div>\n<div style=\"text-align:justify\" id=\"yui_3_16_0_ym19_1_1486230931446_104903\"><span style=\"font-size:14.0pt;line-height:107%;font-family:&quot;Arial&quot;,sans-serif\" id=\"yui_3_16_0_ym19_1_1486230931446_104904\"><o:p id=\"yui_3_16_0_ym19_1_1486230931446_104905\">&nbsp;<\/o:p><\/span><\/div>\n<div style=\"text-align:justify\" id=\"yui_3_16_0_ym19_1_1486230931446_104906\"><b id=\"yui_3_16_0_ym19_1_1486230931446_104907\"><u id=\"yui_3_16_0_ym19_1_1486230931446_104908\"><span style=\"font-size:14.0pt;line-height:107%;font-family:&quot;Arial&quot;,sans-serif\" id=\"yui_3_16_0_ym19_1_1486230931446_104909\">PERPLEXO  COM O PODER JUDICI\u00c1RIO:<o:p id=\"yui_3_16_0_ym19_1_1486230931446_104910\"><\/o:p><\/span><\/u><\/b><\/div>\n<div style=\"text-align:justify\" id=\"yui_3_16_0_ym19_1_1486230931446_104911\"><span style=\"font-size:14.0pt;line-height:107%;font-family:&quot;Arial&quot;,sans-serif\" id=\"yui_3_16_0_ym19_1_1486230931446_104912\">DEPOIS DE AGUARDAR <b id=\"yui_3_16_0_ym19_1_1486230931446_104913\">43 MESES, OU SEJA, 3 ANOS E SETE MESES  (CARRO DESDE 10 DE JUNHO DE 2013)<\/b> COM O CARRO PRESO NA OFICINA DA ABOLI\u00c7\u00c3O  VE\u00cdCULOS COM APENAS 729 KM RODADOS, EM UM PROCESSO COM 6 VOLUMES, NA 1\u00aa VARA  CIVEL, DA COMARCA DE NITER\u00d3I\/RJ, REGIONAL OCE\u00c2NICA, A SENTEN\u00c7A FOI INDEFERIR  TODOS OS MEUS PEDIDOS E AINDA CONDENAR EM 10% DE CUSTAS JUDICIAIS. OU SEJA,  FIQUEI SEM CARRO ESSE TEMPO TODO (MESMO PAGANDO \u00c0 VISTA POR ELE), JUNTEI PROVAS  COMO REGISTRO DE OCORR\u00caNCIA DA POL\u00cdCIA CIVIL\/RJ, BOLETIM DE OCORR\u00caNCIA DA  POLICIA MILITAR\/RJ, ORDENS DE SERVI\u00c7O, MAIS DE 600 FOTOGRAFIAS, MAIS DE 40  \u00c1UDIOS, NOTAS FISCAIS, NOTAS DE T\u00c1XI, PRONTU\u00c1RIOS M\u00c9DICOS, POIS NESTE PER\u00cdODO  TIVE PROBLEMAS DE SA\u00daDE, BEM COMO MEUS FAMILIARES, TENDO UMA FILHA QUE HOJE TEM  APENAS 5 ANOS, NA \u00c9POCA POUCO MAIS DE 1 ANINHO. VALE LEMBRAR, QUE OS PRIMEIROS  DEFEITOS SE DERAM QUANDO O CARRO TINHA MENOS DE 30 KM RODADOS. TUDO ISSO PARA  NADA. QUEM GOSTOU DO RESULTADO DA DOUTA MAGRISTRADA FORAM AS EMPRESAS R\u00c9S \u2013 QUE  ME LESARAM \u2013 ABOLI\u00c7\u00c3O VE\u00cdCULOS E VW DO BRASIL (PROCESSO: No  0016370-44.2013.8.19.0212).<o:p id=\"yui_3_16_0_ym19_1_1486230931446_104914\"><\/o:p><\/span><\/div>\n<div style=\"text-align:justify\" id=\"yui_3_16_0_ym19_1_1486230931446_104915\"><b id=\"yui_3_16_0_ym19_1_1486230931446_104916\"><span style=\"font-size:14.0pt;line-height:107%;font-family:&quot;Arial&quot;,sans-serif\" id=\"yui_3_16_0_ym19_1_1486230931446_104917\">&nbsp;<o:p id=\"yui_3_16_0_ym19_1_1486230931446_104918\"><\/o:p><\/span><\/b><\/div>\n<div style=\"text-align:justify\" id=\"yui_3_16_0_ym19_1_1486230931446_104919\"><b id=\"yui_3_16_0_ym19_1_1486230931446_104920\"><span style=\"font-size:14.0pt;line-height:107%;font-family:&quot;Arial&quot;,sans-serif\" id=\"yui_3_16_0_ym19_1_1486230931446_104921\">&nbsp;&nbsp;&nbsp;&nbsp;&nbsp;&nbsp;&nbsp;&nbsp;&nbsp;&nbsp;&nbsp;&nbsp;&nbsp;&nbsp; <o:p id=\"yui_3_16_0_ym19_1_1486230931446_104922\"><\/o:p><\/span><\/b><\/div>\n<div style=\"text-align:justify\" id=\"yui_3_16_0_ym19_1_1486230931446_104923\"><b id=\"yui_3_16_0_ym19_1_1486230931446_104924\"><span style=\"font-size:14.0pt;line-height:107%;font-family:&quot;Arial&quot;,sans-serif\" id=\"yui_3_16_0_ym19_1_1486230931446_104925\">&nbsp;&nbsp;&nbsp;&nbsp;&nbsp;&nbsp;&nbsp;&nbsp;&nbsp;&nbsp;&nbsp;&nbsp;&nbsp;&nbsp;&nbsp;&nbsp;&nbsp;&nbsp;&nbsp;&nbsp;&nbsp;&nbsp;&nbsp;&nbsp;&nbsp;&nbsp;&nbsp;&nbsp;&nbsp;&nbsp; <o:p id=\"yui_3_16_0_ym19_1_1486230931446_104926\"><\/o:p><\/span><\/b><\/div>\n<div id=\"yui_3_16_0_ym19_1_1486230931446_104666\">                                                <\/div>\n<div style=\"text-align:justify\" dir=\"ltr\" id=\"yui_3_16_0_ym19_1_1486230931446_104927\"><b id=\"yui_3_16_0_ym19_1_1486230931446_104928\"><span style=\"font-size:14.0pt;line-height:107%;font-family:&quot;Arial&quot;,sans-serif\" id=\"yui_3_16_0_ym19_1_1486230931446_104929\">AP\u00d3S  AS TODAS AS PARTIDAS DO VASC\u00c3O EM MEU PERFIL DO FACEBOOK (QUEM QUISER RECEBER  AS CR\u00d4NICAS DE PRIMEIRA M\u00c3O \u00c9 S\u00d3 ME ADICIONAR), E NO SITE WEBVASCO (<a href=\"http:\/\/www.webvasco.com\">www.webvasco.com<\/a>),  TEM A OPINI\u00c3O DO JORNALISTA LUIZ CARLOS ROCHA. LEIAM! COMPARTILHEM E CURTAM!  VASCA\u00cdNOS UNIDOS JAMAIS SER\u00c3O VENCIDOS.<o:p id=\"yui_3_16_0_ym19_1_1486230931446_104930\"><\/o:p><\/span><\/b><\/div>\n<div id=\"yui_3_16_0_ym19_1_1486230931446_104666\"><span><br \/><\/span><\/div>\n<div id=\"yui_3_16_0_ym19_1_1486230931446_104666\"><span><br \/><\/span><\/div>\n<div id=\"yui_3_16_0_ym19_1_1486230931446_104666\"><span><br \/><\/span><\/div>\n<div><\/div>\n<div id=\"yui_3_16_0_ym19_1_1486230931446_104667\">&nbsp;<\/div>\n<div class=\"signature\" id=\"yui_3_16_0_ym19_1_1486230931446_104672\">\n<div id=\"RTEContent\">\n<div id=\"yui_3_16_0_ym19_1_1486230931446_104671\">\n<div id=\"yui_3_16_0_ym19_1_1486230931446_104670\">\n<div id=\"yui_3_16_0_ym19_1_1486230931446_104669\">\n<div align=\"center\" id=\"yui_3_16_0_ym19_1_1486230931446_104668\"><\/div>\n<\/div>\n<\/div>\n<\/div>\n<\/div>\n<\/div>\n<\/div>\n<\/div>\n<p><\/p>\n","protected":false},"excerpt":{"rendered":"<p>&nbsp;O Vasco recebeu hoje, em S\u00e3o Janu\u00e1rio, o Resende, em partida v\u00e1lida pela 3\u00aa Rodada,&#8230;<\/p>\n","protected":false},"author":7,"featured_media":0,"comment_status":"open","ping_status":"closed","sticky":false,"template":"","format":"standard","meta":{"footnotes":""},"categories":[4],"tags":[],"class_list":["post-8069","post","type-post","status-publish","format-standard","hentry","category-luizcarlosrocha"],"_links":{"self":[{"href":"https:\/\/webvasco.com\/artigos\/wp-json\/wp\/v2\/posts\/8069","targetHints":{"allow":["GET"]}}],"collection":[{"href":"https:\/\/webvasco.com\/artigos\/wp-json\/wp\/v2\/posts"}],"about":[{"href":"https:\/\/webvasco.com\/artigos\/wp-json\/wp\/v2\/types\/post"}],"author":[{"embeddable":true,"href":"https:\/\/webvasco.com\/artigos\/wp-json\/wp\/v2\/users\/7"}],"replies":[{"embeddable":true,"href":"https:\/\/webvasco.com\/artigos\/wp-json\/wp\/v2\/comments?post=8069"}],"version-history":[{"count":0,"href":"https:\/\/webvasco.com\/artigos\/wp-json\/wp\/v2\/posts\/8069\/revisions"}],"wp:attachment":[{"href":"https:\/\/webvasco.com\/artigos\/wp-json\/wp\/v2\/media?parent=8069"}],"wp:term":[{"taxonomy":"category","embeddable":true,"href":"https:\/\/webvasco.com\/artigos\/wp-json\/wp\/v2\/categories?post=8069"},{"taxonomy":"post_tag","embeddable":true,"href":"https:\/\/webvasco.com\/artigos\/wp-json\/wp\/v2\/tags?post=8069"}],"curies":[{"name":"wp","href":"https:\/\/api.w.org\/{rel}","templated":true}]}}