{"id":807,"date":"2014-02-26T15:52:05","date_gmt":"2014-02-26T18:52:05","guid":{"rendered":"http:\/\/webvasco.com\/artigos\/?p=807"},"modified":"2014-02-26T15:55:01","modified_gmt":"2014-02-26T18:55:01","slug":"o-problema-da-falta-de-identidade","status":"publish","type":"post","link":"https:\/\/webvasco.com\/artigos\/colunistas\/o-problema-da-falta-de-identidade\/","title":{"rendered":"O problema da (falta de) identidade"},"content":{"rendered":"<div dir=\"ltr\">\n<div class=\"\" style=\"margin:0px;padding:0px;border:0px;outline:0px;font-size:15px;vertical-align:baseline;color:rgb(51,51,51)\">\n<p style=\"margin:0px 0px 10px;padding:0px;border:0px;outline:0px;vertical-align:baseline;line-height:21px\">\nSegundo levantamento feito pelo site <a href=\"http:\/\/Futdados.com.br\">Futdados.com.br<\/a>, o Vasco \u00e9 o clube considerado grande que mais perdeu para os &ldquo;pequenos&rdquo; nas cinco \u00faltimas edi\u00e7\u00f5es do fracassado campeonato carioca. N\u00e3o s\u00f3 fracassado por suas rendas e p\u00fablicos produzidos nos est\u00e1dios, como tamb\u00e9m falido tecnicamente e moralmente, tendo em vista esse \u00faltimo fato constatado segundo informa\u00e7\u00f5es apresentadas em meu \u00faltimo texto, na semana passada.<\/p>\n<p><\/p>\n<p style=\"margin:0px 0px 10px;padding:0px;border:0px;outline:0px;vertical-align:baseline;line-height:21px\">Tratar tais n\u00fameros como sinais do &ldquo;apocalipse vasca\u00edno&rdquo; \u00e9 pregar o caos e se valer de uma pr\u00e1tica muito comum nas horas dif\u00edceis, que \u00e9 o oportunismo levado pelo sentimento de tristeza (ou n\u00e3o, para alguns) e pelo des\u00e2nimo frente ao p\u00e9ssimo legado que vai deixar a gest\u00e3o Roberto para seu sucessor. No entanto, ignor\u00e1-los tamb\u00e9m n\u00e3o \u00e9 o correto, pois na frieza dos n\u00fameros algumas constata\u00e7\u00f5es merecem um tempo maior para reflex\u00e3o.<\/p>\n<p><\/p>\n<p style=\"margin:0px 0px 10px;padding:0px;border:0px;outline:0px;vertical-align:baseline;line-height:21px\">O Vasco perdeu mais uma vez, e em seu est\u00e1dio, para um clube considerado &ldquo;pequeno&ldquo;. Se n\u00e3o houvesse o &ldquo;mais uma vez&rdquo; nessa frase, n\u00e3o ter\u00edamos o porqu\u00ea de tanto alarde. Seria uma derrota, at\u00e9 certo ponto compreens\u00edvel, para um clube considerado pequeno pelo seu investimento, mas que faz uma campanha de clube grande nesse certame e muito bem dirigido por seu t\u00e9cnico. Tal como em certa ocasi\u00e3o, em S\u00e3o Janu\u00e1rio mesmo, pelo mesmo campeonato em 2000 e pelo mesmo placar, quando o Vasco tinha um time excepcional e perdeu para o Am\u00e9rica (hoje, na segundona carioca).<\/p>\n<p><\/p>\n<p style=\"margin:0px 0px 10px;padding:0px;border:0px;outline:0px;vertical-align:baseline;line-height:21px\">O problema \u00e9 o costume, e sobre isso \u00e9 de estarrecer, inclusive, a passividade de nossa torcida frente a tais fatos. O clube perde em S\u00e3o Janu\u00e1rio, sua casa, local onde foi considerado um dia seu &ldquo;caldeir\u00e3o&rdquo;, a torcida deixa o est\u00e1dio e o que se sente \u00e9 a sensa\u00e7\u00e3o de que &ldquo;j\u00e1 virou costumeiro&rdquo;, de &ldquo;normalidade&rdquo;. Obviamente, futebol \u00e9 o esporte capaz de proporcionar essas surpresas, tal como na mesma tarde uma vit\u00f3ria com autoridade do Botafogo com seus reservas frente ao Fluminense com Fred, Conca e companhia.<\/p>\n<p><\/p>\n<p style=\"margin:0px 0px 10px;padding:0px;border:0px;outline:0px;vertical-align:baseline;line-height:21px\">O problema \u00e9 quando deixa de ser surpresa e se torna esperado. Chega a ser ultrajante esperar que o Vasco possa perder para uma equipe rec\u00e9m-chegada da segunda divis\u00e3o dentro de S\u00e3o Janu\u00e1rio. \u00c9 \u00f3bvio que existe um hiato t\u00e9cnico entre o Vasco e o Am\u00e9rica de 2000 em compara\u00e7\u00e3o ao Vasco e a Cabofriense de 2014. Ainda assim, crer na possibilidade de sair derrotado nesse confronto (onde tudo indicava mais uma vit\u00f3ria do Vasco) como &ldquo;costumeira&rdquo;, sem a encarar como fator &ldquo;surpresa&rdquo;, tal como deveria ser, preocupa MUITO.<\/p>\n<p><\/p>\n<p style=\"margin:0px 0px 10px;padding:0px;border:0px;outline:0px;vertical-align:baseline;line-height:21px\">N\u00e3o estou sendo leviano em afirmar que isso n\u00e3o possa acontecer, tal como j\u00e1 citei e poderia citar outros exemplos semelhantes ao Vasco vs Am\u00e9rica de 2000 como exemplos, mas que aconte\u00e7a dentro de um respeito, tendo no Vasco, na for\u00e7a de sua hist\u00f3ria mais do que centen\u00e1ria, em seus t\u00edtulos, suas conquistas e sua torcida o clube com a OBRIGA\u00c7\u00c3O em honrar tais fatos, e o advers\u00e1rio sabendo que ir\u00e1 ter que &ldquo;ralar MUITO&rdquo; se quiser sair com um resultado positivo de onde quer que jogue contra o Vasco.<\/p>\n<p><\/p>\n<p style=\"margin:0px 0px 10px;padding:0px;border:0px;outline:0px;vertical-align:baseline;line-height:21px\">No entanto e, mais uma vez, reportando-me \u00e0 frieza dos n\u00fameros, n\u00e3o \u00e9 assim que tem ocorrido. ONZE derrotas contra clubes dessa natureza, sem express\u00e3o e sem ambi\u00e7\u00e3o,nos \u00faltimos cinco anos N\u00c3O DEVEM ser ignoradas. Ao contr\u00e1rio, merecem MUITA reflex\u00e3o e reavalia\u00e7\u00e3o por parte de quem n\u00e3o queira, de jeito algum, ajudar essa diretoria INCOMPETENTE a &ldquo;dourar mais essa p\u00edlula&rdquo;, tal como muitas que j\u00e1 douraram durante seus dois mandatos. Em uma completa invers\u00e3o de valores, chegou-se ao \u00e1pice do Presidente do Madureira, em entrevista no ano passado ap\u00f3s mais uma derrota &ndash; dessa vez, para seu clube em seu est\u00e1dio, justo o advers\u00e1rio e local de nossa pr\u00f3xima partida &ndash; oferecer apoio ao Vasco! Notem bem: o MADUREIRA ano passado OFERECEU APOIO AO VASCO! Quando na ocasi\u00e3o, o mesmo Presidente do clube suburbano chegou a oferecer jogadores de seu clube caso o Vasco tivesse interesse em lev\u00e1-los! Talvez, &ldquo;com pena&rdquo; do Vasco, na \u00e9poca!<\/p>\n<p><\/p>\n<p style=\"margin:0px 0px 10px;padding:0px;border:0px;outline:0px;vertical-align:baseline;line-height:21px\">Confesso-lhes que domingo, quando estive em S\u00e3o Janu\u00e1rio, eu considerei at\u00e9 o placar como &ldquo;mentiroso&rdquo;. T\u00e3o &ldquo;mentiroso&rdquo; quanto foram outras vit\u00f3rias em outras \u00e9pocas contra times do mesmo quilate, em que jog\u00e1vamos absolutamente nada, mas ainda assim, venc\u00edamos. Venc\u00edamos porque a camisa prevalecia, porque S\u00e3o Janu\u00e1rio prevalecia, porque a torcida prevalecia, incentivava, acreditava, e os jogadores sabiam do peso da camisa no qual representavam, de forma que essa sinergia levava tais ocasi\u00f5es a terem o universo vasca\u00edno e todo o clima favor\u00e1vel conspirando ao nosso favor. Hoje, se jogarmos somente o &ldquo;mais ou menos&rdquo;, tendemos a empatar ou a perder; e se jogarmos relativamente de forma correta, como foi de uma forma geral no \u00faltimo domingo, ainda assim a derrota \u00e9 poss\u00edvel. Queiramos encarar ou n\u00e3o, mas a realidade \u00e9 essa. E fugir dela, sinceramente ao meu ver, \u00e9 mais um dos desservi\u00e7os prestados ao clube. Nesse momento, em especial, em que estamos \u00e0 procura de nossa pr\u00f3pria identidade, outrora perdida.<\/p>\n<p><\/p>\n<p style=\"margin:0px 0px 10px;padding:0px;border:0px;outline:0px;vertical-align:baseline;line-height:21px\"><strong style=\"margin:0px;padding:0px;border:0px;outline:0px;vertical-align:baseline;color:rgb(68,68,68);font-family:Arial,&#39;Times New Roman&#39;,serif\">Fadados ao fracasso<\/strong><\/p>\n<p><\/p>\n<p style=\"margin:0px 0px 10px;padding:0px;border:0px;outline:0px;vertical-align:baseline;line-height:21px\">Em especial de minha parte, agora j\u00e1 levando para um aspecto no qual eu j\u00e1 me convenci faz MUITO tempo, n\u00e3o espero mais NADA de bom da atual gest\u00e3o Roberto. A sensa\u00e7\u00e3o que tenho \u00e9 que, coloquem quem quer que seja no clube, as coisas sob batuta do ex-craque da camisa 10 (maior goleador do clube como jogador e &ldquo;perna-de-pau&rdquo; como Presidente) n\u00e3o acontecem. E pior: ao inv\u00e9s de avan\u00e7arem pouco ou simplesmente estagnarem, regridem. A mim, n\u00e3o me restam d\u00favidas de que trata-se de uma gest\u00e3o DE FRACASSADOS em rela\u00e7\u00e3o a Vasco.<\/p>\n<p><\/p>\n<p style=\"margin:0px 0px 10px;padding:0px;border:0px;outline:0px;vertical-align:baseline;line-height:21px\">Podem ser que muitos dos que l\u00e1 est\u00e3o sejam muito bem sucedidos em suas vidas particulares, como empres\u00e1rios e at\u00e9 mesmo homens de bem, mas no Vasco que \u00e9 o que me importa n\u00e3o prosperaram, &ldquo;n\u00e3o deram liga&rdquo; no clube. Tiveram o apoio de todos, da m\u00eddia inclusive, e ainda assim n\u00e3o foram capazes de fazer o clube voltar \u00e0 sua real grandeza. E se o papo no primeiro mandato era o reflexo da &ldquo;heran\u00e7a maldita&rdquo; (ser\u00e1 t\u00e3o &ldquo;maldita&rdquo; assim, hoje, comparado ao que ir\u00e3o nos deixar?) do ex-Presidente, essa culpa nesses \u00faltimos tr\u00eas anos \u00e9 EXCLUSICAMENTE DELES TODOS.<\/p>\n<p><\/p>\n<p style=\"margin:0px 0px 10px;padding:0px;border:0px;outline:0px;vertical-align:baseline;line-height:21px\">Na verdade, a contagem \u00e9 pelos dias que ainda eu, particularmente e creio que a parcela majorit\u00e1ria de nossa torcida, ainda terei que aturar n\u00e3o somente ao pr\u00f3prio Presidente, quanto seus pares, &ldquo;ao leme&rdquo; de nosso clube. Sobre esse P\u00c9SSIMO legado que ser\u00e1 deixado, mais \u00e0 frente comprometo-me a me aprofundar mais, entretanto desde j\u00e1, externo minha preocupa\u00e7\u00e3o para com o pr\u00f3ximo Presidente (n\u00e3o tenho sequer candidato nesse momento a apostar, prova que nosso futuro tamb\u00e9m \u00e9 MUITO preocupante!) e o que ele vir\u00e1 assumir. Muito PIOR do que as d\u00edvidas \u00e9 a inexpressividade de nosso clube, que come\u00e7ou sua decad\u00eancia institucional sob comando do ex-Presidente (que poder\u00e1 retornar ao poder COM APOIO de Roberto!) e que &ldquo;salta aos olhos&rdquo; agora, inclusive aos olhos de quem n\u00e3o \u00e9 vasca\u00edno.<\/p>\n<p><\/p>\n<p style=\"margin:0px 0px 10px;padding:0px;border:0px;outline:0px;vertical-align:baseline;line-height:21px\"><strong style=\"margin:0px;padding:0px;border:0px;outline:0px;vertical-align:baseline;color:rgb(68,68,68);font-family:Arial,&#39;Times New Roman&#39;,serif\">&ldquo;L\u00e1grimas de S\u00e3o Janu\u00e1rio&rdquo; (Fonte:<a href=\"http:\/\/gazetaweb.globo.com\/gazetadealagoas\/noticia.php?c=221640\" style=\"margin:0px;padding:0px;border:0px;outline:0px;vertical-align:baseline;color:rgb(235,16,20);letter-spacing:0px\"><\/a><a href=\"http:\/\/gazetaweb.globo.com\/gazetadealagoas\/noticia.php?c=221640\" >http:\/\/gazetaweb.globo.com\/gazetadealagoas\/noticia.php?c=221640<\/a>)<\/strong><\/p>\n<p><\/p>\n<p style=\"margin:0px 0px 10px;padding:0px;border:0px;outline:0px;vertical-align:baseline;line-height:21px\"><strong style=\"margin:0px;padding:0px;border:0px;outline:0px;vertical-align:baseline;color:rgb(68,68,68);font-family:Arial,&#39;Times New Roman&#39;,serif\">Detalhe: Fernando Calazans, assim como Renato Maur\u00edcio Prado, \u00e9 mais um fidedigno representante da Flapress a desservi\u00e7o do Vasco ao longo de seu hist\u00f3rico. O que aparentemente \u00e9 &ldquo;chocante&rdquo; para essa gente sobre Vasco, em meu pensamento \u00e9 MUITO RUIM para o Vasco.<\/strong><\/p>\n<p><\/p>\n<p style=\"margin:0px 0px 10px;padding:0px;border:0px;outline:0px;vertical-align:baseline;line-height:21px\"><strong style=\"margin:0px;padding:0px;border:0px;outline:0px;vertical-align:baseline;color:rgb(68,68,68);font-family:Arial,&#39;Times New Roman&#39;,serif\">A \u00faltima vez<\/strong><\/p>\n<p><\/p>\n<p style=\"margin:0px 0px 10px;padding:0px;border:0px;outline:0px;vertical-align:baseline;line-height:21px\">No pr\u00f3ximo s\u00e1bado, dia 1\u00ba de mar\u00e7o, coincidentemente com o anivers\u00e1rio de nossa cidade, Rio de Janeiro, ser\u00e1 completado ONZE ANOS de nossa \u00faltima conquista da Ta\u00e7a Guanabara, frente ao Flamengo, em um jogo realizado em um s\u00e1bado \u00e0 tarde, no Maracan\u00e3. Tal fato pode ser relembrado (j\u00e1 que \u00e9 o que nos resta, em face de mais um ano sem essa conquista!) visualizando ao v\u00eddeo abaixo.<\/p>\n<p><\/p>\n<p style=\"margin:0px 0px 10px;padding:0px;border:0px;outline:0px;vertical-align:baseline;line-height:21px\"><strong style=\"margin:0px;padding:0px;border:0px;outline:0px;vertical-align:baseline;color:rgb(68,68,68);font-family:Arial,&#39;Times New Roman&#39;,serif\">&ldquo;Campeonato Carioca 2003 &#8211; Final da Ta\u00e7a Guanabara &#8211; Vasco 1&#215;1 Flamengo &#8211; ESPN Brasil&rdquo; &#8211;<a href=\"http:\/\/www.youtube.com\/watch?v=LYCdG4QcjGs\" style=\"margin:0px;padding:0px;border:0px;outline:0px;vertical-align:baseline;color:rgb(235,16,20);letter-spacing:0px\">[youtube LYCdG4QcjGs]<\/a><\/strong><\/p>\n<p><\/p>\n<p style=\"margin:0px 0px 10px;padding:0px;border:0px;outline:0px;vertical-align:baseline;line-height:21px\"><strong style=\"margin:0px;padding:0px;border:0px;outline:0px;vertical-align:baseline;color:rgb(68,68,68);font-family:Arial,&#39;Times New Roman&#39;,serif\">Showball e Beach Soccer<\/strong><\/p>\n<p><\/p>\n<p style=\"margin:0px 0px 10px;padding:0px;border:0px;outline:0px;vertical-align:baseline;line-height:21px\">Parab\u00e9ns a ambas as equipes, que SEM APOIO da diretoria (at\u00e9 dou gra\u00e7as a DEUS, pois se houvesse apoio da mesma, capaz de n\u00e3o terem conseguido tais feitos!), conquistaram t\u00edtulos importantes no domingo! Em especial, \u00e0 equipe de Beach Soccer, onde o Vasco em 2011 j\u00e1 tinha sido o PRIMEIRO CAMPE\u00c3O MUNDIAL do torneio, e no \u00faltimo domingo, sagrou-se DE FORMA INVICTA O PRIMEIRO CAMPE\u00c3O CARIOCA, frente ao Flamengo, que desfalcado dos \u00e1rbitros complica EM MUITO sua miss\u00e3o de nos derrotar!<\/p>\n<p><\/p>\n<p style=\"margin:0px 0px 10px;padding:0px;border:0px;outline:0px;vertical-align:baseline;line-height:21px\"><strong style=\"margin:0px;padding:0px;border:0px;outline:0px;vertical-align:baseline;color:rgb(68,68,68);font-family:Arial,&#39;Times New Roman&#39;,serif\">&quot;Os gols de Vasco 5 x 3 Itabora\u00ed pela final do Campeonato Carioca de Showbol&quot;&nbsp;<a href=\"http:\/\/globotv.globo.com\/sportv\/showbol-sportv\/v\/os-gols-de-vasco-5-x-3-itaborai-pela-final-do-campeonato-carioca-de-showbol\/3168186\/\" style=\"margin:0px;padding:0px;border:0px;outline:0px;vertical-align:baseline;color:rgb(235,16,20);letter-spacing:0px\"><\/a><a href=\"http:\/\/globotv.globo.com\/sportv\/showbol-sportv\/v\/os-gols-de-vasco-5-x-3-itaborai-pela-final-do-campeonato-carioca-de-showbol\/3168186\/&nbsp;\" >http:\/\/globotv.globo.com\/sportv\/showbol-sportv\/v\/os-gols-de-vasco-5-x-3-itaborai-pela-final-do-campeonato-carioca-de-showbol\/3168186\/&nbsp;<\/a><\/strong><\/p>\n<p><\/p>\n<p style=\"margin:0px 0px 10px;padding:0px;border:0px;outline:0px;vertical-align:baseline;line-height:21px\"><strong style=\"margin:0px;padding:0px;border:0px;outline:0px;vertical-align:baseline;color:rgb(68,68,68);font-family:Arial,&#39;Times New Roman&#39;,serif\">&quot;Invicto, Vasco bate Flamengo e leva t\u00edtulo do Carioca de futebol de areia&quot;<a href=\"http:\/\/globoesporte.globo.com\/eventos\/futebol-de-areia\/noticia\/2014\/02\/invicto-vasco-bate-flamengo-e-leva-titulo-do-carioca-de-futebol-de-areia.html\" style=\"margin:0px;padding:0px;border:0px;outline:0px;vertical-align:baseline;color:rgb(235,16,20);letter-spacing:0px\"><\/a><a href=\"http:\/\/globoesporte.globo.com\/eventos\/futebol-de-areia\/noticia\/2014\/02\/invicto-vasco-bate-flamengo-e-leva-titulo-do-carioca-de-futebol-de-areia.html\" >http:\/\/globoesporte.globo.com\/eventos\/futebol-de-areia\/noticia\/2014\/02\/invicto-vasco-bate-flamengo-e-leva-titulo-do-carioca-de-futebol-de-areia.html<\/a><\/strong><\/p>\n<p><\/p>\n<p style=\"margin:0px 0px 10px;padding:0px;border:0px;outline:0px;vertical-align:baseline;line-height:21px\"><strong style=\"margin:0px;padding:0px;border:0px;outline:0px;vertical-align:baseline;color:rgb(68,68,68);font-family:Arial,&#39;Times New Roman&#39;,serif\">Deixando saudades&#8230;<\/strong><\/p>\n<p><\/p>\n<p style=\"margin:0px 0px 10px;padding:0px;border:0px;outline:0px;vertical-align:baseline;line-height:21px\">Estava terminando de escrever esse texto quando soube, atrav\u00e9s do SuperVasco, do falecimento de mais um \u00edcone de representatividade vasca\u00edno na m\u00eddia esportiva. Tive o prazer de, em 2011, conhecer pessoalmente ao grande radialista, Loureiro Neto, titular do programa &ldquo;Papo de botequim&rdquo; da R\u00e1dio Globo e no qual, sempre que eu podia, era seu ouvinte, isso desde muitos anos atr\u00e1s. E, ao conhec\u00ea-lo pessoalmente, me deparei com uma pessoa que, em seus olhos, sentia o brilho quando falava sobre temas como carnaval, Portugal (descendente de fam\u00edlia portuguesa, tal como quem lhes escreve!) e Vasco, em especial. Tal como recentemente Jorge Nunes, outro radialista vasca\u00edno que nos deixou, Loureiro vai deixar a mim, em especial, MUITAS SAUDADES, de seu vascainismo na m\u00eddia, inclusive. Pena somente que ambos presenciaram, mas n\u00e3o ver\u00e3o o retorno novamente do Vasco \u00e0 Primeira Divis\u00e3o do futebol brasileiro, lugar que JAMAIS deveria ter sa\u00eddo uma vez sequer.<\/p>\n<p><\/p>\n<p style=\"margin:0px 0px 10px;padding:0px;border:0px;outline:0px;vertical-align:baseline;line-height:21px\"><em style=\"margin:0px;padding:0px;border:none;outline:0px;vertical-align:baseline\"><strong style=\"margin:0px;padding:0px;border:0px;outline:0px;vertical-align:baseline;color:rgb(68,68,68);font-family:Arial,&#39;Times New Roman&#39;,serif\">&quot;Em nota, a R\u00e1dio Globo divulgou uma homenagem ao radialista, descrito pelos colegas como &quot;o mais carioca dos portugueses&quot;:<\/p>\n<p>&ldquo;Loureiro nasceu em Portugual, mas adotou e foi adotado por Copacabana. Conhecia os bares, os gar\u00e7ons, os jornaleiros, os porteiros e peladeiros. Loureiro era da praia e do futebol. Vasca\u00edno apaixonado, foi refer\u00eancia e criou escola de como fazer uma cobertura esportiva. Ele era da praia, da bola e do samba. Mangueirense, foi presidente de ala na verde e rosa e um defensor das tradi\u00e7\u00f5es e do bom carnaval. Loureiro foi o mais carioca dos portugueses&rdquo;. &quot; (Fonte:&nbsp;<\/strong><\/em><em style=\"margin:0px;padding:0px;border:none;outline:0px;vertical-align:baseline\"><strong style=\"margin:0px;padding:0px;border:0px;outline:0px;vertical-align:baseline;color:rgb(68,68,68);font-family:Arial,&#39;Times New Roman&#39;,serif\"><a href=\"http:\/\/g1.globo.com\/rio-de-janeiro\/noticia\/2014\/02\/morre-no-rio-o-radialista-loureiro-neto.html\" style=\"margin:0px;padding:0px;border:0px;outline:0px;vertical-align:baseline;color:rgb(235,16,20);letter-spacing:0px\"><\/a><a href=\"http:\/\/g1.globo.com\/rio-de-janeiro\/noticia\/2014\/02\/morre-no-rio-o-radialista-loureiro-neto.html&nbsp;\" >http:\/\/g1.globo.com\/rio-de-janeiro\/noticia\/2014\/02\/morre-no-rio-o-radialista-loureiro-neto.html&nbsp;<\/a>)<\/strong><\/em><\/p>\n<p><\/p>\n<p style=\"margin:0px 0px 10px;padding:0px;border:0px;outline:0px;vertical-align:baseline;line-height:21px\"><strong style=\"margin:0px;padding:0px;border:0px;outline:0px;vertical-align:baseline;color:rgb(68,68,68);font-family:Arial,&#39;Times New Roman&#39;,serif\">SIGA EM PAZ, &quot;HOMEM DA BOINA!&quot; E OBRIGADO, POR TUDO!<\/strong><\/p>\n<p><\/p>\n<p style=\"margin:0px 0px 10px;padding:0px;border:0px;outline:0px;vertical-align:baseline;line-height:21px\"><strong style=\"margin:0px;padding:0px;border:0px;outline:0px;vertical-align:baseline;color:rgb(68,68,68);font-family:Arial,&#39;Times New Roman&#39;,serif\">&ldquo;Toques finais&rdquo;<\/strong><\/p>\n<p><\/p>\n<p style=\"margin:0px 0px 10px;padding:0px;border:0px;outline:0px;vertical-align:baseline;line-height:21px\">1\u00ba) Muitos devem estar se perguntando, ao final desse referido texto, o porqu\u00ea n\u00e3o toquei no nome de Ad\u00edlson Batista nem uma vez, at\u00e9 ent\u00e3o. Sinceramente, desanimei em falar sobre Ad\u00edlson Batista e sobre suas concep\u00e7\u00f5es, dentre elas, a filosofia COVARDE at\u00e9 mesmo contra equipes de menor investimento e suas escolhas P\u00cdFIAS tanto na escala\u00e7\u00e3o (a atua\u00e7\u00e3o fraca de Jomar no \u00faltimo domingo foi por culpa DO T\u00c9CNICO, tamb\u00e9m!) quanto nas trocas no decorrer da partida. Para mim e ele que trate de me provar o contr\u00e1rio para que eu venha aqui e ter o PRAZER de dizer que eu estava errado, fica evidenciado que dificilmente chegaremos \u00e0 alguma conquista com ele ao comando desse time, excetuando a S\u00e9rie B, que para mim seja qual for o t\u00e9cnico, \u00c9 OBRIGA\u00c7\u00c3O do clube.<\/p>\n<p><\/p>\n<p style=\"margin:0px 0px 10px;padding:0px;border:0px;outline:0px;vertical-align:baseline;line-height:21px\">2\u00ba) N\u00e3o creio que o Vasco tenha a melhor equipe do futebol carioca &ndash; passa BEM LONGE disso, mas frente ao paup\u00e9rrimo n\u00edvel t\u00e9cnico do referido certame, tamb\u00e9m n\u00e3o creio que n\u00e3o tenhamos sequer time para nos classificar, deixando o Botafogo com seus reservas ou mesmo uma equipe pequena tomar uma vaga que DEVE SER NOSSA.<\/p>\n<p><\/p>\n<p style=\"margin:0px 0px 10px;padding:0px;border:0px;outline:0px;vertical-align:baseline;line-height:21px\">3\u00ba) A rigor, temos uma &ldquo;espinha-dorsal&rdquo; a ser amadurecida, com Mart\u00edn Silva, Rodrigo, Aranda, Gui\u00f1azu, Douglas e Edm\u00edlson. Temos garotos promissores, tais como Luan, Jomar, Thalles e o pr\u00f3prio Montoya a serem amadurecidos, mas que possuem qualidade. Temos outros jogadores a completar o time, que se n\u00e3o s\u00e3o craques (LONGE disso!), est\u00e3o na m\u00e9dia da parte majorit\u00e1ria dos clubes do futebol brasileiro, inclusive. Falta al\u00e9m de rodagem, uma melhor filosofia de trabalho, maior imposi\u00e7\u00e3o nossa perante os advers\u00e1rios, incluindo prepara\u00e7\u00e3o f\u00edsica, que h\u00e1 tempos \u00c9 DEFICIENTE na comiss\u00e3o t\u00e9cnica de nosso elenco, a julgar mais uma vez pelos \u00faltimos vinte minutos do confronto do \u00faltimo domingo, quando faltou f\u00f4lego para um &ldquo;pressing&rdquo; final diante do advers\u00e1rio.<\/p>\n<p><\/p>\n<p style=\"margin:0px 0px 10px;padding:0px;border:0px;outline:0px;vertical-align:baseline;line-height:21px\">4\u00ba) Temos quatro jogos contra os advers\u00e1rios considerados &ldquo;pequenos&rdquo;, sendo tr\u00eas deles em S\u00e3o Janu\u00e1rio, al\u00e9m de um cl\u00e1ssico regional contra o Fluminense, ao final desse turno. Mesmo considerando tal retrospecto recente contra equipes dessa envergadura, \u00e9 OBRIGA\u00c7\u00c3O (mais uma!) do Vasco classificar-se \u00e0s semifinais do referido certame. Por quest\u00e3o de DIGNIDADE A SI MESMO, acima de tudo.<\/p>\n<p>\n<\/div>\n<div class=\"\" style=\"margin:0px;padding:0px;border:0px;outline:0px;font-size:16px;vertical-align:baseline;color:rgb(0,0,0);font-family:arial,sans-serif;line-height:16px\">\n<div class=\"\" style=\"margin:18px 0px 30px;padding:0px 0px 8px;border-width:0px 0px 1px;border-bottom-style:solid;border-bottom-color:rgb(233,233,233);outline:0px;vertical-align:baseline\"><\/p>\n<div class=\"\" style=\"margin:0px;padding:0px;border:0px;outline:0px;vertical-align:baseline\">\n<ul style=\"margin:0px;padding:4px 0px;border-width:0px 0px 0px 1px;border-left-style:solid;border-left-color:rgb(233,233,233);outline:0px;vertical-align:baseline;list-style:none;overflow:hidden\"><\/p>\n<li style=\"margin:0px 0px 0px 12px;padding:0px;border:0px;outline:0px;vertical-align:baseline;float:left\"><\/li>\n<\/ul>\n<\/div>\n<\/div>\n<\/div>\n<\/div>\n<p><\/p>\n","protected":false},"excerpt":{"rendered":"<p>Segundo levantamento feito pelo site Futdados.com.br, o Vasco \u00e9 o clube considerado grande que mais&#8230;<\/p>\n","protected":false},"author":12,"featured_media":341,"comment_status":"open","ping_status":"closed","sticky":false,"template":"","format":"standard","meta":{"footnotes":""},"categories":[3],"tags":[],"class_list":["post-807","post","type-post","status-publish","format-standard","has-post-thumbnail","hentry","category-colunistas"],"_links":{"self":[{"href":"https:\/\/webvasco.com\/artigos\/wp-json\/wp\/v2\/posts\/807","targetHints":{"allow":["GET"]}}],"collection":[{"href":"https:\/\/webvasco.com\/artigos\/wp-json\/wp\/v2\/posts"}],"about":[{"href":"https:\/\/webvasco.com\/artigos\/wp-json\/wp\/v2\/types\/post"}],"author":[{"embeddable":true,"href":"https:\/\/webvasco.com\/artigos\/wp-json\/wp\/v2\/users\/12"}],"replies":[{"embeddable":true,"href":"https:\/\/webvasco.com\/artigos\/wp-json\/wp\/v2\/comments?post=807"}],"version-history":[{"count":0,"href":"https:\/\/webvasco.com\/artigos\/wp-json\/wp\/v2\/posts\/807\/revisions"}],"wp:featuredmedia":[{"embeddable":true,"href":"https:\/\/webvasco.com\/artigos\/wp-json\/wp\/v2\/media\/341"}],"wp:attachment":[{"href":"https:\/\/webvasco.com\/artigos\/wp-json\/wp\/v2\/media?parent=807"}],"wp:term":[{"taxonomy":"category","embeddable":true,"href":"https:\/\/webvasco.com\/artigos\/wp-json\/wp\/v2\/categories?post=807"},{"taxonomy":"post_tag","embeddable":true,"href":"https:\/\/webvasco.com\/artigos\/wp-json\/wp\/v2\/tags?post=807"}],"curies":[{"name":"wp","href":"https:\/\/api.w.org\/{rel}","templated":true}]}}