{"id":8070,"date":"2017-02-10T00:34:34","date_gmt":"2017-02-10T03:34:34","guid":{"rendered":"http:\/\/webvasco.com\/artigos\/?p=8070"},"modified":"2017-02-10T00:38:02","modified_gmt":"2017-02-10T03:38:02","slug":"nennalti","status":"publish","type":"post","link":"https:\/\/webvasco.com\/artigos\/colunistas\/luizcarlosrocha\/nennalti\/","title":{"rendered":"NEN&Ecirc;NALTI!"},"content":{"rendered":"<div>\n<div style=\"color:#000; background-color:#fff; font-family:HelveticaNeue-Light, Helvetica Neue Light, Helvetica Neue, Helvetica, Arial, Lucida Grande, sans-serif;font-size:32px\">\n<div style=\"text-align:justify\" id=\"yui_3_16_0_ym19_1_1486230931446_519400\"><span style=\"font-size:14.0pt;line-height:107%;font-family:&quot;Arial&quot;,sans-serif\" id=\"yui_3_16_0_ym19_1_1486230931446_519401\">&nbsp; &nbsp; Venceu, mas n\u00e3o convenceu. O Vasco da Gama  derrotou, ontem, o Santos\/AP, por 2 a 0, com gols de Nen\u00ea (ambos de p\u00eanalti), isso  fez o Cruzmaltino prosseguir para a Segunda Fase da Copa do Brasil. A partida  de estreia do Gigante da Colina foi na Arena das Dunas, em Natal. <o:p id=\"yui_3_16_0_ym19_1_1486230931446_519402\"><\/o:p><\/span><\/div>\n<div style=\"text-align:justify\" id=\"yui_3_16_0_ym19_1_1486230931446_519403\"><span style=\"font-size:14.0pt;line-height:107%;font-family:&quot;Arial&quot;,sans-serif\" id=\"yui_3_16_0_ym19_1_1486230931446_519404\">&nbsp;&nbsp;&nbsp; Atuaram oficialmente com a camisa vasca\u00edna  pela primeira vez Gilberto e Kelvin, substituindo Yago Pikachu e Thalles,  respectivamente. O lateral direito e o atacante deram cara nova a equipe,  gerando boas expectativas \u00e0 Imensa Torcida Bem Feliz.<o:p id=\"yui_3_16_0_ym19_1_1486230931446_519405\"><\/o:p><\/span><\/div>\n<div style=\"text-align:justify\" id=\"yui_3_16_0_ym19_1_1486230931446_519406\"><span style=\"font-size:14.0pt;line-height:107%;font-family:&quot;Arial&quot;,sans-serif\" id=\"yui_3_16_0_ym19_1_1486230931446_519407\">&nbsp;&nbsp;&nbsp; Por\u00e9m, vencer o time de Macap\u00e1\/AP n\u00e3o \u00e9  nenhum feito que mere\u00e7a Honra ao M\u00e9rito. Afinal, qualquer time pequeno do Rio  de Janeiro tem muito mais futebol do que o Santos gen\u00e9rico. Pelo elenco carioca  esperava-se muito mais!<o:p id=\"yui_3_16_0_ym19_1_1486230931446_519408\"><\/o:p><\/span><\/div>\n<div style=\"text-align:justify\" id=\"yui_3_16_0_ym19_1_1486230931446_519409\"><span style=\"font-size:14.0pt;line-height:107%;font-family:&quot;Arial&quot;,sans-serif\" id=\"yui_3_16_0_ym19_1_1486230931446_519410\">&nbsp;&nbsp;&nbsp; O estagi\u00e1rio Crist\u00f3v\u00e3o Borges ainda tem  muito a aprender. A dupla Jorginho e Zinho \u2013 sem querer fazer comparativo, mas  j\u00e1 fazendo \u2013 com um plantel infinitamente inferior levou o Vasco a ser campe\u00e3o  carioca, de forma invicta. J\u00e1 o aprendiz teve dificuldades contra um time  pequeno, sem nenhuma relev\u00e2ncia no cen\u00e1rio desportivo.<o:p id=\"yui_3_16_0_ym19_1_1486230931446_519411\"><\/o:p><\/span><\/div>\n<div style=\"text-align:justify\" id=\"yui_3_16_0_ym19_1_1486230931446_519412\"><span style=\"font-size:14.0pt;line-height:107%;font-family:&quot;Arial&quot;,sans-serif\" id=\"yui_3_16_0_ym19_1_1486230931446_519413\">&nbsp;&nbsp;&nbsp; Ganhou por dois gols de diferen\u00e7a? Sim. Mas  foram de penalidade m\u00e1xima e assim mesmo o segundo no final da etapa  complementar. Deprimente. Enquanto aguarda a defini\u00e7\u00e3o do advers\u00e1rio na Segunda  Fase da competi\u00e7\u00e3o, que sair\u00e1 do confronto entre Fast\/AM e Vila Nova\/GO (na  pr\u00f3xima quinta-feira, na Arena da Amaz\u00f4nia), o Vasco se prepara para o pr\u00f3ximo  desafio que ser\u00e1 domingo, dia 12, diante do Volta Redonda, no Est\u00e1dio Raulino  de Oliveira, na Cidade do A\u00e7o. &nbsp;<o:p id=\"yui_3_16_0_ym19_1_1486230931446_519414\"><\/o:p><\/span><\/div>\n<div style=\"text-align:justify\" id=\"yui_3_16_0_ym19_1_1486230931446_519415\"><span style=\"font-size:14.0pt;line-height:107%;font-family:&quot;Arial&quot;,sans-serif\" id=\"yui_3_16_0_ym19_1_1486230931446_519416\"><o:p id=\"yui_3_16_0_ym19_1_1486230931446_519417\">&nbsp;<\/o:p><\/span><\/div>\n<div style=\"text-align:justify\" id=\"yui_3_16_0_ym19_1_1486230931446_519418\"><b id=\"yui_3_16_0_ym19_1_1486230931446_519419\"><u id=\"yui_3_16_0_ym19_1_1486230931446_519420\"><span style=\"font-size:14.0pt;line-height:107%;font-family:&quot;Arial&quot;,sans-serif\" id=\"yui_3_16_0_ym19_1_1486230931446_519421\">PERPLEXO  COM O PODER JUDICI\u00c1RIO:<o:p id=\"yui_3_16_0_ym19_1_1486230931446_519422\"><\/o:p><\/span><\/u><\/b><\/div>\n<div style=\"text-align:justify\" id=\"yui_3_16_0_ym19_1_1486230931446_519423\"><span style=\"font-size:14.0pt;line-height:107%;font-family:&quot;Arial&quot;,sans-serif\" id=\"yui_3_16_0_ym19_1_1486230931446_519424\">DEPOIS DE AGUARDAR <b id=\"yui_3_16_0_ym19_1_1486230931446_519425\">43 MESES, OU SEJA, 3 ANOS E SETE MESES  (CARRO DESDE 10 DE JUNHO DE 2013)<\/b> COM O CARRO PRESO NA OFICINA DA ABOLI\u00c7\u00c3O  VE\u00cdCULOS COM APENAS 729 KM RODADOS, EM UM PROCESSO COM 6 VOLUMES, NA 1\u00aa VARA  CIVEL, DA COMARCA DE NITER\u00d3I\/RJ, REGIONAL OCE\u00c2NICA, A SENTEN\u00c7A FOI INDEFERIR  TODOS OS MEUS PEDIDOS E AINDA CONDENAR EM 10% DE CUSTAS JUDICIAIS. OU SEJA,  FIQUEI SEM CARRO ESSE TEMPO TODO (MESMO PAGANDO \u00c0 VISTA POR ELE), JUNTEI PROVAS  COMO REGISTRO DE OCORR\u00caNCIA DA POL\u00cdCIA CIVIL\/RJ, BOLETIM DE OCORR\u00caNCIA DA  POLICIA MILITAR\/RJ, ORDENS DE SERVI\u00c7O, MAIS DE 600 FOTOGRAFIAS, MAIS DE 40  \u00c1UDIOS, NOTAS FISCAIS, NOTAS DE T\u00c1XI, PRONTU\u00c1RIOS M\u00c9DICOS, POIS NESTE PER\u00cdODO  TIVE PROBLEMAS DE SA\u00daDE, BEM COMO MEUS FAMILIARES, TENDO UMA FILHA QUE HOJE TEM  APENAS 5 ANOS, NA \u00c9POCA POUCO MAIS DE 1 ANINHO. VALE LEMBRAR, QUE OS PRIMEIROS  DEFEITOS SE DERAM QUANDO O CARRO TINHA MENOS DE 30 KM RODADOS. TUDO ISSO PARA  NADA. QUEM GOSTOU DO RESULTADO DA DOUTA MAGRISTRADA FORAM AS EMPRESAS R\u00c9S \u2013 QUE  ME LESARAM \u2013 ABOLI\u00c7\u00c3O VE\u00cdCULOS E VW DO BRASIL (PROCESSO: No  0016370-44.2013.8.19.0212).<o:p id=\"yui_3_16_0_ym19_1_1486230931446_519426\"><\/o:p><\/span><\/div>\n<div style=\"text-align:justify\" id=\"yui_3_16_0_ym19_1_1486230931446_519427\"><b id=\"yui_3_16_0_ym19_1_1486230931446_519428\"><span style=\"font-size:14.0pt;line-height:107%;font-family:&quot;Arial&quot;,sans-serif\" id=\"yui_3_16_0_ym19_1_1486230931446_519429\">&nbsp;<o:p id=\"yui_3_16_0_ym19_1_1486230931446_519430\"><\/o:p><\/span><\/b><\/div>\n<div style=\"text-align:justify\" id=\"yui_3_16_0_ym19_1_1486230931446_519431\"><b id=\"yui_3_16_0_ym19_1_1486230931446_519432\"><span style=\"font-size:14.0pt;line-height:107%;font-family:&quot;Arial&quot;,sans-serif\" id=\"yui_3_16_0_ym19_1_1486230931446_519433\">&nbsp;&nbsp;&nbsp;&nbsp;&nbsp;&nbsp;&nbsp;&nbsp;&nbsp;&nbsp;&nbsp;&nbsp;&nbsp;&nbsp; <o:p id=\"yui_3_16_0_ym19_1_1486230931446_519434\"><\/o:p><\/span><\/b><\/div>\n<div style=\"text-align:justify\" id=\"yui_3_16_0_ym19_1_1486230931446_519435\"><b id=\"yui_3_16_0_ym19_1_1486230931446_519436\"><span style=\"font-size:14.0pt;line-height:107%;font-family:&quot;Arial&quot;,sans-serif\" id=\"yui_3_16_0_ym19_1_1486230931446_519437\">&nbsp;&nbsp;&nbsp;&nbsp;&nbsp;&nbsp;&nbsp;&nbsp;&nbsp;&nbsp;&nbsp;&nbsp;&nbsp;&nbsp;&nbsp;&nbsp;&nbsp;&nbsp;&nbsp;&nbsp;&nbsp;&nbsp;&nbsp;&nbsp;&nbsp;&nbsp;&nbsp;&nbsp;&nbsp;&nbsp; <o:p id=\"yui_3_16_0_ym19_1_1486230931446_519438\"><\/o:p><\/span><\/b><\/div>\n<div style=\"text-align:justify\" id=\"yui_3_16_0_ym19_1_1486230931446_519439\"><b id=\"yui_3_16_0_ym19_1_1486230931446_519440\"><span style=\"font-size:14.0pt;line-height:107%;font-family:&quot;Arial&quot;,sans-serif\" id=\"yui_3_16_0_ym19_1_1486230931446_519441\">AP\u00d3S  AS TODAS AS PARTIDAS DO VASC\u00c3O EM MEU PERFIL DO FACEBOOK (QUEM QUISER RECEBER  AS CR\u00d4NICAS DE PRIMEIRA M\u00c3O \u00c9 S\u00d3 ME ADICIONAR), E NO SITE WEBVASCO  (<a href=\"http:\/\/www.webvasco.com\">www.webvasco.com<\/a>), TEM A OPINI\u00c3O DO JORNALISTA LUIZ CARLOS ROCHA. LEIAM!  COMPARTILHEM E CURTAM! VASCA\u00cdNOS UNIDOS JAMAIS SER\u00c3O VENCIDOS.<o:p id=\"yui_3_16_0_ym19_1_1486230931446_519442\"><\/o:p><\/span><\/b><\/div>\n<div id=\"yui_3_16_0_ym19_1_1486230931446_519200\">                                                <\/div>\n<div style=\"text-align:justify\" dir=\"ltr\" id=\"yui_3_16_0_ym19_1_1486230931446_519443\"><span style=\"font-size:14.0pt;line-height:107%;font-family:&quot;Arial&quot;,sans-serif\" id=\"yui_3_16_0_ym19_1_1486230931446_519444\"><o:p id=\"yui_3_16_0_ym19_1_1486230931446_519445\">&nbsp;<\/o:p><\/span><\/div>\n<div id=\"yui_3_16_0_ym19_1_1486230931446_519200\"><span><br \/><\/span><\/div>\n<div id=\"yui_3_16_0_ym19_1_1486230931446_519200\"><span><br \/><\/span><\/div>\n<div id=\"yui_3_16_0_ym19_1_1486230931446_519200\"><span><br \/><\/span><\/div>\n<div id=\"yui_3_16_0_ym19_1_1486230931446_519200\"><span><br \/><\/span><\/div>\n<div><\/div>\n<div id=\"yui_3_16_0_ym19_1_1486230931446_519201\">&nbsp;<\/div>\n<div class=\"signature\" id=\"yui_3_16_0_ym19_1_1486230931446_519209\">\n<div id=\"RTEContent\">\n<div id=\"yui_3_16_0_ym19_1_1486230931446_519208\">\n<div id=\"yui_3_16_0_ym19_1_1486230931446_519207\">\n<div id=\"yui_3_16_0_ym19_1_1486230931446_519206\">\n<div align=\"center\" id=\"yui_3_16_0_ym19_1_1486230931446_519205\"><\/div>\n<\/div>\n<\/div>\n<\/div>\n<\/div>\n<\/div>\n<\/div>\n<\/div>\n<p><\/p>\n","protected":false},"excerpt":{"rendered":"<p>&nbsp; &nbsp; Venceu, mas n\u00e3o convenceu. O Vasco da Gama derrotou, ontem, o Santos\/AP, por&#8230;<\/p>\n","protected":false},"author":7,"featured_media":0,"comment_status":"open","ping_status":"closed","sticky":false,"template":"","format":"standard","meta":{"footnotes":""},"categories":[4],"tags":[],"class_list":["post-8070","post","type-post","status-publish","format-standard","hentry","category-luizcarlosrocha"],"_links":{"self":[{"href":"https:\/\/webvasco.com\/artigos\/wp-json\/wp\/v2\/posts\/8070","targetHints":{"allow":["GET"]}}],"collection":[{"href":"https:\/\/webvasco.com\/artigos\/wp-json\/wp\/v2\/posts"}],"about":[{"href":"https:\/\/webvasco.com\/artigos\/wp-json\/wp\/v2\/types\/post"}],"author":[{"embeddable":true,"href":"https:\/\/webvasco.com\/artigos\/wp-json\/wp\/v2\/users\/7"}],"replies":[{"embeddable":true,"href":"https:\/\/webvasco.com\/artigos\/wp-json\/wp\/v2\/comments?post=8070"}],"version-history":[{"count":0,"href":"https:\/\/webvasco.com\/artigos\/wp-json\/wp\/v2\/posts\/8070\/revisions"}],"wp:attachment":[{"href":"https:\/\/webvasco.com\/artigos\/wp-json\/wp\/v2\/media?parent=8070"}],"wp:term":[{"taxonomy":"category","embeddable":true,"href":"https:\/\/webvasco.com\/artigos\/wp-json\/wp\/v2\/categories?post=8070"},{"taxonomy":"post_tag","embeddable":true,"href":"https:\/\/webvasco.com\/artigos\/wp-json\/wp\/v2\/tags?post=8070"}],"curies":[{"name":"wp","href":"https:\/\/api.w.org\/{rel}","templated":true}]}}