{"id":8071,"date":"2017-02-19T01:06:40","date_gmt":"2017-02-19T04:06:40","guid":{"rendered":"http:\/\/webvasco.com\/artigos\/?p=8071"},"modified":"2017-02-19T01:09:05","modified_gmt":"2017-02-19T04:09:05","slug":"ppp","status":"publish","type":"post","link":"https:\/\/webvasco.com\/artigos\/colunistas\/luizcarlosrocha\/ppp\/","title":{"rendered":"PPP!"},"content":{"rendered":"<div>\n<div style=\"color:#000; background-color:#fff; font-family:HelveticaNeue-Light, Helvetica Neue Light, Helvetica Neue, Helvetica, Arial, Lucida Grande, sans-serif;font-size:32px\">\n<div style=\"text-align:justify\" id=\"yui_3_16_0_ym19_1_1486230931446_1256251\"><span style=\"font-size:14.0pt;line-height:107%;font-family:&quot;Arial&quot;,sans-serif\" id=\"yui_3_16_0_ym19_1_1486230931446_1256252\">&nbsp; &nbsp; A letra P seguidamente por tr\u00eas vezes, ou  como queiram dizer a sigla PPP, define a cr\u00f4nica e a realidade de hoje. Pobre Primo  Portugu\u00eas! Muito se falou em zebra durante toda a semana, que a Portuguesa iria  ganhar o Vasco da Gama em casa e ficar com a vaga da semifinal da Ta\u00e7a  Guanabara, Primeiro Turno do Campeonato Carioca, vers\u00e3o 2017. <o:p id=\"yui_3_16_0_ym19_1_1486230931446_1256253\"><\/o:p><\/span><\/div>\n<div style=\"text-align:justify\" id=\"yui_3_16_0_ym19_1_1486230931446_1256254\"><span style=\"font-size:14.0pt;line-height:107%;font-family:&quot;Arial&quot;,sans-serif\" id=\"yui_3_16_0_ym19_1_1486230931446_1256255\">&nbsp;&nbsp;&nbsp; Ledo engano. Com um gol de Thalles, aos 17  minutos da etapa complementar, ap\u00f3s cruzamento do meia Escudero, o atacante  mostrou a for\u00e7a da camisa cruzmaltina, bem como fez o primo lusitano perceber  que o Mach\u00e3o da Gama n\u00e3o \u00e9 o atual bicampe\u00e3o estadual (tri moral, pois em 2014  foi claramente roubado na final pelo Povo do Gueto) por acaso. <o:p id=\"yui_3_16_0_ym19_1_1486230931446_1256256\"><\/o:p><\/span><\/div>\n<div style=\"text-align:justify\" id=\"yui_3_16_0_ym19_1_1486230931446_1256257\"><span style=\"font-size:14.0pt;line-height:107%;font-family:&quot;Arial&quot;,sans-serif\" id=\"yui_3_16_0_ym19_1_1486230931446_1256258\">&nbsp;&nbsp;&nbsp; \u00c9 muita pretens\u00e3o da Portuguesa querer  vencer o Vasco, em pleno Est\u00e1dio de S\u00e3o Janu\u00e1rio, diante de sua torcida. Nem  tudo que a m\u00eddia tenta impor \u00e9 a realidade. Muitos da imprensa marrom n\u00e3o  gostam do Gigante da Colina (Dom Charuto fez por merecer com sua arrog\u00e2ncia e  prepot\u00eancia), mas da\u00ed torcer os fatos e querer manipular a realidade n\u00e3o tem  como!<o:p id=\"yui_3_16_0_ym19_1_1486230931446_1256259\"><\/o:p><\/span><\/div>\n<div style=\"text-align:justify\" id=\"yui_3_16_0_ym19_1_1486230931446_1256260\"><span style=\"font-size:14.0pt;line-height:107%;font-family:&quot;Arial&quot;,sans-serif\" id=\"yui_3_16_0_ym19_1_1486230931446_1256261\">&nbsp;&nbsp;&nbsp; A Colina Hist\u00f3rica ser\u00e1 sempre um Caldeir\u00e3o,  pronto para cozinhar os advers\u00e1rios. Principalmente os considerados pequenos. O  Vasco aguardar\u00e1 o resultado da partida entre Molambos e Madureira para saber  quem enfrentar\u00e1 no s\u00e1bado de carnaval. Em caso de vit\u00f3ria ou empate do Z\u00e9  Povinho ser\u00e1 este o atropelado. Mas se o Tricolor Suburbano triunfar, este ser\u00e1  a v\u00edtima do Trem Bala da Colina!<o:p id=\"yui_3_16_0_ym19_1_1486230931446_1256262\"><\/o:p><\/span><\/div>\n<div style=\"text-align:justify\" id=\"yui_3_16_0_ym19_1_1486230931446_1256263\"><span style=\"font-size:14.0pt;line-height:107%;font-family:&quot;Arial&quot;,sans-serif\" id=\"yui_3_16_0_ym19_1_1486230931446_1256264\">&nbsp;&nbsp;&nbsp; Em tempo: O plantel cruzmaltino n\u00e3o \u00e9 dos  piores. Tem valores individuais que podem fazer a diferen\u00e7a. O problema \u00e9 o  comando. Dom Charuto insiste nos estagi\u00e1rios nos cargos de vice de futebol e  treinador. Assim n\u00e3o d\u00e1!<o:p id=\"yui_3_16_0_ym19_1_1486230931446_1256265\"><\/o:p><\/span><\/div>\n<div style=\"text-align:justify\" id=\"yui_3_16_0_ym19_1_1486230931446_1256266\"><b id=\"yui_3_16_0_ym19_1_1486230931446_1256267\"><u id=\"yui_3_16_0_ym19_1_1486230931446_1256268\"><span style=\"font-size:14.0pt;line-height:107%;font-family:&quot;Arial&quot;,sans-serif\" id=\"yui_3_16_0_ym19_1_1486230931446_1256269\">IDIOTA:<\/span><\/u><\/b><b id=\"yui_3_16_0_ym19_1_1486230931446_1256270\"><span style=\"font-size:14.0pt;line-height:107%;font-family:&quot;Arial&quot;,sans-serif\" id=\"yui_3_16_0_ym19_1_1486230931446_1256271\"> &nbsp;<\/span><\/b><span style=\"font-size:14.0pt;line-height:107%;font-family:&quot;Arial&quot;,sans-serif\" id=\"yui_3_16_0_ym19_1_1486230931446_1256272\">O  torcedor flamenguista Igor Abreu foi at\u00e9 o Est\u00e1dio de S\u00e3o Janu\u00e1rio a fim de  arrumar confus\u00e3o. Isto, porque, o sem no\u00e7\u00e3o foi at\u00e9 a Colina com uma atadura  cobrindo a perna, na qual tinha uma tatuagem com a sigla CRF (do Clube do  Gueto). Chegando l\u00e1 o cidad\u00e3o pouco inteligente \u2013 ele n\u00e3o sabe que as  publica\u00e7\u00f5es na internet t\u00eam um feedback na velocidade da luz? \u2013 postou que se  tivesse 100 curtidas a publica\u00e7\u00e3o escrota, no perfil dele do Facebook ele  tiraria a atadura e iria expor a tatoo do Time Exclu\u00eddo. Tal texto dizia: \u201cVim  assistir o Vasco ser eliminado em casa&#8230; 100 curtidas eu tiro a atadura que  esconde minha tatuagem do Flamengo na frente da torcida do Vasco e fa\u00e7o um  v\u00eddeo!\u201d Conclus\u00e3o, a Imensa Torcida Bem Feliz (e Valente em todos os sentidos)  logo descobriu o babac\u00e3o nas arquibancadas e o encheu de porrada! Sem fazer  apologia \u00e0 viol\u00eancia \u2013 mas nenhum torcedor vasca\u00edno foi agredir o gerente do hortifr\u00fati  l\u00e1 em Jacarepagu\u00e1 (na casa dele), este imbecil foi afrontar de gra\u00e7a uma  torcida que queria apenas apoiar o time em um s\u00e1bado lindo de sol. Logo, os  hematomas foram poucos, diante de tantas cagadas do afetado. O pior de tudo \u00e9  envergonhar a fam\u00edlia e passar esse p\u00e9ssimo exemplo para a pequena L. (menor de  idade), sua filha. O espert\u00e3o foi indiciado no artigo 41-B do Estatuto do  Torcedor (Lei 10.671\/03), que diz: Promover tumulto, praticar ou incitar a  viol\u00eancia, ou invadir local restrito aos competidores em eventos esportivos.  Com pena de reclus\u00e3o de 1 (um) a 2 (dois) anos e multa. De pronto Igor Abreu  fez um acordo no Juizado Especial Criminal (JECRIM), que se retrataria nas  redes sociais. Portanto, se o vacil\u00e3o estiver dando uma de bom mo\u00e7o n\u00e3o \u00e9  porque se arrependeu, e sim por imposi\u00e7\u00e3o jur\u00eddica. E ainda est\u00e1 arriscado a  perder a namorada Reeh Silva por mostrar tanta imaturidade. Mulher gosta de  homem adulto e n\u00e3o infantil!<b id=\"yui_3_16_0_ym19_1_1486230931446_1256273\"><o:p id=\"yui_3_16_0_ym19_1_1486230931446_1256274\"><\/o:p><\/b><\/span><\/div>\n<div style=\"text-align:justify;tab-stops:48.0pt\" id=\"yui_3_16_0_ym19_1_1486230931446_1256275\"><span style=\"font-size:14.0pt;line-height:107%;font-family:&quot;Arial&quot;,sans-serif\" id=\"yui_3_16_0_ym19_1_1486230931446_1256276\">&nbsp;&nbsp;&nbsp;&nbsp;&nbsp;&nbsp;&nbsp;&nbsp;&nbsp;&nbsp;&nbsp;&nbsp; <o:p id=\"yui_3_16_0_ym19_1_1486230931446_1256277\"><\/o:p><\/span><\/div>\n<div style=\"text-align:justify\" id=\"yui_3_16_0_ym19_1_1486230931446_1256278\"><b id=\"yui_3_16_0_ym19_1_1486230931446_1256279\"><u id=\"yui_3_16_0_ym19_1_1486230931446_1256280\"><span style=\"font-size:14.0pt;line-height:107%;font-family:&quot;Arial&quot;,sans-serif\" id=\"yui_3_16_0_ym19_1_1486230931446_1256281\">PERPLEXO  COM O PODER JUDICI\u00c1RIO:<o:p id=\"yui_3_16_0_ym19_1_1486230931446_1256282\"><\/o:p><\/span><\/u><\/b><\/div>\n<div style=\"text-align:justify\" id=\"yui_3_16_0_ym19_1_1486230931446_1256283\"><span style=\"font-size:14.0pt;line-height:107%;font-family:&quot;Arial&quot;,sans-serif\" id=\"yui_3_16_0_ym19_1_1486230931446_1256284\">DEPOIS DE AGUARDAR <b id=\"yui_3_16_0_ym19_1_1486230931446_1256285\">44 MESES, OU SEJA, 3 ANOS E OITO MESES (CARRO  DESDE 10 DE JUNHO DE 2013)<\/b> COM O CARRO PRESO NA OFICINA DA ABOLI\u00c7\u00c3O  VE\u00cdCULOS COM APENAS 729 KM RODADOS, EM UM PROCESSO COM 6 VOLUMES, NA 1\u00aa VARA  CIVEL, DA COMARCA DE NITER\u00d3I\/RJ, REGIONAL OCE\u00c2NICA, A SENTEN\u00c7A FOI INDEFERIR  TODOS OS MEUS PEDIDOS E AINDA CONDENAR EM 10% DE CUSTAS JUDICIAIS. OU SEJA,  FIQUEI SEM CARRO ESSE TEMPO TODO (MESMO PAGANDO \u00c0 VISTA POR ELE), JUNTEI PROVAS  COMO REGISTRO DE OCORR\u00caNCIA DA POL\u00cdCIA CIVIL\/RJ, BOLETIM DE OCORR\u00caNCIA DA  POLICIA MILITAR\/RJ, ORDENS DE SERVI\u00c7O, MAIS DE 600 FOTOGRAFIAS, MAIS DE 40  \u00c1UDIOS, NOTAS FISCAIS, NOTAS DE T\u00c1XI, PRONTU\u00c1RIOS M\u00c9DICOS, POIS NESTE PER\u00cdODO  TIVE PROBLEMAS DE SA\u00daDE, BEM COMO MEUS FAMILIARES, TENDO UMA FILHA QUE HOJE TEM  APENAS 5 ANOS, NA \u00c9POCA POUCO MAIS DE 1 ANINHO. VALE LEMBRAR, QUE OS PRIMEIROS  DEFEITOS SE DERAM QUANDO O CARRO TINHA MENOS DE 30 KM RODADOS. TUDO ISSO PARA  NADA. QUEM GOSTOU DO RESULTADO DA DOUTA MAGRISTRADA FORAM AS EMPRESAS R\u00c9S \u2013 QUE  ME LESARAM \u2013 ABOLI\u00c7\u00c3O VE\u00cdCULOS E VW DO BRASIL (PROCESSO: No  0016370-44.2013.8.19.0212).<o:p id=\"yui_3_16_0_ym19_1_1486230931446_1256286\"><\/o:p><\/span><\/div>\n<div style=\"text-align:justify\" id=\"yui_3_16_0_ym19_1_1486230931446_1256287\"><b id=\"yui_3_16_0_ym19_1_1486230931446_1256288\"><span style=\"font-size:14.0pt;line-height:107%;font-family:&quot;Arial&quot;,sans-serif\" id=\"yui_3_16_0_ym19_1_1486230931446_1256289\">&nbsp;<o:p id=\"yui_3_16_0_ym19_1_1486230931446_1256290\"><\/o:p><\/span><\/b><\/div>\n<div style=\"text-align:justify\" id=\"yui_3_16_0_ym19_1_1486230931446_1256291\"><b id=\"yui_3_16_0_ym19_1_1486230931446_1256292\"><span style=\"font-size:14.0pt;line-height:107%;font-family:&quot;Arial&quot;,sans-serif\" id=\"yui_3_16_0_ym19_1_1486230931446_1256293\">&nbsp;&nbsp;&nbsp;&nbsp;&nbsp;&nbsp;&nbsp;&nbsp;&nbsp;&nbsp;&nbsp;&nbsp;&nbsp;&nbsp; <o:p id=\"yui_3_16_0_ym19_1_1486230931446_1256294\"><\/o:p><\/span><\/b><\/div>\n<div style=\"text-align:justify\" id=\"yui_3_16_0_ym19_1_1486230931446_1256295\"><b id=\"yui_3_16_0_ym19_1_1486230931446_1256296\"><span style=\"font-size:14.0pt;line-height:107%;font-family:&quot;Arial&quot;,sans-serif\" id=\"yui_3_16_0_ym19_1_1486230931446_1256297\">&nbsp;&nbsp;&nbsp;&nbsp;&nbsp;&nbsp;&nbsp;&nbsp;&nbsp;&nbsp;&nbsp;&nbsp;&nbsp;&nbsp;&nbsp;&nbsp;&nbsp;&nbsp;&nbsp;&nbsp;&nbsp;&nbsp;&nbsp;&nbsp;&nbsp;&nbsp;&nbsp;&nbsp;&nbsp;&nbsp; <o:p id=\"yui_3_16_0_ym19_1_1486230931446_1256298\"><\/o:p><\/span><\/b><\/div>\n<div style=\"text-align:justify\" id=\"yui_3_16_0_ym19_1_1486230931446_1256299\"><b id=\"yui_3_16_0_ym19_1_1486230931446_1256300\"><span style=\"font-size:14.0pt;line-height:107%;font-family:&quot;Arial&quot;,sans-serif\" id=\"yui_3_16_0_ym19_1_1486230931446_1256301\">AP\u00d3S  AS TODAS AS PARTIDAS DO VASC\u00c3O EM MEU PERFIL DO FACEBOOK (QUEM QUISER RECEBER  AS CR\u00d4NICAS DE PRIMEIRA M\u00c3O \u00c9 S\u00d3 ME ADICIONAR), E NO SITE WEBVASCO  (<a href=\"http:\/\/www.webvasco.com\">www.webvasco.com<\/a>), TEM A OPINI\u00c3O DO JORNALISTA LUIZ CARLOS ROCHA. LEIAM!  COMPARTILHEM E CURTAM! VASCA\u00cdNOS UNIDOS JAMAIS SER\u00c3O VENCIDOS.<o:p id=\"yui_3_16_0_ym19_1_1486230931446_1256302\"><\/o:p><\/span><\/b><\/div>\n<div id=\"yui_3_16_0_ym19_1_1486230931446_1256044\">                                                    <\/div>\n<div style=\"text-align:justify\" dir=\"ltr\" id=\"yui_3_16_0_ym19_1_1486230931446_1256303\"><span style=\"font-size:14.0pt;line-height:107%;font-family:&quot;Arial&quot;,sans-serif\" id=\"yui_3_16_0_ym19_1_1486230931446_1256304\"><o:p id=\"yui_3_16_0_ym19_1_1486230931446_1256305\">&nbsp;<\/o:p><\/span><\/div>\n<div id=\"yui_3_16_0_ym19_1_1486230931446_1256044\"><span><br \/><\/span><\/div>\n<div id=\"yui_3_16_0_ym19_1_1486230931446_1256044\"><span><br \/><\/span><\/div>\n<div id=\"yui_3_16_0_ym19_1_1486230931446_1256044\"><span><br \/><\/span><\/div>\n<div><\/div>\n<div id=\"yui_3_16_0_ym19_1_1486230931446_1256045\">&nbsp;<\/div>\n<div class=\"signature\" id=\"yui_3_16_0_ym19_1_1486230931446_1256050\">\n<div id=\"RTEContent\">\n<div id=\"yui_3_16_0_ym19_1_1486230931446_1256049\">\n<div id=\"yui_3_16_0_ym19_1_1486230931446_1256048\">\n<div id=\"yui_3_16_0_ym19_1_1486230931446_1256047\">\n<div align=\"center\" id=\"yui_3_16_0_ym19_1_1486230931446_1256046\"><\/div>\n<\/div>\n<\/div>\n<\/div>\n<\/div>\n<\/div>\n<\/div>\n<\/div>\n<p><\/p>\n","protected":false},"excerpt":{"rendered":"<p>&nbsp; &nbsp; A letra P seguidamente por tr\u00eas vezes, ou como queiram dizer a sigla&#8230;<\/p>\n","protected":false},"author":7,"featured_media":0,"comment_status":"open","ping_status":"closed","sticky":false,"template":"","format":"standard","meta":{"footnotes":""},"categories":[4],"tags":[],"class_list":["post-8071","post","type-post","status-publish","format-standard","hentry","category-luizcarlosrocha"],"_links":{"self":[{"href":"https:\/\/webvasco.com\/artigos\/wp-json\/wp\/v2\/posts\/8071","targetHints":{"allow":["GET"]}}],"collection":[{"href":"https:\/\/webvasco.com\/artigos\/wp-json\/wp\/v2\/posts"}],"about":[{"href":"https:\/\/webvasco.com\/artigos\/wp-json\/wp\/v2\/types\/post"}],"author":[{"embeddable":true,"href":"https:\/\/webvasco.com\/artigos\/wp-json\/wp\/v2\/users\/7"}],"replies":[{"embeddable":true,"href":"https:\/\/webvasco.com\/artigos\/wp-json\/wp\/v2\/comments?post=8071"}],"version-history":[{"count":0,"href":"https:\/\/webvasco.com\/artigos\/wp-json\/wp\/v2\/posts\/8071\/revisions"}],"wp:attachment":[{"href":"https:\/\/webvasco.com\/artigos\/wp-json\/wp\/v2\/media?parent=8071"}],"wp:term":[{"taxonomy":"category","embeddable":true,"href":"https:\/\/webvasco.com\/artigos\/wp-json\/wp\/v2\/categories?post=8071"},{"taxonomy":"post_tag","embeddable":true,"href":"https:\/\/webvasco.com\/artigos\/wp-json\/wp\/v2\/tags?post=8071"}],"curies":[{"name":"wp","href":"https:\/\/api.w.org\/{rel}","templated":true}]}}