{"id":8073,"date":"2017-02-19T10:17:44","date_gmt":"2017-02-19T13:17:44","guid":{"rendered":"http:\/\/webvasco.com\/artigos\/?p=8073"},"modified":"2017-02-19T19:20:59","modified_gmt":"2017-02-19T22:20:59","slug":"um-urubu-ou-um-asno-em-sao-januario","status":"publish","type":"post","link":"https:\/\/webvasco.com\/artigos\/colunistas\/andrepedro\/um-urubu-ou-um-asno-em-sao-januario\/","title":{"rendered":"Um urubu (ou um asno?) em S\u00e3o Janu\u00e1rio"},"content":{"rendered":"<p>Caros amigos,<\/p>\n<p>H\u00e1 uma m\u00e1xima que diz que\u00a0&#8220;nunca duvides da inesgot\u00e1vel capacidade do Ser Humano fazer asneira&#8221;&#8230; (n\u00e3o \u00e9 bem &#8220;asneira&#8221; a palavra original).<\/p>\n<p><img loading=\"lazy\" decoding=\"async\" class=\"alignright size-medium wp-image-8075\" src=\"https:\/\/webvasco.com\/artigos\/wp-content\/uploads\/2017\/02\/Screen-Shot-02-19-17-at-09.41-AM-217x300.png\" alt=\"Screen Shot 02-19-17 at 09.41 AM\" width=\"217\" height=\"300\" srcset=\"https:\/\/webvasco.com\/artigos\/wp-content\/uploads\/2017\/02\/Screen-Shot-02-19-17-at-09.41-AM-217x300.png 217w, https:\/\/webvasco.com\/artigos\/wp-content\/uploads\/2017\/02\/Screen-Shot-02-19-17-at-09.41-AM-108x150.png 108w, https:\/\/webvasco.com\/artigos\/wp-content\/uploads\/2017\/02\/Screen-Shot-02-19-17-at-09.41-AM.png 270w\" sizes=\"auto, (max-width: 217px) 100vw, 217px\" \/>O que vimos ontem em S\u00e3o Janu\u00e1rio \u00e9 a prova cabal que vivemos numa sociedade onde as pessoas perderam a no\u00e7\u00e3o de limites. H\u00e1 quem diga que o Estado promove isso ao dar o exemplo de bagun\u00e7a. H\u00e1 quem diga que \u00e9 apenas uma minoria que quer aparecer e a m\u00eddia precisa dessas not\u00edcias para &#8220;vender jornal&#8221;. O fato \u00e9 que efetivamente estamos vendo as pessoas cada vez mais testando limites em busca de se promoverem, seja na m\u00eddia formal, seja nas redes sociais. Parece que hoje h\u00e1 uma necessidade de &#8220;ser famoso&#8221;. E a\u00ed vem a pergunta: Por que temos que ser famosos? Ser\u00e1 mesmo que para se realizar como Ser Humano temos que nos tornar famosos? Qual o custo que teremos que pagar por isso?<\/p>\n<p>N\u00e3o podemos tamb\u00e9m deixar de comentar que o Estado formal de direito tamb\u00e9m tem sua parcela de culpa nessa hist\u00f3ria. &#8220;Torcedores&#8221; (*) do Flamengo mataram h\u00e1 poucos dias um torcedor do Botafogo e ainda feriram outros. Um certo juiz, que n\u00e3o entende absolutamente nada de futebol, reconhecendo a &#8220;fal\u00eancia do Estado&#8221;, determina que a partir de agora s\u00f3 teremos jogos de torcida \u00fanica. Ou seja, se o pr\u00f3ximo jogo do Carioc\u00e3o for Flamengo x Vasco, como o Flamengo teve campanha melhor, teremos torcida \u00fanica do Flamengo&#8230; \u00c9 ou n\u00e3o \u00e9 incentivar o &#8220;Vale Tudo&#8221;?<\/p>\n<p><a href=\"https:\/\/webvasco.com\/artigos\/wp-content\/uploads\/2017\/02\/Screen-Shot-02-19-17-at-09.42-AM.png\"><img loading=\"lazy\" decoding=\"async\" class=\"alignright size-medium wp-image-8076\" src=\"https:\/\/webvasco.com\/artigos\/wp-content\/uploads\/2017\/02\/Screen-Shot-02-19-17-at-09.42-AM-273x300.png\" alt=\"Screen Shot 02-19-17 at 09.42 AM\" width=\"273\" height=\"300\" srcset=\"https:\/\/webvasco.com\/artigos\/wp-content\/uploads\/2017\/02\/Screen-Shot-02-19-17-at-09.42-AM-273x300.png 273w, https:\/\/webvasco.com\/artigos\/wp-content\/uploads\/2017\/02\/Screen-Shot-02-19-17-at-09.42-AM-137x150.png 137w, https:\/\/webvasco.com\/artigos\/wp-content\/uploads\/2017\/02\/Screen-Shot-02-19-17-at-09.42-AM.png 368w\" sizes=\"auto, (max-width: 273px) 100vw, 273px\" \/><\/a>O torcedor &#8220;infeliz&#8221; que teve essa imbecil ideia de fazer o que fez em S\u00e3o Janu\u00e1rio acabou conseguindo se tornar famoso&#8230; Mas n\u00e3o pelas 100 curtidas, que n\u00e3o conseguiu, mas pelos 100 tapas que deve ter tomado de torcedores vasca\u00ednos mais exaltados. Teve sorte! Se fosse ao contr\u00e1rio, provavelmente n\u00e3o teria sa\u00eddo com vida.<\/p>\n<p>O mais impressionante \u00e9 que ele conseguiu, se n\u00e3o virar unanimidade, pelo menos teve a\u00a0maioria das pessoas concluindo o mesmo sobre o que ele fez: uma imbecilidade.<\/p>\n<p>Ap\u00f3s o jogo, durante os coment\u00e1rios, ouvi numa r\u00e1dio uma ouvinte ligar para protestar sobre o ocorrido. Ela se disse rubro-negra e afirmou que esse rapaz foi muito idiota em fazer o que fez e que teve muita sorte da torcida do Vasco ter sido muito gentil com ele&#8230; Nas redes sociais, o que n\u00e3o faltou foram flamenguistas protestando contra o ato. Se os pr\u00f3prios flamenguistas protestaram, nem preciso falar como foi entre a torcida do Vasco.<\/p>\n<p>Num mundo onde estamos buscando promover a paz, pois estamos cansados de tanta viol\u00eancia, ver pessoas querendo se auto-promover com atos que provocam a ira das pessoas, \u00e9 no m\u00ednimo uma falta de bom senso. A sociedade, como um todo, precisa discutir mais o assunto. As fam\u00edlias querem ir aos est\u00e1dios. Eu mesmo tenho dois filhos e quero ir aos est\u00e1dios ver o Vasco jogar. Quero ver meus filhos terem o mesmo prazer que eu tive, quando da idade deles, gritando gol do Vasco! Mas como fazer isso, se o tempo todo, desde sair de casa at\u00e9 o retorno, temos que ficar o tempo todo sob tens\u00e3o de sermos v\u00edtimas de atos de viol\u00eancia? Muito complicado.<\/p>\n<p><a href=\"https:\/\/webvasco.com\/artigos\/wp-content\/uploads\/2017\/02\/Screen-Shot-02-19-17-at-09.30-AM.png\"><img loading=\"lazy\" decoding=\"async\" class=\"alignright size-full wp-image-8074\" src=\"https:\/\/webvasco.com\/artigos\/wp-content\/uploads\/2017\/02\/Screen-Shot-02-19-17-at-09.30-AM.png\" alt=\"Screen Shot 02-19-17 at 09.30 AM\" width=\"270\" height=\"229\" srcset=\"https:\/\/webvasco.com\/artigos\/wp-content\/uploads\/2017\/02\/Screen-Shot-02-19-17-at-09.30-AM.png 270w, https:\/\/webvasco.com\/artigos\/wp-content\/uploads\/2017\/02\/Screen-Shot-02-19-17-at-09.30-AM-150x127.png 150w\" sizes=\"auto, (max-width: 270px) 100vw, 270px\" \/><\/a>Depois do ocorrido, a &#8220;v\u00edtima&#8221; postou nas redes sociais um pedido de desculpas. Foi o m\u00ednimo que deveria fazer. De toda forma, isso n\u00e3o apaga o ato em si. Que o evento da tarde de ontem seja um exemplo a ser lembrado de que futebol \u00e9 divers\u00e3o apenas, e n\u00e3o um meio de se tornar celebridade a qualquer pre\u00e7o.<\/p>\n<p>E agrade\u00e7a a Deus ter sa\u00eddo de l\u00e1 com vida, meu rapaz! Nos tempos atuais, fazer o que voc\u00ea fez n\u00e3o \u00e9 somente uma temeridade: \u00e9 loucura.<\/p>\n<p>Sauda\u00e7\u00f5es Vasca\u00ednas\u00a0a todos!<\/p>\n<p>(*) N\u00e3o posso acreditar que torcedor de verdade v\u00e1 a uma est\u00e1dio para brigar e at\u00e9 mesmo matar! Por isso \u00e9 que coloco essas pessoas de &#8220;torcedores&#8221; entre aspas. Na verdade s\u00e3o marginais que apenas escolhem uma torcida para colocar para fora sua brutalidade e falta de humanidade. Temos que saber distinguir esses marginas dos verdadeiros torcedores e parar de chamar eles\u00a0do que de n\u00e3o s\u00e3o de fato. Torcedor \u00e9 uma coisa. Marginal \u00e9 outra.<\/p>\n","protected":false},"excerpt":{"rendered":"<p>Caros amigos, H\u00e1 uma m\u00e1xima que diz que\u00a0&#8220;nunca duvides da inesgot\u00e1vel capacidade do Ser Humano&#8230;<\/p>\n","protected":false},"author":5,"featured_media":8076,"comment_status":"open","ping_status":"closed","sticky":false,"template":"","format":"standard","meta":{"footnotes":""},"categories":[2],"tags":[],"class_list":["post-8073","post","type-post","status-publish","format-standard","has-post-thumbnail","hentry","category-andrepedro"],"_links":{"self":[{"href":"https:\/\/webvasco.com\/artigos\/wp-json\/wp\/v2\/posts\/8073","targetHints":{"allow":["GET"]}}],"collection":[{"href":"https:\/\/webvasco.com\/artigos\/wp-json\/wp\/v2\/posts"}],"about":[{"href":"https:\/\/webvasco.com\/artigos\/wp-json\/wp\/v2\/types\/post"}],"author":[{"embeddable":true,"href":"https:\/\/webvasco.com\/artigos\/wp-json\/wp\/v2\/users\/5"}],"replies":[{"embeddable":true,"href":"https:\/\/webvasco.com\/artigos\/wp-json\/wp\/v2\/comments?post=8073"}],"version-history":[{"count":3,"href":"https:\/\/webvasco.com\/artigos\/wp-json\/wp\/v2\/posts\/8073\/revisions"}],"predecessor-version":[{"id":8079,"href":"https:\/\/webvasco.com\/artigos\/wp-json\/wp\/v2\/posts\/8073\/revisions\/8079"}],"wp:featuredmedia":[{"embeddable":true,"href":"https:\/\/webvasco.com\/artigos\/wp-json\/wp\/v2\/media\/8076"}],"wp:attachment":[{"href":"https:\/\/webvasco.com\/artigos\/wp-json\/wp\/v2\/media?parent=8073"}],"wp:term":[{"taxonomy":"category","embeddable":true,"href":"https:\/\/webvasco.com\/artigos\/wp-json\/wp\/v2\/categories?post=8073"},{"taxonomy":"post_tag","embeddable":true,"href":"https:\/\/webvasco.com\/artigos\/wp-json\/wp\/v2\/tags?post=8073"}],"curies":[{"name":"wp","href":"https:\/\/api.w.org\/{rel}","templated":true}]}}