{"id":808,"date":"2014-02-28T16:52:21","date_gmt":"2014-02-28T19:52:21","guid":{"rendered":"http:\/\/webvasco.com\/artigos\/?p=808"},"modified":"2014-02-28T17:04:02","modified_gmt":"2014-02-28T20:04:02","slug":"vitria-madura","status":"publish","type":"post","link":"https:\/\/webvasco.com\/artigos\/colunistas\/luizcarlosrocha\/vitria-madura\/","title":{"rendered":"VIT&Oacute;RIA MADURA!"},"content":{"rendered":"<p>    N\u00e3o \u00e9 de hoje que o Vasco vence o Madureira Esporte Clube. Ontem, o Gigante da Colina foi at\u00e9 Conselheiro Galv\u00e3o e derrotou o eterno fregu\u00eas por 3 a 1, com gols de Rafael Vaz, Edmilson e Douglas, com Carlinhos descontando para os donos da casa. Com o resultado da D\u00e9cima Primeira Rodada do Campeonato Carioca (Ta\u00e7a Guanabara) o Cruzmaltino se manteve na quarta posi\u00e7\u00e3o na tabela de classifica\u00e7\u00e3o, agora com 21 pontos ganhos. O pr\u00f3ximo desafio da equipe ser\u00e1 quarta-feira, dia 5 de mar\u00e7o, \u00e0s 19h30m, em S\u00e3o Janu\u00e1rio, contra o Resende.<br \/>\n    Derrotar o Tricolor Suburbano nunca foi problema para o Mach\u00e3o da Gama. O grande vil\u00e3o ontem em Madureira\/RJ foi o forte calor. Os term\u00f4metros registraram 40 graus. Bem disse a cantora Fernanda Abreu \u2013 vasca\u00edna convicta \u2013 em sua can\u00e7\u00e3o Rio 40 Graus: \u201cRio 40 graus, Cidade maravilha, Purgat\u00f3rio da beleza, e do caos&#8230;\u201d. Ca\u00f3tico mesmo \u00e9 a responsabilidade dos dirigentes da FERJ (Federa\u00e7\u00e3o de Futebol do Rio de Janeiro) em marcar e permitir um evento do n\u00edvel da modalidade desportiva que \u00e9 o carro-chefe do Brasil em plena tarde de ver\u00e3o, num bairro distante do mar e da montanha que n\u00e3o passa uma brisa sequer.<br \/>\n    Voltando ao futebol, o Vasco precisa comemorar a vit\u00f3ria sim. Afinal, foram mais tr\u00eas pontos para a contabilidade futebol\u00edstica. Mas \u00e9 preciso colocar os p\u00e9s no ch\u00e3o. Vencer times pequenos sem qualquer dificuldade n\u00e3o \u00e9 o mesmo que vencer os cl\u00e1ssicos. O plantel vasca\u00edno precisa de refor\u00e7os em v\u00e1rios setores. \u00c9 necess\u00e1rio correr contra o tempo a fim de colocar tudo no eixo para a disputa do Campeonato Brasileiro. Competi\u00e7\u00e3o esta que \u00e9 muito mais complexa e infinitamente mais prestigiada. <\/p>\n<p>\nAP\u00d3S AS TODAS AS PARTIDAS DO VASC\u00c3O EM MEU PERFIL DO FACEBOOK (QUEM QUISER RECEBER AS CR\u00d4NICAS DE PRIMEIRA M\u00c3O \u00c9 S\u00d3 ME ADICIONAR), E NOS SITES WEBVASCO (www.webvasco.com), E VASCA\u00cdNOS UNIDOS (www.vascainosunidos.com.br) TEM A OPINI\u00c3O DO JORNALISTA LUIZ CARLOS ROCHA. LEIAM! COMPARTILHEM E CURTAM! VASCA\u00cdNOS UNIDOS JAMAIS SER\u00c3O VENCIDOS.<\/p>\n<p><\/p>\n","protected":false},"excerpt":{"rendered":"<p>N\u00e3o \u00e9 de hoje que o Vasco vence o Madureira Esporte Clube. Ontem, o Gigante&#8230;<\/p>\n","protected":false},"author":7,"featured_media":58,"comment_status":"open","ping_status":"closed","sticky":false,"template":"","format":"standard","meta":{"footnotes":""},"categories":[4],"tags":[],"class_list":["post-808","post","type-post","status-publish","format-standard","has-post-thumbnail","hentry","category-luizcarlosrocha"],"_links":{"self":[{"href":"https:\/\/webvasco.com\/artigos\/wp-json\/wp\/v2\/posts\/808","targetHints":{"allow":["GET"]}}],"collection":[{"href":"https:\/\/webvasco.com\/artigos\/wp-json\/wp\/v2\/posts"}],"about":[{"href":"https:\/\/webvasco.com\/artigos\/wp-json\/wp\/v2\/types\/post"}],"author":[{"embeddable":true,"href":"https:\/\/webvasco.com\/artigos\/wp-json\/wp\/v2\/users\/7"}],"replies":[{"embeddable":true,"href":"https:\/\/webvasco.com\/artigos\/wp-json\/wp\/v2\/comments?post=808"}],"version-history":[{"count":0,"href":"https:\/\/webvasco.com\/artigos\/wp-json\/wp\/v2\/posts\/808\/revisions"}],"wp:featuredmedia":[{"embeddable":true,"href":"https:\/\/webvasco.com\/artigos\/wp-json\/wp\/v2\/media\/58"}],"wp:attachment":[{"href":"https:\/\/webvasco.com\/artigos\/wp-json\/wp\/v2\/media?parent=808"}],"wp:term":[{"taxonomy":"category","embeddable":true,"href":"https:\/\/webvasco.com\/artigos\/wp-json\/wp\/v2\/categories?post=808"},{"taxonomy":"post_tag","embeddable":true,"href":"https:\/\/webvasco.com\/artigos\/wp-json\/wp\/v2\/tags?post=808"}],"curies":[{"name":"wp","href":"https:\/\/api.w.org\/{rel}","templated":true}]}}