{"id":8080,"date":"2017-02-19T21:14:00","date_gmt":"2017-02-20T00:14:00","guid":{"rendered":"http:\/\/webvasco.com\/artigos\/?p=8080"},"modified":"2017-02-19T21:16:57","modified_gmt":"2017-02-20T00:16:57","slug":"classificou-mas","status":"publish","type":"post","link":"https:\/\/webvasco.com\/artigos\/colunistas\/classificou-mas\/","title":{"rendered":"Classificou, mas&#8230;"},"content":{"rendered":"<div dir=\"ltr\">\n<p>&#8230;n\u00e3o foi bem como o torcedor vasca\u00edno gostaria que!<\/p>\n<p><\/p>\n<p>Ali\u00e1s, passou LONGE de agradar n\u00e3o s\u00f3 ao vasca\u00edno, mas a quem aprecia o bom futebol! Digamos, como que a uma dist\u00e2ncia proporcional ao do asteroide que algu\u00e9m disse que poderia atingir a Terra, no \u00faltimo dia 16 de fevereiro!\u00a0<\/p>\n<p><\/p>\n<p>\u00c9 bem verdade que o Vasco somente come\u00e7ou a remontar seu time a partir do sacode perante o Fluminense, logo na estreia do campeonato estadual. Ali\u00e1s, digo-lhes com muita sinceridade que nunca uma derrota foi t\u00e3o ben\u00e9fica a um clube como aquela presenciada por n\u00f3s! Talvez n\u00e3o fosse a &quot;li\u00e7\u00e3o pedag\u00f3gica da bola&quot; dada naquele dia pelo tricolor das Laranjeiras, continuar\u00edamos a escutar uma s\u00e9rie de bravatas de nosso Presidente, de seus apoiadores e de outros mais querendo nos convencer que aquele time, at\u00e9 ent\u00e3o formado, seria suficiente. Talvez pud\u00e9ssemos vencer o campeonato carioca (vencemos por duas vezes anteriores com times do mesmo naipe ou ainda pior, como foi o de 2015), ser\u00edamos autoenganados mais uma vez, entrar\u00edamos no Brasileir\u00e3o que \u00e9 o que nos interessa de fato com o mesmo time, em dez rodadas estar\u00edamos tal como est\u00e1vamos no pr\u00f3prio ano de 2015, depois come\u00e7aria a correria para remontar tudo e tentar evitar (mais uma) queda. Este roteiro n\u00f3s, vasca\u00ednos, conhecemos faz tempo e, concordamos, n\u00e3o \u00e9 nada digno para n\u00f3s e nossa marca&#8230;<\/p>\n<p><\/p>\n<p>Entretanto, por mais que se deseje compreender a dificuldade de se reinventar ao meio de uma competi\u00e7\u00e3o, h\u00e1 coisas que n\u00e3o d\u00e1 pra aceitar. Com alguns refor\u00e7os j\u00e1 em campo, ou se ainda n\u00e3o estivessem, atua\u00e7\u00f5es p\u00edfias como as do primeiro tempo de ontem e a do jogo contra o &quot;poderoso&quot; Volta Redonda que, em menos de uma semana foi &quot;sacudido&quot; por Cruzeiro e pelo time reserva do Fluminense, s\u00e3o dignos de s\u00e9rios questionamentos. E quem responde por eles, em campo, \u00e9 o t\u00e9cnico Crist\u00f3v\u00e3o Borges. Por mais que se queira lhe dar um cr\u00e9dito de confian\u00e7a &#8211; e creio que tenha de ser dado, mesmo, ao menos por agora &#8211; o Vasco com ele n\u00e3o conseguiu, ainda, mostrar uma &quot;cara&quot;. Mesmo que feia, com pouqu\u00edssima efici\u00eancia e dose a mais de efic\u00e1cia (pois no fundo, o que importa mesmo \u00e9 vencer os jogos), mas nem isso o Vasco mostrou neste mais de um m\u00eas com o leme \u00e0s suas m\u00e3os.<\/p>\n<p><\/p>\n<p>E vejam bem, para deixar ainda mais claro aos senhores: n\u00e3o estou aqui exigindo que o time do Vasco se transforme em uma m\u00e1quina do dia para a noite; que envolva os advers\u00e1rios e que d\u00ea espet\u00e1culo. O que estou exigindo, na condi\u00e7\u00e3o de torcedor s\u00f3cio-geral do clube, \u00e9 que o Vasco tenha um jeito de jogar, que ao entrar em campo, a torcida j\u00e1 identifique no time uma jogada, uma postura que nos mostre que algo de bom est\u00e1 em andamento, sendo produzido. Repito: j\u00e1 vi times do Vasco com menos material humano se mostrar em campo com melhor arma\u00e7\u00e3o t\u00e1tica e, pasmem, na m\u00e3o de treinadores\u00a0questionados pela torcida,\u00a0como \u00e9 o caso de Crist\u00f3v\u00e3o no Vasco.\u00a0<\/p>\n<p><\/p>\n<p>A real situa\u00e7\u00e3o do time do Vasco hoje \u00e9: sofre pra vencer a fraqu\u00edssima Portuguesa da Ilha do Governador! Alguns ir\u00e3o enumerar uma &quot;s\u00e9rie&quot; (?) de gols perdidos pelo time no segundo tempo. Mais uma vez de forma bem sincera, gostaria de ter enxergado esta s\u00e9rie de chances perdidas, mas ainda que muitos a tenham enxergado: as chances que me veem na cabe\u00e7a perdidas foram muito mais oriundas de uma labuta individual da t\u00e9cnica de alguns jogadores do que, propriamente, pelo trabalho coletivo constru\u00eddo ao longo de semanas de trabalho.<\/p>\n<p><\/p>\n<p>O que nos d\u00e1 esperan\u00e7as s\u00e3o, de fato, os elementos que est\u00e3o chegando e que ainda dever\u00e3o se entrosar com o tempo para comporem, juntos, um time competitivo. Tempo ser\u00e1 dado a Crist\u00f3v\u00e3o, n\u00e3o tenho d\u00favidas disso. No entanto, ao longo de seu trabalho ele dever\u00e1 contar, em condi\u00e7\u00f5es normais, com seis jogadores de import\u00e2ncia\u00a0inquestion\u00e1vel: Mart\u00edn Silva para o gol; Luan para a defesa; Douglas, Nen\u00ea e Kelvin para o meio campo; e Lu\u00eds Fabiano que estar\u00e1 chegando para o ataque. Al\u00e9m de outros nomes de bom valor, como Gilberto, Rodrigo, Henrique, Jean, Bruno Paulista, W\u00e1gner, Guilherme Costa por exemplo. <\/p>\n<p><\/p>\n<p>Boa parte dos t\u00e9cnicos no Brasil gostariam de ter alguns ou muitos destes em seus times: Crist\u00f3v\u00e3o ter\u00e1. Poder\u00e1 n\u00e3o ter a paci\u00eancia merecida (?) por parte da torcida, mas ter\u00e1 por parte da diretoria, nisso eu tenho quase certeza e que, no fim, \u00e9 o que realmente importa. Ter\u00e1 toda uma Ta\u00e7a Rio para construir um trabalho que renda um time com vias \u00e0s decis\u00f5es de Ta\u00e7a Rio, possivelmente do campeonato estadual e do Brasileiro tamb\u00e9m. Se eu pudesse falar diretamente com Crist\u00f3v\u00e3o, lhe diria somente: &quot;fa\u00e7a o b\u00e1sico&quot;! N\u00e3o queira inventar volantes de forma a sacrificar jovens promissores como Evander. Vamos esperar e ver o que ir\u00e1 acontecer&#8230;<\/p>\n<p><\/p>\n<p>********<\/p>\n<p><\/p>\n<p>Uma coisa, no entanto, n\u00e3o pode de forma alguma passar em branco nesse imbr\u00f3glio todo desta forma\u00e7\u00e3o deste time do Vasco: o p\u00e9ssimo planejamento tra\u00e7ado pela dire\u00e7\u00e3o do clube neste come\u00e7o de ano.<\/p>\n<p><\/p>\n<p>O Vasco foi disputar um torneio que absolutamente nada valia nos States. Perdeu a chance de melhor preparar fisicamente seu elenco. Hoje, inegavelmente, o time \u00e9 o que tem o pior preparo f\u00edsico de todos os grandes do Rio de Janeiro.\u00a0<\/p>\n<p><\/p>\n<p>Apostou-se numa base n\u00e3o t\u00e3o qualificada e envelhecida oriunda de um segundo semestre pra l\u00e1 de sofr\u00edvel, ainda que disputando uma segunda divis\u00e3o fraqu\u00edssima. Alguns veteranos dispensados do elenco principal e sem ning\u00fa\u00e9m chegando para compor suas posi\u00e7\u00f5es. Resultado: um plantel sem volantes, e sem atacantes de qualidade, tal como j\u00e1 n\u00e3o tinha mesmo, no caso desta \u00faltima posi\u00e7\u00e3o citada. E assim, iri\u00e1mos por algum tempo, n\u00e3o fosse o Fluminense mostrar o \u00f3bvio a todos naquela tarde com aquele mal necess\u00e1rio resultado gerado.<\/p>\n<p><\/p>\n<p>Por fim, somente agora consegue se enxergar um plantel se construindo, ao passo que os demais j\u00e1 possuem os seus devidamente formados. Enfim, se Crist\u00f3v\u00e3o tem toda a responsabilidade com o rendimento do time em campo, fora dele a responsabilidade \u00e9 das pessoas que (n\u00e3o) planejaram este in\u00edcio de ano do clube. Pontue-se e\u00a0cobre-se, portanto, de seus respons\u00e1veis por suas responsabilidades delegadas.<\/p>\n<p><\/p>\n<p>********<\/p>\n<p><\/p>\n<p>Vasco pegar\u00e1 um\u00a0Flamengo embalado, mais encorpado, com melhor time e jogando pelo empate pelas semifinais da Ta\u00e7a Guanabara. A \u00daNICA raz\u00e3o que nos leva a crer que algo de diferente de uma elimina\u00e7\u00e3o possa acontecer no pr\u00f3ximo s\u00e1bado de carnaval (ali\u00e1s, &quot;palmas&quot; em modo ir\u00f4nico para quem marca e para os que consentem a realiza\u00e7\u00e3o de um cl\u00e1ssico com esta magnitude em um dia como este) \u00e9 o retrospecto que pesa contra o advers\u00e1rio perante as \u00faltimas semifinais, competi\u00e7\u00f5es eliminat\u00f3rias e \u00faltimos confrontos diretos. Como a esperan\u00e7a \u00e9 a \u00faltima que morre, apegamo-nos \u00e0 pr\u00f3pria&#8230;<\/p>\n<p><\/p>\n<p>********<\/p>\n<p><\/p>\n<p>Postei em uma rede social que n\u00e3o tenho mais tanta vontade e tanto tempo dispon\u00edvel em escrever sobre Vasco. Portanto, minhas apari\u00e7\u00f5es pelo blog s\u00e3o espor\u00e1dicas, e n\u00e3o por puro oportunismo e \/ ou n\u00e3o querer &quot;dar a cara&quot; em tempos dif\u00edceis. Ainda assim, o lado torcedor se aflora e, no fundo em especial, eu quero \u00e9 realmente estar enganado em muito do que comento e escrevo em certas horas.<\/p>\n<p><\/p>\n<p><strong>Twitter: @mscmariotti<\/strong><\/p>\n<\/div>\n<p><\/p>\n","protected":false},"excerpt":{"rendered":"<p>&#8230;n\u00e3o foi bem como o torcedor vasca\u00edno gostaria que! Ali\u00e1s, passou LONGE de agradar n\u00e3o&#8230;<\/p>\n","protected":false},"author":12,"featured_media":0,"comment_status":"open","ping_status":"closed","sticky":false,"template":"","format":"standard","meta":{"footnotes":""},"categories":[3],"tags":[],"class_list":["post-8080","post","type-post","status-publish","format-standard","hentry","category-colunistas"],"_links":{"self":[{"href":"https:\/\/webvasco.com\/artigos\/wp-json\/wp\/v2\/posts\/8080","targetHints":{"allow":["GET"]}}],"collection":[{"href":"https:\/\/webvasco.com\/artigos\/wp-json\/wp\/v2\/posts"}],"about":[{"href":"https:\/\/webvasco.com\/artigos\/wp-json\/wp\/v2\/types\/post"}],"author":[{"embeddable":true,"href":"https:\/\/webvasco.com\/artigos\/wp-json\/wp\/v2\/users\/12"}],"replies":[{"embeddable":true,"href":"https:\/\/webvasco.com\/artigos\/wp-json\/wp\/v2\/comments?post=8080"}],"version-history":[{"count":0,"href":"https:\/\/webvasco.com\/artigos\/wp-json\/wp\/v2\/posts\/8080\/revisions"}],"wp:attachment":[{"href":"https:\/\/webvasco.com\/artigos\/wp-json\/wp\/v2\/media?parent=8080"}],"wp:term":[{"taxonomy":"category","embeddable":true,"href":"https:\/\/webvasco.com\/artigos\/wp-json\/wp\/v2\/categories?post=8080"},{"taxonomy":"post_tag","embeddable":true,"href":"https:\/\/webvasco.com\/artigos\/wp-json\/wp\/v2\/tags?post=8080"}],"curies":[{"name":"wp","href":"https:\/\/api.w.org\/{rel}","templated":true}]}}