{"id":8081,"date":"2017-02-25T23:42:01","date_gmt":"2017-02-26T02:42:01","guid":{"rendered":"http:\/\/webvasco.com\/artigos\/?p=8081"},"modified":"2017-02-25T23:48:13","modified_gmt":"2017-02-26T02:48:13","slug":"quarta-feira-de-cinzas","status":"publish","type":"post","link":"https:\/\/webvasco.com\/artigos\/colunistas\/luizcarlosrocha\/quarta-feira-de-cinzas\/","title":{"rendered":"QUARTA-FEIRA DE CINZAS!"},"content":{"rendered":"<div>\n<div style=\"color:#000; background-color:#fff; font-family:HelveticaNeue-Light, Helvetica Neue Light, Helvetica Neue, Helvetica, Arial, Lucida Grande, sans-serif;font-size:32px\">\n<div style=\"text-align:justify\" id=\"yui_3_16_0_1_1488070616837_43401\"><span style=\"font-size:14.0pt;line-height:107%;font-family:&quot;Arial&quot;,sans-serif\" id=\"yui_3_16_0_1_1488070616837_43402\">Depois de 9 partidas (6 vit\u00f3rias  do Vasco e 3 empates) o time perdeu por 1 0, gol de Diego em cobran\u00e7a de p\u00eanalti,  para o Flamengo, hoje, em partida v\u00e1lida pela semifinal do Campeonato Carioca,  Primeiro Turno (Ta\u00e7a Guanabara), no Est\u00e1dio Raulino de Oliveira, em Volta  Redonda. Com o resultado o Cruzmaltino foi eliminado da competi\u00e7\u00e3o em uma  analogia a quarta-feira de cinzas, ou seja, acabado e sem qualquer valor!<o:p id=\"yui_3_16_0_1_1488070616837_43403\"><\/o:p><\/span><\/div>\n<div style=\"text-align:justify\" id=\"yui_3_16_0_1_1488070616837_43404\"><span style=\"font-size:14.0pt;line-height:107%;font-family:&quot;Arial&quot;,sans-serif\" id=\"yui_3_16_0_1_1488070616837_43405\">&nbsp;&nbsp;&nbsp;&nbsp;&nbsp;&nbsp;&nbsp;&nbsp; \u201cQuanto riso, quanta alegria, apenas sete mil palha\u00e7os no  sal\u00e3o, torcedor chorando pela estreia fabulosa no meio da multid\u00e3o\u201d E tem  recado para o Estagi\u00e1rio: \u201cN\u00e3o foi bom te ver outra vez, est\u00e1 fazendo um tempo,  foi no campeonato que passou, sou aquele torcedor, que voc\u00ea maltratou,  desrespeitou meu amor (n\u00e3o mesmo).\u201d<o:p id=\"yui_3_16_0_1_1488070616837_43406\"><\/o:p><\/span><\/div>\n<div style=\"text-align:justify\" id=\"yui_3_16_0_1_1488070616837_43407\"><span style=\"font-size:14.0pt;line-height:107%;font-family:&quot;Arial&quot;,sans-serif\" id=\"yui_3_16_0_1_1488070616837_43408\">&nbsp;&nbsp;&nbsp;&nbsp;&nbsp;&nbsp;&nbsp;&nbsp; Certamente com mais esse fracasso: \u201cAs \u00e1guas v\u00e3o rolar. Garrafa  cheia de incompet\u00eancia eu n\u00e3o quero ver sobrar&#8230;\u201d Demiss\u00e3o j\u00e1! Ali\u00e1s, nunca  deveria ter sido repatriado.<o:p id=\"yui_3_16_0_1_1488070616837_43409\"><\/o:p><\/span><\/div>\n<div style=\"text-align:justify\" id=\"yui_3_16_0_1_1488070616837_43410\"><span style=\"font-size:14.0pt;line-height:107%;font-family:&quot;Arial&quot;,sans-serif\" id=\"yui_3_16_0_1_1488070616837_43411\">&nbsp;&nbsp;&nbsp;&nbsp;&nbsp;&nbsp;&nbsp;&nbsp; Zagueiro: \u201cSe voc\u00ea fosse bom de bola, \u00f4\u00f4\u00f4 Rodrigo, veja s\u00f3  que bom que era, \u00f4\u00f4\u00f4 Rodrigo&#8230;\u201d Nem Thalles escapa: \u201cQuando por mim voc\u00ea passa  (a bola), fingindo que n\u00e3o me v\u00ea. Meu cora\u00e7\u00e3o quase se despeda\u00e7a. No balanc\u00ea, balanc\u00ea.\u201d<o:p id=\"yui_3_16_0_1_1488070616837_43412\"><\/o:p><\/span><\/div>\n<div style=\"text-align:justify\" id=\"yui_3_16_0_1_1488070616837_43413\"><span style=\"font-size:14.0pt;line-height:107%;font-family:&quot;Arial&quot;,sans-serif\" id=\"yui_3_16_0_1_1488070616837_43414\">&nbsp;&nbsp;&nbsp;&nbsp;&nbsp;&nbsp;&nbsp;&nbsp; Aquele certo gestor conhecido diz: \u201cMe d\u00e1 um dinheiro a\u00ed! N\u00e3o  vai dar? N\u00e3o vai dar n\u00e3o? Voc\u00ea vai ver a grande confus\u00e3o. Que eu vou fazer bebendo  at\u00e9 cair para a Segunda Divis\u00e3o\u201d. Como se n\u00e3o bastasse, est\u00e1 fazendo escola: \u201cPapai  eu quero, papai eu quero. Papai eu quero mamar. D\u00e1 a chupeta, d\u00e1 a chupeta. D\u00e1  a chupeta pro bebe n\u00e3o chorar.\u201d<o:p id=\"yui_3_16_0_1_1488070616837_43415\"><\/o:p><\/span><\/div>\n<div style=\"text-align:justify\" id=\"yui_3_16_0_1_1488070616837_43416\"><span style=\"font-size:14.0pt;line-height:107%;font-family:&quot;Arial&quot;,sans-serif\" id=\"yui_3_16_0_1_1488070616837_43417\">&nbsp;&nbsp;&nbsp;&nbsp;&nbsp;&nbsp;&nbsp;&nbsp; Para concluir o dirigente responderia: \u201cDorme filhinho do  meu cora\u00e7\u00e3o. Pega esse carguinho e entra pro meu esquem\u00e3o. Mas quem tem raz\u00e3o mesmo  \u00e9 a Imensa Torcida Bem Feliz, em rela\u00e7\u00e3o a atual administra\u00e7\u00e3o: \u201c\u00d3 abre alas  que eu quero passar (que n\u00e3o volte mais!)\u201d. \u201cVoc\u00ea pensa que contrata\u00e7\u00e3o de  jogador \u00e9 t\u00edtulo. Contrata\u00e7\u00e3o n\u00e3o \u00e9 t\u00edtulo n\u00e3o. Contrata\u00e7\u00e3o \u00e9 f\u00e1cil de  acontecer, e t\u00edtulo vem sem precisar me enlouquecer!\u201d<o:p id=\"yui_3_16_0_1_1488070616837_43418\"><\/o:p><\/span><\/div>\n<div style=\"text-align:justify\" id=\"yui_3_16_0_1_1488070616837_43419\"><span style=\"font-size:14.0pt;line-height:107%;font-family:&quot;Arial&quot;,sans-serif\" id=\"yui_3_16_0_1_1488070616837_43420\"><o:p id=\"yui_3_16_0_1_1488070616837_43421\">&nbsp;<\/o:p><\/span><\/div>\n<div style=\"text-align:justify\" id=\"yui_3_16_0_1_1488070616837_43422\"><span style=\"font-size:14.0pt;line-height:107%;font-family:&quot;Arial&quot;,sans-serif\" id=\"yui_3_16_0_1_1488070616837_43423\">&nbsp;&nbsp;&nbsp;&nbsp;&nbsp;&nbsp;&nbsp;&nbsp; <o:p id=\"yui_3_16_0_1_1488070616837_43424\"><\/o:p><\/span><\/div>\n<div style=\"text-align:justify\" id=\"yui_3_16_0_1_1488070616837_43425\"><b id=\"yui_3_16_0_1_1488070616837_43426\"><u id=\"yui_3_16_0_1_1488070616837_43427\"><span style=\"font-size:14.0pt;line-height:107%;font-family:&quot;Arial&quot;,sans-serif\" id=\"yui_3_16_0_1_1488070616837_43428\">PERPLEXO  COM O PODER JUDICI\u00c1RIO:<o:p id=\"yui_3_16_0_1_1488070616837_43429\"><\/o:p><\/span><\/u><\/b><\/div>\n<div style=\"text-align:justify\" id=\"yui_3_16_0_1_1488070616837_43430\"><span style=\"font-size:14.0pt;line-height:107%;font-family:&quot;Arial&quot;,sans-serif\" id=\"yui_3_16_0_1_1488070616837_43431\">DEPOIS DE AGUARDAR <b id=\"yui_3_16_0_1_1488070616837_43432\">44 MESES, OU SEJA, 3 ANOS E OITO MESES  (CARRO DESDE 10 DE JUNHO DE 2013)<\/b> COM O CARRO PRESO NA OFICINA DA ABOLI\u00c7\u00c3O  VE\u00cdCULOS COM APENAS 729 KM RODADOS, EM UM PROCESSO COM 6 VOLUMES, NA 1\u00aa VARA  CIVEL, DA COMARCA DE NITER\u00d3I\/RJ, REGIONAL OCE\u00c2NICA, A SENTEN\u00c7A FOI INDEFERIR  TODOS OS MEUS PEDIDOS E AINDA CONDENAR EM 10% DE CUSTAS JUDICIAIS. OU SEJA,  FIQUEI SEM CARRO ESSE TEMPO TODO (MESMO PAGANDO \u00c0 VISTA POR ELE), JUNTEI PROVAS  COMO REGISTRO DE OCORR\u00caNCIA DA POL\u00cdCIA CIVIL\/RJ, BOLETIM DE OCORR\u00caNCIA DA  POLICIA MILITAR\/RJ, ORDENS DE SERVI\u00c7O, MAIS DE 600 FOTOGRAFIAS, MAIS DE 40  \u00c1UDIOS, NOTAS FISCAIS, NOTAS DE T\u00c1XI, PRONTU\u00c1RIOS M\u00c9DICOS, POIS NESTE PER\u00cdODO  TIVE PROBLEMAS DE SA\u00daDE, BEM COMO MEUS FAMILIARES, TENDO UMA FILHA QUE HOJE TEM  APENAS 5 ANOS, NA \u00c9POCA POUCO MAIS DE 1 ANINHO. VALE LEMBRAR, QUE OS PRIMEIROS  DEFEITOS SE DERAM QUANDO O CARRO TINHA MENOS DE 30 KM RODADOS. TUDO ISSO PARA  NADA. QUEM GOSTOU DO RESULTADO DA DOUTA MAGRISTRADA FORAM AS EMPRESAS R\u00c9S \u2013 QUE  ME LESARAM \u2013 ABOLI\u00c7\u00c3O VE\u00cdCULOS E VW DO BRASIL (PROCESSO: No  0016370-44.2013.8.19.0212).<o:p id=\"yui_3_16_0_1_1488070616837_43433\"><\/o:p><\/span><\/div>\n<div style=\"text-align:justify\" id=\"yui_3_16_0_1_1488070616837_43434\"><b id=\"yui_3_16_0_1_1488070616837_43435\"><span style=\"font-size:14.0pt;line-height:107%;font-family:&quot;Arial&quot;,sans-serif\" id=\"yui_3_16_0_1_1488070616837_43436\">&nbsp;<o:p id=\"yui_3_16_0_1_1488070616837_43437\"><\/o:p><\/span><\/b><\/div>\n<div style=\"text-align:justify\" id=\"yui_3_16_0_1_1488070616837_43438\"><b id=\"yui_3_16_0_1_1488070616837_43439\"><span style=\"font-size:14.0pt;line-height:107%;font-family:&quot;Arial&quot;,sans-serif\" id=\"yui_3_16_0_1_1488070616837_43440\">&nbsp;&nbsp;&nbsp;&nbsp;&nbsp;&nbsp;&nbsp;&nbsp;&nbsp;&nbsp;&nbsp;&nbsp;&nbsp;&nbsp; <o:p id=\"yui_3_16_0_1_1488070616837_43441\"><\/o:p><\/span><\/b><\/div>\n<div style=\"text-align:justify\" id=\"yui_3_16_0_1_1488070616837_43442\"><b id=\"yui_3_16_0_1_1488070616837_43443\"><span style=\"font-size:14.0pt;line-height:107%;font-family:&quot;Arial&quot;,sans-serif\" id=\"yui_3_16_0_1_1488070616837_43444\">&nbsp;&nbsp;&nbsp;&nbsp;&nbsp;&nbsp;&nbsp;&nbsp;&nbsp;&nbsp;&nbsp;&nbsp;&nbsp;&nbsp;&nbsp;&nbsp;&nbsp;&nbsp;&nbsp;&nbsp;&nbsp; &nbsp;&nbsp;&nbsp;&nbsp;&nbsp;&nbsp;&nbsp;&nbsp;&nbsp;<o:p id=\"yui_3_16_0_1_1488070616837_43445\"><\/o:p><\/span><\/b><\/div>\n<div id=\"yui_3_16_0_1_1488070616837_43201\">                                                    <\/div>\n<div style=\"text-align:justify\" dir=\"ltr\" id=\"yui_3_16_0_1_1488070616837_43446\"><b id=\"yui_3_16_0_1_1488070616837_43447\"><span style=\"font-size:14.0pt;line-height:107%;font-family:&quot;Arial&quot;,sans-serif\" id=\"yui_3_16_0_1_1488070616837_43448\">AP\u00d3S  AS TODAS AS PARTIDAS DO VASC\u00c3O EM MEU PERFIL DO FACEBOOK (QUEM QUISER RECEBER  AS CR\u00d4NICAS DE PRIMEIRA M\u00c3O \u00c9 S\u00d3 ME ADICIONAR), E NO SITE WEBVASCO  (<a href=\"http:\/\/www.webvasco.com\">www.webvasco.com<\/a>), TEM A OPINI\u00c3O DO JORNALISTA LUIZ CARLOS ROCHA. LEIAM!  COMPARTILHEM E CURTAM! VASCA\u00cdNOS UNIDOS JAMAIS SER\u00c3O VENCIDOS.<o:p id=\"yui_3_16_0_1_1488070616837_43449\"><\/o:p><\/span><\/b><\/div>\n<div id=\"yui_3_16_0_1_1488070616837_43201\"><span><br \/><\/span><\/div>\n<div id=\"yui_3_16_0_1_1488070616837_43201\"><span><br \/><\/span><\/div>\n<div id=\"yui_3_16_0_1_1488070616837_43201\"><span><br \/><\/span><\/div>\n<div><\/div>\n<div id=\"yui_3_16_0_1_1488070616837_43194\">&nbsp;<\/div>\n<div class=\"signature\" id=\"yui_3_16_0_1_1488070616837_43199\">\n<div id=\"RTEContent\">\n<div id=\"yui_3_16_0_1_1488070616837_43198\">\n<div id=\"yui_3_16_0_1_1488070616837_43197\">\n<div id=\"yui_3_16_0_1_1488070616837_43196\">\n<div align=\"center\" id=\"yui_3_16_0_1_1488070616837_43195\"><\/div>\n<\/div>\n<\/div>\n<\/div>\n<\/div>\n<\/div>\n<\/div>\n<\/div>\n<p><\/p>\n","protected":false},"excerpt":{"rendered":"<p>Depois de 9 partidas (6 vit\u00f3rias do Vasco e 3 empates) o time perdeu por&#8230;<\/p>\n","protected":false},"author":7,"featured_media":0,"comment_status":"open","ping_status":"closed","sticky":false,"template":"","format":"standard","meta":{"footnotes":""},"categories":[4],"tags":[],"class_list":["post-8081","post","type-post","status-publish","format-standard","hentry","category-luizcarlosrocha"],"_links":{"self":[{"href":"https:\/\/webvasco.com\/artigos\/wp-json\/wp\/v2\/posts\/8081","targetHints":{"allow":["GET"]}}],"collection":[{"href":"https:\/\/webvasco.com\/artigos\/wp-json\/wp\/v2\/posts"}],"about":[{"href":"https:\/\/webvasco.com\/artigos\/wp-json\/wp\/v2\/types\/post"}],"author":[{"embeddable":true,"href":"https:\/\/webvasco.com\/artigos\/wp-json\/wp\/v2\/users\/7"}],"replies":[{"embeddable":true,"href":"https:\/\/webvasco.com\/artigos\/wp-json\/wp\/v2\/comments?post=8081"}],"version-history":[{"count":0,"href":"https:\/\/webvasco.com\/artigos\/wp-json\/wp\/v2\/posts\/8081\/revisions"}],"wp:attachment":[{"href":"https:\/\/webvasco.com\/artigos\/wp-json\/wp\/v2\/media?parent=8081"}],"wp:term":[{"taxonomy":"category","embeddable":true,"href":"https:\/\/webvasco.com\/artigos\/wp-json\/wp\/v2\/categories?post=8081"},{"taxonomy":"post_tag","embeddable":true,"href":"https:\/\/webvasco.com\/artigos\/wp-json\/wp\/v2\/tags?post=8081"}],"curies":[{"name":"wp","href":"https:\/\/api.w.org\/{rel}","templated":true}]}}