{"id":809,"date":"2014-03-05T19:50:16","date_gmt":"2014-03-05T22:50:16","guid":{"rendered":"http:\/\/webvasco.com\/artigos\/?p=809"},"modified":"2014-03-05T19:54:15","modified_gmt":"2014-03-05T22:54:15","slug":"lies-de-um-carnaval","status":"publish","type":"post","link":"https:\/\/webvasco.com\/artigos\/colunistas\/lies-de-um-carnaval\/","title":{"rendered":"Li&ccedil;&otilde;es de um carnaval"},"content":{"rendered":"<div dir=\"ltr\">\n<p style=\"margin:0px 0px 10px;padding:0px;border:0px;outline:0px;font-size:15px;vertical-align:baseline;color:rgb(51,51,51);line-height:21px\">Durante a madrugada de segunda para ter\u00e7a-feira, estava a escutar os coment\u00e1rios dos radialistas da Tupi \/ RJ, Eug\u00eanio Leal, F\u00e1bio Fabato, Lu\u00eds Fernando entre outros que compunham a mesa de coment\u00e1rios sobre os desfiles das escolas de samba do Grupo Especial.<\/p>\n<p><\/p>\n<p style=\"margin:0px 0px 10px;padding:0px;border:0px;outline:0px;font-size:15px;vertical-align:baseline;color:rgb(51,51,51);line-height:21px\">Quando eram decorridos, aproximadamente, trinta minutos de desfile da Portela, um desses comentaristas (n\u00e3o me lembro de qual, agora) discorreu sobre como a Portela havia mudado seu comportamento, sua postura, sua forma de encarar o carnaval. N\u00e3o mais como uma coadjuvante tal como a velha \u00c1guia &ndash; a MAIOR CAMPE\u00c3 do carnaval carioca &ndash; se &ldquo;acostumara&rdquo; a se colocar nos \u00faltimos nove anos, ou simplesmente, tr\u00eas gest\u00f5es do ex-Presidente, que quando assumiu em 2005, logo como &ldquo;cart\u00e3o-de-visita&rdquo;, conseguiu levar a tradicional\u00edssima escola ao PIOR POSTO de sua hist\u00f3ria! Naquele ano, com um desfile desastroso, a Portela s\u00f3 n\u00e3o foi parar no Grupo de Acesso pela primeira vez em sua hist\u00f3ria e logo no primeiro carnaval do Presidente rec\u00e9m-assumido porque a Tradi\u00e7\u00e3o (escola oriunda da pr\u00f3pria Portela) conseguiu ser pior e ficar com a vaga de \u00fanica rebaixada.<\/p>\n<p><\/p>\n<p style=\"margin:0px 0px 10px;padding:0px;border:0px;outline:0px;font-size:15px;vertical-align:baseline;color:rgb(51,51,51);line-height:21px\"><img decoding=\"async\" alt=\"\" src=\"http:\/\/www.supervasco.com\/media\/uploads\/cristiano-mariotti\/2014\/03\/05\/classificacao_carnaval_2005.jpg\" style=\"margin: 0px; padding: 0px; border: none; outline: 0px; vertical-align: baseline; width: 152px; height: 345px;\"\/><\/p>\n<p><\/p>\n<p style=\"margin:0px 0px 10px;padding:0px;border:0px;outline:0px;font-size:15px;vertical-align:baseline;color:rgb(51,51,51);line-height:21px\"><strong style=\"margin:0px;padding:0px;border:0px;outline:0px;vertical-align:baseline;color:rgb(68,68,68);font-family:Arial,&#39;Times New Roman&#39;,serif\">Classifica\u00e7\u00e3o do Grupo Especial &ndash; Escolas de samba do Rio de Janeiro &ndash; 2005 (Fonte:<a href=\"http:\/\/pt.wikipedia.org\/wiki\/Anexo:Resultados_do_Carnaval_do_Rio_de_Janeiro_em_2005#Grupo_Especial\" style=\"margin:0px;padding:0px;border:0px;outline:0px;vertical-align:baseline;color:rgb(235,16,20);letter-spacing:0px\"><\/a><a href=\"http:\/\/pt.wikipedia.org\/wiki\/Anexo:Resultados_do_Carnaval_do_Rio_de_Janeiro_em_2005#Grupo_Especial\" >http:\/\/pt.wikipedia.org\/wiki\/Anexo:Resultados_do_Carnaval_do_Rio_de_Janeiro_em_2005#Grupo_Especial<\/a>)<\/strong><\/p>\n<p><\/p>\n<p style=\"margin:0px 0px 10px;padding:0px;border:0px;outline:0px;font-size:15px;vertical-align:baseline;color:rgb(51,51,51);line-height:21px\">Prosseguindo em seus coment\u00e1rios, esse mesmo comentarista, ao mesmo tempo, vibrava com a volta da Portela \u00e0s suas ra\u00edzes: um belo desfile, um \u00f3timo samba, mas acima de tudo, o resgate da autoestima do portelense ao ver, mais uma vez, sua escola de samba com &ldquo;ar de autoridade&rdquo; perante as demais. Longe da arrog\u00e2ncia, contudo, respeitando a si mesmo, \u00e0 sua hist\u00f3ria no carnaval carioca e mostrando que, de fato, ela merece por parte das outras tal respeito, por ela (Portela) representar uma fatia consider\u00e1vel dos grandes desfiles j\u00e1 realizados. Pois atrav\u00e9s da Portela (com 21 t\u00edtulos) e da Imp\u00e9rio Serrano (essa ainda precisa reencontrar seu caminho, apesar de seus nove t\u00edtulos conquistados), Madureira ficou conhecida durante muitas d\u00e9cadas como &ldquo;capital do samba&rdquo;.<\/p>\n<p><\/p>\n<p style=\"margin:0px 0px 10px;padding:0px;border:0px;outline:0px;font-size:15px;vertical-align:baseline;color:rgb(51,51,51);line-height:21px\">E como a Portela conseguiu esse resgate, essa reden\u00e7\u00e3o? Pelo que acompanho de samba e corroborando com os coment\u00e1rios dessa mesma equipe de jornalistas e comentaristas de carnaval, em primeiro lugar atrav\u00e9s da UNI\u00c3O dos baluartes portelenses em torno de um nome para mudar o panorama desfavor\u00e1vel e sem perspectivas da velha \u00c1guia. Em segundo lugar trocando, atrav\u00e9s das elei\u00e7\u00f5es ocorridas em maio do ano passado, um Presidente que j\u00e1 n\u00e3o dava mais esperan\u00e7as por dias melhores por um que representasse a vontade do portelense em resgatar seus pr\u00f3prios princ\u00edpios: que viesse a respeitar a hist\u00f3ria da Portela, seus t\u00edtulos, sua comunidade e sua pr\u00f3pria torcida espalhada pela cidade, constru\u00edda e passada de gera\u00e7\u00e3o em gera\u00e7\u00e3o. N\u00e3o \u00e9 a toa que a azu-e-branco suburbana, segundo uma pesquisa por amostragem, ainda tem uma das maiores torcidas mesmo com TRINTA ANOS de jejum.<\/p>\n<p><\/p>\n<p style=\"margin:0px 0px 10px;padding:0px;border:0px;outline:0px;font-size:15px;vertical-align:baseline;color:rgb(51,51,51);line-height:21px\">Creio que qualquer semelhan\u00e7a entre Portela e Vasco, at\u00e9 onde relatei, esteja longe de ser mera coincid\u00eancia. Ao mesmo tempo em que eu escrevia e que voc\u00eas liam, passava-nos na cabe\u00e7a uma associa\u00e7\u00e3o direta entre a \u00c1guia e o Almirante. Esse \u00faltimo, ao contr\u00e1rio da tradicional escola de samba, continua a se &ldquo;arrastar&rdquo;. Sem perspectivas, sem nos dar ao menos um alento enquanto a diretoria administrativa tendo como Presidente Roberto estiver no poder do clube. Ali\u00e1s, n\u00e3o \u00e9 s\u00f3 no Vasco que a &ldquo;guerra de vaidades&rdquo; \u00e9 mais forte do que os interesses do clube: na Portela, o ex-Presidente chegou a ser candidato no \u00faltimo pleito, mas a vontade de mudan\u00e7a do quadro social da Portela foi mais forte do que a vaidade do pr\u00f3prio, em querer mais um mandato mesmo sabendo que o torcedor portelense (o que n\u00e3o \u00e9 associado) n\u00e3o mais o queria l\u00e1.<\/p>\n<p><\/p>\n<p style=\"margin:0px 0px 10px;padding:0px;border:0px;outline:0px;font-size:15px;vertical-align:baseline;color:rgb(51,51,51);line-height:21px\">E \u00e9 nesse horizonte que vislumbro a esperan\u00e7a por um futuro melhor para nosso clube. Na f\u00e9 de que o quadro social do Vasco seja mais atuante do que o Conselho Deliberativo, que N\u00c3O FOI CAPAZ de cumprir sequer o que reza o item &ldquo;e&rdquo; do artigo 96 do Estatuto de nosso clube: &ldquo;preservar as tradi\u00e7\u00f5es do clube&rdquo;. Consultando o dicion\u00e1rio on line, encontro como defini\u00e7\u00e3o para&nbsp;<strong style=\"margin:0px;padding:0px;border:0px;outline:0px;vertical-align:baseline;color:rgb(68,68,68);font-family:Arial,&#39;Times New Roman&#39;,serif\">&ldquo;tradi\u00e7\u00e3o&rdquo;: &ldquo;Transmiss\u00e3o de doutrinas, de lendas, de costumes etc., durante longo espa\u00e7o de tempo, especialmente pela palavra: a tradi\u00e7\u00e3o \u00e9 o la\u00e7o do passado com o presente&rdquo; (fonte:<a href=\"http:\/\/www.dicio.com.br\/tradicao\/\" style=\"margin:0px;padding:0px;border:0px;outline:0px;vertical-align:baseline;color:rgb(235,16,20);letter-spacing:0px\"><\/a><a href=\"http:\/\/www.dicio.com.br\/tradicao\/\" >http:\/\/www.dicio.com.br\/tradicao\/<\/a>&nbsp;)<\/strong>. Em s\u00edntese: dentre outras raz\u00f5es que poderia citar aqui, mas que al\u00e9m de desvirtuar o foco do presente texto ainda renderia um texto maior ainda do que o apresentado, s\u00f3 o fato de ter levado o time de futebol pela SEGUNDA VEZ em CINCO ANOS de novo para a SEGUNDA DIVIS\u00c3O, desonrando a tradi\u00e7\u00e3o de um clube que de l\u00e1 veio e que, at\u00e9 ent\u00e3o mesmo aos &ldquo;trancos e barrancos&rdquo; JAMAIS tinha sido rebaixado uma s\u00f3 vez em sua hist\u00f3ria, j\u00e1 justificaria uma poss\u00edvel retirada do Presidente do poder SE HOUVESSE relega\u00e7\u00e3o das vaidades, dos interesses pessoais acima do clube e, acima de tudo isso, RESPEITO pela pr\u00f3pria institui\u00e7\u00e3o.<\/p>\n<p><\/p>\n<p style=\"margin:0px 0px 10px;padding:0px;border:0px;outline:0px;font-size:15px;vertical-align:baseline;color:rgb(51,51,51);line-height:21px\">Muitos dizem que carnaval \u00e9 s\u00f3 festa para dar &ldquo;p\u00e3o e circo&rdquo; e &ldquo;bitolar&rdquo; ainda mais um povo, tornando-o ainda mais incapaz de lutar por seus direitos. Mas na &ldquo;ilus\u00e3o dessa avenida&rdquo; (grito de incentivo da escola Arranco do Engenho de Dentro), pode-se tirar conhecimentos, ensinamentos, refer\u00eancias: uma dessas citadas, em uma clara alus\u00e3o de como a Portela pode (e deve) servir de refer\u00eancia para o Vasco, em um futuro pr\u00f3ximo. N\u00e3o somente pela UNI\u00c3O (a cada dia mais ut\u00f3pico em S\u00e3o Janu\u00e1rio), por\u00e9m pela VONTADE DE MUDAR algo que est\u00e1 sem rumo, sem cr\u00e9dito, desgastado e que, no linguajar popular, &ldquo;j\u00e1 deu&rdquo;. Tal como o exemplo portelense, o vasca\u00edno, atrav\u00e9s de seu quadro social, ter\u00e1 mais uma chance em 2014 para mais uma &ldquo;virada em sua hist\u00f3ria&rdquo;, EXPURGANDO do poder os passados mais e menos recentes que &ldquo;j\u00e1 deram&rdquo;.<\/p>\n<p><\/p>\n<p style=\"margin:0px 0px 10px;padding:0px;border:0px;outline:0px;font-size:15px;vertical-align:baseline;color:rgb(51,51,51);line-height:21px\"><strong style=\"margin:0px;padding:0px;border:0px;outline:0px;vertical-align:baseline;color:rgb(68,68,68);font-family:Arial,&#39;Times New Roman&#39;,serif\">O que a Globo n\u00e3o mostrou<\/strong><\/p>\n<p><\/p>\n<p style=\"margin:0px 0px 10px;padding:0px;border:0px;outline:0px;font-size:15px;vertical-align:baseline;color:rgb(51,51,51);line-height:21px\">Obviamente, a transmiss\u00e3o da Globo (detentora dos direitos de transmiss\u00e3o de todos os desfiles do carnaval carioca) n\u00e3o iria mesmo dar foco \u00e0 essa provoca\u00e7\u00e3o. Naturalmente como \u00e9 de costume quando vai de encontro aos interesses contr\u00e1rios ao &ldquo;mais favorecido&rdquo; da m\u00eddia, sua c\u00e2mera cortou na hora, e os seus comentaristas pela TV em NADA se atreveram a comentar. Mas achei, simplesmente, SENSACIONAL ao final do desfile da Mocidade Independente de Padre Miguel &ndash; cujo enredo foi &ldquo;Pernambuc\u00f3polis&rdquo; &ndash; a resposta clara e direta ao Flamengo, \u00e0 emissora e a tantos outros com interesses em torno da marca sobre o VERDADEIRO CAMPE\u00c3O brasileiro de 1987, homologado pela cooptada CBF nos dias atuais e que sacramentou tal homologa\u00e7\u00e3o o indicando (ao lado do Guarani) como representantes brasileiros da Ta\u00e7a Libertadores da Am\u00e9rica, em 1988. Deixo abaixo a imagem, que vale muito mais do que mil palavras.<\/p>\n<p><\/p>\n<p style=\"margin:0px 0px 10px;padding:0px;border:0px;outline:0px;font-size:15px;vertical-align:baseline;color:rgb(51,51,51);line-height:21px\"><img decoding=\"async\" alt=\"\" src=\"http:\/\/www.supervasco.com\/media\/uploads\/cristiano-mariotti\/2014\/03\/05\/Sport-87-692x360.jpg\" style=\"margin: 0px; padding: 0px; border: none; outline: 0px; vertical-align: baseline; width: 692px; height: 360px;\"\/><\/p>\n<p><\/p>\n<p style=\"margin:0px 0px 10px;padding:0px;border:0px;outline:0px;font-size:15px;vertical-align:baseline;color:rgb(51,51,51);line-height:21px\"><strong style=\"margin:0px;padding:0px;border:0px;outline:0px;vertical-align:baseline;color:rgb(68,68,68);font-family:Arial,&#39;Times New Roman&#39;,serif\">Fonte: (<a href=\"http:\/\/www.emresumo.com.br\/2014\/03\/04\/mocidade-independente-provoca-flamengo-com-camisa-sport-e-numero-87_2349.html\" style=\"margin:0px;padding:0px;border:0px;outline:0px;vertical-align:baseline;color:rgb(235,16,20);letter-spacing:0px\"><\/a><a href=\"http:\/\/www.emresumo.com.br\/2014\/03\/04\/mocidade-independente-provoca-flamengo-com-camisa-sport-e-numero-87_2349.html\" >http:\/\/www.emresumo.com.br\/2014\/03\/04\/mocidade-independente-provoca-flamengo-com-camisa-sport-e-numero-87_2349.html<\/a>&nbsp;)<\/strong><\/p>\n<p><\/p>\n<p style=\"margin:0px 0px 10px;padding:0px;border:0px;outline:0px;font-size:15px;vertical-align:baseline;color:rgb(51,51,51);line-height:21px\"><strong style=\"margin:0px;padding:0px;border:0px;outline:0px;vertical-align:baseline;color:rgb(68,68,68);font-family:Arial,&#39;Times New Roman&#39;,serif\">Zico e a m\u00eddia<\/strong><\/p>\n<p><\/p>\n<p style=\"margin:0px 0px 10px;padding:0px;border:0px;outline:0px;font-size:15px;vertical-align:baseline;color:rgb(51,51,51);line-height:21px\">\u00c9 pat\u00e9tico como a emissora &ldquo;toda-poderosa&rdquo; desse pa\u00eds insiste em colocar Zico como se fosse um &ldquo;\u00eddolo nacional&rdquo;, quando no muito Zico \u00e9 um \u00eddolo somente de UMA \u00daNICA torcida. Torcida essa cujo levantamento por amostragem em pesquisas recentes apontam como em torno de 15% o percentual de torcedores que o clube da G\u00e1vea &ldquo;mais favorecido&rdquo; possui em territ\u00f3rio nacional. Ou seja: partindo desse racioc\u00ednio e associando a paix\u00e3o club\u00edstica ao fator idolatria, temos um percentual, Zico possui um percentual de 85% que N\u00c3O O CONSIDERAM como \u00eddolo, agravado pelo fato de NUNCA ter sido campe\u00e3o de qualquer competi\u00e7\u00e3o significativa defendendo a camisa da sele\u00e7\u00e3o brasileira. Ao contr\u00e1rio disso, teve que se despedir oficialmente da sele\u00e7\u00e3o brasileira em 28\/03\/1989 para que a sele\u00e7\u00e3o voltasse a ganhar uma Copa Am\u00e9rica tr\u00eas meses depois, depois de um longo jejum de quarenta anos sem t\u00edtulo nessa competi\u00e7\u00e3o.<\/p>\n<p><\/p>\n<p style=\"margin:0px 0px 10px;padding:0px;border:0px;outline:0px;font-size:15px;vertical-align:baseline;color:rgb(51,51,51);line-height:21px\"><strong style=\"margin:0px;padding:0px;border:0px;outline:0px;vertical-align:baseline;color:rgb(68,68,68);font-family:Arial,&#39;Times New Roman&#39;,serif\">ZICO SE DESPEDE DA SELE\u00c7\u00c3O (Fonte:&nbsp;<a href=\"http:\/\/http\/\/globotv.globo.com\/rede-globo\/bau-do-esporte\/v\/em-1989-zico-se-despede-da-selecao-brasileira-em-amistoso\/1465507\/\" style=\"margin:0px;padding:0px;border:0px;outline:0px;vertical-align:baseline;color:rgb(235,16,20);letter-spacing:0px\"><\/a><a href=\"http:\/\/globotv.globo.com\/rede-globo\/bau-do-esporte\/v\/em-1989-zico-se-despede-da-selecao-brasileira-em-amistoso\/1465507\/\" >http:\/\/globotv.globo.com\/rede-globo\/bau-do-esporte\/v\/em-1989-zico-se-despede-da-selecao-brasileira-em-amistoso\/1465507\/<\/a>&nbsp;)<\/strong><\/p>\n<p><\/p>\n<p style=\"margin:0px 0px 10px;padding:0px;border:0px;outline:0px;font-size:15px;vertical-align:baseline;color:rgb(51,51,51);line-height:21px\">Contudo, o momento mais marcante com Zico vestindo a camisa dez da sele\u00e7\u00e3o para OITENTA E CINCO POR CENTO dos brasileiros ainda foi na Copa do Mundo do M\u00e9xico, em 1986, cujo v\u00eddeo encontra-se hospedado sob o link adiante.<\/p>\n<p><\/p>\n<p style=\"margin:0px 0px 10px;padding:0px;border:0px;outline:0px;font-size:15px;vertical-align:baseline;color:rgb(51,51,51);line-height:21px\"><strong style=\"margin:0px;padding:0px;border:0px;outline:0px;vertical-align:baseline;color:rgb(68,68,68);font-family:Arial,&#39;Times New Roman&#39;,serif\">Fonte:&nbsp;<a href=\"https:\/\/www.youtube.com\/watch?v=tggWbclF_tU&amp;feature=youtube_gdata_player\" style=\"margin:0px;padding:0px;border:0px;outline:0px;vertical-align:baseline;color:rgb(235,16,20);letter-spacing:0px\">[youtube tggWbclF_tU]<\/a><\/strong><\/p>\n<p><\/p>\n<p style=\"margin:0px 0px 10px;padding:0px;border:0px;outline:0px;font-size:15px;vertical-align:baseline;color:rgb(51,51,51);line-height:21px\"><strong style=\"margin:0px;padding:0px;border:0px;outline:0px;vertical-align:baseline;color:rgb(68,68,68);font-family:Arial,&#39;Times New Roman&#39;,serif\">Estranha &ldquo;coincid\u00eancia&rdquo;<\/strong><\/p>\n<p><\/p>\n<p style=\"margin:0px 0px 10px;padding:0px;border:0px;outline:0px;font-size:15px;vertical-align:baseline;color:rgb(51,51,51);line-height:21px\">Quarta-feira passada pr\u00e9-carnaval: Flamengo j\u00e1 tem a vantagem de ter um jogo no Maracan\u00e3 pela Libertadores, marcado pela Conmebol. No mesmo dia, Fluminense tem jogo pelo Carioca marcado para Maca\u00e9. Quinta-feira passada, pr\u00e9-carnaval: Vasco tem sua partida transferida do gramado ruim de Bangu para o P\u00c9SSIMO gramado de Madureira. Um detalhe: sendo o Vasco o \u00daNICO dos quatro grandes do Rio de Janeiro a ter que jogar contra o time suburbano sob os dom\u00ednios do advers\u00e1rio.<\/p>\n<p><\/p>\n<p style=\"margin:0px 0px 10px;padding:0px;border:0px;outline:0px;font-size:15px;vertical-align:baseline;color:rgb(51,51,51);line-height:21px\">S\u00e1bado de carnaval: j\u00e1 com grande massa de turistas na cidade, Botafogo tem seu confronto marcado para Bangu; e o Flamengo, para o Maracan\u00e3. Qual \u00e9 a op\u00e7\u00e3o de jogo como forma de turismo que os visitantes iriam escolher, ent\u00e3o? N\u00e3o por vontade pr\u00f3pria, mas por imposi\u00e7\u00e3o mesmo do calend\u00e1rio j\u00e1 &ldquo;orquestrado&rdquo; a levar-lhes a tal escolha.<\/p>\n<p><\/p>\n<p style=\"margin:0px 0px 10px;padding:0px;border:0px;outline:0px;font-size:15px;vertical-align:baseline;color:rgb(51,51,51);line-height:21px\">Essa \u00e9 para refletir&#8230;<\/p>\n<p style=\"margin:0px 0px 10px;padding:0px;border:0px;outline:0px;font-size:15px;vertical-align:baseline;color:rgb(51,51,51);line-height:21px\">\n<strong style=\"margin:0px;padding:0px;border:0px;outline:0px;vertical-align:baseline;color:rgb(68,68,68);font-family:Arial,&#39;Times New Roman&#39;,serif\">&ldquo;Toques finais&rdquo;<\/strong><\/p>\n<p style=\"margin:0px 0px 10px;padding:0px;border:0px;outline:0px;font-size:15px;vertical-align:baseline;color:rgb(51,51,51);line-height:21px\">\n1\u00ba) Muitos j\u00e1 sabem, outros ainda n\u00e3o. Para quem leu o texto, at\u00e9 aqui, passo a ligeira impress\u00e3o de ser torcedor da escola de samba azul-e-branca de Madureira. Ledo engano: sou mangueirense assumido, herdado assim como o Vasco do cora\u00e7\u00e3o de meu saudoso pai. Minha m\u00e3e, tamb\u00e9m vasca\u00edna, que \u00e9 torcedora da \u00c1guia. E na aus\u00eancia de possibilidade da Mangueira em brigar pelo t\u00edtulo do carnaval, assumo meu papel de torcer pela escola de samba de minha amada m\u00e3e. Mas independentemente da posi\u00e7\u00e3o da Portela na apura\u00e7\u00e3o de hoje, \u00e0s 16 horas, s\u00f3 em sentir a emo\u00e7\u00e3o de minha m\u00e3e em ver, novamente, sua \u00c1guia desfilando com autoridade j\u00e1 \u00e9 uma grande vit\u00f3ria, agora! Ao menos, nesse primeiro passo de resgate a si mesmo!<\/p>\n<p><\/p>\n<p style=\"margin:0px 0px 10px;padding:0px;border:0px;outline:0px;font-size:15px;vertical-align:baseline;color:rgb(51,51,51);line-height:21px\">2\u00ba) Confesso-lhes que somente minha vontade em ir a S\u00e3o Janu\u00e1rio acompanhar de perto mais um jogo deficit\u00e1rio desse paup\u00e9rrimo certame em plena quarta-feira de cinzas e com perspectivas de engarrafamento pelo transito nas ruas da cidade (dependendo da escola campe\u00e3) \u00e9 capaz de superar ao fato de ver Diogo Silva e Reginaldo como titulares de nosso time. Independentemente da escala\u00e7\u00e3o e do t\u00e9cnico que possu\u00edmos, que venha mais uma vit\u00f3ria, para fechar bem o carnaval de n\u00f3s, vasca\u00ednos, de 2014.<\/p>\n<p>\n<\/div>\n<p><\/p>\n","protected":false},"excerpt":{"rendered":"<p>Durante a madrugada de segunda para ter\u00e7a-feira, estava a escutar os coment\u00e1rios dos radialistas da&#8230;<\/p>\n","protected":false},"author":12,"featured_media":810,"comment_status":"open","ping_status":"closed","sticky":false,"template":"","format":"standard","meta":{"footnotes":""},"categories":[3],"tags":[],"class_list":["post-809","post","type-post","status-publish","format-standard","has-post-thumbnail","hentry","category-colunistas"],"_links":{"self":[{"href":"https:\/\/webvasco.com\/artigos\/wp-json\/wp\/v2\/posts\/809","targetHints":{"allow":["GET"]}}],"collection":[{"href":"https:\/\/webvasco.com\/artigos\/wp-json\/wp\/v2\/posts"}],"about":[{"href":"https:\/\/webvasco.com\/artigos\/wp-json\/wp\/v2\/types\/post"}],"author":[{"embeddable":true,"href":"https:\/\/webvasco.com\/artigos\/wp-json\/wp\/v2\/users\/12"}],"replies":[{"embeddable":true,"href":"https:\/\/webvasco.com\/artigos\/wp-json\/wp\/v2\/comments?post=809"}],"version-history":[{"count":0,"href":"https:\/\/webvasco.com\/artigos\/wp-json\/wp\/v2\/posts\/809\/revisions"}],"wp:featuredmedia":[{"embeddable":true,"href":"https:\/\/webvasco.com\/artigos\/wp-json\/wp\/v2\/media\/810"}],"wp:attachment":[{"href":"https:\/\/webvasco.com\/artigos\/wp-json\/wp\/v2\/media?parent=809"}],"wp:term":[{"taxonomy":"category","embeddable":true,"href":"https:\/\/webvasco.com\/artigos\/wp-json\/wp\/v2\/categories?post=809"},{"taxonomy":"post_tag","embeddable":true,"href":"https:\/\/webvasco.com\/artigos\/wp-json\/wp\/v2\/tags?post=809"}],"curies":[{"name":"wp","href":"https:\/\/api.w.org\/{rel}","templated":true}]}}