{"id":8095,"date":"2017-03-02T16:49:18","date_gmt":"2017-03-02T19:49:18","guid":{"rendered":"http:\/\/webvasco.com\/artigos\/?p=8095"},"modified":"2017-03-02T17:02:48","modified_gmt":"2017-03-02T20:02:48","slug":"a-vila-nova-mas-o-fregus-velho","status":"publish","type":"post","link":"https:\/\/webvasco.com\/artigos\/colunistas\/luizcarlosrocha\/a-vila-nova-mas-o-fregus-velho\/","title":{"rendered":"A VILA &Eacute; NOVA, MAS O FREGU&Ecirc;S &Eacute; VELHO!"},"content":{"rendered":"<div>\n<div style=\"color:#000; background-color:#fff; font-family:HelveticaNeue-Light, Helvetica Neue Light, Helvetica Neue, Helvetica, Arial, Lucida Grande, sans-serif;font-size:32px\">\n<div id=\"yui_3_16_0_1_1488070616837_365107\"><span><\/span><\/div>\n<div style=\"text-align:justify\" id=\"yui_3_16_0_1_1488070616837_365326\"><span style=\"font-size:14.0pt;line-height:107%;font-family:&quot;Arial&quot;,sans-serif\" id=\"yui_3_16_0_1_1488070616837_365327\">A hist\u00f3ria comprova o feito.  Entre Vila Nova e Vasco da Gama foram 18 jogos disputados, com 12 vit\u00f3rias para  o Cruzmaltino e 3 empates. O Carioca marcou 35 gols e levou apenas 16. Tamanha  \u00e9 a superioridade. Ontem, no Serra Dourada, n\u00e3o foi diferente o Mach\u00e3o da Gama  derrotou o Tigre por 2 a 1, com gols de Thalles e W\u00e1gner, com Wallyson  descontando. Com o resultado o time de S\u00e3o Janu\u00e1rio passou para a Terceira  Fase, da Copa do Brasil.<o:p id=\"yui_3_16_0_1_1488070616837_365328\"><\/o:p><\/span><\/div>\n<div style=\"text-align:justify\" id=\"yui_3_16_0_1_1488070616837_365329\"><span style=\"font-size:14.0pt;line-height:107%;font-family:&quot;Arial&quot;,sans-serif\" id=\"yui_3_16_0_1_1488070616837_365330\">&nbsp;&nbsp;&nbsp; As pr\u00f3ximas partidas na competi\u00e7\u00e3o acontecer\u00e3o  nos dias 8 e 15 de mar\u00e7o, contra o Vit\u00f3ria\/BA. Hoje a CBF definir\u00e1 por sorteio  os mandos de campo. O Vasco come\u00e7ou a partida pressionando, pois s\u00f3 a vit\u00f3ria  interessava. At\u00e9 que aos 15 minutos, da etapa inicial, o lateral esquerdo Henrique  cruzou rasteiro e Thalles pegou de primeira, com a perna esquerda, mandando um  bala\u00e7o, sem chances para o goleiro Wendell. <o:p id=\"yui_3_16_0_1_1488070616837_365331\"><\/o:p><\/span><\/div>\n<div style=\"text-align:justify\" id=\"yui_3_16_0_1_1488070616837_365332\"><span style=\"font-size:14.0pt;line-height:107%;font-family:&quot;Arial&quot;,sans-serif\" id=\"yui_3_16_0_1_1488070616837_365333\">&nbsp;&nbsp;&nbsp; Em lance duvidoso \u2013 afinal deste \u00e1rbitro  que n\u00e3o dou moral citando nome, tudo \u00e9 esperado. N\u00e3o \u00e9 a primeira vez que ele  prejudica o Vasco \u2013 o zagueiro Brun\u00e3o cruzou, e a bola antes de chegar na \u00e1rea  bateu na m\u00e3o do lateral direito Gilberto (visivelmente involunt\u00e1rio), mas a  arbitragem querendo aparecer mais do que a partida assinalou penalidade m\u00e1xima  que Wallyson bateu e converteu em gol, empatando o jogo.<o:p id=\"yui_3_16_0_1_1488070616837_365334\"><\/o:p><\/span><\/div>\n<div style=\"text-align:justify\" id=\"yui_3_16_0_1_1488070616837_365335\"><span style=\"font-size:14.0pt;line-height:107%;font-family:&quot;Arial&quot;,sans-serif\" id=\"yui_3_16_0_1_1488070616837_365336\">&nbsp;&nbsp;&nbsp; Mas o Vasco n\u00e3o se abateu e aos 39 minutos  da etapa final, o mesmo Brun\u00e3o deu um vacilo na zaga e a bola sobrou para  W\u00e1gner de cabe\u00e7a guardar no fundo da rede do goleiro do time goiano. Foi a supremacia  aliada \u00e0 justi\u00e7a do p\u00eanalti mal marcado. O Gigante da Colina s\u00f3 n\u00e3o marcou o  terceiro porque depois de press\u00e3o total e a bola sobrar para escanteio, o Sr.  Vuaden covardemente encerrou a partida antes que a bola fosse tocada.<o:p id=\"yui_3_16_0_1_1488070616837_365337\"><\/o:p><\/span><\/div>\n<div style=\"text-align:justify\" id=\"yui_3_16_0_1_1488070616837_365338\"><span style=\"font-size:14.0pt;line-height:107%;font-family:&quot;Arial&quot;,sans-serif\" id=\"yui_3_16_0_1_1488070616837_365339\"><o:p id=\"yui_3_16_0_1_1488070616837_365340\">&nbsp;<\/o:p><\/span><\/div>\n<div style=\"text-align:justify\" id=\"yui_3_16_0_1_1488070616837_365341\"><b id=\"yui_3_16_0_1_1488070616837_365342\"><u id=\"yui_3_16_0_1_1488070616837_365343\"><span style=\"font-size:14.0pt;line-height:107%;font-family:&quot;Arial&quot;,sans-serif\" id=\"yui_3_16_0_1_1488070616837_365344\">ESTAGI\u00c1RIO:<\/span><\/u><\/b><span style=\"font-size:14.0pt;line-height:107%;font-family:&quot;Arial&quot;,sans-serif\" id=\"yui_3_16_0_1_1488070616837_365345\">&nbsp; At\u00e9 quando Crist\u00f3v\u00e3o Borges comandar\u00e1 a  equipe vasca\u00edna? At\u00e9 ser eliminado da Copa do Brasil ou mais um vexame no  Campeonato Carioca? Levar sufoco de um time pequeno e fraco como o Vila Nova \u00e9  mostrar que n\u00e3o sabe absolutamente nada de esquema t\u00e1tico e t\u00e9cnico. Quem o  sustenta no cargo sabe menos do que ele ou est\u00e1 levando vantagem e destruindo o  Vasco da Gama aos poucos!<o:p id=\"yui_3_16_0_1_1488070616837_365346\"><\/o:p><\/span><\/div>\n<div style=\"text-align:justify\" id=\"yui_3_16_0_1_1488070616837_365347\"><b id=\"yui_3_16_0_1_1488070616837_365348\"><u id=\"yui_3_16_0_1_1488070616837_365349\"><span style=\"font-size:14.0pt;line-height:107%;font-family:&quot;Arial&quot;,sans-serif\" id=\"yui_3_16_0_1_1488070616837_365350\">PORTELA:<\/span><\/u><\/b><span style=\"font-size:14.0pt;line-height:107%;font-family:&quot;Arial&quot;,sans-serif\" id=\"yui_3_16_0_1_1488070616837_365351\"> A  Portela foi a grande campe\u00e3 do Carnaval Carioca de 2017. Apresentou um desfile  impec\u00e1vel e foi just\u00edssima a coloca\u00e7\u00e3o na apura\u00e7\u00e3o da LIESA. O \u00faltimo t\u00edtulo da  agremia\u00e7\u00e3o foi em 1984, j\u00e1 no Samb\u00f3dromo, na qual dividiu o feito com a  Mangueira. A Portela foi a pen\u00faltima a se apresentar, na noite de  segunda-feira, dia 27. Com o resultado a Azul e Branco de Madureira soma o  total de 22 campeonatos conquistados e lidera o ranking das Escolas de Samba no  Rio de Janeiro. Parab\u00e9ns Na\u00e7\u00e3o Portelense!&nbsp;&nbsp;  &nbsp;<o:p id=\"yui_3_16_0_1_1488070616837_365352\"><\/o:p><\/span><\/div>\n<div style=\"text-align:justify\" id=\"yui_3_16_0_1_1488070616837_365353\"><b id=\"yui_3_16_0_1_1488070616837_365354\"><u id=\"yui_3_16_0_1_1488070616837_365355\"><span style=\"font-size:14.0pt;line-height:107%;font-family:&quot;Arial&quot;,sans-serif\" id=\"yui_3_16_0_1_1488070616837_365356\">PARAB\u00c9NS  RIO<\/span><\/u><\/b><span style=\"font-size:14.0pt;line-height:107%;font-family:&quot;Arial&quot;,sans-serif\" id=\"yui_3_16_0_1_1488070616837_365357\">: A cidade de S\u00e3o Sebasti\u00e3o do Rio de Janeiro completou  ontem 452 anos com muito charme e eleg\u00e2ncia. O munic\u00edpio j\u00e1 foi palco de  grandes acontecimentos art\u00edsticos e desportivos. Sediou parte da Copa do Mundo  de 2014 e &nbsp;&nbsp;integralmente a Olimp\u00edada de  2016. Personalidades das mais diversas esferas estiveram no local ao longo  desses anos. Chefes de Estados tamb\u00e9m. Mas o que faz o Rio ser esse lugar  diferenciado \u00e9 mesmo o carioca, que \u00e9 hospitaleiro, \u201cmarrento\u201d, simples e gente  boa. Enfim, que venham mais 452 anos! Parab\u00e9ns Rio de Janeiro!<o:p id=\"yui_3_16_0_1_1488070616837_365358\"><\/o:p><\/span><\/div>\n<div style=\"text-align:justify\" id=\"yui_3_16_0_1_1488070616837_365359\"><span style=\"font-size:14.0pt;line-height:107%;font-family:&quot;Arial&quot;,sans-serif\" id=\"yui_3_16_0_1_1488070616837_365360\">&nbsp;&nbsp;&nbsp;&nbsp;&nbsp;&nbsp;&nbsp;&nbsp; <o:p id=\"yui_3_16_0_1_1488070616837_365361\"><\/o:p><\/span><\/div>\n<div style=\"text-align:justify\" id=\"yui_3_16_0_1_1488070616837_365362\"><b id=\"yui_3_16_0_1_1488070616837_365363\"><u id=\"yui_3_16_0_1_1488070616837_365364\"><span style=\"font-size:14.0pt;line-height:107%;font-family:&quot;Arial&quot;,sans-serif\" id=\"yui_3_16_0_1_1488070616837_365365\">PERPLEXO  COM O PODER JUDICI\u00c1RIO:<o:p id=\"yui_3_16_0_1_1488070616837_365366\"><\/o:p><\/span><\/u><\/b><\/div>\n<div style=\"text-align:justify\" id=\"yui_3_16_0_1_1488070616837_365367\"><span style=\"font-size:14.0pt;line-height:107%;font-family:&quot;Arial&quot;,sans-serif\" id=\"yui_3_16_0_1_1488070616837_365368\">DEPOIS DE AGUARDAR <b id=\"yui_3_16_0_1_1488070616837_365369\">44 MESES, OU SEJA, 3 ANOS E OITO MESES  (CARRO DESDE 10 DE JUNHO DE 2013)<\/b> COM O CARRO PRESO NA OFICINA DA ABOLI\u00c7\u00c3O  VE\u00cdCULOS COM APENAS 729 KM RODADOS, EM UM PROCESSO COM 6 VOLUMES, NA 1\u00aa VARA  CIVEL, DA COMARCA DE NITER\u00d3I\/RJ, REGIONAL OCE\u00c2NICA, A SENTEN\u00c7A FOI INDEFERIR  TODOS OS MEUS PEDIDOS E AINDA CONDENAR EM 10% DE CUSTAS JUDICIAIS. OU SEJA,  FIQUEI SEM CARRO ESSE TEMPO TODO (MESMO PAGANDO \u00c0 VISTA POR ELE), JUNTEI PROVAS  COMO REGISTRO DE OCORR\u00caNCIA DA POL\u00cdCIA CIVIL\/RJ, BOLETIM DE OCORR\u00caNCIA DA  POLICIA MILITAR\/RJ, ORDENS DE SERVI\u00c7O, MAIS DE 600 FOTOGRAFIAS, MAIS DE 40  \u00c1UDIOS, NOTAS FISCAIS, NOTAS DE T\u00c1XI, PRONTU\u00c1RIOS M\u00c9DICOS, POIS NESTE PER\u00cdODO  TIVE PROBLEMAS DE SA\u00daDE, BEM COMO MEUS FAMILIARES, TENDO UMA FILHA QUE HOJE TEM  APENAS 5 ANOS, NA \u00c9POCA POUCO MAIS DE 1 ANINHO. VALE LEMBRAR, QUE OS PRIMEIROS  DEFEITOS SE DERAM QUANDO O CARRO TINHA MENOS DE 30 KM RODADOS. TUDO ISSO PARA  NADA. QUEM GOSTOU DO RESULTADO DA DOUTA MAGRISTRADA FORAM AS EMPRESAS R\u00c9S \u2013 QUE  ME LESARAM \u2013 ABOLI\u00c7\u00c3O VE\u00cdCULOS E VW DO BRASIL (PROCESSO: No  0016370-44.2013.8.19.0212).<o:p id=\"yui_3_16_0_1_1488070616837_365370\"><\/o:p><\/span><\/div>\n<div style=\"text-align:justify\" id=\"yui_3_16_0_1_1488070616837_365371\"><b id=\"yui_3_16_0_1_1488070616837_365372\"><span style=\"font-size:14.0pt;line-height:107%;font-family:&quot;Arial&quot;,sans-serif\" id=\"yui_3_16_0_1_1488070616837_365373\">&nbsp;<o:p id=\"yui_3_16_0_1_1488070616837_365374\"><\/o:p><\/span><\/b><\/div>\n<div style=\"text-align:justify\" id=\"yui_3_16_0_1_1488070616837_365375\"><b id=\"yui_3_16_0_1_1488070616837_365376\"><span style=\"font-size:14.0pt;line-height:107%;font-family:&quot;Arial&quot;,sans-serif\" id=\"yui_3_16_0_1_1488070616837_365377\">&nbsp;&nbsp;&nbsp;&nbsp;&nbsp;&nbsp;&nbsp;&nbsp;&nbsp;&nbsp;&nbsp; &nbsp;&nbsp;&nbsp;<o:p id=\"yui_3_16_0_1_1488070616837_365378\"><\/o:p><\/span><\/b><\/div>\n<div style=\"text-align:justify\" id=\"yui_3_16_0_1_1488070616837_365379\"><b id=\"yui_3_16_0_1_1488070616837_365380\"><span style=\"font-size:14.0pt;line-height:107%;font-family:&quot;Arial&quot;,sans-serif\" id=\"yui_3_16_0_1_1488070616837_365381\">&nbsp;&nbsp;&nbsp;&nbsp;&nbsp;&nbsp;&nbsp;&nbsp;&nbsp;&nbsp;&nbsp;&nbsp;&nbsp;&nbsp;&nbsp;&nbsp;&nbsp;&nbsp;&nbsp;&nbsp;&nbsp;&nbsp;&nbsp;&nbsp;&nbsp;&nbsp;&nbsp;&nbsp;&nbsp;&nbsp; <o:p id=\"yui_3_16_0_1_1488070616837_365382\"><\/o:p><\/span><\/b><\/div>\n<div id=\"yui_3_16_0_1_1488070616837_365107\">                                                        <\/div>\n<div style=\"text-align:justify\" dir=\"ltr\" id=\"yui_3_16_0_1_1488070616837_365383\"><b id=\"yui_3_16_0_1_1488070616837_365384\"><span style=\"font-size:14.0pt;line-height:107%;font-family:&quot;Arial&quot;,sans-serif\" id=\"yui_3_16_0_1_1488070616837_365385\">AP\u00d3S  AS TODAS AS PARTIDAS DO VASC\u00c3O EM MEU PERFIL DO FACEBOOK (QUEM QUISER RECEBER  AS CR\u00d4NICAS DE PRIMEIRA M\u00c3O \u00c9 S\u00d3 ME ADICIONAR), E NO SITE WEBVASCO  (<a href=\"http:\/\/www.webvasco.com\">www.webvasco.com<\/a>), TEM A OPINI\u00c3O DO JORNALISTA LUIZ CARLOS ROCHA. LEIAM!  COMPARTILHEM E CURTAM! VASCA\u00cdNOS UNIDOS JAMAIS SER\u00c3O VENCIDOS.<o:p id=\"yui_3_16_0_1_1488070616837_365386\"><\/o:p><\/span><\/b><\/div>\n<div id=\"yui_3_16_0_1_1488070616837_365107\"><span><br \/><\/span><\/div>\n<div id=\"yui_3_16_0_1_1488070616837_365107\"><span><br \/><\/span><\/div>\n<div id=\"yui_3_16_0_1_1488070616837_365107\"><span><br \/><\/span><\/div>\n<div id=\"yui_3_16_0_1_1488070616837_365107\"><span><br \/><\/span><\/div>\n<div id=\"yui_3_16_0_1_1488070616837_365107\"><span><br \/><\/span><\/div>\n<div id=\"yui_3_16_0_1_1488070616837_365107\"><span><br \/><\/span><\/div>\n<div><\/div>\n<div id=\"yui_3_16_0_1_1488070616837_365092\">&nbsp;<\/div>\n<div class=\"signature\" id=\"yui_3_16_0_1_1488070616837_365100\">\n<div id=\"RTEContent\">\n<div id=\"yui_3_16_0_1_1488070616837_365099\">\n<div id=\"yui_3_16_0_1_1488070616837_365098\">\n<div id=\"yui_3_16_0_1_1488070616837_365097\">\n<div align=\"center\" id=\"yui_3_16_0_1_1488070616837_365096\"><\/div>\n<\/div>\n<\/div>\n<\/div>\n<\/div>\n<\/div>\n<\/div>\n<\/div>\n<p><\/p>\n","protected":false},"excerpt":{"rendered":"<p>A hist\u00f3ria comprova o feito. Entre Vila Nova e Vasco da Gama foram 18 jogos&#8230;<\/p>\n","protected":false},"author":7,"featured_media":0,"comment_status":"open","ping_status":"closed","sticky":false,"template":"","format":"standard","meta":{"footnotes":""},"categories":[4],"tags":[],"class_list":["post-8095","post","type-post","status-publish","format-standard","hentry","category-luizcarlosrocha"],"_links":{"self":[{"href":"https:\/\/webvasco.com\/artigos\/wp-json\/wp\/v2\/posts\/8095","targetHints":{"allow":["GET"]}}],"collection":[{"href":"https:\/\/webvasco.com\/artigos\/wp-json\/wp\/v2\/posts"}],"about":[{"href":"https:\/\/webvasco.com\/artigos\/wp-json\/wp\/v2\/types\/post"}],"author":[{"embeddable":true,"href":"https:\/\/webvasco.com\/artigos\/wp-json\/wp\/v2\/users\/7"}],"replies":[{"embeddable":true,"href":"https:\/\/webvasco.com\/artigos\/wp-json\/wp\/v2\/comments?post=8095"}],"version-history":[{"count":0,"href":"https:\/\/webvasco.com\/artigos\/wp-json\/wp\/v2\/posts\/8095\/revisions"}],"wp:attachment":[{"href":"https:\/\/webvasco.com\/artigos\/wp-json\/wp\/v2\/media?parent=8095"}],"wp:term":[{"taxonomy":"category","embeddable":true,"href":"https:\/\/webvasco.com\/artigos\/wp-json\/wp\/v2\/categories?post=8095"},{"taxonomy":"post_tag","embeddable":true,"href":"https:\/\/webvasco.com\/artigos\/wp-json\/wp\/v2\/tags?post=8095"}],"curies":[{"name":"wp","href":"https:\/\/api.w.org\/{rel}","templated":true}]}}