{"id":8096,"date":"2017-03-06T16:05:56","date_gmt":"2017-03-06T19:05:56","guid":{"rendered":"http:\/\/webvasco.com\/artigos\/?p=8096"},"modified":"2017-03-06T17:48:34","modified_gmt":"2017-03-06T20:48:34","slug":"eurico-voce-sabe-o-que-e-racismo","status":"publish","type":"post","link":"https:\/\/webvasco.com\/artigos\/colunistas\/andrepedro\/eurico-voce-sabe-o-que-e-racismo\/","title":{"rendered":"Eurico, voc\u00ea sabe o que \u00e9 Racismo?"},"content":{"rendered":"<p>Fim de Carnaval, ano que se inicia!<\/p>\n<p>N\u00e3o sei bem onde come\u00e7ou essa hist\u00f3ria&#8230; Para mim n\u00e3o \u00e9 verdade &#8211; eu come\u00e7o o ano sempre em janeiro! Mas para muitos, principalmente nossos pol\u00edticos, me parece que isso \u00e9 fato!<\/p>\n<p>E nosso presidente, Eurico Miranda, parece que fugiu \u00e0 regra fazendo contrata\u00e7\u00f5es pontuais no in\u00edcio do ano! Aparentemente boas contrata\u00e7\u00f5es e inclusive elogiadas pela cr\u00edtica especializada. Bola dentro, presidente! Espero que n\u00e3o pare a\u00ed e melhore ainda mais! Estou na torcida!<\/p>\n<p><strong>Por\u00e9m<\/strong>, ainda temos um t\u00e9cnico considerado &#8220;estagi\u00e1rio&#8221; por parte de nossa torcida. N\u00e3o sou especialista em t\u00e9cnica e t\u00e1tica do futebol, mas as conversas que tenho com quem entende do assunto e aos resultados em campo me fazem acreditar que algo n\u00e3o est\u00e1 funcionando no centro de comando do nosso time&#8230; Enfim, vamos ver o que nos reserva os pr\u00f3ximos jogos.<\/p>\n<p><a href=\"https:\/\/webvasco.com\/artigos\/wp-content\/uploads\/2017\/03\/Screen-Shot-03-06-17-at-04.06-PM.png\"><img loading=\"lazy\" decoding=\"async\" class=\"alignright size-medium wp-image-8100\" src=\"https:\/\/webvasco.com\/artigos\/wp-content\/uploads\/2017\/03\/Screen-Shot-03-06-17-at-04.06-PM-300x232.png\" alt=\"Screen Shot 03-06-17 at 04.06 PM\" width=\"300\" height=\"232\" srcset=\"https:\/\/webvasco.com\/artigos\/wp-content\/uploads\/2017\/03\/Screen-Shot-03-06-17-at-04.06-PM-300x232.png 300w, https:\/\/webvasco.com\/artigos\/wp-content\/uploads\/2017\/03\/Screen-Shot-03-06-17-at-04.06-PM-150x116.png 150w, https:\/\/webvasco.com\/artigos\/wp-content\/uploads\/2017\/03\/Screen-Shot-03-06-17-at-04.06-PM.png 433w\" sizes=\"auto, (max-width: 300px) 100vw, 300px\" \/><\/a>Voltando ao presidente, tivemos no \u00faltimo s\u00e1bado a satisfa\u00e7\u00e3o de ver o presidente de nosso clube dando entrevista na TV. Isso n\u00e3o \u00e9 comum! Primeiro, porque o queridinho da emissora mais forte de nosso pa\u00eds n\u00e3o \u00e9 o Vasco. Segundo, porque o pr\u00f3prio Eurico \u00e9 avesso \u00e0 imprensa, o que por si s\u00f3 \u00e9 algo preocupante. Mas o fato \u00e9 que ele foi no programa &#8220;Deles &amp; Delas&#8221; no s\u00e1bado (04\/03\/2017), exibido pela CNT, e com o comando do vascain\u00edssimo Leleco Barbosa, filho do n\u00e3o menos vasca\u00edno e saudoso Chacrinha. E c\u00e1 para n\u00f3s, sempre que o nome do Vasco est\u00e1 nos meios de comunica\u00e7\u00e3o, \u00e9 uma chance a mais de valorizar nossa marca!<\/p>\n<p>Eurico pode ser chamado de tudo pelos seus opositores, mas temos que abaixar o chap\u00e9u quando ele pega no microfone. N\u00e3o estou afirmando que o que ele fala se assina embaixo e que tudo que ele fala \u00e9 correto, mas ele sabe que discurso fazer e como direcionar ele ao seu p\u00fablico consumidor. Excetuando os grandes palestrantes nacionais, os quais possuem outro foco, eu particularmente conhe\u00e7o poucos que sabem fazer isso hoje em dia&#8230; Lula \u00e9 um deles. Brizola foi um dos maiores nesse sentido&#8230;<\/p>\n<p>Por\u00e9m, Eurico est\u00e1 me preocupando, pois vem sistematicamente &#8220;passando dos limites&#8221;&#8230; Exaltar sua pr\u00f3pria imagem \u00e9 uma coisa&#8230; Denegrir o clube e sua torcida j\u00e1 passa do que podemos considerar de &#8220;aceit\u00e1vel&#8221;.<\/p>\n<p>Na \u00faltima entrevista, entre v\u00e1rias frases que eu tenho s\u00e9rias diverg\u00eancias, teve uma que me chamou muito a aten\u00e7\u00e3o. Segue ela, extra\u00edda de um artigo do site Netvasco:<\/p>\n<p>&#8220;<em>As pessoas j\u00e1 t\u00eam tempo para me conhecer. Eu n\u00e3o mando treinador embora. S\u00f3 mando se ficar comprovado para mim a incompet\u00eancia, a neglig\u00eancia. Fora disso, n\u00e3o mando treinador embora. A maioria n\u00e3o gosta do Crist\u00f3v\u00e3o. Eu gosto. <strong>Eles n\u00e3o gostam porque ele n\u00e3o tem a mesma cor que eu. \u00c9 preconceito.<\/strong><\/em>&#8221; \u00a0(negritos meus). Fonte:\u00a0http:\/\/www.netvasco.com.br\/n\/190231\/eurico-diz-que-vasco-vai-para-as-cabecas-em-2017-e-garante-libertadores<\/p>\n<p>Bom, \u00e9 preciso esclarecer algumas coisas. A\u00a0primeira, e fundamental, \u00e9 que isso \u00e9 uma afirma\u00e7\u00e3o do Eurico! <strong>N\u00e3o tem nenhuma, a menor, a m\u00ednima possibilidade disso condizer com a realidade<\/strong>! Eu mesmo sou frequentador das sociais do Vasco e nunca vi o Crist\u00f3v\u00e3o ser tratado de forma racista pelos torcedores (e olha que fico justamente ali perto do assento dos reservas e de frente para o t\u00e9cnico do Vasco). O m\u00e1ximo que ouvi foi um &#8220;Neg\u00e3o&#8221;, prontamente recha\u00e7ado pelos s\u00f3cios e torcedores perto de quem soltou isso&#8230; A torcida do Vasco n\u00e3o perdoa atos de racismo. Faz parte de nossa hist\u00f3ria!<\/p>\n<p><a href=\"https:\/\/webvasco.com\/artigos\/wp-content\/uploads\/2017\/03\/1.jpg\"><img loading=\"lazy\" decoding=\"async\" class=\"alignright size-medium wp-image-8106\" src=\"https:\/\/webvasco.com\/artigos\/wp-content\/uploads\/2017\/03\/1-300x161.jpg\" alt=\"1\" width=\"300\" height=\"161\" srcset=\"https:\/\/webvasco.com\/artigos\/wp-content\/uploads\/2017\/03\/1-300x161.jpg 300w, https:\/\/webvasco.com\/artigos\/wp-content\/uploads\/2017\/03\/1-150x81.jpg 150w, https:\/\/webvasco.com\/artigos\/wp-content\/uploads\/2017\/03\/1.jpg 528w\" sizes=\"auto, (max-width: 300px) 100vw, 300px\" \/><\/a> <a href=\"https:\/\/webvasco.com\/artigos\/wp-content\/uploads\/2017\/03\/2.jpg\"><img loading=\"lazy\" decoding=\"async\" class=\"alignright size-medium wp-image-8107\" src=\"https:\/\/webvasco.com\/artigos\/wp-content\/uploads\/2017\/03\/2-300x251.jpg\" alt=\"2\" width=\"300\" height=\"251\" srcset=\"https:\/\/webvasco.com\/artigos\/wp-content\/uploads\/2017\/03\/2-300x251.jpg 300w, https:\/\/webvasco.com\/artigos\/wp-content\/uploads\/2017\/03\/2-150x126.jpg 150w, https:\/\/webvasco.com\/artigos\/wp-content\/uploads\/2017\/03\/2.jpg 530w\" sizes=\"auto, (max-width: 300px) 100vw, 300px\" \/><\/a>Talvez o Eurico n\u00e3o saiba efetivamente o que \u00e9 racismo&#8230; Coloco ent\u00e3o fotos de postagens que recebi de torcedores indignados nas redes sociais logo ap\u00f3s a final da Ta\u00e7a Guanabara. Foram insultos ao Rafael Vaz, \u00eddolo de uma decis\u00e3o contra o Flamengo, mas que hoje joga em nosso rival.<\/p>\n<p>Esse tipo de coisa, Eurico, \u00e9 que \u00e9 racismo! Isso \u00e9 uma ofensa humilhante e totalmente fora do que podemos chamar de humanidade. Gosto do futebol do Rafael Vaz e espero que ele volte a trabalhar em um lugar onde a torcida n\u00e3o o trate dessa forma. Ali\u00e1s, cabe uma pergunta: Ser\u00e1 que no Vasco isso teria acontecido?<\/p>\n<p>Inacredit\u00e1vel talvez seja algu\u00e9m n\u00e3o conhecer hoje em dia o pioneirismo do Vasco na luta contra o racismo. O Vasco talvez n\u00e3o tenha sido o primeiro a colocar jogadores negros em seu time de futebol, at\u00e9 porque o futebol do Vasco come\u00e7ou tarde (era um clube de Remo, inicialmente). Mas quando come\u00e7ou,\u00a0montou um time formado por jogadores de diferenciadas classes sociais, independente de cor de pele. Se n\u00e3o cometer o pecado do exagero, pode-se at\u00e9 afirmar que o Vasco foi o\u00a0pioneiro no in\u00edcio do s\u00e9culo XX em um termo que s\u00f3 veio a moda um s\u00e9culo depois: <strong>Inclus\u00e3o<\/strong>!<\/p>\n<p>O Vasco pagou um pre\u00e7o por isso! Ao ser solicitado que exclu\u00edsse os negros e oper\u00e1rios de seus quadros, o clube decidiu que isso seria indigno para com aqueles que ajudaram o clube a ser campe\u00e3o daquele ano, logo no primeiro ano entre a elite do futebol carioca! Decidiram-se ent\u00e3o em sair da Liga e manterem-se fi\u00e9is com seus companheiros, dizendo um sonoro <strong>N\u00c3O AO RACISMO!<\/strong> Esse ato materializou-se em uma carta, conhecida hoje como <strong>Resposta Hist\u00f3rica<\/strong>.<\/p>\n<p>Mas, alheio \u00e0\u00a0nossa hist\u00f3ria, e alheio ao que acontece hoje em nossa torcida e aos lindos exemplos\u00a0dos atuais movimentos volunt\u00e1rios ligados ao Vasco, Eurico afirmou que h\u00e1 racismo no Vasco&#8230; E pior: que a maioria da torcida do Vasco \u00e9 Racista!<\/p>\n<p>Particularmente, n\u00e3o tenho nada contra o Crist\u00f3v\u00e3o. N\u00e3o o conhe\u00e7o pessoalmente, mas pelas minhas fontes, o Crist\u00f3v\u00e3o \u00e9 uma \u00f3tima pessoa, sol\u00edcita e boa pra\u00e7a, tratando a todos com muita educa\u00e7\u00e3o. Racismo j\u00e1 \u00e9 hediondo por si s\u00f3&#8230; Pior ainda com uma pessoa boa pra\u00e7a como o Crist\u00f3v\u00e3o&#8230; Inaceit\u00e1vel isso! T\u00e3o inaceit\u00e1vel, que duvido que isso esteja acontecendo&#8230; N\u00e3o que a torcida do Vasco seja composta apenas de boas pessoas&#8230; Obvio que n\u00e3o! Mas racismo \u00e9 coisa que\u00a0no\u00a0Vasco \u00e9 intoler\u00e1vel! N\u00e3o condiz com o clube.\u00a0Se houve algum caso disso, foram atos isolados&#8230; pontuais&#8230; Jamais uma coisa perpetrada pela maioria da torcida.<\/p>\n<p>Para piorar a situa\u00e7\u00e3o, temos que observar duas coisas: A primeira \u00e9 que a\u00a0&#8220;Flapress&#8221; (termo utilizado para designar os jornalistas que fazem de tudo para\u00a0exagerar o que o Flamengo tem de bom e &#8220;sumir&#8221; com o que o Flamengo tem de ruim) est\u00e1 doida para achar coisas para atacar nosso clube. O Eurico, ao dar armas para o inimigo, \u00e9 tudo que eles queriam. A continuar desse jeito, o Eurico ser\u00e1 eleito o melhor presidente do Vasco pela Flapress, j\u00e1 que muni\u00e7\u00e3o para atacar o Vasco \u00e9 dada aos montes por Eurico.<\/p>\n<figure id=\"attachment_8102\" aria-describedby=\"caption-attachment-8102\" style=\"width: 300px\" class=\"wp-caption alignright\"><a href=\"https:\/\/webvasco.com\/artigos\/wp-content\/uploads\/2017\/03\/Screen-Shot-03-06-17-at-04.31-PM.png\"><img loading=\"lazy\" decoding=\"async\" class=\"wp-image-8102 size-medium\" src=\"https:\/\/webvasco.com\/artigos\/wp-content\/uploads\/2017\/03\/Screen-Shot-03-06-17-at-04.31-PM-300x123.png\" alt=\"Screen Shot 03-06-17 at 04.31 PM\" width=\"300\" height=\"123\" srcset=\"https:\/\/webvasco.com\/artigos\/wp-content\/uploads\/2017\/03\/Screen-Shot-03-06-17-at-04.31-PM-300x123.png 300w, https:\/\/webvasco.com\/artigos\/wp-content\/uploads\/2017\/03\/Screen-Shot-03-06-17-at-04.31-PM-150x61.png 150w, https:\/\/webvasco.com\/artigos\/wp-content\/uploads\/2017\/03\/Screen-Shot-03-06-17-at-04.31-PM.png 545w\" sizes=\"auto, (max-width: 300px) 100vw, 300px\" \/><\/a><figcaption id=\"caption-attachment-8102\" class=\"wp-caption-text\">Fonte: https:\/\/pt.wikipedia.org\/wiki\/Crist%C3%B3v%C3%A3o_Borges<\/figcaption><\/figure>\n<p>A segunda quest\u00e3o \u00e9 que Crist\u00f3v\u00e3o fatalmente ir\u00e1 sair do Vasco, e n\u00e3o ir\u00e1 demorar tanto assim&#8230; E n\u00e3o sou eu quem diz isso. Basta olhar o hist\u00f3rico dele em todos os clubes por onde passou depois que saiu do Vasco, em sua primeira passagem. Seu retrospecto tem um percentual baix\u00edssimo para um t\u00e9cnico de ponta (em torno de 50%). Coloco aqui um quadro de seu desempenho. Ou seja, ele ir\u00e1 sair por que chegar\u00e1 um momento que, por o Vasco ser um time de ponta, ele ser\u00e1 cobrado por resultados e n\u00e3o os ter\u00e1 para justificar sua perman\u00eancia no clube.<\/p>\n<p>E a\u00ed? Quando ele sair, ser\u00e1 que a Flapress ir\u00e1 dizer que ele saiu pelo fraco desempenho, que \u00e9 normal no caso dele, ou ser\u00e1 porque ele teve fraco desempenho porque psicologicamente ele n\u00e3o tem condi\u00e7\u00f5es de trabalhar num clube racista? Qual ser\u00e1 a mensagem que a Flapress escolher\u00e1 para titular essa mat\u00e9ria? Advinhem?<\/p>\n<p>Resumindo, olhem o que nos espera: de clube historicamente pioneiro e empenhado na luta contra o racismo, passaremos a ser um clube racista. E pior: com o aval e assinado pelo seu atual presidente!<\/p>\n<p>Por favor, presidente! Se quiser continuar com seu jeito particular de dar entrevistas, eu n\u00e3o tenho nada contra! N\u00e3o sou seu p\u00fablico alvo e isso n\u00e3o me afeta! Fique \u00e0 vontade em manter o seu jeito de falar! Mas em se tratando de denegrir o Vasco, isso afeta a todos os vasca\u00ednos! N\u00e3o destrua a nossa hist\u00f3ria! E retrate-se perante a torcida! Ela merece um pedido de desculpas. \u00c9 o m\u00ednimo que o Sr. poder\u00e1 fazer para diminuir o estrago causado. <strong>O Vasco e sua torcida n\u00e3o s\u00e3o racistas &#8211; pelo contr\u00e1rio: LUTAMOS CONTRA O RACISMO<\/strong>! Anote isso em seu caderninho quando for dar entrevistas!<\/p>\n<p>Forte Abra\u00e7o e Sauda\u00e7\u00f5es Vasca\u00ednas!<\/p>\n","protected":false},"excerpt":{"rendered":"<p>Fim de Carnaval, ano que se inicia! N\u00e3o sei bem onde come\u00e7ou essa hist\u00f3ria&#8230; Para&#8230;<\/p>\n","protected":false},"author":5,"featured_media":8100,"comment_status":"open","ping_status":"closed","sticky":false,"template":"","format":"standard","meta":{"footnotes":""},"categories":[2],"tags":[],"class_list":["post-8096","post","type-post","status-publish","format-standard","has-post-thumbnail","hentry","category-andrepedro"],"_links":{"self":[{"href":"https:\/\/webvasco.com\/artigos\/wp-json\/wp\/v2\/posts\/8096","targetHints":{"allow":["GET"]}}],"collection":[{"href":"https:\/\/webvasco.com\/artigos\/wp-json\/wp\/v2\/posts"}],"about":[{"href":"https:\/\/webvasco.com\/artigos\/wp-json\/wp\/v2\/types\/post"}],"author":[{"embeddable":true,"href":"https:\/\/webvasco.com\/artigos\/wp-json\/wp\/v2\/users\/5"}],"replies":[{"embeddable":true,"href":"https:\/\/webvasco.com\/artigos\/wp-json\/wp\/v2\/comments?post=8096"}],"version-history":[{"count":7,"href":"https:\/\/webvasco.com\/artigos\/wp-json\/wp\/v2\/posts\/8096\/revisions"}],"predecessor-version":[{"id":8109,"href":"https:\/\/webvasco.com\/artigos\/wp-json\/wp\/v2\/posts\/8096\/revisions\/8109"}],"wp:featuredmedia":[{"embeddable":true,"href":"https:\/\/webvasco.com\/artigos\/wp-json\/wp\/v2\/media\/8100"}],"wp:attachment":[{"href":"https:\/\/webvasco.com\/artigos\/wp-json\/wp\/v2\/media?parent=8096"}],"wp:term":[{"taxonomy":"category","embeddable":true,"href":"https:\/\/webvasco.com\/artigos\/wp-json\/wp\/v2\/categories?post=8096"},{"taxonomy":"post_tag","embeddable":true,"href":"https:\/\/webvasco.com\/artigos\/wp-json\/wp\/v2\/tags?post=8096"}],"curies":[{"name":"wp","href":"https:\/\/api.w.org\/{rel}","templated":true}]}}