{"id":811,"date":"2014-03-05T22:35:08","date_gmt":"2014-03-06T01:35:08","guid":{"rendered":"http:\/\/webvasco.com\/artigos\/?p=811"},"modified":"2014-03-05T22:44:02","modified_gmt":"2014-03-06T01:44:02","slug":"avenida-resende-faria","status":"publish","type":"post","link":"https:\/\/webvasco.com\/artigos\/colunistas\/luizcarlosrocha\/avenida-resende-faria\/","title":{"rendered":"AVENIDA RESENDE FARIA!"},"content":{"rendered":"<p>    Em plena quarta-feira de cinzas \u2013 dia de apura\u00e7\u00f5es do samba \u2013 o Vasco colocou o bloco na rua General. Am\u00e9rico de Moura, 131(S\u00e3o Janu\u00e1rio), e derrotou o Resende por 2 a 0, com gols de Edmilson e Andr\u00e9 Rocha, em partida v\u00e1lida pela D\u00e9cima Segunda Rodada do Campeonato Carioca, Ta\u00e7a Guanabara. O resultado foi \u00f3timo para o Cruzmaltino que assumiu a terceira coloca\u00e7\u00e3o na tabela de classifica\u00e7\u00e3o e praticamente garantiu a vaga de classifica\u00e7\u00e3o na semifinal.<br \/>\n    O time Sul Fluminense n\u00e3o deu sinal de vida contra o Mach\u00e3o da Gama. Faria algo se tivesse um advers\u00e1rio pequeno, mas o Gigante da Colina n\u00e3o deu espa\u00e7os. Os 4.535 torcedores presentes puderam ver uma equipe com vontade em campo. N\u00e3o teve oba-oba, tampouco corpo mole da ressaca carnavalesca. Foi no ritmo de \u00edndio quer apito se n\u00e3o der pau vai comer que o Vasc\u00e3o mostrou a que veio no Carioc\u00e3o 2014.<br \/>\n    Edmilson marcou mais um, passando Alecsandro (ex-Vasco, hoje no Gueto) na artilharia da competi\u00e7\u00e3o.  Nosso pr\u00f3ximo desafio ser\u00e1 s\u00e1bado, dia 08 de mar\u00e7o, \u00e0s 18h30m, em S\u00e3o Janu\u00e1rio, contra o Bonsucesso. Provavelmente teremos a volta do goleiro Mart\u00edn Silva que voltar\u00e1 de suspens\u00e3o. <br \/>\n    Em tempo: Gostaria de parabenizar a Unidos da Tijuca pelo campeonato de 2014 no Grupo Especial das Escolas de Samba do Rio de Janeiro. T\u00edtulo merecido. Com 299,4 pontos o Gr\u00eamio Recreativo e Escola de Samba da Zona Norte Carioca levou seu quarto caneco da hist\u00f3ria, sendo tr\u00eas deles sob o comando do vitorioso carnavalesco Paulo Barros. O enredo Acelera Tijuca, em alus\u00e3o ao piloto Ayrton Senna deu sorte, e olha que nem estava chovendo, mas a Tijuca deixou as rivais comendo poeira. Minha Imperatriz Leopoldinense (escola de cora\u00e7\u00e3o) ficou na quinta coloca\u00e7\u00e3o, com 297,6 pontos.  <br \/>\n    A Beija-Flor que nos \u00faltimos anos vem garfando outras agremia\u00e7\u00f5es, ficando com o t\u00edtulo contando claramente com a ajuda dos jurados desta vez n\u00e3o deu! O fato curioso \u00e9 que o enredo \u201cO Astro Iluminado da Comunica\u00e7\u00e3o Brasileira&#8221;, que tratava da comunica\u00e7\u00e3o, sobretudo, de um dos maiores comunicadores do Brasil, Jos\u00e9 Bonif\u00e1cio de Oliveira Sobrinho, o Boni n\u00e3o conseguiu desta vez uma \u201cboa comunica\u00e7\u00e3o\u201d com o j\u00fari. Justamente no ano da comunica\u00e7\u00e3o que o feedback falhou!  E todas as outras institui\u00e7\u00f5es do samba agradeceram.<br \/>\n    Tamb\u00e9m gostaria de parabenizar \u2013 e muito \u2013 a Viradouro. Parab\u00e9ns! A escola ganhou o t\u00edtulo da S\u00e9rie A do Rio de Janeiro, al\u00e9m do Estandarte de Ouro da categoria. A Niteroiense Vermelha e Branca escolheu o enredo que apontava as belezas da sua cidade de origem. S\u00e3o muitas, para que n\u00e3o conhece Niter\u00f3i vale a pena visitar. Fiquei muito feliz, pois a Viradouro \u00e9 a minha segunda escola de samba do cora\u00e7\u00e3o. E Niter\u00f3i a minha cidade natal.<\/p>\n<p>\nAP\u00d3S AS TODAS AS PARTIDAS DO VASC\u00c3O EM MEU PERFIL DO FACEBOOK (QUEM QUISER RECEBER AS CR\u00d4NICAS DE PRIMEIRA M\u00c3O \u00c9 S\u00d3 ME ADICIONAR), E NOS SITES WEBVASCO (www.webvasco.com), E VASCA\u00cdNOS UNIDOS (www.vascainosunidos.com.br) TEM A OPINI\u00c3O DO JORNALISTA LUIZ CARLOS ROCHA. LEIAM! COMPARTILHEM E CURTAM! VASCA\u00cdNOS UNIDOS JAMAIS SER\u00c3O VENCIDOS.<\/p>\n","protected":false},"excerpt":{"rendered":"<p>Em plena quarta-feira de cinzas \u2013 dia de apura\u00e7\u00f5es do samba \u2013 o Vasco colocou&#8230;<\/p>\n","protected":false},"author":7,"featured_media":58,"comment_status":"open","ping_status":"closed","sticky":false,"template":"","format":"standard","meta":{"footnotes":""},"categories":[4],"tags":[],"class_list":["post-811","post","type-post","status-publish","format-standard","has-post-thumbnail","hentry","category-luizcarlosrocha"],"_links":{"self":[{"href":"https:\/\/webvasco.com\/artigos\/wp-json\/wp\/v2\/posts\/811","targetHints":{"allow":["GET"]}}],"collection":[{"href":"https:\/\/webvasco.com\/artigos\/wp-json\/wp\/v2\/posts"}],"about":[{"href":"https:\/\/webvasco.com\/artigos\/wp-json\/wp\/v2\/types\/post"}],"author":[{"embeddable":true,"href":"https:\/\/webvasco.com\/artigos\/wp-json\/wp\/v2\/users\/7"}],"replies":[{"embeddable":true,"href":"https:\/\/webvasco.com\/artigos\/wp-json\/wp\/v2\/comments?post=811"}],"version-history":[{"count":0,"href":"https:\/\/webvasco.com\/artigos\/wp-json\/wp\/v2\/posts\/811\/revisions"}],"wp:featuredmedia":[{"embeddable":true,"href":"https:\/\/webvasco.com\/artigos\/wp-json\/wp\/v2\/media\/58"}],"wp:attachment":[{"href":"https:\/\/webvasco.com\/artigos\/wp-json\/wp\/v2\/media?parent=811"}],"wp:term":[{"taxonomy":"category","embeddable":true,"href":"https:\/\/webvasco.com\/artigos\/wp-json\/wp\/v2\/categories?post=811"},{"taxonomy":"post_tag","embeddable":true,"href":"https:\/\/webvasco.com\/artigos\/wp-json\/wp\/v2\/tags?post=811"}],"curies":[{"name":"wp","href":"https:\/\/api.w.org\/{rel}","templated":true}]}}