{"id":8111,"date":"2017-03-10T01:30:22","date_gmt":"2017-03-10T04:30:22","guid":{"rendered":"http:\/\/webvasco.com\/artigos\/?p=8111"},"modified":"2017-03-10T04:05:18","modified_gmt":"2017-03-10T07:05:18","slug":"pior-para-o-vasco","status":"publish","type":"post","link":"https:\/\/webvasco.com\/artigos\/colunistas\/luizcarlosrocha\/pior-para-o-vasco\/","title":{"rendered":"PIOR PARA O VASCO!"},"content":{"rendered":"<div>\n<div style=\"color:#000; background-color:#fff; font-family:HelveticaNeue-Light, Helvetica Neue Light, Helvetica Neue, Helvetica, Arial, Lucida Grande, sans-serif;font-size:32px\">\n<div style=\"text-align:justify\" id=\"yui_3_16_0_1_1488070616837_887885\"><span style=\"font-size:14.0pt;line-height:107%;font-family:&quot;Arial&quot;,sans-serif\" id=\"yui_3_16_0_1_1488070616837_887886\">Vasco da Gama e Vit\u00f3ria\/BA,  empataram hoje, por 1 a 1, em partida v\u00e1lida pela Terceira Fase, da Copa do  Brasil, em S\u00e3o Janu\u00e1rio. O jogo de ida foi testemunhado por 9.883 presentes que  puderam ver de perto que ambos os gols foram \u201cinventados\u201d pela arbitragem.  Por\u00e9m, o maior prejudicado foi o time da casa.<o:p id=\"yui_3_16_0_1_1488070616837_887887\"><\/o:p><\/span><\/div>\n<div style=\"text-align:justify\" id=\"yui_3_16_0_1_1488070616837_887888\"><span style=\"font-size:14.0pt;line-height:107%;font-family:&quot;Arial&quot;,sans-serif\" id=\"yui_3_16_0_1_1488070616837_887889\">&nbsp;&nbsp;&nbsp; Isto, porque, se a arbitragem fosse s\u00e9ria,  e o resultado o mais esperado, 0 a 0, seria melhor. Nesta fase da competi\u00e7\u00e3o,  gol fora de casa \u00e9 crit\u00e9rio de desempate. Sendo assim, na pr\u00f3xima quinta-feira,  dia 16 de mar\u00e7o, \u00e0s 19h30m, no Barrad\u00e3o, em partida de volta, o resultado de 0  a 0, classificar\u00e1 a equipe baiana. Se for 1 a 1, ter\u00e1 disputa de p\u00eanaltis.  Somente empate a partir de dois gols marcados classificar\u00e1 o Cruzmaltino. Ou  uma vit\u00f3ria simples.<o:p id=\"yui_3_16_0_1_1488070616837_887890\"><\/o:p><\/span><\/div>\n<div style=\"text-align:justify\" id=\"yui_3_16_0_1_1488070616837_887891\"><span style=\"font-size:14.0pt;line-height:107%;font-family:&quot;Arial&quot;,sans-serif\" id=\"yui_3_16_0_1_1488070616837_887892\">&nbsp;&nbsp;&nbsp; O estagi\u00e1rio Crist\u00f3v\u00e3o Borges complicou  desnecessariamente o esquema t\u00e1tico e t\u00e9cnico quando escalou mal, e mexeu pior  ainda. N\u00e3o d\u00e1 para entender como o Gigante (nas m\u00e3os de Dom Charuto nem t\u00e3o  grande est\u00e1 assim) da Colina teve muita dificuldade para empatar com um time  inexpressivo, em casa, com um homem a mais (atleta do Vit\u00f3ria\/BA foi expulso  ainda na etapa inicial). \u00c9 preciso se esfor\u00e7ar muito neste quesito  incompet\u00eancia. <o:p id=\"yui_3_16_0_1_1488070616837_887893\"><\/o:p><\/span><\/div>\n<div style=\"text-align:justify\" id=\"yui_3_16_0_1_1488070616837_887894\"><span style=\"font-size:14.0pt;line-height:107%;font-family:&quot;Arial&quot;,sans-serif\" id=\"yui_3_16_0_1_1488070616837_887895\">&nbsp;&nbsp;&nbsp; At\u00e9 quando ficar\u00e1 no cargo? A Imensa  Torcida Bem (in) Feliz j\u00e1 questiona o treinador-estagi\u00e1rio. Ecoou das  arquibancadas o grito de Burro. Tamb\u00e9m mandaram ele toma <a href=\"mailto:!@#$%\u00a8&#038;amp\" >!@#$%\u00a8&#038;amp<\/a>;*()  (impublic\u00e1vel). Sobrou at\u00e9 para o cartola. Questionaram o trabalho daquele que  j\u00e1 teve muito mais prest\u00edgio na Colina Hist\u00f3rica. Mas n\u00e3o \u00e9 por acaso. Afinal,  o dirigente est\u00e1 cada dia mais obsoleto e colecionador de fracassos.<o:p id=\"yui_3_16_0_1_1488070616837_887896\"><\/o:p><\/span><\/div>\n<div style=\"text-align:justify\" id=\"yui_3_16_0_1_1488070616837_887897\"><b id=\"yui_3_16_0_1_1488070616837_887898\"><u id=\"yui_3_16_0_1_1488070616837_887899\"><span style=\"font-size:14.0pt;line-height:107%;font-family:&quot;Arial&quot;,sans-serif\" id=\"yui_3_16_0_1_1488070616837_887900\">RACISMO:  <\/span><\/u><\/b><span style=\"font-size:14.0pt;line-height:107%;font-family:&quot;Arial&quot;,sans-serif\" id=\"yui_3_16_0_1_1488070616837_887901\">&nbsp;Que bola fora! O presidente do Vasco, Eurico  Miranda disse publicamente que a torcida vasca\u00edna n\u00e3o gosta do treinador  Crist\u00f3v\u00e3o Borges por ele ser negro. N\u00e3o \u00e9 verdade! A Imensa Torcida Bem Feliz  n\u00e3o gosta do treinador Crist\u00f3v\u00e3o pelo seu modo de trabalho, sobretudo, pelos  resultados apresentados. Que \u00e9 bem diferente de n\u00e3o gostar da pessoa Crist\u00f3v\u00e3o por  sua ra\u00e7a. Justamente o clube pioneiro na luta contra o racismo neste pa\u00eds de  misturas iria fazer isso? Este papel\u00e3o de Dom Charuto abrir\u00e1 uma fissura para  quando for demitido, o treinador ainda poder\u00e1 distribuir uma a\u00e7\u00e3o judicial, por  inj\u00faria racial contra o Vasco da Gama, e ter tudo para ser indenizado. Al\u00e9m do  preju\u00edzo material, o clube tamb\u00e9m ter\u00e1 a sua imagem maculada diante dos  ve\u00edculos de comunica\u00e7\u00e3o \u2013 que j\u00e1 n\u00e3o gostam do Gigante da Colina \u2013 ser\u00e1 tamb\u00e9m  mal visto por patrocinadores (em tempos de Gera\u00e7\u00e3o Mimimi), e por fim o mundo  futebol\u00edstico \u00e9 muito fechado, e certamente brilhantes atletas negros se  recusar\u00e3o atuar com a camisa vasca\u00edna por receio. Ou seja, mais uma grande  besteira feita pelo \u201ctodo poderoso\u201d. Algu\u00e9m precisa tirar esse senhor de idade  avan\u00e7ada e ideias do S\u00e9culo XX, e mandar ele colocar os chinelinhos, ligar o  radinho e torcer de casa para o Vasco! <b id=\"yui_3_16_0_1_1488070616837_887902\"><u id=\"yui_3_16_0_1_1488070616837_887903\"><o:p id=\"yui_3_16_0_1_1488070616837_887904\"><\/o:p><\/u><\/b><\/span><\/div>\n<div style=\"text-align:justify\" id=\"yui_3_16_0_1_1488070616837_887905\"><span style=\"font-size:14.0pt;line-height:107%;font-family:&quot;Arial&quot;,sans-serif\" id=\"yui_3_16_0_1_1488070616837_887906\"><o:p id=\"yui_3_16_0_1_1488070616837_887907\">&nbsp;<\/o:p><\/span><\/div>\n<div style=\"text-align:justify\" id=\"yui_3_16_0_1_1488070616837_887908\"><span style=\"font-size:14.0pt;line-height:107%;font-family:&quot;Arial&quot;,sans-serif\" id=\"yui_3_16_0_1_1488070616837_887909\">&nbsp;&nbsp;&nbsp;&nbsp;&nbsp;&nbsp;&nbsp;&nbsp; <o:p id=\"yui_3_16_0_1_1488070616837_887910\"><\/o:p><\/span><\/div>\n<div style=\"text-align:justify\" id=\"yui_3_16_0_1_1488070616837_887911\"><b id=\"yui_3_16_0_1_1488070616837_887912\"><u id=\"yui_3_16_0_1_1488070616837_887913\"><span style=\"font-size:14.0pt;line-height:107%;font-family:&quot;Arial&quot;,sans-serif\" id=\"yui_3_16_0_1_1488070616837_887914\">PERPLEXO  COM O PODER JUDICI\u00c1RIO:<o:p id=\"yui_3_16_0_1_1488070616837_887915\"><\/o:p><\/span><\/u><\/b><\/div>\n<div style=\"text-align:justify\" id=\"yui_3_16_0_1_1488070616837_887916\"><span style=\"font-size:14.0pt;line-height:107%;font-family:&quot;Arial&quot;,sans-serif\" id=\"yui_3_16_0_1_1488070616837_887917\">DEPOIS DE AGUARDAR <b id=\"yui_3_16_0_1_1488070616837_887918\">44 MESES, OU SEJA, 3 ANOS E OITO MESES  (CARRO DESDE 10 DE JUNHO DE 2013)<\/b> COM O CARRO PRESO NA OFICINA DA ABOLI\u00c7\u00c3O  VE\u00cdCULOS COM APENAS 729 KM RODADOS, EM UM PROCESSO COM 6 VOLUMES, NA 1\u00aa VARA  CIVEL, DA COMARCA DE NITER\u00d3I\/RJ, REGIONAL OCE\u00c2NICA, A SENTEN\u00c7A FOI INDEFERIR  TODOS OS MEUS PEDIDOS E AINDA CONDENAR EM 10% DE CUSTAS JUDICIAIS. OU SEJA,  FIQUEI SEM CARRO ESSE TEMPO TODO (MESMO PAGANDO \u00c0 VISTA POR ELE), JUNTEI PROVAS  COMO REGISTRO DE OCORR\u00caNCIA DA POL\u00cdCIA CIVIL\/RJ, BOLETIM DE OCORR\u00caNCIA DA  POLICIA MILITAR\/RJ, ORDENS DE SERVI\u00c7O, MAIS DE 600 FOTOGRAFIAS, MAIS DE 40  \u00c1UDIOS, NOTAS FISCAIS, NOTAS DE T\u00c1XI, PRONTU\u00c1RIOS M\u00c9DICOS, POIS NESTE PER\u00cdODO  TIVE PROBLEMAS DE SA\u00daDE, BEM COMO MEUS FAMILIARES, TENDO UMA FILHA QUE HOJE TEM  APENAS 5 ANOS, NA \u00c9POCA POUCO MAIS DE 1 ANINHO. VALE LEMBRAR, QUE OS PRIMEIROS  DEFEITOS SE DERAM QUANDO O CARRO TINHA MENOS DE 30 KM RODADOS. TUDO ISSO PARA  NADA. QUEM GOSTOU DO RESULTADO DA DOUTA MAGRISTRADA FORAM AS EMPRESAS R\u00c9S \u2013 QUE  ME LESARAM \u2013 ABOLI\u00c7\u00c3O VE\u00cdCULOS E VW DO BRASIL (PROCESSO: No  0016370-44.2013.8.19.0212).<o:p id=\"yui_3_16_0_1_1488070616837_887919\"><\/o:p><\/span><\/div>\n<div style=\"text-align:justify\" id=\"yui_3_16_0_1_1488070616837_887920\"><b id=\"yui_3_16_0_1_1488070616837_887921\"><span style=\"font-size:14.0pt;line-height:107%;font-family:&quot;Arial&quot;,sans-serif\" id=\"yui_3_16_0_1_1488070616837_887922\">&nbsp;<o:p id=\"yui_3_16_0_1_1488070616837_887923\"><\/o:p><\/span><\/b><\/div>\n<div style=\"text-align:justify\" id=\"yui_3_16_0_1_1488070616837_887924\"><b id=\"yui_3_16_0_1_1488070616837_887925\"><span style=\"font-size:14.0pt;line-height:107%;font-family:&quot;Arial&quot;,sans-serif\" id=\"yui_3_16_0_1_1488070616837_887926\">&nbsp;&nbsp;&nbsp;&nbsp;&nbsp;&nbsp;&nbsp;&nbsp;&nbsp;&nbsp;&nbsp;&nbsp;&nbsp;&nbsp; <o:p id=\"yui_3_16_0_1_1488070616837_887927\"><\/o:p><\/span><\/b><\/div>\n<div style=\"text-align:justify\" id=\"yui_3_16_0_1_1488070616837_887928\"><b id=\"yui_3_16_0_1_1488070616837_887929\"><span style=\"font-size:14.0pt;line-height:107%;font-family:&quot;Arial&quot;,sans-serif\" id=\"yui_3_16_0_1_1488070616837_887930\">&nbsp;&nbsp;&nbsp;&nbsp;&nbsp;&nbsp;&nbsp;&nbsp;&nbsp;&nbsp;&nbsp;&nbsp;&nbsp;&nbsp;&nbsp;&nbsp;&nbsp;&nbsp;&nbsp;&nbsp;&nbsp;&nbsp;&nbsp;&nbsp;&nbsp;&nbsp;&nbsp;&nbsp;&nbsp;&nbsp; <o:p id=\"yui_3_16_0_1_1488070616837_887931\"><\/o:p><\/span><\/b><\/div>\n<div id=\"yui_3_16_0_1_1488070616837_887671\">                                                <\/div>\n<div style=\"text-align:justify\" dir=\"ltr\" id=\"yui_3_16_0_1_1488070616837_887932\"><b id=\"yui_3_16_0_1_1488070616837_887933\"><span style=\"font-size:14.0pt;line-height:107%;font-family:&quot;Arial&quot;,sans-serif\" id=\"yui_3_16_0_1_1488070616837_887934\">AP\u00d3S  AS TODAS AS PARTIDAS DO VASC\u00c3O EM MEU PERFIL DO FACEBOOK (QUEM QUISER RECEBER  AS CR\u00d4NICAS DE PRIMEIRA M\u00c3O \u00c9 S\u00d3 ME ADICIONAR), E NO SITE WEBVASCO  (<a href=\"http:\/\/www.webvasco.com\">www.webvasco.com<\/a>), TEM A OPINI\u00c3O DO JORNALISTA LUIZ CARLOS ROCHA. LEIAM!  COMPARTILHEM E CURTAM! VASCA\u00cdNOS UNIDOS JAMAIS SER\u00c3O VENCIDOS.<o:p id=\"yui_3_16_0_1_1488070616837_887935\"><\/o:p><\/span><\/b><\/div>\n<div id=\"yui_3_16_0_1_1488070616837_887671\"><span><br \/><\/span><\/div>\n<div id=\"yui_3_16_0_1_1488070616837_887671\"><span><br \/><\/span><\/div>\n<div id=\"yui_3_16_0_1_1488070616837_887671\"><span><br \/><\/span><\/div>\n<div><\/div>\n<div id=\"yui_3_16_0_1_1488070616837_887672\">&nbsp;<\/div>\n<div class=\"signature\" id=\"yui_3_16_0_1_1488070616837_887677\">\n<div id=\"RTEContent\">\n<div id=\"yui_3_16_0_1_1488070616837_887676\">\n<div id=\"yui_3_16_0_1_1488070616837_887675\">\n<div id=\"yui_3_16_0_1_1488070616837_887674\">\n<div align=\"center\" id=\"yui_3_16_0_1_1488070616837_887673\"><\/div>\n<\/div>\n<\/div>\n<\/div>\n<\/div>\n<\/div>\n<\/div>\n<\/div>\n<p><\/p>\n","protected":false},"excerpt":{"rendered":"<p>Vasco da Gama e Vit\u00f3ria\/BA, empataram hoje, por 1 a 1, em partida v\u00e1lida pela&#8230;<\/p>\n","protected":false},"author":7,"featured_media":0,"comment_status":"open","ping_status":"closed","sticky":false,"template":"","format":"standard","meta":{"footnotes":""},"categories":[4],"tags":[],"class_list":["post-8111","post","type-post","status-publish","format-standard","hentry","category-luizcarlosrocha"],"_links":{"self":[{"href":"https:\/\/webvasco.com\/artigos\/wp-json\/wp\/v2\/posts\/8111","targetHints":{"allow":["GET"]}}],"collection":[{"href":"https:\/\/webvasco.com\/artigos\/wp-json\/wp\/v2\/posts"}],"about":[{"href":"https:\/\/webvasco.com\/artigos\/wp-json\/wp\/v2\/types\/post"}],"author":[{"embeddable":true,"href":"https:\/\/webvasco.com\/artigos\/wp-json\/wp\/v2\/users\/7"}],"replies":[{"embeddable":true,"href":"https:\/\/webvasco.com\/artigos\/wp-json\/wp\/v2\/comments?post=8111"}],"version-history":[{"count":0,"href":"https:\/\/webvasco.com\/artigos\/wp-json\/wp\/v2\/posts\/8111\/revisions"}],"wp:attachment":[{"href":"https:\/\/webvasco.com\/artigos\/wp-json\/wp\/v2\/media?parent=8111"}],"wp:term":[{"taxonomy":"category","embeddable":true,"href":"https:\/\/webvasco.com\/artigos\/wp-json\/wp\/v2\/categories?post=8111"},{"taxonomy":"post_tag","embeddable":true,"href":"https:\/\/webvasco.com\/artigos\/wp-json\/wp\/v2\/tags?post=8111"}],"curies":[{"name":"wp","href":"https:\/\/api.w.org\/{rel}","templated":true}]}}