{"id":8112,"date":"2017-03-10T15:12:27","date_gmt":"2017-03-10T18:12:27","guid":{"rendered":"http:\/\/webvasco.com\/artigos\/?p=8112"},"modified":"2017-03-10T15:13:59","modified_gmt":"2017-03-10T18:13:59","slug":"racismo-cristovao-nao-e-por-causa-da-tua-incompetencia-o-vasco-nao-tem-essa-mancha-na-sua-historia-respeite-o-vasco-e-sua-torcida","status":"publish","type":"post","link":"https:\/\/webvasco.com\/artigos\/colunistas\/marcus-simonini\/racismo-cristovao-nao-e-por-causa-da-tua-incompetencia-o-vasco-nao-tem-essa-mancha-na-sua-historia-respeite-o-vasco-e-sua-torcida\/","title":{"rendered":"RACISMO, CRIST\u00d3V\u00c3O?! N\u00c3O! \u00c9 POR CAUSA DA TUA INCOMPET\u00caNCIA! O VASCO N\u00c3O TEM ESSA MANCHA NA SUA HIST\u00d3RIA! RESPEITE O VASCO, E SUA TORCIDA!"},"content":{"rendered":"<p>Caros,<\/p>\n<p>Se os s\u00f3cios mais influentes, com acesso na M\u00eddia escrita, r\u00e1dios e Colunistas renomados, n\u00e3o se pronunciarem, essa mesma m\u00eddia vai colar o r\u00f3tulo do racismo \u00e0 hist\u00f3ria do Vasco, com a chancela do Presidente Eurico Miranda.<\/p>\n<p>Crist\u00f3v\u00e3o criou essa teoria da conspira\u00e7\u00e3o da torcida contra ele baseada em racismo. Ora, Racismo nunca entrou pelos port\u00f5es de S\u00e3o\u00a0Janu\u00e1rio, e, quando bateu \u00e0 nossa porta, foi recha\u00e7ado de forma contundente, na forma de um of\u00edcio \u00e0 AMEA, que era a &#8220;FFERJ&#8221; do in\u00edcio do s\u00e9culo XX, pelo ent\u00e3o Presidente do CRVG, Sr. Jos\u00e9 Augusto Prestes.<\/p>\n<p>Racismo?! O Vasco n\u00e3o teve, n\u00e3o tem e n\u00e3o ter\u00e1 essa mancha em sua hist\u00f3ria! Ainda que um t\u00e9cnico incompetente, mal sucedido por onde passou, e foi demitido por seus p\u00edfios resultados, fique a bater nessa tecla para encobrir seu insucesso profissional criando essa perversa cortina de fuma\u00e7a para esconder seus fracassos.<\/p>\n<p>O problema \u00e9 que, desde que o Presidente do Vasco, Sr, Eurico Miranda, no programa Deles &amp; Delas, na semana passada, ratificou essa mentira tantas vezes repetidas por Crist\u00f3v\u00e3o Borges, a m\u00eddia j\u00e1 est\u00e1 a reverberar esse fact\u00f3ide do racismo pelos Vasca\u00ednos, em face do Crist\u00f3v\u00e3o, em pleno S\u00e3o Janu\u00e1rio, nos dias de jogos, nas redes sociais e sites de not\u00edcias. *<\/p>\n<p>Como pode o Presidente do Club de Regatas Vasco da Gama, o clube que acabou com o Aparthaid no futebol brasileiro, agora referendar publicamente uma mentira grave contra a torcida do Vasco?! A torcida que \u00e9 o maior patrim\u00f4nio do nosso clube n\u00e3o \u00e9 racista, n\u00e3o xingou Crist\u00f3v\u00e3o, e n\u00e3o merece esse r\u00f3tulo negro, ainda mais partindo de dentro do pr\u00f3prio clube, por pessoas que criaram isso em suas cabe\u00e7as!<\/p>\n<p>Pois bem! Que isso orbite nas cabe\u00e7as de Crist\u00f3v\u00e3o e Eurico, e esse pensamento fique em suas pessoas,\u00a0apenas, porque a torcida do Vasco sempre combateu o racismo!<\/p>\n<p>Se voc\u00ea tem os nomes dessas pessoas, Crist\u00f3v\u00e3o, que os aponte, prove que foi ofendido nas redes sociais, j\u00e1 que no Est\u00e1dio de S\u00e3o Janu\u00e1rio, em partidas do Vasco isso jamais ocorreu, quando voc\u00ea foi chamado, sim, de burro, e pediram a tua sa\u00edda, pois em 60 dias ainda n\u00e3o conseguiu dar um formato de jogo ao time. Prove, identifique essas pessoas, para que elas sejam banidas do quadro social, sejam retiradas de S\u00e3o Janu\u00e1rio, pois n\u00f3s, Vasca\u00ednos, abominamos o racismo, combatemos o racismo, e estaremos ao teu lado sempre contra isso, independentemente da qualidade ruim do seu trabalho t\u00e9cnico,\u00a0mas n\u00e3o invente cortinas de fuma\u00e7a baseada em um mentira contra essa torcida incompar\u00e1vel.<\/p>\n<p>Crist\u00f3v\u00e3o e Presidente, se retratem! Respeitem o Vasco da Gama, e a torcida Vasca\u00edna, que n\u00e3o \u00e9 racista! N\u00e3o manchem a hist\u00f3ria do Vasco!<\/p>\n<p>Segue abaixo not\u00edcia do site UOL reproduzindo a inverdade do racismo da torcida do Vasco, que vem sendo propalada pelo T\u00e9cnico, e o pior, repetida\u00a0pelo Presidente, que parece ter se esquecido da Resposta Hist\u00f3rica.<\/p>\n<p>Que a comunidade Vasca\u00edna se levante contra essa inverdade e demonstre, publicamente, toda a sua indigna\u00e7\u00e3o! Racismo, essa mancha o Vasco n\u00e3o tem na sua hist\u00f3ria! E n\u00e3o ter\u00e1!<\/p>\n<p>&nbsp;<\/p>\n<table class=\"Bs nH iY\" cellpadding=\"0\">\n<tbody>\n<tr>\n<td class=\"Bu\">\n<div class=\"nH if\">\n<div class=\"nH aHU\">\n<div class=\"nH hx\">\n<div class=\"nH\">\n<div class=\"h7 \" tabindex=\"-1\">\n<div class=\"Bk\">\n<div class=\"G3 G2\">\n<div id=\":jc\">\n<div class=\"adn ads\">\n<div class=\"gs\">\n<div id=\":ja\" class=\"ii gt adP adO\">\n<div id=\":jb\" class=\"a3s aXjCH m15ab8ec01f9e557d\">\n<div dir=\"ltr\">\n<div id=\"m_1934681346696266617divtagdefaultwrapper\" dir=\"ltr\">\n<p>&nbsp;<\/p>\n<p style=\"text-align: left;\">\n<h1 style=\"text-align: left;\">Mesmo pressionado, Crist\u00f3v\u00e3o segue com respaldo de Eurico Miranda<\/h1>\n<div class=\"m_1934681346696266617noticia-subheader-container\" style=\"text-align: left;\">\n<p><span class=\"m_1934681346696266617noticia-data\">Sexta-feira, 10\/03\/2017 &#8211; 12:01<\/span><\/p>\n<div class=\"m_1934681346696266617plugins-sociais\">\n<div id=\"m_1934681346696266617___plusone_0\"><\/div>\n<p><a class=\"m_1934681346696266617twitter-share-button\" href=\"http:\/\/twitter.com\/share\" target=\"_blank\" data-saferedirecturl=\"https:\/\/www.google.com\/url?hl=pt-BR&amp;q=http:\/\/twitter.com\/share&amp;source=gmail&amp;ust=1489247737589000&amp;usg=AFQjCNH_0KJsm0CmVVCs1IeurIbeDiZm7g\">Tweetar<\/a>\u00a0<a href=\"http:\/\/www.netvasco.com.br\/n\/190427\/mesmo-pressionado-cristovao-segue-com-respaldo-de-eurico-miranda#cfb\" target=\"_blank\" data-saferedirecturl=\"https:\/\/www.google.com\/url?hl=pt-BR&amp;q=http:\/\/www.netvasco.com.br\/n\/190427\/mesmo-pressionado-cristovao-segue-com-respaldo-de-eurico-miranda%23cfb&amp;source=gmail&amp;ust=1489247737589000&amp;usg=AFQjCNHuzp8ezOxUQX03f7wvfTA4Zw79qw\"><span class=\"m_1934681346696266617cfb\">coment\u00e1rios<\/span><\/a><\/p>\n<\/div>\n<\/div>\n<p style=\"text-align: left;\">Apesar de ter somente dois meses de trabalho no Vasco, Crist\u00f3v\u00e3o Borges j\u00e1 sofre grande press\u00e3o no cargo. Principal alvo da torcida no empate em 1 a 1 com o Vit\u00f3ria nesta quinta (9), o treinador segue com respaldo do presidente Eurico Miranda mesmo com as duras cr\u00edticas.<\/p>\n<p style=\"text-align: left;\"><b>Adepto de trabalhos a longo prazo, o dirigente tem passado tranquilidade ao t\u00e9cnico em meio ao momento turbulento e saiu at\u00e9 mesmo em defesa do comandante levantando supostas quest\u00f5es raciais para justificar tal persegui\u00e7\u00e3o.\u00a0<\/b><\/p>\n<p style=\"text-align: left;\">Sempre comedido, Crist\u00f3v\u00e3o disse n\u00e3o saber o motivo de tanta press\u00e3o, mas revelou que tem tentado entender. &#8220;Eu tenho procurado estudar para entender isso, mas n\u00e3o cheguei a conclus\u00e3o ainda. Eu sou muito observador, venho observando e acho que vou chegar a uma conclus\u00e3o em algum momento. Mas ainda n\u00e3o consegui&#8221;, declarou.<\/p>\n<p style=\"text-align: left;\">Questionado se teme perder o cargo no clube, o treinador deixou a resposta para Eurico Miranda. &#8220;Essa pergunta s\u00f3 ele pode responder. Eu vou continuar trabalhando como tenho feito. N\u00e3o posso responder sobre isso&#8221;, disse.<\/p>\n<p style=\"text-align: left;\">Eurico costuma dizer que n\u00e3o manda treinador embora. E desde que voltou \u00e0 presid\u00eancia do clube, isto s\u00f3 aconteceu uma vez, com Celso Roth, quando o Vasco j\u00e1 agonizava na luta contra o rebaixamento no Campeonato Brasileiro de 2015.<\/p>\n<p style=\"text-align: left;\">At\u00e9 aqui, ele teve tr\u00eas t\u00e9cnicos antes de Crist\u00f3v\u00e3o. O primeiro foi Doriva, campe\u00e3o estadual de 2015 e que pediu para sair ap\u00f3s 7 meses por conta da forte press\u00e3o da arquibancada. Em seu lugar entrou Roth, que foi demitido com apenas dois meses.<\/p>\n<p style=\"text-align: left;\">Jorginho foi quem mais durou. Ap\u00f3s quase livrar milagrosamente o time do rebaixamento em 2015, ele foi campe\u00e3o carioca de 2016 e ficou por um ano e tr\u00eas meses.<\/p>\n<p style=\"text-align: left;\">Esta \u00e9 a segunda passagem de Crist\u00f3v\u00e3o Borges pelo Vasco. O primeiro trabalho aconteceu em 2011, ainda como auxiliar de Ricardo Gomes. Com o AVC do t\u00e9cnico em agosto daquele ano, ele foi efetivado ao comando e deixou o clube em 2012, seguindo sua carreira.<\/p>\n<p style=\"text-align: left;\">Fonte: UOL e NETVASCO<\/p>\n<p style=\"text-align: left;\">LINK:\u00a0<a id=\"m_1934681346696266617LPlnk379222\" class=\"m_1934681346696266617OWAAutoLink\" href=\"http:\/\/www.netvasco.com.br\/n\/190427\/mesmo-pressionado-cristovao-segue-com-respaldo-de-eurico-miranda\" target=\"_blank\" data-saferedirecturl=\"https:\/\/www.google.com\/url?hl=pt-BR&amp;q=http:\/\/www.netvasco.com.br\/n\/190427\/mesmo-pressionado-cristovao-segue-com-respaldo-de-eurico-miranda&amp;source=gmail&amp;ust=1489247737589000&amp;usg=AFQjCNF_mTZW9P3UE8VPnfXCQX66FH6zeg\">http:\/\/www.netvasco.com.<wbr><\/wbr>br\/n\/190427\/mesmo-pressionado-<wbr><\/wbr>cristovao-segue-com-respaldo-<wbr><\/wbr>de-eurico-miranda<\/a><\/p>\n<\/div>\n<\/div>\n<\/div>\n<\/div>\n<\/div>\n<\/div>\n<\/div>\n<\/div>\n<\/div>\n<\/div>\n<\/div>\n<\/div>\n<\/div>\n<\/div>\n<\/td>\n<\/tr>\n<\/tbody>\n<\/table>\n","protected":false},"excerpt":{"rendered":"<p>Caros, Se os s\u00f3cios mais influentes, com acesso na M\u00eddia escrita, r\u00e1dios e Colunistas renomados,&#8230;<\/p>\n","protected":false},"author":8,"featured_media":0,"comment_status":"open","ping_status":"closed","sticky":false,"template":"","format":"standard","meta":{"footnotes":""},"categories":[6],"tags":[],"class_list":["post-8112","post","type-post","status-publish","format-standard","hentry","category-marcus-simonini"],"_links":{"self":[{"href":"https:\/\/webvasco.com\/artigos\/wp-json\/wp\/v2\/posts\/8112","targetHints":{"allow":["GET"]}}],"collection":[{"href":"https:\/\/webvasco.com\/artigos\/wp-json\/wp\/v2\/posts"}],"about":[{"href":"https:\/\/webvasco.com\/artigos\/wp-json\/wp\/v2\/types\/post"}],"author":[{"embeddable":true,"href":"https:\/\/webvasco.com\/artigos\/wp-json\/wp\/v2\/users\/8"}],"replies":[{"embeddable":true,"href":"https:\/\/webvasco.com\/artigos\/wp-json\/wp\/v2\/comments?post=8112"}],"version-history":[{"count":2,"href":"https:\/\/webvasco.com\/artigos\/wp-json\/wp\/v2\/posts\/8112\/revisions"}],"predecessor-version":[{"id":8114,"href":"https:\/\/webvasco.com\/artigos\/wp-json\/wp\/v2\/posts\/8112\/revisions\/8114"}],"wp:attachment":[{"href":"https:\/\/webvasco.com\/artigos\/wp-json\/wp\/v2\/media?parent=8112"}],"wp:term":[{"taxonomy":"category","embeddable":true,"href":"https:\/\/webvasco.com\/artigos\/wp-json\/wp\/v2\/categories?post=8112"},{"taxonomy":"post_tag","embeddable":true,"href":"https:\/\/webvasco.com\/artigos\/wp-json\/wp\/v2\/tags?post=8112"}],"curies":[{"name":"wp","href":"https:\/\/api.w.org\/{rel}","templated":true}]}}