{"id":8115,"date":"2017-03-13T12:49:00","date_gmt":"2017-03-13T15:49:00","guid":{"rendered":"http:\/\/webvasco.com\/artigos\/?p=8115"},"modified":"2017-03-13T12:58:04","modified_gmt":"2017-03-13T15:58:04","slug":"fora-eurico","status":"publish","type":"post","link":"https:\/\/webvasco.com\/artigos\/colunistas\/luizcarlosrocha\/fora-eurico\/","title":{"rendered":"# FORA EURICO!"},"content":{"rendered":"<div>\n<div style=\"color:#000; background-color:#fff; font-family:HelveticaNeue-Light, Helvetica Neue Light, Helvetica Neue, Helvetica, Arial, Lucida Grande, sans-serif;font-size:32px\">\n<div style=\"text-align:justify\" id=\"yui_3_16_0_1_1488070616837_946574\"><span style=\"font-size:14.0pt;line-height:107%;font-family:&quot;Arial&quot;,sans-serif\" id=\"yui_3_16_0_1_1488070616837_946575\">Que vergonha! Na Primeira  Rodada, da Ta\u00e7a Rio (Segundo Turno do Campeonato Carioca), o Vasco da Gama n\u00e3o  conseguiu passar pelo fraqu\u00edssimo Maca\u00e9, que na Ta\u00e7a Guanabara perdeu todas as  partidas. O resultado em 2 a 2 (Nen\u00ea e Rodrigo pelo time \u201cgrande\u201d e Hudson e  Rafinha pelo o \u201cpequeno\u201d), deixou a Imensa Torcida Bem (In) Feliz  revoltad\u00edssima que pede a sa\u00edda de Crist\u00f3v\u00e3o Borges. Estiveram presentes nesta p\u00edfia  apresenta\u00e7\u00e3o 6.386 presentes, no Est\u00e1dio Nilton Santos (Engenh\u00e3o). <o:p id=\"yui_3_16_0_1_1488070616837_946576\"><\/o:p><\/span><\/div>\n<div style=\"text-align:justify\" id=\"yui_3_16_0_1_1488070616837_946577\"><span style=\"font-size:14.0pt;line-height:107%;font-family:&quot;Arial&quot;,sans-serif\" id=\"yui_3_16_0_1_1488070616837_946578\">&nbsp;&nbsp;&nbsp;&nbsp;&nbsp;&nbsp;&nbsp;&nbsp; Nem mesmo a estreia de Lu\u00eds Fabiano mudou a incompet\u00eancia da  equipe vasca\u00edna. Lament\u00e1vel como o estagi\u00e1rio Crist\u00f3v\u00e3o conduz a parte t\u00e9cnica  e t\u00e1tica. Ou seja, n\u00e3o tem! Parece um time de amigos atuando em campeonato de  v\u00e1rzea. Ali\u00e1s, neste caso time de inimigos, porque n\u00e3o se pode ter amizade a  quem destr\u00f3i um clube s\u00f3lido e centen\u00e1rio! Ap\u00f3s o t\u00e9rmino do jogo come\u00e7aram as  goza\u00e7\u00f5es nas redes sociais. Mais uma vez o Vasco foi alvo de tanta chacota.<o:p id=\"yui_3_16_0_1_1488070616837_946579\"><\/o:p><\/span><\/div>\n<div style=\"text-align:justify\" id=\"yui_3_16_0_1_1488070616837_946580\"><span style=\"font-size:14.0pt;line-height:107%;font-family:&quot;Arial&quot;,sans-serif\" id=\"yui_3_16_0_1_1488070616837_946581\">&nbsp;&nbsp;&nbsp;&nbsp;&nbsp;&nbsp;&nbsp;&nbsp; Mas o torcedor vasca\u00edno est\u00e1 esquecendo de um detalhe. N\u00e3o esquecendo  as aberra\u00e7\u00f5es do treinador \u00e9 claro. Precisamos ver que quem o contratou \u00e9 muito  pior. Ou seja, Dom Charuto foi o respons\u00e1vel, neste caso o irrespons\u00e1vel! O  An\u00e3o da Colina \u2013 outrora foi Gigante \u2013 tem um passado de gl\u00f3rias, uma hist\u00f3ria  futebol\u00edstica linda. Tanto os atletas, quando Comiss\u00e3o T\u00e9cnica precisam ser de  ponta. N\u00e3o podemos aceitar profissionais medianos (est\u00e1 muito longe disso,  estamos no n\u00edvel med\u00edocre mesmo). Hoje s\u00f3 refugos atuam pelo clube. N\u00e3o d\u00e1 para  esperar que um time de liquida\u00e7\u00e3o possa ser campe\u00e3o!<o:p id=\"yui_3_16_0_1_1488070616837_946582\"><\/o:p><\/span><\/div>\n<div style=\"text-align:justify\" id=\"yui_3_16_0_1_1488070616837_946583\"><span style=\"font-size:14.0pt;line-height:107%;font-family:&quot;Arial&quot;,sans-serif\" id=\"yui_3_16_0_1_1488070616837_946584\">&nbsp;&nbsp;&nbsp;&nbsp;&nbsp;&nbsp;&nbsp;&nbsp; A velha m\u00e1xima diz: Me diz com quem tu andas, que te direi  quem tu \u00e9s. Pois \u00e9. Se o presidente \u00e9 o Eurico e a c\u00fapula vasca\u00edna os 40  Euriquetes, n\u00e3o h\u00e1 como essa embarca\u00e7\u00e3o atracar em um Porto Seguro. Pelo  contr\u00e1rio, a Caravela est\u00e1 naufragando! O problema \u00e9 que os ratos s\u00e3o sempre os  \u00faltimos a sair do local. Por\u00e9m, o que mudou nos \u00faltimos tempos foi a atitude.<o:p id=\"yui_3_16_0_1_1488070616837_946585\"><\/o:p><\/span><\/div>\n<div style=\"text-align:justify\" id=\"yui_3_16_0_1_1488070616837_946586\"><span style=\"font-size:14.0pt;line-height:107%;font-family:&quot;Arial&quot;,sans-serif\" id=\"yui_3_16_0_1_1488070616837_946587\">&nbsp;&nbsp;&nbsp;&nbsp;&nbsp;&nbsp;&nbsp;&nbsp; Atitude \u00e9 uma palavra muito usada na Gera\u00e7\u00e3o Mimimi. Mal  usada \u00e9 claro. Esse termo usado sem qualquer l\u00f3gica \u00e9 esquecido quando \u00e9  preciso realmente ter a tal da atitude. Em gera\u00e7\u00f5es passadas a coisa era bem  diferente. Para simplificar com nomenclatura da moda a Torcida Nutella (atual)  fica putinha e reclama com os amigos as cagadas do Estagi\u00e1rio e seus auxiliares  (imagina ser sub de uma cara que n\u00e3o sabe porra nenhuma, deve ser dif\u00edcil  mesmo!). Torcida Raiz era aquela que por muito menos ia at\u00e9 o Est\u00e1dio de S\u00e3o  Janu\u00e1rio cobrar mudan\u00e7as e resultados dos cartolas do clube. Cad\u00ea a Torcida?  Vai aceitar pacificamente tudo o que est\u00e1 acontecendo? A maior for\u00e7a de um time  \u00e9 a sua torcida. O torcedor vasca\u00edno vai esperar o Cruzmaltino ser eliminado do  Carioca, da Copa do Brasil ou o Quarto Rebaixamento? Precisa acontecer quais  desses tr\u00eas, ou todos para que a torcida se manifeste? Mas n\u00e3o adianta ser como  da \u00faltima vez, que os dirigentes compraram os \u201cseis ou sete\u201d manifestantes na  Colina Hist\u00f3rica com palavras bonitas.<o:p id=\"yui_3_16_0_1_1488070616837_946588\"><\/o:p><\/span><\/div>\n<div style=\"text-align:justify\" id=\"yui_3_16_0_1_1488070616837_946589\"><span style=\"font-size:14.0pt;line-height:107%;font-family:&quot;Arial&quot;,sans-serif\" id=\"yui_3_16_0_1_1488070616837_946590\">&nbsp;&nbsp;&nbsp;&nbsp;&nbsp;&nbsp;&nbsp;&nbsp; \u00c9 necess\u00e1rio \u2013 vital &#8211; haver uma cobran\u00e7a em massa. Todas as  Organizadas juntas! N\u00e3o importa se torcida A n\u00e3o se d\u00e1 com torcida B. \u00c9 hora de  Uni\u00e3o! Depois trocam as diferen\u00e7as. Se todas as Organizadas (aquelas que s\u00e3o  apadrinhadas por Dom Charuto ou n\u00e3o) cobrarem, a mudan\u00e7a chegar\u00e1. \u00c9 preciso ter  atitude de Mach\u00e3o da Gama. Enquanto o torcedor se comportar como Mimimi o Vasco  n\u00e3o voltar\u00e1 a ser um Gigante. O FlorminenC est\u00e1 adorando ter um companheiro do  mesmo n\u00edvel de zua\u00e7\u00e3o. Acorda Vasco da Gama!<o:p id=\"yui_3_16_0_1_1488070616837_946591\"><\/o:p><\/span><\/div>\n<div style=\"text-align:justify\" id=\"yui_3_16_0_1_1488070616837_946592\"><span style=\"font-size:14.0pt;line-height:107%;font-family:&quot;Arial&quot;,sans-serif\" id=\"yui_3_16_0_1_1488070616837_946593\">&nbsp;&nbsp;&nbsp;&nbsp;&nbsp;&nbsp;&nbsp;&nbsp; O pr\u00f3ximo desafio do Vasco ser\u00e1 quinta-feira, dia 16, \u00e0s  19h30m, no Est\u00e1dio do Barrad\u00e3o, contra o Vit\u00f3ria\/BA, pela Copa do Brasil.  Depois o cl\u00e1ssico contra o Botafogo, domingo, dia 19 de mar\u00e7o, \u00e0s 18h30m, no  Maracan\u00e3, pelo Carioca. Provavelmente do jeito que a coisa vai ser\u00e3o mais duas  porradas. A n\u00e3o ser que o estagi\u00e1rio suma de S\u00e3o Janu\u00e1rio e venha um t\u00e9cnico de  verdade. N\u00e3o adianta tamb\u00e9m Dom Charuto demitir Crist\u00f3v\u00e3o e chamar outro  Cretino!<o:p id=\"yui_3_16_0_1_1488070616837_946594\"><\/o:p><\/span><\/div>\n<div style=\"text-align:justify\" id=\"yui_3_16_0_1_1488070616837_946595\"><span style=\"font-size:14.0pt;line-height:107%;font-family:&quot;Arial&quot;,sans-serif\" id=\"yui_3_16_0_1_1488070616837_946596\">&nbsp;<b id=\"yui_3_16_0_1_1488070616837_946597\"><u id=\"yui_3_16_0_1_1488070616837_946598\"><o:p id=\"yui_3_16_0_1_1488070616837_946599\"><\/o:p><\/u><\/b><\/span><\/div>\n<div style=\"text-align:justify\" id=\"yui_3_16_0_1_1488070616837_946600\"><span style=\"font-size:14.0pt;line-height:107%;font-family:&quot;Arial&quot;,sans-serif\" id=\"yui_3_16_0_1_1488070616837_946601\"><o:p id=\"yui_3_16_0_1_1488070616837_946602\">&nbsp;<\/o:p><\/span><\/div>\n<div style=\"text-align:justify\" id=\"yui_3_16_0_1_1488070616837_946603\"><span style=\"font-size:14.0pt;line-height:107%;font-family:&quot;Arial&quot;,sans-serif\" id=\"yui_3_16_0_1_1488070616837_946604\">&nbsp;&nbsp;&nbsp;&nbsp;&nbsp;&nbsp;&nbsp;&nbsp; <o:p id=\"yui_3_16_0_1_1488070616837_946605\"><\/o:p><\/span><\/div>\n<div style=\"text-align:justify\" id=\"yui_3_16_0_1_1488070616837_946606\"><b id=\"yui_3_16_0_1_1488070616837_946607\"><u id=\"yui_3_16_0_1_1488070616837_946608\"><span style=\"font-size:14.0pt;line-height:107%;font-family:&quot;Arial&quot;,sans-serif\" id=\"yui_3_16_0_1_1488070616837_946609\">PERPLEXO  COM O PODER JUDICI\u00c1RIO:<o:p id=\"yui_3_16_0_1_1488070616837_946610\"><\/o:p><\/span><\/u><\/b><\/div>\n<div style=\"text-align:justify\" id=\"yui_3_16_0_1_1488070616837_946611\"><span style=\"font-size:14.0pt;line-height:107%;font-family:&quot;Arial&quot;,sans-serif\" id=\"yui_3_16_0_1_1488070616837_946612\">DEPOIS DE AGUARDAR <b id=\"yui_3_16_0_1_1488070616837_946613\">44 MESES, OU SEJA, 3 ANOS E OITO MESES  (CARRO DESDE 10 DE JUNHO DE 2013)<\/b> COM O CARRO PRESO NA OFICINA DA ABOLI\u00c7\u00c3O  VE\u00cdCULOS COM APENAS 729 KM RODADOS, EM UM PROCESSO COM 6 VOLUMES, NA 1\u00aa VARA  CIVEL, DA COMARCA DE NITER\u00d3I\/RJ, REGIONAL OCE\u00c2NICA, A SENTEN\u00c7A FOI INDEFERIR  TODOS OS MEUS PEDIDOS E AINDA CONDENAR EM 10% DE CUSTAS JUDICIAIS. OU SEJA,  FIQUEI SEM CARRO ESSE TEMPO TODO (MESMO PAGANDO \u00c0 VISTA POR ELE), JUNTEI PROVAS  COMO REGISTRO DE OCORR\u00caNCIA DA POL\u00cdCIA CIVIL\/RJ, BOLETIM DE OCORR\u00caNCIA DA  POLICIA MILITAR\/RJ, ORDENS DE SERVI\u00c7O, MAIS DE 600 FOTOGRAFIAS, MAIS DE 40  \u00c1UDIOS, NOTAS FISCAIS, NOTAS DE T\u00c1XI, PRONTU\u00c1RIOS M\u00c9DICOS, POIS NESTE PER\u00cdODO  TIVE PROBLEMAS DE SA\u00daDE, BEM COMO MEUS FAMILIARES, TENDO UMA FILHA QUE HOJE TEM  APENAS 5 ANOS, NA \u00c9POCA POUCO MAIS DE 1 ANINHO. VALE LEMBRAR, QUE OS PRIMEIROS  DEFEITOS SE DERAM QUANDO O CARRO TINHA MENOS DE 30 KM RODADOS. TUDO ISSO PARA  NADA. QUEM GOSTOU DO RESULTADO DA DOUTA MAGRISTRADA FORAM AS EMPRESAS R\u00c9S \u2013 QUE  ME LESARAM \u2013 ABOLI\u00c7\u00c3O VE\u00cdCULOS E VW DO BRASIL (PROCESSO: No  0016370-44.2013.8.19.0212).<o:p id=\"yui_3_16_0_1_1488070616837_946614\"><\/o:p><\/span><\/div>\n<div style=\"text-align:justify\" id=\"yui_3_16_0_1_1488070616837_946615\"><b id=\"yui_3_16_0_1_1488070616837_946616\"><span style=\"font-size:14.0pt;line-height:107%;font-family:&quot;Arial&quot;,sans-serif\" id=\"yui_3_16_0_1_1488070616837_946617\">&nbsp;<o:p id=\"yui_3_16_0_1_1488070616837_946618\"><\/o:p><\/span><\/b><\/div>\n<div style=\"text-align:justify\" id=\"yui_3_16_0_1_1488070616837_946619\"><b id=\"yui_3_16_0_1_1488070616837_946620\"><span style=\"font-size:14.0pt;line-height:107%;font-family:&quot;Arial&quot;,sans-serif\" id=\"yui_3_16_0_1_1488070616837_946621\">&nbsp;&nbsp;&nbsp;&nbsp;&nbsp;&nbsp;&nbsp;&nbsp;&nbsp;&nbsp;&nbsp;&nbsp;&nbsp;&nbsp; <o:p id=\"yui_3_16_0_1_1488070616837_946622\"><\/o:p><\/span><\/b><\/div>\n<div style=\"text-align:justify\" id=\"yui_3_16_0_1_1488070616837_946623\"><b id=\"yui_3_16_0_1_1488070616837_946624\"><span style=\"font-size:14.0pt;line-height:107%;font-family:&quot;Arial&quot;,sans-serif\" id=\"yui_3_16_0_1_1488070616837_946625\">&nbsp;&nbsp;&nbsp;&nbsp;&nbsp;&nbsp;&nbsp;&nbsp;&nbsp;&nbsp;&nbsp;&nbsp;&nbsp;&nbsp;&nbsp;&nbsp;&nbsp;&nbsp;&nbsp;&nbsp;&nbsp; &nbsp;&nbsp;&nbsp;&nbsp;&nbsp;&nbsp;&nbsp;&nbsp;&nbsp;<o:p id=\"yui_3_16_0_1_1488070616837_946626\"><\/o:p><\/span><\/b><\/div>\n<div id=\"yui_3_16_0_1_1488070616837_946338\">                                                            <\/div>\n<div style=\"text-align:justify\" dir=\"ltr\" id=\"yui_3_16_0_1_1488070616837_946627\"><b id=\"yui_3_16_0_1_1488070616837_946628\"><span style=\"font-size:14.0pt;line-height:107%;font-family:&quot;Arial&quot;,sans-serif\" id=\"yui_3_16_0_1_1488070616837_946629\">AP\u00d3S  AS TODAS AS PARTIDAS DO VASC\u00c3O EM MEU PERFIL DO FACEBOOK (QUEM QUISER RECEBER  AS CR\u00d4NICAS DE PRIMEIRA M\u00c3O \u00c9 S\u00d3 ME ADICIONAR), E NO SITE WEBVASCO  (<a href=\"http:\/\/www.webvasco.com\">www.webvasco.com<\/a>), TEM A OPINI\u00c3O DO JORNALISTA LUIZ CARLOS ROCHA. LEIAM!  COMPARTILHEM E CURTAM! VASCA\u00cdNOS UNIDOS JAMAIS SER\u00c3O VENCIDOS.<o:p id=\"yui_3_16_0_1_1488070616837_946630\"><\/o:p><\/span><\/b><\/div>\n<div id=\"yui_3_16_0_1_1488070616837_946338\"><span><br \/><\/span><\/div>\n<div id=\"yui_3_16_0_1_1488070616837_946338\"><span><br \/><\/span><\/div>\n<div id=\"yui_3_16_0_1_1488070616837_946338\"><span><br \/><\/span><\/div>\n<div id=\"yui_3_16_0_1_1488070616837_946338\"><span><br \/><\/span><\/div>\n<div id=\"yui_3_16_0_1_1488070616837_946338\"><span><br \/><\/span><\/div>\n<div id=\"yui_3_16_0_1_1488070616837_946338\"><span><br \/><\/span><\/div>\n<div><\/div>\n<div id=\"yui_3_16_0_1_1488070616837_946337\">&nbsp;<\/div>\n<div class=\"signature\" id=\"yui_3_16_0_1_1488070616837_946332\">\n<div id=\"RTEContent\">\n<div id=\"yui_3_16_0_1_1488070616837_946331\">\n<div id=\"yui_3_16_0_1_1488070616837_946330\">\n<div id=\"yui_3_16_0_1_1488070616837_946329\">\n<div align=\"center\" id=\"yui_3_16_0_1_1488070616837_946336\"><\/div>\n<\/div>\n<\/div>\n<\/div>\n<\/div>\n<\/div>\n<\/div>\n<\/div>\n<p><\/p>\n","protected":false},"excerpt":{"rendered":"<p>Que vergonha! Na Primeira Rodada, da Ta\u00e7a Rio (Segundo Turno do Campeonato Carioca), o Vasco&#8230;<\/p>\n","protected":false},"author":7,"featured_media":0,"comment_status":"open","ping_status":"closed","sticky":false,"template":"","format":"standard","meta":{"footnotes":""},"categories":[4],"tags":[],"class_list":["post-8115","post","type-post","status-publish","format-standard","hentry","category-luizcarlosrocha"],"_links":{"self":[{"href":"https:\/\/webvasco.com\/artigos\/wp-json\/wp\/v2\/posts\/8115","targetHints":{"allow":["GET"]}}],"collection":[{"href":"https:\/\/webvasco.com\/artigos\/wp-json\/wp\/v2\/posts"}],"about":[{"href":"https:\/\/webvasco.com\/artigos\/wp-json\/wp\/v2\/types\/post"}],"author":[{"embeddable":true,"href":"https:\/\/webvasco.com\/artigos\/wp-json\/wp\/v2\/users\/7"}],"replies":[{"embeddable":true,"href":"https:\/\/webvasco.com\/artigos\/wp-json\/wp\/v2\/comments?post=8115"}],"version-history":[{"count":0,"href":"https:\/\/webvasco.com\/artigos\/wp-json\/wp\/v2\/posts\/8115\/revisions"}],"wp:attachment":[{"href":"https:\/\/webvasco.com\/artigos\/wp-json\/wp\/v2\/media?parent=8115"}],"wp:term":[{"taxonomy":"category","embeddable":true,"href":"https:\/\/webvasco.com\/artigos\/wp-json\/wp\/v2\/categories?post=8115"},{"taxonomy":"post_tag","embeddable":true,"href":"https:\/\/webvasco.com\/artigos\/wp-json\/wp\/v2\/tags?post=8115"}],"curies":[{"name":"wp","href":"https:\/\/api.w.org\/{rel}","templated":true}]}}