{"id":8116,"date":"2017-03-15T15:54:49","date_gmt":"2017-03-15T18:54:49","guid":{"rendered":"http:\/\/webvasco.com\/artigos\/?p=8116"},"modified":"2017-03-15T16:04:03","modified_gmt":"2017-03-15T19:04:03","slug":"reage-vasco-fora-eurico","status":"publish","type":"post","link":"https:\/\/webvasco.com\/artigos\/colunistas\/marcus-simonini\/reage-vasco-fora-eurico\/","title":{"rendered":"REAGE VASCO! FORA EURICO!"},"content":{"rendered":"<div>\n<div id=\"divtagdefaultwrapper\" style=\"font-size:12pt;color:#000000;font-family:Calibri,Arial,Helvetica,sans-serif;\" dir=\"ltr\">\n<p>  <\/p>\n<div style=\"color: rgb(0, 0, 0);\">\n<div>\n<div id=\"divtagdefaultwrapper\" dir=\"ltr\" style=\"font-size:12pt; color:#000000; font-family:Calibri,Arial,Helvetica,sans-serif\">  Reproduzo aqui um coment\u00e1rio tirado do f\u00f3rum, do site NETVASCO, que traduz o sentimento da grande maioria dos s\u00f3cios e torcedores do Vasco, depois da vergonhosa entrevista de Eurico Miranda ao programa Bola da Vez, da ESPN Brasil, em 14 de mar\u00e7o desse ano.&nbsp;  <\/p>\n<div>  <\/div>\n<div>Ali\u00e1s, sobre a entrevista lamento ter que afirmar que foi muito fraca, e&nbsp;do jeito que ele queria para subir no palanque, falar de forma egoc\u00eantrica, como se ele e o Vasco fosse um s\u00f3 Ser. Muitos fatos n\u00e3o&nbsp;aconteceram como foram afirmados por ele, e a falta   de mem\u00f3ria do torcedor pode faz\u00ea-lo acreditar que assim ocorreram, s\u00f3 que n\u00e3o!&nbsp;<\/div>\n<div>  <\/div>\n<div>A falta de esperan\u00e7a e o medo do futuro do nosso CRVG aumentaram ainda mais!<\/div>\n<div>  <\/div>\n<div>Se os \u00faltimos 17 anos foram de decad\u00eancia total, o que esperar dos pr\u00f3ximos 15 anos?&nbsp;<\/p>\n<p>  Depois dessa entrevista uma coisa ficou \u00f3bvia: A Oposi\u00e7\u00e3o precisa se unir em torno de um projeto pragm\u00e1tico, concreto, e moderno. \u00c9 preciso maturidade, humildade e agilidade, porque o tempo corre contra o Vasco. O nome certo surgir\u00e1 como o perfil certo para   o plano a ser elaborado, e n\u00e3o o contr\u00e1rio. O debate hoje \u00e9 de ideias para salvar o Vasco.<\/p><\/div>\n<div>  <\/div>\n<div>Caso nada seja feito em conjunto, ou uma provid\u00eancia seja adotada para resgatar o Vasco dessa decad\u00eancia, que j\u00e1 dura 17 anos, poder\u00e1 ser tarde demais para o Gigante, porque o tempo n\u00e3o espera, o atraso \u00e9 enorme, e muitos clubes rivais j\u00e1 est\u00e3o bem mais   adiantados.  <\/p>\n<div style=\"color:rgb(0,0,0)\">\n<div>\n<div id=\"divtagdefaultwrapper\" dir=\"ltr\" style=\"font-size:12pt; color:#000000; font-family:Calibri,Arial,Helvetica,sans-serif\">\n<p>  <\/p>\n<p>  Segue o coment\u00e1rio tirado do F\u00f3rum NETVASCO, em 15\/03\/2017:  <\/p>\n<div>  <\/div>\n<div>link:&nbsp;<a href=\"http:\/\/www.forumnetvasco.com.br\/viewtopic.php?f=22&amp;t=1423&amp;p=367729#p367729\" class=\"OWAAutoLink\" id=\"LPlnk329652\" previewremoved=\"true\">http:\/\/www.forumnetvasco.com.br\/viewtopic.php?f=22&amp;t=1423&amp;p=367729#p367729<\/a><\/div>\n<div>  <\/div>\n<div>\n<div class=\"content\" style=\"clear:both; min-height:3em; overflow:auto; line-height:21px; font-family:Tahoma,Arial,Helvetica,sans-serif; font-size:14px; padding-bottom:1px; color:rgb(65,65,65); max-width:832px; background-color:rgb(248,248,248)\">  Vergonha. Esse foi o sentimento do vasca\u00edno ontem, ao ver o presidente do seu clube no Bola da Vez.<br \/>  O vasca\u00edno sentiu vergonha do presidente dizer que Crist\u00f3v\u00e3o ganhou t\u00edtulo (onde?), que chegou ao Vasco porque foi o nome oferecido (n\u00e3o foi o Vasco que procurou) e que cabia no or\u00e7amento.<\/p>\n<p>  O vasca\u00edno sentiu vergonha, quando o presidente disse que era montagem ele declarando o Flamengo como campe\u00e3o de 87. Quando ele fugiu de perguntas, enrolando e falando que o Vasco viajou por 63 pa\u00edses. Nos orgulhamos das viagens, mas queremos construir um futuro   de gl\u00f3rias.<\/p>\n<p>  Vasca\u00edno sentiu vergonha quando o presidente n\u00e3o conseguia concluir um racioc\u00ednio. Como um cara desse preside um clube gigante como Vasco?<\/p>\n<p>  Sentimos vergonha quando ele disse centenas de mentiras com cara lavada, como afirmar que n\u00e3o reconhecia For\u00e7a Jovem em 2015 e logo depois ao citarem abertura da sede do Vasco para reuni\u00e3o com Mancha Verde e elei\u00e7\u00e3o, ele emendou mais uma mentira dizendo que   s\u00f3 n\u00e3o aceita torcida se meter em pol\u00edtica. Mentiroso, voc\u00ea usa torcida pra fazer pol\u00edtica (n\u00e3o toda, mas parte dela).<\/p>\n<p>  O \u00e1pice da vergonha veio quando ele disse que seus dois filhos s\u00e3o os mais competentes que o Vasco tem para gerir a base e o futebol profissional. Como o Vasco n\u00e3o tem profissionais melhores que esses dois? O resultado est\u00e1 ai, veja o futebol jogado na base   e o &quot;planejamento&quot; do time profissional.<\/p>\n<p>  Eurico mostrou claramente que pensa que o Vasco \u00e9 dele, precisa dele, se coloca como \u00fanico representante do Vasco, \u00fanico capaz de ajudar o Vasco, se coloca acima da hist\u00f3ria, dos \u00eddolos. Quando Jo\u00e3o &quot;Canalha&quot; citou: &quot;O Vasco de Barbosa, Belini, Vava, Ademir,   Roberto Dinamite, Rom\u00e1rio, Edmundo&quot;, Eurico prontamente respondeu: &quot;Agora cite minha trajet\u00f3ria.&quot;. Completamente egoc\u00eantrico, maluco, perdido.<\/p>\n<p>  O \u00fanico ponto positivo foi ver o presidente dizendo que quando o Vasco n\u00e3o precisar mais dele, ele sai. Pode ir Eurico, v\u00e1 com Deus. O Vasco n\u00e3o precisa de voc\u00ea. Voc\u00ea precisa do Vasco para empregar seus filhos, para aparecer, para amaciar seu ego, para inflar   seu orgulho, para encher o seu bolso. De onde vem a renda da fam\u00edlia se 2 filhos e o senhor trabalham no Vasco?<br \/>  V\u00e1, o Vasco agradece.<\/p>\n<p>  REAGE, VASCO! FORA, EURICO!<\/p><\/div>\n<div id=\"sig367729\" class=\"signature\" style=\"margin-top:10px; padding-top:10px; font-size:12px; border-top:1px dotted rgb(194,194,194); clear:none; line-height:18px; overflow:hidden; width:831px; color:rgb(82,82,82); font-family:Tahoma,Arial,Helvetica,sans-serif; background-color:rgb(248,248,248)\">  <\/div>\n<div style=\"color:rgb(0,0,0)\">\n<hr tabindex=\"-1\" style=\"display:inline-block; width:98%\"\/>\n<div id=\"divRplyFwdMsg\" dir=\"ltr\">  <\/div>\n<div>\n<table cellspacing=\"0\" cellpadding=\"0\" width=\"100%;\" id=\"email_table\" border=\"0\" style=\"border-collapse:collapse\">\n<tbody>\n<tr>\n<td id=\"email_content\" style=\"font-family:Helvetica Neue,Helvetica,Lucida Grande,tahoma,verdana,arial,sans-serif; background:#ffffff\">\n<table cellspacing=\"0\" cellpadding=\"0\" width=\"100%\" style=\"border-collapse:collapse\">\n<tbody>\n<tr style=\"\">\n<td height=\"20\" colspan=\"3\" style=\"line-height:20px\">  <\/td>\n<\/tr>\n<tr>\n<td height=\"1\" colspan=\"3\" style=\"line-height:1px\">  <\/td>\n<\/tr>\n<tr>\n<td style=\"\">  <\/td>\n<\/tr>\n<tr>\n<td width=\"15\" style=\"display:block; width:15px\">&nbsp;&nbsp;&nbsp;<\/td>\n<td style=\"\">  <\/td>\n<\/tr>\n<\/tbody>\n<\/table>\n<\/td>\n<\/tr>\n<\/tbody>\n<\/table><\/div>\n<\/p><\/div>\n<\/p><\/div>\n<\/p><\/div>\n<\/p><\/div>\n<\/p><\/div>\n<\/p><\/div>\n<\/p><\/div>\n<\/p><\/div>\n<\/p><\/div>\n<\/p><\/div>\n<\/p><\/div>\n<p><\/p>\n","protected":false},"excerpt":{"rendered":"<p>Reproduzo aqui um coment\u00e1rio tirado do f\u00f3rum, do site NETVASCO, que traduz o sentimento da&#8230;<\/p>\n","protected":false},"author":8,"featured_media":0,"comment_status":"open","ping_status":"closed","sticky":false,"template":"","format":"standard","meta":{"footnotes":""},"categories":[6],"tags":[],"class_list":["post-8116","post","type-post","status-publish","format-standard","hentry","category-marcus-simonini"],"_links":{"self":[{"href":"https:\/\/webvasco.com\/artigos\/wp-json\/wp\/v2\/posts\/8116","targetHints":{"allow":["GET"]}}],"collection":[{"href":"https:\/\/webvasco.com\/artigos\/wp-json\/wp\/v2\/posts"}],"about":[{"href":"https:\/\/webvasco.com\/artigos\/wp-json\/wp\/v2\/types\/post"}],"author":[{"embeddable":true,"href":"https:\/\/webvasco.com\/artigos\/wp-json\/wp\/v2\/users\/8"}],"replies":[{"embeddable":true,"href":"https:\/\/webvasco.com\/artigos\/wp-json\/wp\/v2\/comments?post=8116"}],"version-history":[{"count":0,"href":"https:\/\/webvasco.com\/artigos\/wp-json\/wp\/v2\/posts\/8116\/revisions"}],"wp:attachment":[{"href":"https:\/\/webvasco.com\/artigos\/wp-json\/wp\/v2\/media?parent=8116"}],"wp:term":[{"taxonomy":"category","embeddable":true,"href":"https:\/\/webvasco.com\/artigos\/wp-json\/wp\/v2\/categories?post=8116"},{"taxonomy":"post_tag","embeddable":true,"href":"https:\/\/webvasco.com\/artigos\/wp-json\/wp\/v2\/tags?post=8116"}],"curies":[{"name":"wp","href":"https:\/\/api.w.org\/{rel}","templated":true}]}}