{"id":8117,"date":"2017-03-18T21:21:40","date_gmt":"2017-03-19T00:21:40","guid":{"rendered":"http:\/\/webvasco.com\/artigos\/?p=8117"},"modified":"2017-03-18T21:29:46","modified_gmt":"2017-03-19T00:29:46","slug":"defesa-meio-e-ataque","status":"publish","type":"post","link":"https:\/\/webvasco.com\/artigos\/colunistas\/luizcarlosrocha\/defesa-meio-e-ataque\/","title":{"rendered":"DEFESA, MEIO E ATAQUE!"},"content":{"rendered":"<div>\n<div style=\"color:#000; background-color:#fff; font-family:HelveticaNeue-Light, Helvetica Neue Light, Helvetica Neue, Helvetica, Arial, Lucida Grande, sans-serif;font-size:32px\">\n<div style=\"text-align:justify\" id=\"yui_3_16_0_ym19_1_1489855318147_24775\"><span style=\"font-size:14.0pt;line-height:107%;font-family:&quot;Arial&quot;,sans-serif\" id=\"yui_3_16_0_ym19_1_1489855318147_24776\">&nbsp; &nbsp; O Vasco da Gama viveu seu inferno astral  esta semana. Quinta-feira, 16, foi eliminado da Copa do Brasil, pelo  Vit\u00f3ria\/BA, por 1 a 0, gol de Alan Costa. O resultado negativo garantiu o fim do  sonho de ser Bicampe\u00e3o na competi\u00e7\u00e3o Federal, bem como a queda do comandante.  Isto, porque, Crist\u00f3v\u00e3o Borges n\u00e3o conseguiu o resultado esperado. Os  especialistas apontam que a vaga foi perdida dia 09 de mar\u00e7o, quinta retrasada,  na partida de ida, em S\u00e3o Janu\u00e1rio, quando o Estagi\u00e1rio e seus maus alunos  atuaram com um homem a mais e n\u00e3o conseguiram passar de um med\u00edocre empate, por  1 a 1. Consequ\u00eancia: Borges foi pelo ralo!<o:p id=\"yui_3_16_0_ym19_1_1489855318147_24777\"><\/o:p><\/span><\/div>\n<div style=\"text-align:justify\" id=\"yui_3_16_0_ym19_1_1489855318147_24778\"><span style=\"font-size:14.0pt;line-height:107%;font-family:&quot;Arial&quot;,sans-serif\" id=\"yui_3_16_0_ym19_1_1489855318147_24779\">&nbsp;&nbsp;&nbsp; Mas os problemas do Cruzmaltino n\u00e3o se  resumiam no Estagi\u00e1rio. Infelizmente. O clube (n\u00e3o s\u00f3 o time) tem problemas na  defesa, no meio e no ataque. Sen\u00e3o, vejamos: A defesa do time \u00e9 aquela l\u00e1stima.  O goleiro Mart\u00edn Silva adorado pelos mais novos, tem carisma porque n\u00e3o viram  atuar Carlos Germano, H\u00e9lton, Ac\u00e1cio, Barbosa, Andrada, Mazaropi e tantos  outros. Nas laterais prefiro n\u00e3o comentar, pois as pe\u00e7as que l\u00e1 est\u00e3o n\u00e3o  representam a grandeza do Vasco. Na zaga, Rodrigo \u00e9 um peladeiro. Mais uma vez  a gera\u00e7\u00e3o mimimi idolatra Luan, porque n\u00e3o viram Mauro Galv\u00e3o, Domingos da Guia  (considerado o melhor zagueiro da hist\u00f3ria do futebol brasileiro), Orlando  Pe\u00e7anha, Bellini (foi o capit\u00e3o brasileiro respons\u00e1vel por levantar a Jules  Rimet na Su\u00e9cia), Abel Braga (hoje treinador das Tricoletes), o xerife Ricardo  Rocha, Jorge Lu\u00eds e at\u00e9 o zagueiro-zagueiro Odvan. Era uma outra \u00e9poca. Tempos  em que o time era temido pelos advers\u00e1rios e respeitado pelos admiradores.<o:p id=\"yui_3_16_0_ym19_1_1489855318147_24780\"><\/o:p><\/span><\/div>\n<div style=\"text-align:justify\" id=\"yui_3_16_0_ym19_1_1489855318147_24781\"><span style=\"font-size:14.0pt;line-height:107%;font-family:&quot;Arial&quot;,sans-serif\" id=\"yui_3_16_0_ym19_1_1489855318147_24782\">&nbsp;&nbsp;&nbsp; A defesa do clube \u00e9 sempre a mesma. Dom  Charuto obsoleto e sem argumentos culpa o fracasso de sua gest\u00e3o \u00e0s  administra\u00e7\u00f5es passadas. Mas quando foi Presidente do Conselho de Benem\u00e9ritos  na intend\u00eancia de Roberto Dinamite teve a oportunidade de criticar oficialmente  e cobrar explica\u00e7\u00f5es do Bombinha, mas n\u00e3o fez! E porque deixou de fazer? Porque  estava defendendo sabe-se l\u00e1 o que. \u00c9 preciso que Eurico Miranda aprenda de uma  vez por todas que os cartolas passam, mas o Vasco da Gama fica. Logo, se a  administra\u00e7\u00e3o \u00e9 satisfat\u00f3ria certamente entrar\u00e1 para a hist\u00f3ria do clube. Mas se  for insuficiente ser\u00e1 repugnada eternamente pela Imensa Torcida Bem Feliz.<o:p id=\"yui_3_16_0_ym19_1_1489855318147_24783\"><\/o:p><\/span><\/div>\n<div style=\"text-align:justify\" id=\"yui_3_16_0_ym19_1_1489855318147_24784\"><span style=\"font-size:14.0pt;line-height:107%;font-family:&quot;Arial&quot;,sans-serif\" id=\"yui_3_16_0_ym19_1_1489855318147_24785\">&nbsp;&nbsp;&nbsp; H\u00e1 tamb\u00e9m um equ\u00edvoco no meio de campo. No  plantel vasca\u00edno, apenas W\u00e1gner (rec\u00e9m-contratado) e Nen\u00ea s\u00e3o classificados de  medianos a bom. As promessas Evander e Douglas poder\u00e3o dar frutos, mas no  futuro. As gera\u00e7\u00f5es passadas viram Juninho Paulista, Pedrinho, Felipe, Ramon,  Juninho Pernambucano, Geovani, Bismark (da minha terra), Dunga, Mauricinho, Cl\u00e1udio  Ad\u00e3o, Luizinho, Mazinho, Leandro \u00c1villa,<\/span> <span style=\"font-size:14.0pt;line-height:107%;font-family:&quot;Arial&quot;,sans-serif\" id=\"yui_3_16_0_ym19_1_1489855318147_24786\">Philippe Coutinho &#8230; O meio  do Clube \u00e9 conturbado. Atualmente tudo em S\u00e3o Janu\u00e1rio (e demais sedes) \u00e9 feito  de maneira sem nenhuma transpar\u00eancia. Ou seja, meio \u00e0s escuras! Dom Charuto  cada vez mais acabado futebolisticamente delega poderes a quem <b id=\"yui_3_16_0_ym19_1_1489855318147_24787\"><u id=\"yui_3_16_0_ym19_1_1489855318147_24788\">n\u00e3o sabe nada<\/u><\/b>, justamente ele  que sempre usou esta tradicional frase (Fulano? N\u00e3o sabe nada!) para criticar  seus oponentes. Por isso que nada \u00e9 profissional. Tudo deficit\u00e1rio. Uma esp\u00e9cie  de meia bomba. O vice de futebol \u00e9 meio cartola. A Assessoria de Imprensa \u00e9  meio eficiente, outrora n\u00e3o tinha falhas. O Departamento Jur\u00eddico \u00e9 meio hipossuficiente  no que tange a advocacia, pois em tempos passados sabia muito bem jogar com o  regulamento.<o:p id=\"yui_3_16_0_ym19_1_1489855318147_24789\"><\/o:p><\/span><\/div>\n<div style=\"text-align:justify\" id=\"yui_3_16_0_ym19_1_1489855318147_24790\"><span style=\"font-size:14.0pt;line-height:107%;font-family:&quot;Arial&quot;,sans-serif\" id=\"yui_3_16_0_ym19_1_1489855318147_24791\">&nbsp;&nbsp;&nbsp; E o ataque? No time s\u00f3 se for de nervos!  Kelvin n\u00e3o \u00e9 bom, apenas razo\u00e1vel. Lu\u00eds Fabiano n\u00e3o \u00e9 salvador da p\u00e1tria. N\u00e3o  atua sozinho, al\u00e9m da idade avan\u00e7ada. Foi Fabuloso um dia. Hoje, jogador  midi\u00e1tico (aquele que vive da imagem e n\u00e3o da produ\u00e7\u00e3o). Vimos no ataque Heleno  de Freitas, Rom\u00e1rio, Bebeto, Edmundo (na minha opini\u00e3o um dos mais completos),  Roberto Dinamite, Vav\u00e1, Ademir Menezes, Dener (o melhor de todos), Sorato,  Valdir Bigode, Viola, Alan Kardec, Tita, Euller, Luis\u00e3o entre outros. No  Comando do Clube Dom Charuto e seus 40 Charut\u00f5es est\u00e3o atacando cada vez mais a  intelig\u00eancia do torcedor vasca\u00edno, subestimando-a. \u00c9 preciso ter planejamento  para gerenciar uma marca como a Vasco da Gama. Definitivamente os amadores  est\u00e3o sendo engolidos pelo progresso administrativo, e, sobretudo, financeiro. <o:p id=\"yui_3_16_0_ym19_1_1489855318147_24792\"><\/o:p><\/span><\/div>\n<div style=\"text-align:justify\" id=\"yui_3_16_0_ym19_1_1489855318147_24793\"><span style=\"font-size:14.0pt;line-height:107%;font-family:&quot;Arial&quot;,sans-serif\" id=\"yui_3_16_0_ym19_1_1489855318147_24794\">&nbsp;&nbsp;&nbsp; Gestores incompetentes conseguiram quebrar  grifes t\u00e3o renomadas quanto o Gigante da Colina, tais como a Companhia de  Avia\u00e7\u00e3o Varig, o Jornal dos Sports (na qual tive o privil\u00e9gio de trabalhar e  aprender muito), O Supermercado Casas da Banha, O Jeans mais famoso do Brasil,  Ferreira Guimar\u00e3es, o Mito da Fotografia De Pl\u00e1, o banco mais tradicional e  confi\u00e1vel, Nacional, o delicioso Sorvete Yopa e at\u00e9 mesmo um membro da  Coca-Cola Companhy, o Guaran\u00e1 Ta\u00ed. Portanto, quem n\u00e3o se adequa a evolu\u00e7\u00e3o cai  no esquecimento! Assim est\u00e1 a situa\u00e7\u00e3o do Vasco da Gama, em 2017.<o:p id=\"yui_3_16_0_ym19_1_1489855318147_24795\"><\/o:p><\/span><\/div>\n<div style=\"text-align:justify\" id=\"yui_3_16_0_ym19_1_1489855318147_24796\"><span style=\"font-size:14.0pt;line-height:107%;font-family:&quot;Arial&quot;,sans-serif\" id=\"yui_3_16_0_ym19_1_1489855318147_24797\">&nbsp;&nbsp;&nbsp; Basta ver a \u00faltima besteira da Fam\u00edlia  Miranda. O \u201cRei\u201d Dom Charuto e o \u201cpr\u00edncipe\u201d Dom Charuto Segundo contrataram  nada mais, nada menos do que 42 atletas nesta p\u00edfia gest\u00e3o. Logo, o problema  n\u00e3o foi o dinheiro, e sim onde ele foi empregado. Demitir o Estagi\u00e1rio foi  \u00f3timo (nem precisava ser repatriado, mais as jogadinhas com empres\u00e1rios do  futebol, levaram Crist\u00f3v\u00e3o Borges \u00e0 Colina). Contratar Milton Mendes foi uma  piada, que certamente os rivais ir\u00e3o dar gargalhadas no fim do ano, com o  poss\u00edvel regresso \u00e0 S\u00e9rie B, em 2018. O novo treinador tem 16 anos de carreira,  come\u00e7ou em 2001. De l\u00e1 para c\u00e1 foram apenas tr\u00eas t\u00edtulos. Em 2015 com a  Ferrovi\u00e1ria foi campe\u00e3o paulista, da Segunda Divis\u00e3o. No ano seguinte, ganhou a  Copa do Nordeste e o Campeonato Pernambucano, ambos pelo Santa Cruz. \u00c9 pouco  para o treinador de 51 anos. Certo mesmo \u00e9 que n\u00e3o foi uma boa ideia dar o  cargo a ele (em alus\u00e3o ao comercial famoso do aguardente). Ou seja, saiu o  Estagi\u00e1rio e entrou o Trainee!<o:p id=\"yui_3_16_0_ym19_1_1489855318147_24798\"><\/o:p><\/span><\/div>\n<div style=\"text-align:justify\" id=\"yui_3_16_0_ym19_1_1489855318147_24799\"><span style=\"font-size:14.0pt;line-height:107%;font-family:&quot;Arial&quot;,sans-serif\" id=\"yui_3_16_0_ym19_1_1489855318147_24800\">&nbsp;&nbsp;&nbsp; Que os s\u00f3cios possam refletir bem, uma vez,  que este ano ter\u00e1 elei\u00e7\u00e3o no clube, para que o Vasco da Gama possa adequar de  uma vez por todas a Defesa, o Meio e principalmente o Ataque. Chega de Dom  Charuto e seus pupilos. Afinal, fumar faz mal \u00e0 sa\u00fade e quem est\u00e1 tomando fumo  mesmo \u00e9 a torcida vasca\u00edna. Que o time possa viver dias melhores e volte a ser  o Mach\u00e3o da Gama, e n\u00e3o o An\u00e3o da Colina das gest\u00f5es de Eurico Miranda,  principal respons\u00e1vel pelo apequenamento vasca\u00edno. Acorda Oposi\u00e7\u00e3o! Nada de nanicas  for\u00e7as lutando independente. S\u00f3 a coes\u00e3o ir\u00e1 tomar o poder e banir de uma vez  por todas a Dinastia Miranda!<o:p id=\"yui_3_16_0_ym19_1_1489855318147_24801\"><\/o:p><\/span><\/div>\n<div style=\"text-align:justify\" id=\"yui_3_16_0_ym19_1_1489855318147_24802\"><span style=\"font-size:14.0pt;line-height:107%;font-family:&quot;Arial&quot;,sans-serif\" id=\"yui_3_16_0_ym19_1_1489855318147_24803\">&nbsp;&nbsp;&nbsp;&nbsp;&nbsp;&nbsp;&nbsp;&nbsp; <o:p id=\"yui_3_16_0_ym19_1_1489855318147_24804\"><\/o:p><\/span><\/div>\n<div style=\"text-align:justify\" id=\"yui_3_16_0_ym19_1_1489855318147_24805\"><b id=\"yui_3_16_0_ym19_1_1489855318147_24806\"><u id=\"yui_3_16_0_ym19_1_1489855318147_24807\"><span style=\"font-size:14.0pt;line-height:107%;font-family:&quot;Arial&quot;,sans-serif\" id=\"yui_3_16_0_ym19_1_1489855318147_24808\">PERPLEXO  COM O PODER JUDICI\u00c1RIO:<o:p id=\"yui_3_16_0_ym19_1_1489855318147_24809\"><\/o:p><\/span><\/u><\/b><\/div>\n<div style=\"text-align:justify\" id=\"yui_3_16_0_ym19_1_1489855318147_24810\"><span style=\"font-size:14.0pt;line-height:107%;font-family:&quot;Arial&quot;,sans-serif\" id=\"yui_3_16_0_ym19_1_1489855318147_24811\">DEPOIS DE AGUARDAR <b id=\"yui_3_16_0_ym19_1_1489855318147_24812\">45 MESES, OU SEJA, 3 ANOS E NOVE MESES  (CARRO DESDE 10 DE JUNHO DE 2013)<\/b> COM O CARRO PRESO NA OFICINA DA ABOLI\u00c7\u00c3O  VE\u00cdCULOS COM APENAS 729 KM RODADOS, EM UM PROCESSO COM 6 VOLUMES, NA 1\u00aa VARA  CIVEL, DA COMARCA DE NITER\u00d3I\/RJ, REGIONAL OCE\u00c2NICA, A SENTEN\u00c7A FOI INDEFERIR  TODOS OS MEUS PEDIDOS E AINDA CONDENAR EM 10% DE CUSTAS JUDICIAIS. OU SEJA,  FIQUEI SEM CARRO ESSE TEMPO TODO (MESMO PAGANDO \u00c0 VISTA POR ELE), JUNTEI PROVAS  COMO REGISTRO DE OCORR\u00caNCIA DA POL\u00cdCIA CIVIL\/RJ, BOLETIM DE OCORR\u00caNCIA DA  POLICIA MILITAR\/RJ, ORDENS DE SERVI\u00c7O, MAIS DE 600 FOTOGRAFIAS, MAIS DE 40  \u00c1UDIOS, NOTAS FISCAIS, NOTAS DE T\u00c1XI, PRONTU\u00c1RIOS M\u00c9DICOS, POIS NESTE PER\u00cdODO  TIVE PROBLEMAS DE SA\u00daDE, BEM COMO MEUS FAMILIARES, TENDO UMA FILHA QUE HOJE TEM  APENAS 5 ANOS, NA \u00c9POCA POUCO MAIS DE 1 ANINHO. VALE LEMBRAR, QUE OS PRIMEIROS  DEFEITOS SE DERAM QUANDO O CARRO TINHA MENOS DE 30 KM RODADOS. TUDO ISSO PARA  NADA. QUEM GOSTOU DO RESULTADO DA DOUTA MAGRISTRADA FORAM AS EMPRESAS R\u00c9S \u2013 QUE  ME LESARAM \u2013 ABOLI\u00c7\u00c3O VE\u00cdCULOS E VW DO BRASIL (PROCESSO: No  0016370-44.2013.8.19.0212).<o:p id=\"yui_3_16_0_ym19_1_1489855318147_24813\"><\/o:p><\/span><\/div>\n<div style=\"text-align:justify\" id=\"yui_3_16_0_ym19_1_1489855318147_24814\"><b id=\"yui_3_16_0_ym19_1_1489855318147_24815\"><span style=\"font-size:14.0pt;line-height:107%;font-family:&quot;Arial&quot;,sans-serif\" id=\"yui_3_16_0_ym19_1_1489855318147_24816\">&nbsp;<o:p id=\"yui_3_16_0_ym19_1_1489855318147_24817\"><\/o:p><\/span><\/b><\/div>\n<div style=\"text-align:justify\" id=\"yui_3_16_0_ym19_1_1489855318147_24818\"><b id=\"yui_3_16_0_ym19_1_1489855318147_24819\"><span style=\"font-size:14.0pt;line-height:107%;font-family:&quot;Arial&quot;,sans-serif\" id=\"yui_3_16_0_ym19_1_1489855318147_24820\">&nbsp;&nbsp;&nbsp;&nbsp;&nbsp;&nbsp;&nbsp;&nbsp;&nbsp;&nbsp;&nbsp;&nbsp;&nbsp;&nbsp; <o:p id=\"yui_3_16_0_ym19_1_1489855318147_24821\"><\/o:p><\/span><\/b><\/div>\n<div style=\"text-align:justify\" id=\"yui_3_16_0_ym19_1_1489855318147_24822\"><b id=\"yui_3_16_0_ym19_1_1489855318147_24823\"><span style=\"font-size:14.0pt;line-height:107%;font-family:&quot;Arial&quot;,sans-serif\" id=\"yui_3_16_0_ym19_1_1489855318147_24824\">&nbsp;&nbsp;&nbsp;&nbsp;&nbsp;&nbsp; &nbsp;&nbsp;&nbsp;&nbsp;&nbsp;&nbsp;&nbsp;&nbsp;&nbsp;&nbsp;&nbsp;&nbsp;&nbsp;&nbsp;&nbsp;&nbsp;&nbsp;&nbsp;&nbsp;&nbsp;&nbsp;&nbsp;&nbsp;&nbsp;<o:p id=\"yui_3_16_0_ym19_1_1489855318147_24825\"><\/o:p><\/span><\/b><\/div>\n<div id=\"yui_3_16_0_ym19_1_1489855318147_24566\">                                                        <\/div>\n<div style=\"text-align:justify\" dir=\"ltr\" id=\"yui_3_16_0_ym19_1_1489855318147_24826\"><b id=\"yui_3_16_0_ym19_1_1489855318147_24827\"><span style=\"font-size:14.0pt;line-height:107%;font-family:&quot;Arial&quot;,sans-serif\" id=\"yui_3_16_0_ym19_1_1489855318147_24828\">AP\u00d3S  AS TODAS AS PARTIDAS DO VASC\u00c3O EM MEU PERFIL DO FACEBOOK (QUEM QUISER RECEBER  AS CR\u00d4NICAS DE PRIMEIRA M\u00c3O \u00c9 S\u00d3 ME ADICIONAR), E NO SITE WEBVASCO  (<a href=\"http:\/\/www.webvasco.com\">www.webvasco.com<\/a>), TEM A OPINI\u00c3O DO JORNALISTA LUIZ CARLOS ROCHA. LEIAM! COMPARTILHEM  E CURTAM! VASCA\u00cdNOS UNIDOS JAMAIS SER\u00c3O VENCIDOS.<o:p id=\"yui_3_16_0_ym19_1_1489855318147_24829\"><\/o:p><\/span><\/b><\/div>\n<div id=\"yui_3_16_0_ym19_1_1489855318147_24566\"><span><br \/><\/span><\/div>\n<div id=\"yui_3_16_0_ym19_1_1489855318147_24566\"><span><br \/><\/span><\/div>\n<div id=\"yui_3_16_0_ym19_1_1489855318147_24566\"><span><br \/><\/span><\/div>\n<div id=\"yui_3_16_0_ym19_1_1489855318147_24566\"><span><br \/><\/span><\/div>\n<div><\/div>\n<div id=\"yui_3_16_0_ym19_1_1489855318147_24567\">&nbsp;<\/div>\n<\/div>\n<\/div>\n<p><\/p>\n","protected":false},"excerpt":{"rendered":"<p>&nbsp; &nbsp; O Vasco da Gama viveu seu inferno astral esta semana. Quinta-feira, 16, foi&#8230;<\/p>\n","protected":false},"author":7,"featured_media":0,"comment_status":"open","ping_status":"closed","sticky":false,"template":"","format":"standard","meta":{"footnotes":""},"categories":[4],"tags":[],"class_list":["post-8117","post","type-post","status-publish","format-standard","hentry","category-luizcarlosrocha"],"_links":{"self":[{"href":"https:\/\/webvasco.com\/artigos\/wp-json\/wp\/v2\/posts\/8117","targetHints":{"allow":["GET"]}}],"collection":[{"href":"https:\/\/webvasco.com\/artigos\/wp-json\/wp\/v2\/posts"}],"about":[{"href":"https:\/\/webvasco.com\/artigos\/wp-json\/wp\/v2\/types\/post"}],"author":[{"embeddable":true,"href":"https:\/\/webvasco.com\/artigos\/wp-json\/wp\/v2\/users\/7"}],"replies":[{"embeddable":true,"href":"https:\/\/webvasco.com\/artigos\/wp-json\/wp\/v2\/comments?post=8117"}],"version-history":[{"count":0,"href":"https:\/\/webvasco.com\/artigos\/wp-json\/wp\/v2\/posts\/8117\/revisions"}],"wp:attachment":[{"href":"https:\/\/webvasco.com\/artigos\/wp-json\/wp\/v2\/media?parent=8117"}],"wp:term":[{"taxonomy":"category","embeddable":true,"href":"https:\/\/webvasco.com\/artigos\/wp-json\/wp\/v2\/categories?post=8117"},{"taxonomy":"post_tag","embeddable":true,"href":"https:\/\/webvasco.com\/artigos\/wp-json\/wp\/v2\/tags?post=8117"}],"curies":[{"name":"wp","href":"https:\/\/api.w.org\/{rel}","templated":true}]}}