{"id":8118,"date":"2017-03-20T01:09:40","date_gmt":"2017-03-20T04:09:40","guid":{"rendered":"http:\/\/webvasco.com\/artigos\/?p=8118"},"modified":"2017-03-20T01:21:06","modified_gmt":"2017-03-20T04:21:06","slug":"seguiu-a-escrita","status":"publish","type":"post","link":"https:\/\/webvasco.com\/artigos\/colunistas\/luizcarlosrocha\/seguiu-a-escrita\/","title":{"rendered":"SEGUIU A ESCRITA!"},"content":{"rendered":"<div>\n<div style=\"color:#000; background-color:#fff; font-family:HelveticaNeue-Light, Helvetica Neue Light, Helvetica Neue, Helvetica, Arial, Lucida Grande, sans-serif;font-size:32px\">\n<div style=\"text-align:justify\" id=\"yui_3_16_0_ym19_1_1489855318147_121630\"><span style=\"font-size:14.0pt;line-height:107%;font-family:&quot;Arial&quot;,sans-serif\" id=\"yui_3_16_0_ym19_1_1489855318147_121631\">&nbsp; &nbsp; &nbsp;&nbsp;&nbsp;&nbsp;H\u00e1 tr\u00eas anos e meio, ou seja, h\u00e1 10 jogos  (5 empates e 5 derrotas), o Botafogo n\u00e3o sabe o que \u00e9 vencer do Vasco da Gama. Na  tarde de hoje n\u00e3o foi diferente. A partida que marcou a Segunda Rodada, da Ta\u00e7a  Rio (Segundo Turno do Campeonato Carioca), no Est\u00e1dio Nilton Santos ficou no 0  a 0. Este resultado n\u00e3o ajudou nenhuma das equipes que est\u00e3o &#8211; juntas \u2013 em quarto  lugar geral na classifica\u00e7\u00e3o da competi\u00e7\u00e3o. <o:p id=\"yui_3_16_0_ym19_1_1489855318147_121632\"><\/o:p><\/span><\/div>\n<div style=\"text-align:justify\" id=\"yui_3_16_0_ym19_1_1489855318147_121633\"><span style=\"font-size:14.0pt;line-height:107%;font-family:&quot;Arial&quot;,sans-serif\" id=\"yui_3_16_0_ym19_1_1489855318147_121634\">&nbsp;&nbsp;&nbsp; O Alvinegro era o favorito e tinha tudo  para vencer, pois al\u00e9m de estar embalado na Copa Libertadores da Am\u00e9rica vive  um bom momento futebol\u00edstico. J\u00e1 o Cruzmaltino vive seu inferno astral. Foi  desclassificado da Copa do Brasil, quinta-feira \u00faltima, e de quebra demitiu o  treinador. Mas o interino deu conta do recado para o Mach\u00e3o da Gama n\u00e3o sair de  vez do Carioc\u00e3o 2017.<o:p id=\"yui_3_16_0_ym19_1_1489855318147_121635\"><\/o:p><\/span><\/div>\n<div style=\"text-align:justify\" id=\"yui_3_16_0_ym19_1_1489855318147_121636\"><span style=\"font-size:14.0pt;line-height:107%;font-family:&quot;Arial&quot;,sans-serif\" id=\"yui_3_16_0_ym19_1_1489855318147_121637\">&nbsp;&nbsp;&nbsp; Embora s\u00f3 tenha tido 9.345 presentes, sendo  apenas 8.088 pagantes, a torcida de maior press\u00e3o nas arquibancadas foi a do  Gigante da Colina. Fez mais barulho. Empurrou melhor a equipe. Pena que n\u00e3o  conseguiu comemorar o gol. Foram dois pontos perdidos, que poder\u00e3o fazer falta  l\u00e1 na frente.<o:p id=\"yui_3_16_0_ym19_1_1489855318147_121638\"><\/o:p><\/span><\/div>\n<div style=\"text-align:justify\" id=\"yui_3_16_0_ym19_1_1489855318147_121639\"><span style=\"font-size:14.0pt;line-height:107%;font-family:&quot;Arial&quot;,sans-serif\" id=\"yui_3_16_0_ym19_1_1489855318147_121640\">&nbsp;&nbsp;&nbsp; Agora \u00e9 pensar no Madureira, pois  quarta-feira, dia 22 de mar\u00e7o, \u00e0s 19h30m, ser\u00e1 dia de receber o Tricolor  Suburbano, em S\u00e3o Janu\u00e1rio. N\u00e3o h\u00e1 outro resultado que interesse, somente a  vit\u00f3ria.<o:p id=\"yui_3_16_0_ym19_1_1489855318147_121641\"><\/o:p><\/span><\/div>\n<div style=\"text-align:justify\" id=\"yui_3_16_0_ym19_1_1489855318147_121642\"><b id=\"yui_3_16_0_ym19_1_1489855318147_121643\"><u id=\"yui_3_16_0_ym19_1_1489855318147_121644\"><span style=\"font-size:14.0pt;line-height:107%;font-family:&quot;Arial&quot;,sans-serif\" id=\"yui_3_16_0_ym19_1_1489855318147_121645\">VALDIR  BIGODE:<\/span><\/u><\/b><span style=\"font-size:14.0pt;line-height:107%;font-family:&quot;Arial&quot;,sans-serif\" id=\"yui_3_16_0_ym19_1_1489855318147_121646\"> &nbsp;O  ex-jogador vasca\u00edno foi muito bom. Um matador dentro da \u00e1rea. Tamb\u00e9m muito  dedicado e gentil com a imprensa e torcedores. Esse atleta serve de exemplo  para as novas gera\u00e7\u00f5es. Por\u00e9m, como treinador ainda \u00e9 inexperiente para  comandar a equipe principal do Vasco. Claro que o clube poderia se espelhar em  modelos europeus, que valorizam seus ex-jogadores, investindo para que eles  continuem servindo seus clubes com a mesma excel\u00eancia fora do campo. Dom  Charuto poderia investir em Valdir Bigode, para que no futuro pudesse ser muito  \u00fatil ao clube. Por\u00e9m, no momento, o cartola tem de entender que o Vasco da Gama  \u00e9 um clube \u00edmpar, com uma hist\u00f3ria gigante. Logo, o treinador precisa ser do  mesmo patamar. Eurico, tenha bom senso e n\u00e3o queime a imagem de um \u00eddolo  tentando apagar o fogo de um inc\u00eandio provocado exclusivamente por sua culpa,  de n\u00e3o saber a hora de perder, entenda-se reconhecer que Vossa Senhoria acabou  para o futebol!<b id=\"yui_3_16_0_ym19_1_1489855318147_121647\"><u id=\"yui_3_16_0_ym19_1_1489855318147_121648\"><o:p id=\"yui_3_16_0_ym19_1_1489855318147_121649\"><\/o:p><\/u><\/b><\/span><\/div>\n<div style=\"text-align:justify\" id=\"yui_3_16_0_ym19_1_1489855318147_121650\"><span style=\"font-size:14.0pt;line-height:107%;font-family:&quot;Arial&quot;,sans-serif\" id=\"yui_3_16_0_ym19_1_1489855318147_121651\">&nbsp;&nbsp;&nbsp;&nbsp;&nbsp;&nbsp;&nbsp;&nbsp; <o:p id=\"yui_3_16_0_ym19_1_1489855318147_121652\"><\/o:p><\/span><\/div>\n<div style=\"text-align:justify\" id=\"yui_3_16_0_ym19_1_1489855318147_121653\"><b id=\"yui_3_16_0_ym19_1_1489855318147_121654\"><u id=\"yui_3_16_0_ym19_1_1489855318147_121655\"><span style=\"font-size:14.0pt;line-height:107%;font-family:&quot;Arial&quot;,sans-serif\" id=\"yui_3_16_0_ym19_1_1489855318147_121656\">PERPLEXO  COM O PODER JUDICI\u00c1RIO:<o:p id=\"yui_3_16_0_ym19_1_1489855318147_121657\"><\/o:p><\/span><\/u><\/b><\/div>\n<div style=\"text-align:justify\" id=\"yui_3_16_0_ym19_1_1489855318147_121658\"><span style=\"font-size:14.0pt;line-height:107%;font-family:&quot;Arial&quot;,sans-serif\" id=\"yui_3_16_0_ym19_1_1489855318147_121659\">DEPOIS DE AGUARDAR <b id=\"yui_3_16_0_ym19_1_1489855318147_121660\">45 MESES, OU SEJA, 3 ANOS E NOVE MESES  (CARRO DESDE 10 DE JUNHO DE 2013)<\/b> COM O CARRO PRESO NA OFICINA DA ABOLI\u00c7\u00c3O  VE\u00cdCULOS COM APENAS 729 KM RODADOS, EM UM PROCESSO COM 6 VOLUMES, NA 1\u00aa VARA  CIVEL, DA COMARCA DE NITER\u00d3I\/RJ, REGIONAL OCE\u00c2NICA, A SENTEN\u00c7A FOI INDEFERIR  TODOS OS MEUS PEDIDOS E AINDA CONDENAR EM 10% DE CUSTAS JUDICIAIS. OU SEJA,  FIQUEI SEM CARRO ESSE TEMPO TODO (MESMO PAGANDO \u00c0 VISTA POR ELE), JUNTEI PROVAS  COMO REGISTRO DE OCORR\u00caNCIA DA POL\u00cdCIA CIVIL\/RJ, BOLETIM DE OCORR\u00caNCIA DA  POLICIA MILITAR\/RJ, ORDENS DE SERVI\u00c7O, MAIS DE 600 FOTOGRAFIAS, MAIS DE 40  \u00c1UDIOS, NOTAS FISCAIS, NOTAS DE T\u00c1XI, PRONTU\u00c1RIOS M\u00c9DICOS, POIS NESTE PER\u00cdODO  TIVE PROBLEMAS DE SA\u00daDE, BEM COMO MEUS FAMILIARES, TENDO UMA FILHA QUE HOJE TEM  APENAS 5 ANOS, NA \u00c9POCA POUCO MAIS DE 1 ANINHO. VALE LEMBRAR, QUE OS PRIMEIROS  DEFEITOS SE DERAM QUANDO O CARRO TINHA MENOS DE 30 KM RODADOS. TUDO ISSO PARA  NADA. QUEM GOSTOU DO RESULTADO DA DOUTA MAGRISTRADA FORAM AS EMPRESAS R\u00c9S \u2013 QUE  ME LESARAM \u2013 ABOLI\u00c7\u00c3O VE\u00cdCULOS E VW DO BRASIL (PROCESSO: No  0016370-44.2013.8.19.0212).<o:p id=\"yui_3_16_0_ym19_1_1489855318147_121661\"><\/o:p><\/span><\/div>\n<div style=\"text-align:justify\" id=\"yui_3_16_0_ym19_1_1489855318147_121662\"><b id=\"yui_3_16_0_ym19_1_1489855318147_121663\"><span style=\"font-size:14.0pt;line-height:107%;font-family:&quot;Arial&quot;,sans-serif\" id=\"yui_3_16_0_ym19_1_1489855318147_121664\">&nbsp;<o:p id=\"yui_3_16_0_ym19_1_1489855318147_121665\"><\/o:p><\/span><\/b><\/div>\n<div style=\"text-align:justify\" id=\"yui_3_16_0_ym19_1_1489855318147_121666\"><b id=\"yui_3_16_0_ym19_1_1489855318147_121667\"><span style=\"font-size:14.0pt;line-height:107%;font-family:&quot;Arial&quot;,sans-serif\" id=\"yui_3_16_0_ym19_1_1489855318147_121668\">&nbsp;&nbsp;&nbsp;&nbsp;&nbsp;&nbsp;&nbsp;&nbsp;&nbsp;&nbsp;&nbsp;&nbsp;&nbsp;&nbsp; <o:p id=\"yui_3_16_0_ym19_1_1489855318147_121669\"><\/o:p><\/span><\/b><\/div>\n<div style=\"text-align:justify\" id=\"yui_3_16_0_ym19_1_1489855318147_121670\"><b id=\"yui_3_16_0_ym19_1_1489855318147_121671\"><span style=\"font-size:14.0pt;line-height:107%;font-family:&quot;Arial&quot;,sans-serif\" id=\"yui_3_16_0_ym19_1_1489855318147_121672\">&nbsp;&nbsp;&nbsp;&nbsp;&nbsp;&nbsp;&nbsp;&nbsp;&nbsp;&nbsp;&nbsp;&nbsp;&nbsp;&nbsp;&nbsp;&nbsp;&nbsp;&nbsp;&nbsp;&nbsp;&nbsp;&nbsp;&nbsp;&nbsp;&nbsp;&nbsp;&nbsp;&nbsp;&nbsp;&nbsp; <o:p id=\"yui_3_16_0_ym19_1_1489855318147_121673\"><\/o:p><\/span><\/b><\/div>\n<div id=\"yui_3_16_0_ym19_1_1489855318147_121484\">                                            <\/div>\n<div style=\"text-align:justify\" dir=\"ltr\" id=\"yui_3_16_0_ym19_1_1489855318147_121674\"><b id=\"yui_3_16_0_ym19_1_1489855318147_121675\"><span style=\"font-size:14.0pt;line-height:107%;font-family:&quot;Arial&quot;,sans-serif\" id=\"yui_3_16_0_ym19_1_1489855318147_121676\">AP\u00d3S  AS TODAS AS PARTIDAS DO VASC\u00c3O EM MEU PERFIL DO FACEBOOK (QUEM QUISER RECEBER  AS CR\u00d4NICAS DE PRIMEIRA M\u00c3O \u00c9 S\u00d3 ME ADICIONAR), E NO SITE WEBVASCO  (<a href=\"http:\/\/www.webvasco.com\">www.webvasco.com<\/a>), TEM A OPINI\u00c3O DO JORNALISTA LUIZ CARLOS ROCHA. LEIAM!  COMPARTILHEM E CURTAM! VASCA\u00cdNOS UNIDOS JAMAIS SER\u00c3O VENCIDOS.<o:p id=\"yui_3_16_0_ym19_1_1489855318147_121677\"><\/o:p><\/span><\/b><\/div>\n<div id=\"yui_3_16_0_ym19_1_1489855318147_121483\"><span><br \/><\/span><\/div>\n<div id=\"yui_3_16_0_ym19_1_1489855318147_121481\"><span><br \/><\/span><\/div>\n<div id=\"yui_3_16_0_ym19_1_1489855318147_121501\"><span><br \/><\/span><\/div>\n<div><\/div>\n<div id=\"yui_3_16_0_ym19_1_1489855318147_121417\">&nbsp;<\/div>\n<div class=\"signature\" id=\"yui_3_16_0_ym19_1_1489855318147_121422\">\n<div id=\"RTEContent\">\n<div id=\"yui_3_16_0_ym19_1_1489855318147_121421\">\n<div id=\"yui_3_16_0_ym19_1_1489855318147_121420\">\n<div id=\"yui_3_16_0_ym19_1_1489855318147_121419\">\n<div align=\"center\" id=\"yui_3_16_0_ym19_1_1489855318147_121418\"><\/div>\n<\/div>\n<\/div>\n<\/div>\n<\/div>\n<\/div>\n<\/div>\n<\/div>\n<p><\/p>\n","protected":false},"excerpt":{"rendered":"<p>&nbsp; &nbsp; &nbsp;&nbsp;&nbsp;&nbsp;H\u00e1 tr\u00eas anos e meio, ou seja, h\u00e1 10 jogos (5 empates e&#8230;<\/p>\n","protected":false},"author":7,"featured_media":0,"comment_status":"open","ping_status":"closed","sticky":false,"template":"","format":"standard","meta":{"footnotes":""},"categories":[4],"tags":[],"class_list":["post-8118","post","type-post","status-publish","format-standard","hentry","category-luizcarlosrocha"],"_links":{"self":[{"href":"https:\/\/webvasco.com\/artigos\/wp-json\/wp\/v2\/posts\/8118","targetHints":{"allow":["GET"]}}],"collection":[{"href":"https:\/\/webvasco.com\/artigos\/wp-json\/wp\/v2\/posts"}],"about":[{"href":"https:\/\/webvasco.com\/artigos\/wp-json\/wp\/v2\/types\/post"}],"author":[{"embeddable":true,"href":"https:\/\/webvasco.com\/artigos\/wp-json\/wp\/v2\/users\/7"}],"replies":[{"embeddable":true,"href":"https:\/\/webvasco.com\/artigos\/wp-json\/wp\/v2\/comments?post=8118"}],"version-history":[{"count":0,"href":"https:\/\/webvasco.com\/artigos\/wp-json\/wp\/v2\/posts\/8118\/revisions"}],"wp:attachment":[{"href":"https:\/\/webvasco.com\/artigos\/wp-json\/wp\/v2\/media?parent=8118"}],"wp:term":[{"taxonomy":"category","embeddable":true,"href":"https:\/\/webvasco.com\/artigos\/wp-json\/wp\/v2\/categories?post=8118"},{"taxonomy":"post_tag","embeddable":true,"href":"https:\/\/webvasco.com\/artigos\/wp-json\/wp\/v2\/tags?post=8118"}],"curies":[{"name":"wp","href":"https:\/\/api.w.org\/{rel}","templated":true}]}}