{"id":8119,"date":"2017-03-23T11:12:36","date_gmt":"2017-03-23T14:12:36","guid":{"rendered":"http:\/\/webvasco.com\/artigos\/?p=8119"},"modified":"2017-03-23T11:23:45","modified_gmt":"2017-03-23T14:23:45","slug":"no-incio-tudo-so-flores","status":"publish","type":"post","link":"https:\/\/webvasco.com\/artigos\/colunistas\/luizcarlosrocha\/no-incio-tudo-so-flores\/","title":{"rendered":"NO IN&Iacute;CIO TUDO S&Atilde;O FLORES!"},"content":{"rendered":"<div>\n<div style=\"color:#000; background-color:#fff; font-family:HelveticaNeue-Light, Helvetica Neue Light, Helvetica Neue, Helvetica, Arial, Lucida Grande, sans-serif;font-size:32px\">\n<div style=\"text-align:justify\" id=\"yui_3_16_0_ym19_1_1489855318147_443964\"><span style=\"font-size:14.0pt;line-height:107%;font-family:&quot;Arial&quot;,sans-serif\" id=\"yui_3_16_0_ym19_1_1489855318147_443965\">&nbsp; &nbsp; &nbsp;&nbsp;&nbsp;&nbsp;\u00c9  natural ter tido uma mudan\u00e7a na postura do time, ap\u00f3s a troca do treinador.  Mesmo aqueles treinadores vitoriosos \u2013 que n\u00e3o era o caso do Crist\u00f3v\u00e3o Borges \u2013  uma hora o trabalho desgasta e o sucessor de pronto tem \u00eaxito. Essa empolga\u00e7\u00e3o  com o novo comandante levou o Vasco da Gama vencer, ontem, o Madureira, por 1 a  0, gol de Yago Pikachu, em S\u00e3o Janu\u00e1rio, em partida v\u00e1lida pela 3\u00aa Rodada, da  Ta\u00e7a Rio (Segundo Turno do Campeonato Carioca).<o:p id=\"yui_3_16_0_ym19_1_1489855318147_443966\"><\/o:p><\/span><\/div>\n<div style=\"text-align:justify\" id=\"yui_3_16_0_ym19_1_1489855318147_443967\"><span style=\"font-size:14.0pt;line-height:107%;font-family:&quot;Arial&quot;,sans-serif\" id=\"yui_3_16_0_ym19_1_1489855318147_443968\">&nbsp;&nbsp;&nbsp;&nbsp;&nbsp;&nbsp;&nbsp;&nbsp; Por\u00e9m, vencer o Tricolor Suburbano, em casa, por um placar  mag\u00e9rrimo n\u00e3o \u00e9 nenhum m\u00e9rito. \u00c9 obriga\u00e7\u00e3o do Cruzmaltino! A hist\u00f3ria da equipe  da casa por si s\u00f3 fala mais alto. Sem citar os investimentos financeiros que  esmagam seu advers\u00e1rio. Fora a torcida pelo menos 250 vezes maior. Logo, foi um  resultado mais do que esperado. O trabalho de Milton Mendes come\u00e7ar\u00e1 a ser  avaliado domingo, em Bras\u00edlia\/DF, \u00e0s 18h30m, diante do maior rival, o Flamengo.  <o:p id=\"yui_3_16_0_ym19_1_1489855318147_443969\"><\/o:p><\/span><\/div>\n<div style=\"text-align:justify\" id=\"yui_3_16_0_ym19_1_1489855318147_443970\"><span style=\"font-size:14.0pt;line-height:107%;font-family:&quot;Arial&quot;,sans-serif\" id=\"yui_3_16_0_ym19_1_1489855318147_443971\">&nbsp;&nbsp;&nbsp;&nbsp;&nbsp;&nbsp;&nbsp;&nbsp; Se vencer o Povo do Gueto, vai come\u00e7ar a convencer a Imensa  Torcida Bem Feliz. \u00c9 bem verdade que o teste de fogo (digo, de cruz de malta)  ser\u00e1 com pouco tempo de treinamento. Mas todos que vivem do futebol sabem que o  Vasco \u00e9 um Gigante, e como todo clube grande as provas s\u00e3o mais minuciosas.  Milton Mendes \u00e9 um treinador sem grife, ou seja, n\u00e3o \u00e9 badalado. Por isso, ter\u00e1  de se esfor\u00e7ar para mostrar que merece treinar o Mach\u00e3o da Gama.<o:p id=\"yui_3_16_0_ym19_1_1489855318147_443972\"><\/o:p><\/span><\/div>\n<div style=\"text-align:justify\" id=\"yui_3_16_0_ym19_1_1489855318147_443973\"><span style=\"font-size:14.0pt;line-height:107%;font-family:&quot;Arial&quot;,sans-serif\" id=\"yui_3_16_0_ym19_1_1489855318147_443974\">&nbsp;&nbsp;&nbsp;&nbsp;&nbsp;&nbsp;&nbsp;&nbsp; Na primeira partida a frente do Vasco, Milton trouxe para a  conta mais tr\u00eas pontos, que ca\u00edram muito bem na tabela do campeonato. Na  classifica\u00e7\u00e3o geral agora o time est\u00e1 em terceiro lugar, e l\u00edder provisoriamente  do Grupo C, da Ta\u00e7a Rio. Todo vasca\u00edno tem amor infinito. Portanto, torce para  que tudo d\u00ea certo, mas cobra quando d\u00e1 errado. <o:p id=\"yui_3_16_0_ym19_1_1489855318147_443975\"><\/o:p><\/span><\/div>\n<div style=\"text-align:justify;tab-stops:35.4pt 66.75pt\" id=\"yui_3_16_0_ym19_1_1489855318147_443976\"><span style=\"font-size:14.0pt;line-height:107%;font-family:&quot;Arial&quot;,sans-serif\" id=\"yui_3_16_0_ym19_1_1489855318147_443977\">&nbsp;&nbsp;&nbsp;&nbsp;&nbsp;&nbsp;&nbsp;&nbsp; &nbsp;&nbsp;&nbsp;&nbsp;&nbsp;&nbsp;&nbsp; <o:p id=\"yui_3_16_0_ym19_1_1489855318147_443978\"><\/o:p><\/span><\/div>\n<div style=\"text-align:justify\" id=\"yui_3_16_0_ym19_1_1489855318147_443979\"><b id=\"yui_3_16_0_ym19_1_1489855318147_443980\"><u id=\"yui_3_16_0_ym19_1_1489855318147_443981\"><span style=\"font-size:14.0pt;line-height:107%;font-family:&quot;Arial&quot;,sans-serif\" id=\"yui_3_16_0_ym19_1_1489855318147_443982\">PERPLEXO  COM O PODER JUDICI\u00c1RIO:<o:p id=\"yui_3_16_0_ym19_1_1489855318147_443983\"><\/o:p><\/span><\/u><\/b><\/div>\n<div style=\"text-align:justify\" id=\"yui_3_16_0_ym19_1_1489855318147_443984\"><span style=\"font-size:14.0pt;line-height:107%;font-family:&quot;Arial&quot;,sans-serif\" id=\"yui_3_16_0_ym19_1_1489855318147_443985\">DEPOIS DE AGUARDAR <b id=\"yui_3_16_0_ym19_1_1489855318147_443986\">45 MESES, OU SEJA, 3 ANOS E NOVE MESES  (CARRO DESDE 10 DE JUNHO DE 2013)<\/b> COM O CARRO PRESO NA OFICINA DA ABOLI\u00c7\u00c3O  VE\u00cdCULOS COM APENAS 729 KM RODADOS, EM UM PROCESSO COM 6 VOLUMES, NA 1\u00aa VARA  CIVEL, DA COMARCA DE NITER\u00d3I\/RJ, REGIONAL OCE\u00c2NICA, A SENTEN\u00c7A FOI INDEFERIR  TODOS OS MEUS PEDIDOS E AINDA CONDENAR EM 10% DE CUSTAS JUDICIAIS. OU SEJA,  FIQUEI SEM CARRO ESSE TEMPO TODO (MESMO PAGANDO \u00c0 VISTA POR ELE), JUNTEI PROVAS  COMO REGISTRO DE OCORR\u00caNCIA DA POL\u00cdCIA CIVIL\/RJ, BOLETIM DE OCORR\u00caNCIA DA  POLICIA MILITAR\/RJ, ORDENS DE SERVI\u00c7O, MAIS DE 600 FOTOGRAFIAS, MAIS DE 40  \u00c1UDIOS, NOTAS FISCAIS, NOTAS DE T\u00c1XI, PRONTU\u00c1RIOS M\u00c9DICOS, POIS NESTE PER\u00cdODO  TIVE PROBLEMAS DE SA\u00daDE, BEM COMO MEUS FAMILIARES, TENDO UMA FILHA QUE HOJE TEM  APENAS 5 ANOS, NA \u00c9POCA POUCO MAIS DE 1 ANINHO. VALE LEMBRAR, QUE OS PRIMEIROS  DEFEITOS SE DERAM QUANDO O CARRO TINHA MENOS DE 30 KM RODADOS. TUDO ISSO PARA  NADA. QUEM GOSTOU DO RESULTADO DA DOUTA MAGRISTRADA FORAM AS EMPRESAS R\u00c9S \u2013 QUE  ME LESARAM \u2013 ABOLI\u00c7\u00c3O VE\u00cdCULOS E VW DO BRASIL (PROCESSO: No 0016370-44.2013.8.19.0212).<o:p id=\"yui_3_16_0_ym19_1_1489855318147_443987\"><\/o:p><\/span><\/div>\n<div style=\"text-align:justify\" id=\"yui_3_16_0_ym19_1_1489855318147_443988\"><b id=\"yui_3_16_0_ym19_1_1489855318147_443989\"><span style=\"font-size:14.0pt;line-height:107%;font-family:&quot;Arial&quot;,sans-serif\" id=\"yui_3_16_0_ym19_1_1489855318147_443990\">&nbsp;<o:p id=\"yui_3_16_0_ym19_1_1489855318147_443991\"><\/o:p><\/span><\/b><\/div>\n<div style=\"text-align:justify\" id=\"yui_3_16_0_ym19_1_1489855318147_443992\"><b id=\"yui_3_16_0_ym19_1_1489855318147_443993\"><span style=\"font-size:14.0pt;line-height:107%;font-family:&quot;Arial&quot;,sans-serif\" id=\"yui_3_16_0_ym19_1_1489855318147_443994\">&nbsp;&nbsp;&nbsp;&nbsp;&nbsp;&nbsp;&nbsp;&nbsp;&nbsp;&nbsp;&nbsp;&nbsp;&nbsp;&nbsp; <o:p id=\"yui_3_16_0_ym19_1_1489855318147_443995\"><\/o:p><\/span><\/b><\/div>\n<div style=\"text-align:justify\" id=\"yui_3_16_0_ym19_1_1489855318147_443996\"><b id=\"yui_3_16_0_ym19_1_1489855318147_443997\"><span style=\"font-size:14.0pt;line-height:107%;font-family:&quot;Arial&quot;,sans-serif\" id=\"yui_3_16_0_ym19_1_1489855318147_443998\">&nbsp;&nbsp;&nbsp;&nbsp;&nbsp;&nbsp;&nbsp;&nbsp;&nbsp;&nbsp;&nbsp;&nbsp;&nbsp;&nbsp;&nbsp;&nbsp;&nbsp;&nbsp;&nbsp;&nbsp;&nbsp;&nbsp;&nbsp;&nbsp;&nbsp;&nbsp;&nbsp;&nbsp;&nbsp;&nbsp; <o:p id=\"yui_3_16_0_ym19_1_1489855318147_443999\"><\/o:p><\/span><\/b><\/div>\n<div id=\"yui_3_16_0_ym19_1_1489855318147_442045\">                                        <\/div>\n<div style=\"text-align:justify\" dir=\"ltr\" id=\"yui_3_16_0_ym19_1_1489855318147_444000\"><b id=\"yui_3_16_0_ym19_1_1489855318147_444001\"><span style=\"font-size:14.0pt;line-height:107%;font-family:&quot;Arial&quot;,sans-serif\" id=\"yui_3_16_0_ym19_1_1489855318147_444002\">AP\u00d3S  AS TODAS AS PARTIDAS DO VASC\u00c3O EM MEU PERFIL DO FACEBOOK (QUEM QUISER RECEBER  AS CR\u00d4NICAS DE PRIMEIRA M\u00c3O \u00c9 S\u00d3 ME ADICIONAR), E NO SITE WEBVASCO  (<a href=\"http:\/\/www.webvasco.com\">www.webvasco.com<\/a>), TEM A OPINI\u00c3O DO JORNALISTA LUIZ CARLOS ROCHA. LEIAM!  COMPARTILHEM E CURTAM! VASCA\u00cdNOS UNIDOS JAMAIS SER\u00c3O VENCIDOS.<o:p id=\"yui_3_16_0_ym19_1_1489855318147_444003\"><\/o:p><\/span><\/b><\/div>\n<div id=\"yui_3_16_0_ym19_1_1489855318147_442045\"><span><br \/><\/span><\/div>\n<div id=\"yui_3_16_0_ym19_1_1489855318147_442045\"><span><br \/><\/span><\/div>\n<div><\/div>\n<div id=\"yui_3_16_0_ym19_1_1489855318147_442046\">&nbsp;<\/div>\n<div class=\"signature\" id=\"yui_3_16_0_ym19_1_1489855318147_442053\">\n<div id=\"RTEContent\">\n<div id=\"yui_3_16_0_ym19_1_1489855318147_442052\">\n<div id=\"yui_3_16_0_ym19_1_1489855318147_442051\">\n<div id=\"yui_3_16_0_ym19_1_1489855318147_442050\">\n<div align=\"center\" id=\"yui_3_16_0_ym19_1_1489855318147_442049\"><\/div>\n<\/div>\n<\/div>\n<\/div>\n<\/div>\n<\/div>\n<\/div>\n<\/div>\n<p><\/p>\n","protected":false},"excerpt":{"rendered":"<p>&nbsp; &nbsp; &nbsp;&nbsp;&nbsp;&nbsp;\u00c9 natural ter tido uma mudan\u00e7a na postura do time, ap\u00f3s a troca&#8230;<\/p>\n","protected":false},"author":7,"featured_media":0,"comment_status":"open","ping_status":"closed","sticky":false,"template":"","format":"standard","meta":{"footnotes":""},"categories":[4],"tags":[],"class_list":["post-8119","post","type-post","status-publish","format-standard","hentry","category-luizcarlosrocha"],"_links":{"self":[{"href":"https:\/\/webvasco.com\/artigos\/wp-json\/wp\/v2\/posts\/8119","targetHints":{"allow":["GET"]}}],"collection":[{"href":"https:\/\/webvasco.com\/artigos\/wp-json\/wp\/v2\/posts"}],"about":[{"href":"https:\/\/webvasco.com\/artigos\/wp-json\/wp\/v2\/types\/post"}],"author":[{"embeddable":true,"href":"https:\/\/webvasco.com\/artigos\/wp-json\/wp\/v2\/users\/7"}],"replies":[{"embeddable":true,"href":"https:\/\/webvasco.com\/artigos\/wp-json\/wp\/v2\/comments?post=8119"}],"version-history":[{"count":0,"href":"https:\/\/webvasco.com\/artigos\/wp-json\/wp\/v2\/posts\/8119\/revisions"}],"wp:attachment":[{"href":"https:\/\/webvasco.com\/artigos\/wp-json\/wp\/v2\/media?parent=8119"}],"wp:term":[{"taxonomy":"category","embeddable":true,"href":"https:\/\/webvasco.com\/artigos\/wp-json\/wp\/v2\/categories?post=8119"},{"taxonomy":"post_tag","embeddable":true,"href":"https:\/\/webvasco.com\/artigos\/wp-json\/wp\/v2\/tags?post=8119"}],"curies":[{"name":"wp","href":"https:\/\/api.w.org\/{rel}","templated":true}]}}