{"id":8121,"date":"2017-03-25T12:41:45","date_gmt":"2017-03-25T15:41:45","guid":{"rendered":"http:\/\/webvasco.com\/artigos\/?p=8121"},"modified":"2017-03-25T12:42:13","modified_gmt":"2017-03-25T15:42:13","slug":"elas-o-professor-martinalia-mendonca-ferreira","status":"publish","type":"post","link":"https:\/\/webvasco.com\/artigos\/temas\/elas-e-o-professor\/elas-o-professor-martinalia-mendonca-ferreira\/","title":{"rendered":"ELAS &#038; O PROFESSOR &#8211; MARTI`N\u00c1LIA MENDON\u00c7A FERREIRA"},"content":{"rendered":"<p>A entrevista de Mar\u00e7o de 2017, com a sambista e atriz\u00a0 Mart`N\u00e1lia \u00e9 dedicada \u00e0 minha filhota \u2013 vascain\u00edssima &#8211; \u00darsulla Rocha.<\/p>\n<p><strong>MARTI`N\u00c1LIA MENDON\u00c7A FERREIRA<\/strong>, filha do consagrado cantor e compositor Martinho da Vila, com a cantora An\u00e1lia Mendon\u00e7a, nasceu no Bairro de Vila Isabel, em 7 de setembro de 1965, e foi criada em Pilares. Cresceu ouvindo e respirando m\u00fasica. Iniciou a carreira musical ao lado do pai, aos 16 anos, seu primeiro trabalho solo foi o CD Minha Cara. Com turn\u00eas pela Europa e \u00c1frica, Mart`N\u00e1lia \u00e9 hoje internacionalmente conhecida. Torcedora do Vasco da Gama e da Escola de Samba Vila Isabel, a menina carioca aflorou seu lado atriz, no Seriado P\u00e9 na Cova, vivendo o papel de Tamanco, escrito pelo nobre Miguel Falabella, transmitido pela TV Globo.<\/p>\n<p>&nbsp;<\/p>\n<p>&nbsp;<\/p>\n<p><strong>O que est\u00e1 faltando no Vasco da Gama para o time embalar de vez no Campeonato Carioca?<\/strong><\/p>\n<p>Sou uma vasca\u00edna esperan\u00e7osa, mas realmente n\u00e3o sei. Talvez faltando gente de frente.<\/p>\n<p>&nbsp;<\/p>\n<p><strong>A contrata\u00e7\u00e3o do treinador Milton Mendes foi boa, uma vez que ele tem 16 anos de carreira e apenas 3 t\u00edtulos no curr\u00edculo? <\/strong><\/p>\n<p>S\u00f3 posso esperar coisas boas.<\/p>\n<p>&nbsp;<\/p>\n<p><strong>Qual o melhor t\u00e9cnico que voc\u00ea j\u00e1 viu no comando do Vasco? <\/strong><\/p>\n<p>Gosto do Crist\u00f3v\u00e3o (Borges). Tamb\u00e9m dos antigos como Joel Santana. Tem o Ricardo Gomes que fez um trabalho muito bom.<\/p>\n<p>&nbsp;<\/p>\n<p><strong>Ex-atleta pode ser t\u00e9cnico ou \u00e9 necess\u00e1rio passar por uma Escola de Educa\u00e7\u00e3o F\u00edsica? <\/strong><\/p>\n<p>Depende de cada caso. N\u00e3o d\u00e1 para generalizar.<\/p>\n<p>&nbsp;<\/p>\n<p><strong>Qual a sua hist\u00f3ria marcante do Gigante da Colina?<\/strong><\/p>\n<p>Me lembro de um jogo que fui, era um Vasco e Flamengo. O Edmundo estava perdendo muitos gols, a\u00ed comecei a xingar ele. Sem d\u00f3. Tinham algumas pessoas perto. At\u00e9 aquele momento n\u00e3o sabia quem eram. A\u00ed ele (Edmundo) fez o gol. Eu e meus amigos vibramos. Foi a partir desse momento que percebi se tratar da fam\u00edlia dele. Mas n\u00e3o ficaram com raiva, porque viram que isso faz parte do jogo. At\u00e9 pedimos desculpas. Ganhamos a partida.<\/p>\n<p>&nbsp;<\/p>\n<p><strong>Voc\u00ea \u00e9 s\u00f3cia do clube? <\/strong><\/p>\n<p>Sou, claro.<\/p>\n<p>&nbsp;<\/p>\n<p><strong>Al\u00e9m de voc\u00ea e seu pai, quem mais torce pelo Cruzmaltino na sua fam\u00edlia?\u00a0 <\/strong><\/p>\n<p>Quase todo mundo. Dos oito filhos do meu pai, cinco s\u00e3o vasca\u00ednos. Aprendi com ele ser vasca\u00edna. Foi o primeiro clube a aceitar negros. Isso \u00e9 muito importante.<\/p>\n<p>&nbsp;<\/p>\n<p><strong>Qual paix\u00e3o fala mais alto, o Vasco da Gama ou a Escola de Samba Vila Isabel? <\/strong><\/p>\n<p>Est\u00e3o juntas. Afinal, todo mundo torce por um time de futebol e por uma escola de samba. A diferen\u00e7a \u00e9 que a Vila (Isabel) eu tenho um envolvimento maior, por frequentar mais.<\/p>\n<p><strong>\u00a0<\/strong><\/p>\n<p><strong>Voc\u00ea sabe dizer qual a camisa oficial do clube, e explicar o motivo? <\/strong><\/p>\n<p>N\u00e3o. Curiosamente n\u00e3o sei.<\/p>\n<p>&nbsp;<\/p>\n<p><strong>Eurico Miranda \u00e9 um bom presidente?<\/strong><\/p>\n<p>Se ele fosse bom resolveria os problemas do Vasco.\u00a0 Ele tem o lado pol\u00edtico que deixa a desejar, principalmente agora nos tempos do politicamente correto. Na era da corrup\u00e7\u00e3o ele funcionava melhor.<\/p>\n<p>&nbsp;<\/p>\n<p><strong>Edmundo poderia ser um bom mandat\u00e1rio?<\/strong><\/p>\n<p>Poderia sim, ele tem garra. O Roberto Dinamite foi um \u00f3timo jogador, mas n\u00e3o teve pulso.<\/p>\n<p>&nbsp;<\/p>\n<p><strong>Porque os patrocinadores se afastaram ao longo dos \u00faltimos 20 anos?<\/strong><\/p>\n<p>Muitos por causa do Eurico (Miranda). Temos um presidente que \u00e9 dif\u00edcil de acreditar em sua gest\u00e3o. O Vasco da Gama precisa renovar.<\/p>\n<p><strong>\u00a0<\/strong><\/p>\n<p><strong>Voc\u00ea costuma assistir os jogos com amigos vasca\u00ednos ou torcedores rivais?<\/strong><\/p>\n<p>Dentro de casa ou no Est\u00e1dio sempre com vasca\u00ednos.<\/p>\n<p><strong>\u00a0<\/strong><\/p>\n<p><strong>O que \u00e9 mais importante: ter um treinador de ponta e um plantel mediano, ou ter um time top de linha com um t\u00e9cnico iniciante?<\/strong><\/p>\n<p>Um time top com um treinador mais ou menos, porque esse pr\u00f3prio profissional acabar\u00e1 aprendendo com o elenco.<\/p>\n<p><strong>\u00a0<\/strong><\/p>\n<p><strong>O Vasco j\u00e1 foi mais respeitado futebolisticamente? Por que?<\/strong><\/p>\n<p>J\u00e1. Porque ganhava mais. Houve um tempo que o time s\u00f3 empatava. Agora deu uma melhorada.<\/p>\n<p>&nbsp;<\/p>\n<p><strong><u>FOTOGRAFIAS: BY LUIZ CARLOS ROCHA<\/u><\/strong><\/p>\n<p>&nbsp;<\/p>\n<p><a href=\"https:\/\/webvasco.com\/artigos\/wp-content\/uploads\/2017\/03\/IMG_20170325_010118.jpg\"><img loading=\"lazy\" decoding=\"async\" class=\"alignright size-medium wp-image-8122\" src=\"https:\/\/webvasco.com\/artigos\/wp-content\/uploads\/2017\/03\/IMG_20170325_010118-185x300.jpg\" alt=\"\" width=\"185\" height=\"300\" srcset=\"https:\/\/webvasco.com\/artigos\/wp-content\/uploads\/2017\/03\/IMG_20170325_010118-185x300.jpg 185w, https:\/\/webvasco.com\/artigos\/wp-content\/uploads\/2017\/03\/IMG_20170325_010118-93x150.jpg 93w, https:\/\/webvasco.com\/artigos\/wp-content\/uploads\/2017\/03\/IMG_20170325_010118.jpg 591w\" sizes=\"auto, (max-width: 185px) 100vw, 185px\" \/><\/a> <a href=\"https:\/\/webvasco.com\/artigos\/wp-content\/uploads\/2017\/03\/IMG_20170325_010423.jpg\"><img loading=\"lazy\" decoding=\"async\" class=\"alignright size-medium wp-image-8123\" src=\"https:\/\/webvasco.com\/artigos\/wp-content\/uploads\/2017\/03\/IMG_20170325_010423-300x185.jpg\" alt=\"\" width=\"300\" height=\"185\" srcset=\"https:\/\/webvasco.com\/artigos\/wp-content\/uploads\/2017\/03\/IMG_20170325_010423-300x185.jpg 300w, https:\/\/webvasco.com\/artigos\/wp-content\/uploads\/2017\/03\/IMG_20170325_010423-150x92.jpg 150w, https:\/\/webvasco.com\/artigos\/wp-content\/uploads\/2017\/03\/IMG_20170325_010423-768x473.jpg 768w, https:\/\/webvasco.com\/artigos\/wp-content\/uploads\/2017\/03\/IMG_20170325_010423-1024x630.jpg 1024w, https:\/\/webvasco.com\/artigos\/wp-content\/uploads\/2017\/03\/IMG_20170325_010423.jpg 1053w\" sizes=\"auto, (max-width: 300px) 100vw, 300px\" \/><\/a> <a href=\"https:\/\/webvasco.com\/artigos\/wp-content\/uploads\/2017\/03\/IMG_20170325_010716.jpg\"><img loading=\"lazy\" decoding=\"async\" class=\"alignright size-medium wp-image-8124\" src=\"https:\/\/webvasco.com\/artigos\/wp-content\/uploads\/2017\/03\/IMG_20170325_010716-300x140.jpg\" alt=\"\" width=\"300\" height=\"140\" srcset=\"https:\/\/webvasco.com\/artigos\/wp-content\/uploads\/2017\/03\/IMG_20170325_010716-300x140.jpg 300w, https:\/\/webvasco.com\/artigos\/wp-content\/uploads\/2017\/03\/IMG_20170325_010716-150x70.jpg 150w, https:\/\/webvasco.com\/artigos\/wp-content\/uploads\/2017\/03\/IMG_20170325_010716-768x358.jpg 768w, https:\/\/webvasco.com\/artigos\/wp-content\/uploads\/2017\/03\/IMG_20170325_010716-1024x477.jpg 1024w, https:\/\/webvasco.com\/artigos\/wp-content\/uploads\/2017\/03\/IMG_20170325_010716.jpg 1054w\" sizes=\"auto, (max-width: 300px) 100vw, 300px\" \/><\/a> <a href=\"https:\/\/webvasco.com\/artigos\/wp-content\/uploads\/2017\/03\/IMG_20170325_010742.jpg\"><img loading=\"lazy\" decoding=\"async\" class=\"alignright size-medium wp-image-8125\" src=\"https:\/\/webvasco.com\/artigos\/wp-content\/uploads\/2017\/03\/IMG_20170325_010742-233x300.jpg\" alt=\"\" width=\"233\" height=\"300\" srcset=\"https:\/\/webvasco.com\/artigos\/wp-content\/uploads\/2017\/03\/IMG_20170325_010742-233x300.jpg 233w, https:\/\/webvasco.com\/artigos\/wp-content\/uploads\/2017\/03\/IMG_20170325_010742-117x150.jpg 117w, https:\/\/webvasco.com\/artigos\/wp-content\/uploads\/2017\/03\/IMG_20170325_010742.jpg 648w\" sizes=\"auto, (max-width: 233px) 100vw, 233px\" \/><\/a> <a href=\"https:\/\/webvasco.com\/artigos\/wp-content\/uploads\/2017\/03\/IMG_20170325_010809.jpg\"><img loading=\"lazy\" decoding=\"async\" class=\"alignright size-medium wp-image-8126\" src=\"https:\/\/webvasco.com\/artigos\/wp-content\/uploads\/2017\/03\/IMG_20170325_010809-300x165.jpg\" alt=\"\" width=\"300\" height=\"165\" srcset=\"https:\/\/webvasco.com\/artigos\/wp-content\/uploads\/2017\/03\/IMG_20170325_010809-300x165.jpg 300w, https:\/\/webvasco.com\/artigos\/wp-content\/uploads\/2017\/03\/IMG_20170325_010809-150x83.jpg 150w, https:\/\/webvasco.com\/artigos\/wp-content\/uploads\/2017\/03\/IMG_20170325_010809-768x423.jpg 768w, https:\/\/webvasco.com\/artigos\/wp-content\/uploads\/2017\/03\/IMG_20170325_010809-1024x563.jpg 1024w, https:\/\/webvasco.com\/artigos\/wp-content\/uploads\/2017\/03\/IMG_20170325_010809-120x67.jpg 120w, https:\/\/webvasco.com\/artigos\/wp-content\/uploads\/2017\/03\/IMG_20170325_010809.jpg 1047w\" sizes=\"auto, (max-width: 300px) 100vw, 300px\" \/><\/a> <a href=\"https:\/\/webvasco.com\/artigos\/wp-content\/uploads\/2017\/03\/IMG_20170325_010918.jpg\"><img loading=\"lazy\" decoding=\"async\" class=\"alignright size-medium wp-image-8127\" src=\"https:\/\/webvasco.com\/artigos\/wp-content\/uploads\/2017\/03\/IMG_20170325_010918-300x260.jpg\" alt=\"\" width=\"300\" height=\"260\" srcset=\"https:\/\/webvasco.com\/artigos\/wp-content\/uploads\/2017\/03\/IMG_20170325_010918-300x260.jpg 300w, https:\/\/webvasco.com\/artigos\/wp-content\/uploads\/2017\/03\/IMG_20170325_010918-150x130.jpg 150w, https:\/\/webvasco.com\/artigos\/wp-content\/uploads\/2017\/03\/IMG_20170325_010918.jpg 648w\" sizes=\"auto, (max-width: 300px) 100vw, 300px\" \/><\/a> <a href=\"https:\/\/webvasco.com\/artigos\/wp-content\/uploads\/2017\/03\/IMG_20170325_010951.jpg\"><img loading=\"lazy\" decoding=\"async\" class=\"alignright size-medium wp-image-8128\" src=\"https:\/\/webvasco.com\/artigos\/wp-content\/uploads\/2017\/03\/IMG_20170325_010951-211x300.jpg\" alt=\"\" width=\"211\" height=\"300\" srcset=\"https:\/\/webvasco.com\/artigos\/wp-content\/uploads\/2017\/03\/IMG_20170325_010951-211x300.jpg 211w, https:\/\/webvasco.com\/artigos\/wp-content\/uploads\/2017\/03\/IMG_20170325_010951-105x150.jpg 105w, https:\/\/webvasco.com\/artigos\/wp-content\/uploads\/2017\/03\/IMG_20170325_010951.jpg 606w\" sizes=\"auto, (max-width: 211px) 100vw, 211px\" \/><\/a> <a href=\"https:\/\/webvasco.com\/artigos\/wp-content\/uploads\/2017\/03\/IMG_20170325_011043.jpg\"><img loading=\"lazy\" decoding=\"async\" class=\"alignright size-medium wp-image-8129\" src=\"https:\/\/webvasco.com\/artigos\/wp-content\/uploads\/2017\/03\/IMG_20170325_011043-300x220.jpg\" alt=\"\" width=\"300\" height=\"220\" srcset=\"https:\/\/webvasco.com\/artigos\/wp-content\/uploads\/2017\/03\/IMG_20170325_011043-300x220.jpg 300w, https:\/\/webvasco.com\/artigos\/wp-content\/uploads\/2017\/03\/IMG_20170325_011043-150x110.jpg 150w, https:\/\/webvasco.com\/artigos\/wp-content\/uploads\/2017\/03\/IMG_20170325_011043-768x562.jpg 768w, https:\/\/webvasco.com\/artigos\/wp-content\/uploads\/2017\/03\/IMG_20170325_011043-1024x750.jpg 1024w, https:\/\/webvasco.com\/artigos\/wp-content\/uploads\/2017\/03\/IMG_20170325_011043.jpg 1187w\" sizes=\"auto, (max-width: 300px) 100vw, 300px\" \/><\/a> <a href=\"https:\/\/webvasco.com\/artigos\/wp-content\/uploads\/2017\/03\/IMG_20170325_011111.jpg\"><img loading=\"lazy\" decoding=\"async\" class=\"alignright size-medium wp-image-8130\" src=\"https:\/\/webvasco.com\/artigos\/wp-content\/uploads\/2017\/03\/IMG_20170325_011111-300x249.jpg\" alt=\"\" width=\"300\" height=\"249\" srcset=\"https:\/\/webvasco.com\/artigos\/wp-content\/uploads\/2017\/03\/IMG_20170325_011111-300x249.jpg 300w, https:\/\/webvasco.com\/artigos\/wp-content\/uploads\/2017\/03\/IMG_20170325_011111-150x124.jpg 150w, https:\/\/webvasco.com\/artigos\/wp-content\/uploads\/2017\/03\/IMG_20170325_011111.jpg 739w\" sizes=\"auto, (max-width: 300px) 100vw, 300px\" \/><\/a><\/p>\n","protected":false},"excerpt":{"rendered":"<p>A entrevista de Mar\u00e7o de 2017, com a sambista e atriz\u00a0 Mart`N\u00e1lia \u00e9 dedicada \u00e0&#8230;<\/p>\n","protected":false},"author":7,"featured_media":8130,"comment_status":"open","ping_status":"closed","sticky":false,"template":"","format":"standard","meta":{"footnotes":""},"categories":[27],"tags":[],"class_list":["post-8121","post","type-post","status-publish","format-standard","has-post-thumbnail","hentry","category-elas-e-o-professor"],"_links":{"self":[{"href":"https:\/\/webvasco.com\/artigos\/wp-json\/wp\/v2\/posts\/8121","targetHints":{"allow":["GET"]}}],"collection":[{"href":"https:\/\/webvasco.com\/artigos\/wp-json\/wp\/v2\/posts"}],"about":[{"href":"https:\/\/webvasco.com\/artigos\/wp-json\/wp\/v2\/types\/post"}],"author":[{"embeddable":true,"href":"https:\/\/webvasco.com\/artigos\/wp-json\/wp\/v2\/users\/7"}],"replies":[{"embeddable":true,"href":"https:\/\/webvasco.com\/artigos\/wp-json\/wp\/v2\/comments?post=8121"}],"version-history":[{"count":1,"href":"https:\/\/webvasco.com\/artigos\/wp-json\/wp\/v2\/posts\/8121\/revisions"}],"predecessor-version":[{"id":8131,"href":"https:\/\/webvasco.com\/artigos\/wp-json\/wp\/v2\/posts\/8121\/revisions\/8131"}],"wp:featuredmedia":[{"embeddable":true,"href":"https:\/\/webvasco.com\/artigos\/wp-json\/wp\/v2\/media\/8130"}],"wp:attachment":[{"href":"https:\/\/webvasco.com\/artigos\/wp-json\/wp\/v2\/media?parent=8121"}],"wp:term":[{"taxonomy":"category","embeddable":true,"href":"https:\/\/webvasco.com\/artigos\/wp-json\/wp\/v2\/categories?post=8121"},{"taxonomy":"post_tag","embeddable":true,"href":"https:\/\/webvasco.com\/artigos\/wp-json\/wp\/v2\/tags?post=8121"}],"curies":[{"name":"wp","href":"https:\/\/api.w.org\/{rel}","templated":true}]}}