{"id":813,"date":"2014-03-19T12:06:21","date_gmt":"2014-03-19T15:06:21","guid":{"rendered":"http:\/\/webvasco.com\/artigos\/?p=813"},"modified":"2014-03-19T12:07:38","modified_gmt":"2014-03-19T15:07:38","slug":"cair-dentro-ou-cair-fora","status":"publish","type":"post","link":"https:\/\/webvasco.com\/artigos\/colunistas\/cair-dentro-ou-cair-fora\/","title":{"rendered":"&quot;Cair dentro&quot; ou &quot;cair fora&quot;?"},"content":{"rendered":"<div dir=\"ltr\">\n<p style=\"margin:0px 0px 10px;padding:0px;border:0px;outline:0px;font-size:15px;vertical-align:baseline;color:rgb(51,51,51);line-height:21px\">E o Vasco segue sua saga de pagar o pre\u00e7o salgado pela sua covardia. Pois essa, infelizmente, \u00e9 a palavra que mais bem define o Vasco no qual nos acostumamos a ver nos \u00faltimos tempos. Covardia. Seja ela no campo ou fora dele.<\/p>\n<p><\/p>\n<p style=\"margin:0px 0px 10px;padding:0px;border:0px;outline:0px;font-size:15px;vertical-align:baseline;color:rgb(51,51,51);line-height:21px\">No \u00faltimo domingo, o que vimos no segundo tempo, em especial, foi isso, aliado \u00e0 incapacidade de um t\u00e9cnico em enxergar o \u00f3bvio. Definitivamente, o estilo ousado e com sede de vit\u00f3ria n\u00e3o combina com o perfil do treinador Ad\u00edlson Batista. Se ao final do ano passado, nas \u00faltimas sete rodadas daquele fat\u00eddico certame do bi-rebaixamento, qualquer dose de covardia poderia ser plenamente justificada com o plantel que tinha em m\u00e3os, para esse atual n\u00e3o h\u00e1 argumenta\u00e7\u00e3o que me fa\u00e7a absolv\u00ea-lo de sua responsabilidade.<\/p>\n<p><\/p>\n<p style=\"margin:0px 0px 10px;padding:0px;border:0px;outline:0px;font-size:15px;vertical-align:baseline;color:rgb(51,51,51);line-height:21px\">Ad\u00edlson \u00e9 reflexo do pensamento mesquinho que predomina no Vasco sob a gest\u00e3o de Roberto e seus pares que levaram o clube duas vezes para a segunda divis\u00e3o. Escala o time de forma covarde, e mant\u00e9m sua postura assim, mesmo em suas t\u00edmidas altera\u00e7\u00f5es, isso quando resolve mexer, tal como foi no \u00faltimo pr\u00e9lio. Sacou do jogo o melhor jogador disparado do time naquele cl\u00e1ssico &ndash; \u00c9verton Costa &ndash; e deixou os dois meias ofensivos cansados e que nada produziram de bom no segundo tempo arrastando-se at\u00e9 o final do jogo. Mesmo tomando o gol de empate e sabedor de que o resultado seria muito melhor para o advers\u00e1rio, manteve sua postura acuada, levando press\u00e3o do Fluminense, e s\u00f3 n\u00e3o sa\u00edmos com a derrota porque o goleiro era o Silva, mas com nome de Mart\u00edn em sua frente. Se fosse o outro Silva precedido pelo nome Diogo&#8230;<\/p>\n<p><\/p>\n<p style=\"margin:0px 0px 10px;padding:0px;border:0px;outline:0px;font-size:15px;vertical-align:baseline;color:rgb(51,51,51);line-height:21px\">Nesse momento, vale a reflex\u00e3o: quem ousa a dizer, depois do \u00faltimo domingo, o mesmo que fomos obrigados a ouvir e a ler pelas redes sociais h\u00e1 quase um m\u00eas? Entre outras coisas, que Mart\u00edn n\u00e3o era esse goleiro todo! Para quem ainda n\u00e3o se convenceu com o uruguaio, deve ser porque a s\u00edndrome de tanto goleiro ruim que passou por nossa meta na era p\u00f3s-F\u00e1bio ainda n\u00e3o nos deixa enxergar que, enfim, encontramos um goleiro. Excetuando a Prass, \u00e9 claro, a quem n\u00e3o tenho do que me queixar, sen\u00e3o sua dificuldade em defender p\u00eanaltis, mas que ainda assim, sua simples presen\u00e7a em 2013 poderia ter nos evitado muitos vexames que presenciamos&#8230;<\/p>\n<p><\/p>\n<p style=\"margin:0px 0px 10px;padding:0px;border:0px;outline:0px;font-size:15px;vertical-align:baseline;color:rgb(51,51,51);line-height:21px\">Enfim, pagamos o pre\u00e7o e agora, tudo nos leva a crer que nosso caminho ser\u00e1 mesmo o Fluminense com a desvantagem de dois empates nas semifinais. Se a camisa do Vasco perante o Flu \u00e9 capaz de ganhar a classifica\u00e7\u00e3o, por outro lado o medo de vencer tal como domingo pode nos tirar essa vaga que &ldquo;o destino&rdquo; pode nos reservar. Mas para a final provavelmente contra o Flamengo, o recado \u00e9 claro: ou muda-se a postura covarde e &ldquo;cai dentro&rdquo; do arquirrival, ou amargamos o s\u00e9timo vice-campeonato nas \u00faltimas sete disputas diretas contra o clube da G\u00e1vea.<\/p>\n<p><\/p>\n<p style=\"margin:0px 0px 10px;padding:0px;border:0px;outline:0px;font-size:15px;vertical-align:baseline;color:rgb(51,51,51);line-height:21px\"><strong style=\"margin:0px;padding:0px;border:0px;outline:0px;vertical-align:baseline;color:rgb(68,68,68);font-family:Arial,&#39;Times New Roman&#39;,serif\">Montoya<\/strong><\/p>\n<p><\/p>\n<p style=\"margin:0px 0px 10px;padding:0px;border:0px;outline:0px;font-size:15px;vertical-align:baseline;color:rgb(51,51,51);line-height:21px\">Chega a ser ultrajante a coloca\u00e7\u00e3o de Montoya em campo j\u00e1 aos 44 minutos do segundo tempo. O que pretendia nosso &ldquo;s\u00e1bio&rdquo; treinador com isso: queimar Montoya? Ou achar que ele iria provar ser o &ldquo;superjogador&rdquo; que alguns pensam que seja e, com isso, resolveria o jogo em menos de quatro minutos em campo? Ou ainda, nos dar 100% de certeza de que ele (Ad\u00edlson) n\u00e3o sabe realizar a leitura de um jogo, tal como deveria ser?<\/p>\n<p><\/p>\n<p style=\"margin:0px 0px 10px;padding:0px;border:0px;outline:0px;font-size:15px;vertical-align:baseline;color:rgb(51,51,51);line-height:21px\">Com t\u00e9cnicos com leitura de jogo parecida com Ad\u00edlson a pairar pelo Vasco, Montoya poder\u00e1 ser, em breve, mais um &ldquo;Conca&rdquo;, que chegou ao Vasco, sucumbiu \u00e0 mediocridade dos treinadores que l\u00e1 passaram, teve poucas chances e saiu para ser \u00eddolo do rival tricolor. Com o agravante de Conca chegar a ser reserva de Perdig\u00e3o no Vasco, quando na era Celso Roth, em 2007!<\/p>\n<p><\/p>\n<p style=\"margin:0px 0px 10px;padding:0px;border:0px;outline:0px;font-size:15px;vertical-align:baseline;color:rgb(51,51,51);line-height:21px\">Que pelo menos se Montoya for esse &ldquo;mago&rdquo; tal como Conca \u00e9 considerado hoje (guardando-se, claro, as devidas propor\u00e7\u00f5es), ele v\u00e1 brilhar bem longe do Rio de Janeiro, para que mais essa &ldquo;dor de corno&rdquo; seja, ao menos, minimizada para n\u00f3s!<\/p>\n<p><\/p>\n<p style=\"margin:0px 0px 10px;padding:0px;border:0px;outline:0px;font-size:15px;vertical-align:baseline;color:rgb(51,51,51);line-height:21px\"><strong style=\"margin:0px;padding:0px;border:0px;outline:0px;vertical-align:baseline;color:rgb(68,68,68);font-family:Arial,&#39;Times New Roman&#39;,serif\">Mais uma vez<\/strong><\/p>\n<p><\/p>\n<p style=\"margin:0px 0px 10px;padding:0px;border:0px;outline:0px;font-size:15px;vertical-align:baseline;color:rgb(51,51,51);line-height:21px\">A imagem que segue abaixo \u00e9 do gol anulado marcado por Andr\u00e9 contra o Botafogo, no cl\u00e1ssico em que terminou com a vit\u00f3ria do Botafogo por 3 vs 2, em 04 de agosto do Campeonato Brasileiro do ano passado, capturada no exato instante em que Juninho lan\u00e7a para a cabe\u00e7ada do ex-centroavante vasca\u00edno.<\/p>\n<p><\/p>\n<p style=\"margin:0px 0px 10px;padding:0px;border:0px;outline:0px;font-size:15px;vertical-align:baseline;color:rgb(51,51,51);line-height:21px\">Independentemente do julgamento, uma constata\u00e7\u00e3o: o auxiliar estava mal posicionado para ter tamanha precis\u00e3o de supostos cent\u00edmetros \u00e0 frente do \u00faltimo defensor do Botafogo. Da\u00ed vale a reflex\u00e3o: o Vasco j\u00e1 teve casos parecidos de supostos lances de impedimento nos \u00faltimos anos, mas TODOS foram validados (\u00e9 s\u00f3 pesquisar). Ser\u00e1 que ele levantaria a bandeira se o gol fosse do Botafogo?<\/p>\n<p><\/p>\n<p style=\"margin:0px 0px 10px;padding:0px;border:0px;outline:0px;font-size:15px;vertical-align:baseline;color:rgb(51,51,51);line-height:21px\"><img decoding=\"async\" alt=\"\" src=\"http:\/\/www.supervasco.com\/media\/uploads\/cristiano-mariotti\/2014\/03\/18\/1175472_10200509127192581_388390000_n.jpg\" style=\"margin: 0px; padding: 0px; border: none; outline: 0px; vertical-align: baseline; width: 480px; height: 351px;\"\/><\/p>\n<p><\/p>\n<p style=\"margin:0px 0px 10px;padding:0px;border:0px;outline:0px;font-size:15px;vertical-align:baseline;color:rgb(51,51,51);line-height:21px\">&nbsp;<\/p>\n<p style=\"margin:0px 0px 10px;padding:0px;border:0px;outline:0px;font-size:15px;vertical-align:baseline;color:rgb(51,51,51);line-height:21px\">\nNo \u00faltimo domingo, lance semelhante ocorreu contra o Vasco. E mesmo com a clara constata\u00e7\u00e3o de que o auxiliar estava mais bem posicionado do que o lance do gol anulado de Andr\u00e9 (o que d\u00e1 plena convic\u00e7\u00e3o para confirmar a posi\u00e7\u00e3o irregular do atacante tricolor), ainda assim o gol foi validado. Ser\u00e1 que o mesmo auxiliar que o validou assim faria, tamb\u00e9m, se fosse em favor do Vasco?<\/p>\n<p><\/p>\n<p style=\"margin:0px 0px 10px;padding:0px;border:0px;outline:0px;font-size:15px;vertical-align:baseline;color:rgb(51,51,51);line-height:21px\"><img decoding=\"async\" alt=\"\" src=\"http:\/\/www.supervasco.com\/media\/uploads\/cristiano-mariotti\/2014\/03\/18\/gol_irregular_de_fred.jpg\" style=\"margin: 0px; padding: 0px; border: none; outline: 0px; vertical-align: baseline; width: 513px; height: 287px;\"\/><\/p>\n<p><\/p>\n<p style=\"margin:0px 0px 10px;padding:0px;border:0px;outline:0px;font-size:15px;vertical-align:baseline;color:rgb(51,51,51);line-height:21px\">&nbsp;<\/p>\n<p style=\"margin:0px 0px 10px;padding:0px;border:0px;outline:0px;font-size:15px;vertical-align:baseline;color:rgb(51,51,51);line-height:21px\">\nEntre os dois lances citados, em qual deles a evid\u00eancia de impedimento \u00e9 maior? E no caso do primeiro, como o auxiliar teve tanta convic\u00e7\u00e3o da suposta irregularidade mesmo estando fora de sua posi\u00e7\u00e3o adequada?<\/p>\n<p style=\"margin:0px 0px 10px;padding:0px;border:0px;outline:0px;font-size:15px;vertical-align:baseline;color:rgb(51,51,51);line-height:21px\">\nO debate est\u00e1 aberto! Tirem suas conclus\u00f5es!<\/p>\n<p style=\"margin:0px 0px 10px;padding:0px;border:0px;outline:0px;font-size:15px;vertical-align:baseline;color:rgb(51,51,51);line-height:21px\"><strong style=\"margin:0px;padding:0px;border:0px;outline:0px;vertical-align:baseline;color:rgb(68,68,68);font-family:Arial,&#39;Times New Roman&#39;,serif\">Ao lado do amigo, contra o Vasco<\/strong><\/p>\n<p><\/p>\n<p style=\"margin:0px 0px 10px;padding:0px;border:0px;outline:0px;font-size:15px;vertical-align:baseline;color:rgb(51,51,51);line-height:21px\">Eurico Miranda, ex-Presidente, atual Presidente do Conselho de Benem\u00e9ritos e potencial candidato para presidir ao Vasco novamente no tri\u00eanio 2014-2017, concede um discurso inflamado em apoio \u00e0 reelei\u00e7\u00e3o do Presidente Rubens Lopes para a Federa\u00e7\u00e3o de Futebol do Estado do Rio de Janeiro, para a gest\u00e3o 2014-2018. Com direito \u00e0 desvaloriza\u00e7\u00e3o dos que se opunham \u00e0 reelei\u00e7\u00e3o de seu amigo, entre eles, o pr\u00f3prio Vasco, e \u00e0 homenagem ao pr\u00f3prio Presidente, segundo reportagem publicada no dia seguinte ao pleito.<\/p>\n<p><\/p>\n<p style=\"margin:0px 0px 10px;padding:0px;border:0px;outline:0px;font-size:15px;vertical-align:baseline;color:rgb(51,51,51);line-height:21px\"><strong style=\"margin:0px;padding:0px;border:0px;outline:0px;vertical-align:baseline;color:rgb(68,68,68);font-family:Arial,&#39;Times New Roman&#39;,serif\"><em style=\"margin:0px;padding:0px;border:none;outline:0px;vertical-align:baseline\">&ldquo;Logo ap\u00f3s a abertura da sess\u00e3o, Eurico tomou a palavra para desvalorizar a posi\u00e7\u00e3o do trio de grandes e refor\u00e7ar o apoio a Rubens Lopes&rdquo;.<\/p>\n<p>&ldquo;- Quero dizer que esse filme eu j\u00e1 vi. O patinho feio \u00e9 sempre o campeonato do Rio. N\u00e3o interessa se estamos em ano at\u00edpico, mas o que interessa \u00e9 o processo de desmoraliza\u00e7\u00e3o do futebol do Rio. Mas eu digo: o futebol do Rio n\u00e3o s\u00e3o os quatro grandes, \u00e9 isso o que eu estou vendo aqui. Pelo fortalecimento da nossa base, pelo trabalho desenvolvido pelo Rubens Lopes, eu tenho que, aqui, prestar uma homenagem a ele &ndash; afirmou Eurico aos presentes, sendo aplaudido em seguida&rdquo;<\/em>&nbsp;&ndash; disse Eurico Miranda. (Fonte:&nbsp;<a href=\"http:\/\/www.lancenet.com.br\/minuto\/Eurico-Rubens-Lopes-reeleito-Ferj_0_1099690077.html\" style=\"margin:0px;padding:0px;border:0px;outline:0px;vertical-align:baseline;color:rgb(235,16,20);letter-spacing:0px\"><\/a><a href=\"http:\/\/www.lancenet.com.br\/minuto\/Eurico-Rubens-Lopes-reeleito-Ferj_0_1099690077.html\" >http:\/\/www.lancenet.com.br\/minuto\/Eurico-Rubens-Lopes-reeleito-Ferj_0_1099690077.html<\/a>&nbsp;).<\/strong><\/p>\n<p><\/p>\n<p style=\"margin:0px 0px 10px;padding:0px;border:0px;outline:0px;font-size:15px;vertical-align:baseline;color:rgb(51,51,51);line-height:21px\">Rubens Lopes \u00e9 Presidente da FFERJ desde 2006, tem como seu bra\u00e7o-direito o ex-Presidente vasca\u00edno, que atua segundo o pr\u00f3prio como representante n\u00e3o-oficial dos clubes de menor investimento filiados \u00e0 federa\u00e7\u00e3o carioca. Vale lembrar que, em 2008, Rubens Lopes escolheu o ex-\u00e1rbitro Jorge Rabello para ocupar o posto de Presidente dos \u00e1rbitros de futebol do estado. Desde ent\u00e3o, o Vasco &ndash; clube no qual Eurico, seu par pol\u00edtico, preside um conselho &ndash; \u00e9 severamente prejudicado pela arbitragem, sem que o mesmo Eurico se manifeste, cabendo-lhe a posi\u00e7\u00e3o passiva a cada novo &ldquo;erro&rdquo;. Tal conforme foi passivo e inoperante para ajudar na defesa do Vasco quando na P\u00c9SSIMA defesa executada pela advogada filha de seu amigo Rubinho, Dra. Luciana Lopes, no julgamento do pleno em dezembro do ano passado, quando a decis\u00e3o de campo do lament\u00e1vel epis\u00f3dio de Joinville foi mantida.<\/p>\n<p><\/p>\n<p style=\"margin:0px 0px 10px;padding:0px;border:0px;outline:0px;font-size:15px;vertical-align:baseline;color:rgb(51,51,51);line-height:21px\">Em s\u00edntese, dos seis campeonatos disputados sem Eurico como Presidente vasca\u00edno, o Vasco n\u00e3o ganhou um sequer, j\u00e1 somando-se ao presente que, provavelmente, tamb\u00e9m n\u00e3o ser\u00e1 campe\u00e3o. O v\u00eddeo abaixo mostra a compila\u00e7\u00e3o de muitos desses &ldquo;erros&rdquo;, seja em partidas pelo campeonato carioca, em partidas envolvendo \u00e1rbitros da FFERJ ou pelo pr\u00f3prio campeonato brasileiro.<\/p>\n<p><\/p>\n<p style=\"margin:0px 0px 10px;padding:0px;border:0px;outline:0px;font-size:15px;vertical-align:baseline;color:rgb(51,51,51);line-height:21px\"><strong style=\"margin:0px;padding:0px;border:0px;outline:0px;vertical-align:baseline;color:rgb(68,68,68);font-family:Arial,&#39;Times New Roman&#39;,serif\">&ldquo;Erros de arbitragem contra o Vasco&rdquo; (Fonte:&nbsp;<a href=\"https:\/\/www.youtube.com\/watch?v=1bgJIdR36wA\" style=\"margin:0px;padding:0px;border:0px;outline:0px;vertical-align:baseline;color:rgb(235,16,20);letter-spacing:0px\">[youtube 1bgJIdR36wA]<\/a>&nbsp;).<\/strong><\/p>\n<p><\/p>\n<p style=\"margin:0px 0px 10px;padding:0px;border:0px;outline:0px;font-size:15px;vertical-align:baseline;color:rgb(51,51,51);line-height:21px\">E antes que algu\u00e9m venha a me rotular como &ldquo;defensor&rdquo; do atual Presidente do Vasco, a quem me declarei como oposi\u00e7\u00e3o \u00e0s suas atitudes desde dezembro 2010 quando, na ocasi\u00e3o, perdi as esperan\u00e7as de que o Vasco poderia voltar a ser gigante com Roberto na Presid\u00eancia, devo-lhes lembrar que cabe uma an\u00e1lise sob duas \u00f3ticas diferenciadas, de tal forma que ambos efeitos coexistem entre si, logo n\u00e3o permitindo-se excetuar a qualquer uma das duas. A INCOMPET\u00caNCIA e a COVARDIA da gest\u00e3o Roberto comprovada em suas tomadas de decis\u00f5es do desagrado da maior parcela da torcida vasca\u00edna ao longo do tempo n\u00e3o \u00e9 absolvida perante as comprova\u00e7\u00f5es do poder decis\u00f3rio da arbitragem sempre a favor do advers\u00e1rio, mesmo com Eurico pr\u00f3ximo a quem manda no futebol carioca.<\/p>\n<p><\/p>\n<p style=\"margin:0px 0px 10px;padding:0px;border:0px;outline:0px;font-size:15px;vertical-align:baseline;color:rgb(51,51,51);line-height:21px\">Portanto, vale essa combina\u00e7\u00e3o de incompet\u00eancia com arbitragens sob fortes suspeitas como justificativa para que o Vasco n\u00e3o ganhe absolutamente nada no Rio de Janeiro enquanto &ldquo;Rubinho&rdquo;, Rabello e Eurico como apoiador disso tudo estiverem ao leme dessa federa\u00e7\u00e3o. E independe do Presidente vasca\u00edno que for eleito, com exce\u00e7\u00e3o ao pr\u00f3prio Eurico quando, em caso de vit\u00f3ria na pr\u00f3xima elei\u00e7\u00e3o em S\u00e3o Janu\u00e1rio, seus interesses pessoais voltariam a estar em concomit\u00e2ncia com os do Vasco e, assim, talvez quem sabe o clube voltasse a vencer um campeonato carioca.<\/p>\n<p><\/p>\n<p style=\"margin:0px 0px 10px;padding:0px;border:0px;outline:0px;font-size:15px;vertical-align:baseline;color:rgb(51,51,51);line-height:21px\"><strong style=\"margin:0px;padding:0px;border:0px;outline:0px;vertical-align:baseline;color:rgb(68,68,68);font-family:Arial,&#39;Times New Roman&#39;,serif\">Fechando as cortinas<\/strong><\/p>\n<p><\/p>\n<p style=\"margin:0px 0px 10px;padding:0px;border:0px;outline:0px;font-size:15px;vertical-align:baseline;color:rgb(51,51,51);line-height:21px\">PARABENIZO a escola de samba Unidos da Tijuca pelo merecido t\u00edtulo do carnaval carioca de 2014! Em especial, aos vasca\u00ednos Presidente Fernando Horta e o carnavalesco Paulo Barros, esse por sinal com a sa\u00edda confirmada para a Mocidade Independente de Padre Miguel em 2015, restando-nos at\u00e9 l\u00e1 a curiosidade de como ir\u00e1 se portar a escola mais vasca\u00edna do RJ sem ele e, possivelmente, sem Horta, caso queira se candidatar e seja eleito para presidir ao Vasco nos pr\u00f3ximos tr\u00eas anos.<\/p>\n<p><\/p>\n<p style=\"margin:0px 0px 10px;padding:0px;border:0px;outline:0px;font-size:15px;vertical-align:baseline;color:rgb(51,51,51);line-height:21px\">De qualquer forma, deixo como registro a reportagem abaixo, que mostra um pouco do porqu\u00ea do sucesso da escola tijucana. Tal como explicado pelo seu pr\u00f3prio ex-carnavalesco, ela funciona como uma empresa durante o ano, com metas a cumprir dentro de um or\u00e7amento com inteira responsabilidade tanto nos gastos quanto na divis\u00e3o de tarefas e cobran\u00e7a por retorno em resultados, Escola profissionalizada com compet\u00eancia.<\/p>\n<p><\/p>\n<p style=\"margin:0px 0px 10px;padding:0px;border:0px;outline:0px;font-size:15px;vertical-align:baseline;color:rgb(51,51,51);line-height:21px\"><strong style=\"margin:0px;padding:0px;border:0px;outline:0px;vertical-align:baseline;color:rgb(68,68,68);font-family:Arial,&#39;Times New Roman&#39;,serif\">&ldquo;Campe\u00e3 do carnaval carioca funciona o ano todo como uma grande empresa&rdquo; (Fonte:<a href=\"http:\/\/g1.globo.com\/bom-dia-brasil\/videos\/t\/edicoes\/v\/campea-do-carnaval-carioca-funciona-o-ano-todo-como-uma-grande-empresa\/3196143\/\" style=\"margin:0px;padding:0px;border:0px;outline:0px;vertical-align:baseline;color:rgb(235,16,20);letter-spacing:0px\"><\/a><a href=\"http:\/\/g1.globo.com\/bom-dia-brasil\/videos\/t\/edicoes\/v\/campea-do-carnaval-carioca-funciona-o-ano-todo-como-uma-grande-empresa\/3196143\/\" >http:\/\/g1.globo.com\/bom-dia-brasil\/videos\/t\/edicoes\/v\/campea-do-carnaval-carioca-funciona-o-ano-todo-como-uma-grande-empresa\/3196143\/<\/a>&nbsp; ).<\/strong><\/p>\n<p><\/p>\n<p style=\"margin:0px 0px 10px;padding:0px;border:0px;outline:0px;font-size:15px;vertical-align:baseline;color:rgb(51,51,51);line-height:21px\">Algu\u00e9m teve em seu pensamento o Vasco como sendo dessa forma, algum dia e independente do Presidente que vir\u00e1?<\/p>\n<p><\/p>\n<p style=\"margin:0px 0px 10px;padding:0px;border:0px;outline:0px;font-size:15px;vertical-align:baseline;color:rgb(51,51,51);line-height:21px\"><strong style=\"margin:0px;padding:0px;border:0px;outline:0px;vertical-align:baseline;color:rgb(68,68,68);font-family:Arial,&#39;Times New Roman&#39;,serif\">&ldquo;Toques finais&rdquo;<\/strong><\/p>\n<p><\/p>\n<p style=\"margin:0px 0px 10px;padding:0px;border:0px;outline:0px;font-size:15px;vertical-align:baseline;color:rgb(51,51,51);line-height:21px\">1\u00ba) Ainda sobre carnaval, foi lindo ver a Portela se resgatando depois de uma gest\u00e3o desgastada, confusa e por que n\u00e3o, incompetente! O honroso terceiro lugar e a impress\u00e3o positiva deixada j\u00e1 eleva a \u00c1guia campeon\u00edssima para seu lugar, e com novos ares respirando, o t\u00edtulo \u00e9 quest\u00e3o de tempo somente, e n\u00e3o muito. Para o pr\u00f3ximo ano, deixo como sugest\u00e3o a reedi\u00e7\u00e3o do enredo &ldquo;Gosto que me enrosco&rdquo;, vinte anos depois, na convic\u00e7\u00e3o de que, com o ar positivo da Portela hoje, desta vez vir\u00e1 com ele muito mais do que aquele vice-campeonato!<\/p>\n<p><\/p>\n<p style=\"margin:0px 0px 10px;padding:0px;border:0px;outline:0px;font-size:15px;vertical-align:baseline;color:rgb(51,51,51);line-height:21px\">2\u00ba) Al\u00e9m dos &ldquo;v\u00edcios&rdquo; j\u00e1 citados, quase 90% dos jogos do certame carioca geram preju\u00edzo aos clubes grandes. Nem o pior masoquista gosta tanto de sofrer&#8230;<\/p>\n<p>\n<\/div>\n<p><\/p>\n","protected":false},"excerpt":{"rendered":"<p>E o Vasco segue sua saga de pagar o pre\u00e7o salgado pela sua covardia. Pois&#8230;<\/p>\n","protected":false},"author":12,"featured_media":814,"comment_status":"open","ping_status":"closed","sticky":false,"template":"","format":"standard","meta":{"footnotes":""},"categories":[3],"tags":[],"class_list":["post-813","post","type-post","status-publish","format-standard","has-post-thumbnail","hentry","category-colunistas"],"_links":{"self":[{"href":"https:\/\/webvasco.com\/artigos\/wp-json\/wp\/v2\/posts\/813","targetHints":{"allow":["GET"]}}],"collection":[{"href":"https:\/\/webvasco.com\/artigos\/wp-json\/wp\/v2\/posts"}],"about":[{"href":"https:\/\/webvasco.com\/artigos\/wp-json\/wp\/v2\/types\/post"}],"author":[{"embeddable":true,"href":"https:\/\/webvasco.com\/artigos\/wp-json\/wp\/v2\/users\/12"}],"replies":[{"embeddable":true,"href":"https:\/\/webvasco.com\/artigos\/wp-json\/wp\/v2\/comments?post=813"}],"version-history":[{"count":0,"href":"https:\/\/webvasco.com\/artigos\/wp-json\/wp\/v2\/posts\/813\/revisions"}],"wp:featuredmedia":[{"embeddable":true,"href":"https:\/\/webvasco.com\/artigos\/wp-json\/wp\/v2\/media\/814"}],"wp:attachment":[{"href":"https:\/\/webvasco.com\/artigos\/wp-json\/wp\/v2\/media?parent=813"}],"wp:term":[{"taxonomy":"category","embeddable":true,"href":"https:\/\/webvasco.com\/artigos\/wp-json\/wp\/v2\/categories?post=813"},{"taxonomy":"post_tag","embeddable":true,"href":"https:\/\/webvasco.com\/artigos\/wp-json\/wp\/v2\/tags?post=813"}],"curies":[{"name":"wp","href":"https:\/\/api.w.org\/{rel}","templated":true}]}}