{"id":8132,"date":"2017-03-27T13:43:11","date_gmt":"2017-03-27T16:43:11","guid":{"rendered":"http:\/\/webvasco.com\/artigos\/?p=8132"},"modified":"2017-03-27T13:47:19","modified_gmt":"2017-03-27T16:47:19","slug":"chumbo-trocado-no-di","status":"publish","type":"post","link":"https:\/\/webvasco.com\/artigos\/colunistas\/luizcarlosrocha\/chumbo-trocado-no-di\/","title":{"rendered":"CHUMBO TROCADO N&Atilde;O D&Oacute;I!"},"content":{"rendered":"<div>\n<div style=\"color:#000; background-color:#fff; font-family:HelveticaNeue-Light, Helvetica Neue Light, Helvetica Neue, Helvetica, Arial, Lucida Grande, sans-serif;font-size:32px\">\n<div style=\"text-align:justify\" id=\"yui_3_16_0_1_1490566029562_62328\"><span style=\"font-size:14.0pt;line-height:107%;font-family:&quot;Arial&quot;,sans-serif\" id=\"yui_3_16_0_1_1490566029562_62329\">U\u00e9 a torcida molamba est\u00e1  reclamando? Porque? Em 2014, quando fizeram um gol com 69 cent\u00edmetros de  impedimento n\u00e3o reclamaram. Ao longo dos anos, nos embates contra os rivais  sempre tiveram ajuda da arbitragem e n\u00e3o se incomodaram. N\u00e3o pode haver dois  pesos, duas medidas. Afinal, chumbo trocado n\u00e3o d\u00f3i. A diferen\u00e7a que o erro  cabal de 2014 valeu um t\u00edtulo, na qual o Cruzmaltino poderia ser de fato e de  direito Tricampe\u00e3o Carioca. Mas a partida de ontem, entre Exclu\u00eddos e Vasco da  Gama, pela 4\u00aa Rodada, da Ta\u00e7a Rio, terminou com um empate, por 2 a 2, com gols  de Yago Pikachu e Nen\u00ea pelo Mach\u00e3o da Gama, e Ar\u00e3o e Berrio pelo Povo do Gueto,  no Est\u00e1dio Man\u00e9 Garrincha, em Bras\u00edlia\/DF.<o:p id=\"yui_3_16_0_1_1490566029562_62330\"><\/o:p><\/span><\/div>\n<div style=\"text-align:justify\" id=\"yui_3_16_0_1_1490566029562_62331\"><span style=\"font-size:14.0pt;line-height:107%;font-family:&quot;Arial&quot;,sans-serif\" id=\"yui_3_16_0_1_1490566029562_62332\">&nbsp;&nbsp;&nbsp; O resultado deixou o Gigante da Colina em  quarto lugar, no Grupo C, com seis pontos ganhos, atr\u00e1s de Volta Redonda  (seis), Portuguesa (sete) e Fluminense (nove pontos). Por\u00e9m, na classifica\u00e7\u00e3o  geral da competi\u00e7\u00e3o, embora tamb\u00e9m ocupe a quarta posi\u00e7\u00e3o, mas est\u00e1 encaminhado  para avan\u00e7ar para a fase final do Campeonato Carioca. Precisa agora vencer o  Boavista, em S\u00e3o Janu\u00e1rio, \u00e0s 21h30m, quinta-feira, dia 30 de mar\u00e7o, para  agregar mais tr\u00eas pontos e seguir assim com o objetivo.<o:p id=\"yui_3_16_0_1_1490566029562_62333\"><\/o:p><\/span><\/div>\n<div style=\"text-align:justify\" id=\"yui_3_16_0_1_1490566029562_62334\"><span style=\"font-size:14.0pt;line-height:107%;font-family:&quot;Arial&quot;,sans-serif\" id=\"yui_3_16_0_1_1490566029562_62335\">&nbsp;&nbsp;&nbsp; \u00c9 fato que o Vasco foi melhor no cl\u00e1ssico  de ontem. Estava muito superior inclusive quando houve apag\u00e3o no est\u00e1dio e a  partida ficou sem luz durante nove minutos. Perigoso ficar sem energia na  Capital Federal, com tantos pol\u00edticos soltos por l\u00e1 \u00e9 preciso ficar de olho na  carteira! Mas voltando a citar fatos ligados ao il\u00edcito, o Flamengo a todo  tempo foi conhecido por ser um time que sempre teve a m\u00e3o leve. Muito ajudado  pelos \u201chomens de preto\u201d. O clube constantemente levou vantagem, arrumando  t\u00edtulos na m\u00e3o grande. Sendo assim, todo o corpo de um atleta rubro-negro \u00e9  considerado m\u00e3o. Portanto, foi p\u00eanalti e n\u00e3o h\u00e1 do que reclamar!<o:p id=\"yui_3_16_0_1_1490566029562_62336\"><\/o:p><\/span><\/div>\n<div style=\"text-align:justify\" id=\"yui_3_16_0_1_1490566029562_62337\"><span style=\"font-size:14.0pt;line-height:107%;font-family:&quot;Arial&quot;,sans-serif\" id=\"yui_3_16_0_1_1490566029562_62338\">&nbsp;&nbsp;&nbsp; Se a arbitragem brasileira fosse  qualificada e seus agentes fossem s\u00e9rios, mais da metade dos t\u00edtulos e vit\u00f3rias  dos molambos ficariam com outros clubes. Basta citar o t\u00edtulo brasileiro de  1987, que foi transitado em julgado \u2013 n\u00e3o cabendo mais em hip\u00f3tese nenhum  qualquer tipo de recurso \u2013 e com ajuda da imprensa marrom se consideram  campe\u00f5es daquele ano. Quanto ao Lu\u00eds Fabiano \u00e9 preciso que Milton Mendes explique  a ele, que para ser bad boy \u00e9 preciso antes apresentar trabalho dentro de  campo. Outros \u201crebeldes\u201d como Rom\u00e1rio, Edmundo e Dunga que passaram pela Colina  fizeram a festa do torcedor vasca\u00edno. Por enquanto o Fabuloso n\u00e3o deu o ar da  gra\u00e7a \u00e0 Imensa Torcida Bem Feliz. Pelo contr\u00e1rio, prejudicou inclusive o Vasco,  na partida de ontem!&nbsp;&nbsp;&nbsp; &nbsp;&nbsp;&nbsp;&nbsp;<o:p id=\"yui_3_16_0_1_1490566029562_62339\"><\/o:p><\/span><\/div>\n<div style=\"text-align:justify\" id=\"yui_3_16_0_1_1490566029562_62340\"><span style=\"font-size:14.0pt;line-height:107%;font-family:&quot;Arial&quot;,sans-serif\" id=\"yui_3_16_0_1_1490566029562_62341\"><o:p id=\"yui_3_16_0_1_1490566029562_62342\">&nbsp;<\/o:p><\/span><\/div>\n<div style=\"text-align:justify;tab-stops:35.4pt 66.75pt\" id=\"yui_3_16_0_1_1490566029562_62343\"><span style=\"font-size:14.0pt;line-height:107%;font-family:&quot;Arial&quot;,sans-serif\" id=\"yui_3_16_0_1_1490566029562_62344\"><o:p id=\"yui_3_16_0_1_1490566029562_62345\">&nbsp;<\/o:p><\/span><\/div>\n<div style=\"text-align:justify\" id=\"yui_3_16_0_1_1490566029562_62346\"><b id=\"yui_3_16_0_1_1490566029562_62347\"><u id=\"yui_3_16_0_1_1490566029562_62348\"><span style=\"font-size:14.0pt;line-height:107%;font-family:&quot;Arial&quot;,sans-serif\" id=\"yui_3_16_0_1_1490566029562_62349\">PERPLEXO  COM O PODER JUDICI\u00c1RIO:<o:p id=\"yui_3_16_0_1_1490566029562_62350\"><\/o:p><\/span><\/u><\/b><\/div>\n<div style=\"text-align:justify\" id=\"yui_3_16_0_1_1490566029562_62351\"><span style=\"font-size:14.0pt;line-height:107%;font-family:&quot;Arial&quot;,sans-serif\" id=\"yui_3_16_0_1_1490566029562_62352\">DEPOIS DE AGUARDAR <b id=\"yui_3_16_0_1_1490566029562_62353\">45 MESES, OU SEJA, 3 ANOS E NOVE MESES  (CARRO DESDE 10 DE JUNHO DE 2013)<\/b> COM O CARRO PRESO NA OFICINA DA ABOLI\u00c7\u00c3O  VE\u00cdCULOS COM APENAS 729 KM RODADOS, EM UM PROCESSO COM 6 VOLUMES, NA 1\u00aa VARA  CIVEL, DA COMARCA DE NITER\u00d3I\/RJ, REGIONAL OCE\u00c2NICA, A SENTEN\u00c7A FOI INDEFERIR  TODOS OS MEUS PEDIDOS E AINDA CONDENAR EM 10% DE CUSTAS JUDICIAIS. OU SEJA,  FIQUEI SEM CARRO ESSE TEMPO TODO (MESMO PAGANDO \u00c0 VISTA POR ELE), JUNTEI PROVAS  COMO REGISTRO DE OCORR\u00caNCIA DA POL\u00cdCIA CIVIL\/RJ, BOLETIM DE OCORR\u00caNCIA DA  POLICIA MILITAR\/RJ, ORDENS DE SERVI\u00c7O, MAIS DE 600 FOTOGRAFIAS, MAIS DE 40  \u00c1UDIOS, NOTAS FISCAIS, NOTAS DE T\u00c1XI, PRONTU\u00c1RIOS M\u00c9DICOS, POIS NESTE PER\u00cdODO  TIVE PROBLEMAS DE SA\u00daDE, BEM COMO MEUS FAMILIARES, TENDO UMA FILHA QUE HOJE TEM  APENAS 5 ANOS, NA \u00c9POCA POUCO MAIS DE 1 ANINHO. VALE LEMBRAR, QUE OS PRIMEIROS  DEFEITOS SE DERAM QUANDO O CARRO TINHA MENOS DE 30 KM RODADOS. TUDO ISSO PARA  NADA. QUEM GOSTOU DO RESULTADO DA DOUTA MAGRISTRADA FORAM AS EMPRESAS R\u00c9S \u2013 QUE  ME LESARAM \u2013 ABOLI\u00c7\u00c3O VE\u00cdCULOS E VW DO BRASIL (PROCESSO: No  0016370-44.2013.8.19.0212).<o:p id=\"yui_3_16_0_1_1490566029562_62354\"><\/o:p><\/span><\/div>\n<div style=\"text-align:justify\" id=\"yui_3_16_0_1_1490566029562_62355\"><b id=\"yui_3_16_0_1_1490566029562_62356\"><span style=\"font-size:14.0pt;line-height:107%;font-family:&quot;Arial&quot;,sans-serif\" id=\"yui_3_16_0_1_1490566029562_62357\">&nbsp;<o:p id=\"yui_3_16_0_1_1490566029562_62358\"><\/o:p><\/span><\/b><\/div>\n<div style=\"text-align:justify\" id=\"yui_3_16_0_1_1490566029562_62359\"><b id=\"yui_3_16_0_1_1490566029562_62360\"><span style=\"font-size:14.0pt;line-height:107%;font-family:&quot;Arial&quot;,sans-serif\" id=\"yui_3_16_0_1_1490566029562_62361\">&nbsp;&nbsp;&nbsp;&nbsp;&nbsp;&nbsp;&nbsp;&nbsp;&nbsp;&nbsp;&nbsp;&nbsp;&nbsp;&nbsp; <o:p id=\"yui_3_16_0_1_1490566029562_62362\"><\/o:p><\/span><\/b><\/div>\n<div style=\"text-align:justify\" id=\"yui_3_16_0_1_1490566029562_62363\"><b id=\"yui_3_16_0_1_1490566029562_62364\"><span style=\"font-size:14.0pt;line-height:107%;font-family:&quot;Arial&quot;,sans-serif\" id=\"yui_3_16_0_1_1490566029562_62365\">&nbsp;&nbsp;&nbsp;&nbsp;&nbsp;&nbsp;&nbsp;&nbsp;&nbsp;&nbsp;&nbsp;&nbsp;&nbsp;&nbsp;&nbsp;&nbsp;&nbsp;&nbsp;&nbsp;&nbsp;&nbsp;&nbsp;&nbsp;&nbsp;&nbsp;&nbsp;&nbsp;&nbsp;&nbsp;&nbsp; <o:p id=\"yui_3_16_0_1_1490566029562_62366\"><\/o:p><\/span><\/b><\/div>\n<div id=\"yui_3_16_0_1_1490566029562_62103\">                                            <\/div>\n<div style=\"text-align:justify\" dir=\"ltr\" id=\"yui_3_16_0_1_1490566029562_62367\"><b id=\"yui_3_16_0_1_1490566029562_62368\"><span style=\"font-size:14.0pt;line-height:107%;font-family:&quot;Arial&quot;,sans-serif\" id=\"yui_3_16_0_1_1490566029562_62369\">AP\u00d3S  AS TODAS AS PARTIDAS DO VASC\u00c3O EM MEU PERFIL DO FACEBOOK (QUEM QUISER RECEBER  AS CR\u00d4NICAS DE PRIMEIRA M\u00c3O \u00c9 S\u00d3 ME ADICIONAR), E NO SITE WEBVASCO  (<a href=\"http:\/\/www.webvasco.com\">www.webvasco.com<\/a>), TEM A OPINI\u00c3O DO JORNALISTA LUIZ CARLOS ROCHA. LEIAM!  COMPARTILHEM E CURTAM! VASCA\u00cdNOS UNIDOS JAMAIS SER\u00c3O VENCIDOS.<o:p id=\"yui_3_16_0_1_1490566029562_62370\"><\/o:p><\/span><\/b><\/div>\n<div id=\"yui_3_16_0_1_1490566029562_62103\"><span><br \/><\/span><\/div>\n<div id=\"yui_3_16_0_1_1490566029562_62103\"><span><br \/><\/span><\/div>\n<div id=\"yui_3_16_0_1_1490566029562_62103\"><span><br \/><\/span><\/div>\n<div><\/div>\n<div id=\"yui_3_16_0_1_1490566029562_62104\">&nbsp;<\/div>\n<div class=\"signature\" id=\"yui_3_16_0_1_1490566029562_62145\">\n<div id=\"RTEContent\">\n<div id=\"yui_3_16_0_1_1490566029562_62144\">\n<div id=\"yui_3_16_0_1_1490566029562_62143\">\n<div id=\"yui_3_16_0_1_1490566029562_62142\">\n<div align=\"center\" id=\"yui_3_16_0_1_1490566029562_62141\"><\/div>\n<\/div>\n<\/div>\n<\/div>\n<\/div>\n<\/div>\n<\/div>\n<\/div>\n<p><\/p>\n","protected":false},"excerpt":{"rendered":"<p>U\u00e9 a torcida molamba est\u00e1 reclamando? Porque? Em 2014, quando fizeram um gol com 69&#8230;<\/p>\n","protected":false},"author":7,"featured_media":0,"comment_status":"open","ping_status":"closed","sticky":false,"template":"","format":"standard","meta":{"footnotes":""},"categories":[4],"tags":[],"class_list":["post-8132","post","type-post","status-publish","format-standard","hentry","category-luizcarlosrocha"],"_links":{"self":[{"href":"https:\/\/webvasco.com\/artigos\/wp-json\/wp\/v2\/posts\/8132","targetHints":{"allow":["GET"]}}],"collection":[{"href":"https:\/\/webvasco.com\/artigos\/wp-json\/wp\/v2\/posts"}],"about":[{"href":"https:\/\/webvasco.com\/artigos\/wp-json\/wp\/v2\/types\/post"}],"author":[{"embeddable":true,"href":"https:\/\/webvasco.com\/artigos\/wp-json\/wp\/v2\/users\/7"}],"replies":[{"embeddable":true,"href":"https:\/\/webvasco.com\/artigos\/wp-json\/wp\/v2\/comments?post=8132"}],"version-history":[{"count":0,"href":"https:\/\/webvasco.com\/artigos\/wp-json\/wp\/v2\/posts\/8132\/revisions"}],"wp:attachment":[{"href":"https:\/\/webvasco.com\/artigos\/wp-json\/wp\/v2\/media?parent=8132"}],"wp:term":[{"taxonomy":"category","embeddable":true,"href":"https:\/\/webvasco.com\/artigos\/wp-json\/wp\/v2\/categories?post=8132"},{"taxonomy":"post_tag","embeddable":true,"href":"https:\/\/webvasco.com\/artigos\/wp-json\/wp\/v2\/tags?post=8132"}],"curies":[{"name":"wp","href":"https:\/\/api.w.org\/{rel}","templated":true}]}}